{"id":76180,"date":"2023-06-05T19:19:19","date_gmt":"2023-06-05T19:19:19","guid":{"rendered":"https:\/\/www.ucaldas.edu.co\/portal\/?p=76180"},"modified":"2023-06-05T19:19:19","modified_gmt":"2023-06-05T19:19:19","slug":"tercera-jornada-de-siembra-de-arboles-en-conmemoracion-de-los-80-anos-de-la-universidad-de-caldas","status":"publish","type":"post","link":"https:\/\/www.ucaldas.edu.co\/portal\/tercera-jornada-de-siembra-de-arboles-en-conmemoracion-de-los-80-anos-de-la-universidad-de-caldas\/","title":{"rendered":"Tercera jornada de siembra de \u00e1rboles en conmemoraci\u00f3n de los 80 a\u00f1os de la Universidad de Caldas"},"content":{"rendered":"<p><img loading=\"lazy\" decoding=\"async\" class=\"aligncenter size-full wp-image-76181\" src=\"https:\/\/www.ucaldas.edu.co\/portal\/wp-content\/uploads\/2023\/06\/siembra.jpg\" alt=\"siembra de \u00e1rboles\" width=\"900\" height=\"510\" srcset=\"https:\/\/www.ucaldas.edu.co\/portal\/wp-content\/uploads\/2023\/06\/siembra.jpg 900w, https:\/\/www.ucaldas.edu.co\/portal\/wp-content\/uploads\/2023\/06\/siembra-300x170.jpg 300w, https:\/\/www.ucaldas.edu.co\/portal\/wp-content\/uploads\/2023\/06\/siembra-768x435.jpg 768w\" sizes=\"auto, (max-width: 900px) 100vw, 900px\" \/><\/p>\n<p>Se llev\u00f3 a cabo la tercera jornada de siembra de \u00e1rboles en el terreno contiguo al Centro Cultural Universitario Rogelio Salmona, con motivo de la conmemoraci\u00f3n de los 80 a\u00f1os de la Universidad de Caldas.<!--more--><\/p>\n<p>Con estas jornadas se espera restaurar la mencionada ladera y que sea un ejercicio de apropiaci\u00f3n de los espacios verdes por parte de la comunidad universitaria, quienes ser\u00e1n los mayores beneficiarios de las siembras.<\/p>\n<p>La L\u00edder del Grupo Interno de Gesti\u00f3n Ambiental, Lina Mar\u00eda Giraldo R\u00edos, explica que se espera que a futuro esta zona sea un pulm\u00f3n verde para la ciudad, adem\u00e1s de un espacio de conmemoraci\u00f3n para las fechas especiales del calendario ambiental, buscando fortalecer la cultura del cuidado del medio ambiente.<\/p>\n<p>Para esta jornada de siembra participaron estudiantes, docentes y funcionarios de diferentes dependencias de la instituci\u00f3n, quienes sembraron 80 \u00e1rboles.<\/p>\n<p>Por otra parte, el Asesor Forestal de la Oficina de Gesti\u00f3n Ambiental, Adel C\u00e1rdenas Galeano, menciona que entre las especies que se vienen sembrado en lo corrido del a\u00f1o est\u00e1n \u00c1rbol Loco, Camargo, Arrayan, Cedro, Roble, Pino, Guamo y Yarumo.<\/p>\n<p>Durante todo el 2023 se continuar\u00e1n realizando estas jornadas de siembra, a las cuales estar\u00e1n invitados a participar la comunidad en general de la ciudad. En total se han sembrado en el a\u00f1o 250 \u00e1rboles de los 2.500 que se tienen destinados.<\/p>\n<p>&nbsp;<\/p>\n<p><strong>Anexos:<\/strong><\/p>\n<p><a href=\"https:\/\/www.ucaldas.edu.co\/portal\/wp-content\/uploads\/2023\/06\/Lider-del-Grupo-Interno-de-Gestion-Ambiental-Lina-Maria-Giraldo-Rios.mp3\"><strong>Audio L\u00edder del Grupo Interno de Gesti\u00f3n Ambiental, Lina Mar\u00eda Giraldo R\u00edos.<\/strong><\/a><\/p>\n<audio class=\"wp-audio-shortcode\" id=\"audio-76180-1\" preload=\"none\" style=\"width: 100%;\" controls=\"controls\"><source type=\"audio\/mpeg\" src=\"https:\/\/www.ucaldas.edu.co\/portal\/wp-content\/uploads\/2023\/06\/Lider-del-Grupo-Interno-de-Gestion-Ambiental-Lina-Maria-Giraldo-Rios.mp3?_=1\" \/><a href=\"https:\/\/www.ucaldas.edu.co\/portal\/wp-content\/uploads\/2023\/06\/Lider-del-Grupo-Interno-de-Gestion-Ambiental-Lina-Maria-Giraldo-Rios.mp3\">https:\/\/www.ucaldas.edu.co\/portal\/wp-content\/uploads\/2023\/06\/Lider-del-Grupo-Interno-de-Gestion-Ambiental-Lina-Maria-Giraldo-Rios.mp3<\/a><\/audio>\n<p><a href=\"https:\/\/www.ucaldas.edu.co\/portal\/wp-content\/uploads\/2023\/06\/Asesor-Forestal-de-la-Oficina-de-Gestion-Ambiental-Adel-Cardenas-Galeano.mp3\"><strong>Audio Asesor Forestal de la Oficina de Gesti\u00f3n Ambiental, Adel C\u00e1rdenas Galeano.<\/strong><\/a><\/p>\n<audio class=\"wp-audio-shortcode\" id=\"audio-76180-2\" preload=\"none\" style=\"width: 100%;\" controls=\"controls\"><source type=\"audio\/mpeg\" src=\"https:\/\/www.ucaldas.edu.co\/portal\/wp-content\/uploads\/2023\/06\/Asesor-Forestal-de-la-Oficina-de-Gestion-Ambiental-Adel-Cardenas-Galeano.mp3?_=2\" \/><a href=\"https:\/\/www.ucaldas.edu.co\/portal\/wp-content\/uploads\/2023\/06\/Asesor-Forestal-de-la-Oficina-de-Gestion-Ambiental-Adel-Cardenas-Galeano.mp3\">https:\/\/www.ucaldas.edu.co\/portal\/wp-content\/uploads\/2023\/06\/Asesor-Forestal-de-la-Oficina-de-Gestion-Ambiental-Adel-Cardenas-Galeano.mp3<\/a><\/audio>\n","protected":false},"excerpt":{"rendered":"<p>Se llev\u00f3 a cabo la tercera jornada de siembra de \u00e1rboles en el terreno contiguo al Centro Cultural Universitario Rogelio Salmona, con motivo de la conmemoraci\u00f3n de los 80 a\u00f1os de la Universidad de Caldas.<\/p>\n","protected":false},"author":2,"featured_media":76181,"comment_status":"closed","ping_status":"open","sticky":false,"template":"","format":"standard","meta":{"footnotes":""},"categories":[48,53,756],"tags":[323],"class_list":["post-76180","post","type-post","status-publish","format-standard","has-post-thumbnail","hentry","category-actualidad","category-universidad-al-dia","category-ucaldas-verde","tag-siembra-de-arboles"],"yoast_head":"<!-- This site is optimized with the Yoast SEO plugin v27.5 - https:\/\/yoast.com\/product\/yoast-seo-wordpress\/ -->\n<title>Tercera jornada de siembra de \u00e1rboles en conmemoraci\u00f3n de los 80 a\u00f1os de la Universidad de Caldas .<\/title>\n<meta name=\"robots\" content=\"index, follow, max-snippet:-1, max-image-preview:large, max-video-preview:-1\" \/>\n<link rel=\"canonical\" href=\"https:\/\/www.ucaldas.edu.co\/portal\/tercera-jornada-de-siembra-de-arboles-en-conmemoracion-de-los-80-anos-de-la-universidad-de-caldas\/\" \/>\n<script type=\"application\/ld+json\" class=\"yoast-schema-graph\">{\"@context\":\"https:\\\/\\\/schema.org\",\"@graph\":[{\"@type\":\"Article\",\"@id\":\"https:\\\/\\\/www.ucaldas.edu.co\\\/portal\\\/tercera-jornada-de-siembra-de-arboles-en-conmemoracion-de-los-80-anos-de-la-universidad-de-caldas\\\/#article\",\"isPartOf\":{\"@id\":\"https:\\\/\\\/www.ucaldas.edu.co\\\/portal\\\/tercera-jornada-de-siembra-de-arboles-en-conmemoracion-de-los-80-anos-de-la-universidad-de-caldas\\\/\"},\"author\":{\"name\":\"ofiprensa\",\"@id\":\"https:\\\/\\\/www.ucaldas.edu.co\\\/portal\\\/#\\\/schema\\\/person\\\/a1b482e23449158b4bc319926c074fdf\"},\"headline\":\"Tercera jornada de siembra de \u00e1rboles en conmemoraci\u00f3n de los 80 a\u00f1os de la Universidad de Caldas\",\"datePublished\":\"2023-06-05T19:19:19+00:00\",\"mainEntityOfPage\":{\"@id\":\"https:\\\/\\\/www.ucaldas.edu.co\\\/portal\\\/tercera-jornada-de-siembra-de-arboles-en-conmemoracion-de-los-80-anos-de-la-universidad-de-caldas\\\/\"},\"wordCount\":311,\"publisher\":{\"@id\":\"https:\\\/\\\/www.ucaldas.edu.co\\\/portal\\\/#organization\"},\"image\":{\"@id\":\"https:\\\/\\\/www.ucaldas.edu.co\\\/portal\\\/tercera-jornada-de-siembra-de-arboles-en-conmemoracion-de-los-80-anos-de-la-universidad-de-caldas\\\/#primaryimage\"},\"thumbnailUrl\":\"https:\\\/\\\/www.ucaldas.edu.co\\\/portal\\\/wp-content\\\/uploads\\\/2023\\\/06\\\/siembra.jpg\",\"keywords\":[\"siembra de \u00e1rboles\"],\"articleSection\":[\"Actualidad\",\"Universidad al D\u00eda\",\"UCaldas Verde\"],\"inLanguage\":\"es\"},{\"@type\":\"WebPage\",\"@id\":\"https:\\\/\\\/www.ucaldas.edu.co\\\/portal\\\/tercera-jornada-de-siembra-de-arboles-en-conmemoracion-de-los-80-anos-de-la-universidad-de-caldas\\\/\",\"url\":\"https:\\\/\\\/www.ucaldas.edu.co\\\/portal\\\/tercera-jornada-de-siembra-de-arboles-en-conmemoracion-de-los-80-anos-de-la-universidad-de-caldas\\\/\",\"name\":\"Tercera jornada de siembra de \u00e1rboles en conmemoraci\u00f3n de los 80 a\u00f1os de la Universidad de Caldas .\",\"isPartOf\":{\"@id\":\"https:\\\/\\\/www.ucaldas.edu.co\\\/portal\\\/#website\"},\"primaryImageOfPage\":{\"@id\":\"https:\\\/\\\/www.ucaldas.edu.co\\\/portal\\\/tercera-jornada-de-siembra-de-arboles-en-conmemoracion-de-los-80-anos-de-la-universidad-de-caldas\\\/#primaryimage\"},\"image\":{\"@id\":\"https:\\\/\\\/www.ucaldas.edu.co\\\/portal\\\/tercera-jornada-de-siembra-de-arboles-en-conmemoracion-de-los-80-anos-de-la-universidad-de-caldas\\\/#primaryimage\"},\"thumbnailUrl\":\"https:\\\/\\\/www.ucaldas.edu.co\\\/portal\\\/wp-content\\\/uploads\\\/2023\\\/06\\\/siembra.jpg\",\"datePublished\":\"2023-06-05T19:19:19+00:00\",\"breadcrumb\":{\"@id\":\"https:\\\/\\\/www.ucaldas.edu.co\\\/portal\\\/tercera-jornada-de-siembra-de-arboles-en-conmemoracion-de-los-80-anos-de-la-universidad-de-caldas\\\/#breadcrumb\"},\"inLanguage\":\"es\",\"potentialAction\":[{\"@type\":\"ReadAction\",\"target\":[\"https:\\\/\\\/www.ucaldas.edu.co\\\/portal\\\/tercera-jornada-de-siembra-de-arboles-en-conmemoracion-de-los-80-anos-de-la-universidad-de-caldas\\\/\"]}]},{\"@type\":\"ImageObject\",\"inLanguage\":\"es\",\"@id\":\"https:\\\/\\\/www.ucaldas.edu.co\\\/portal\\\/tercera-jornada-de-siembra-de-arboles-en-conmemoracion-de-los-80-anos-de-la-universidad-de-caldas\\\/#primaryimage\",\"url\":\"https:\\\/\\\/www.ucaldas.edu.co\\\/portal\\\/wp-content\\\/uploads\\\/2023\\\/06\\\/siembra.jpg\",\"contentUrl\":\"https:\\\/\\\/www.ucaldas.edu.co\\\/portal\\\/wp-content\\\/uploads\\\/2023\\\/06\\\/siembra.jpg\",\"width\":900,\"height\":510,\"caption\":\"siembra de \u00e1rboles\"},{\"@type\":\"BreadcrumbList\",\"@id\":\"https:\\\/\\\/www.ucaldas.edu.co\\\/portal\\\/tercera-jornada-de-siembra-de-arboles-en-conmemoracion-de-los-80-anos-de-la-universidad-de-caldas\\\/#breadcrumb\",\"itemListElement\":[{\"@type\":\"ListItem\",\"position\":1,\"name\":\"Portada\",\"item\":\"https:\\\/\\\/www.ucaldas.edu.co\\\/portal\\\/\"},{\"@type\":\"ListItem\",\"position\":2,\"name\":\"Tercera jornada de siembra de \u00e1rboles en conmemoraci\u00f3n de los 80 a\u00f1os de la Universidad de Caldas\"}]},{\"@type\":\"WebSite\",\"@id\":\"https:\\\/\\\/www.ucaldas.edu.co\\\/portal\\\/#website\",\"url\":\"https:\\\/\\\/www.ucaldas.edu.co\\\/portal\\\/\",\"name\":\"Universidad de Caldas\",\"description\":\"\",\"publisher\":{\"@id\":\"https:\\\/\\\/www.ucaldas.edu.co\\\/portal\\\/#organization\"},\"alternateName\":\"U. de Caldas\",\"potentialAction\":[{\"@type\":\"SearchAction\",\"target\":{\"@type\":\"EntryPoint\",\"urlTemplate\":\"https:\\\/\\\/www.ucaldas.edu.co\\\/portal\\\/?s={search_term_string}\"},\"query-input\":{\"@type\":\"PropertyValueSpecification\",\"valueRequired\":true,\"valueName\":\"search_term_string\"}}],\"inLanguage\":\"es\"},{\"@type\":\"Organization\",\"@id\":\"https:\\\/\\\/www.ucaldas.edu.co\\\/portal\\\/#organization\",\"name\":\"Universidad de Caldas\",\"alternateName\":\"U. de Caldas\",\"url\":\"https:\\\/\\\/www.ucaldas.edu.co\\\/portal\\\/\",\"logo\":{\"@type\":\"ImageObject\",\"inLanguage\":\"es\",\"@id\":\"https:\\\/\\\/www.ucaldas.edu.co\\\/portal\\\/#\\\/schema\\\/logo\\\/image\\\/\",\"url\":\"https:\\\/\\\/www.ucaldas.edu.co\\\/portal\\\/wp-content\\\/uploads\\\/2023\\\/11\\\/Logo_horizontal_oscuroU-2023.png\",\"contentUrl\":\"https:\\\/\\\/www.ucaldas.edu.co\\\/portal\\\/wp-content\\\/uploads\\\/2023\\\/11\\\/Logo_horizontal_oscuroU-2023.png\",\"width\":263,\"height\":101,\"caption\":\"Universidad de Caldas\"},\"image\":{\"@id\":\"https:\\\/\\\/www.ucaldas.edu.co\\\/portal\\\/#\\\/schema\\\/logo\\\/image\\\/\"},\"sameAs\":[\"https:\\\/\\\/www.facebook.com\\\/udecaldas\",\"https:\\\/\\\/x.com\\\/udecaldas\",\"https:\\\/\\\/www.youtube.com\\\/universidadcaldas\",\"https:\\\/\\\/www.instagram.com\\\/udecaldas\\\/\"]},{\"@type\":\"Person\",\"@id\":\"https:\\\/\\\/www.ucaldas.edu.co\\\/portal\\\/#\\\/schema\\\/person\\\/a1b482e23449158b4bc319926c074fdf\",\"name\":\"ofiprensa\",\"image\":{\"@type\":\"ImageObject\",\"inLanguage\":\"es\",\"@id\":\"https:\\\/\\\/www.ucaldas.edu.co\\\/portal\\\/wp-content\\\/litespeed\\\/avatar\\\/09ea5085e600095a7a811142c6944527.jpg?ver=1777497608\",\"url\":\"https:\\\/\\\/www.ucaldas.edu.co\\\/portal\\\/wp-content\\\/litespeed\\\/avatar\\\/09ea5085e600095a7a811142c6944527.jpg?ver=1777497608\",\"contentUrl\":\"https:\\\/\\\/www.ucaldas.edu.co\\\/portal\\\/wp-content\\\/litespeed\\\/avatar\\\/09ea5085e600095a7a811142c6944527.jpg?ver=1777497608\",\"caption\":\"ofiprensa\"},\"url\":\"https:\\\/\\\/www.ucaldas.edu.co\\\/portal\\\/author\\\/ofiprensa\\\/\"}]}<\/script>\n<!-- \/ Yoast SEO plugin. -->","yoast_head_json":{"title":"Tercera jornada de siembra de \u00e1rboles en conmemoraci\u00f3n de los 80 a\u00f1os de la Universidad de Caldas .","robots":{"index":"index","follow":"follow","max-snippet":"max-snippet:-1","max-image-preview":"max-image-preview:large","max-video-preview":"max-video-preview:-1"},"canonical":"https:\/\/www.ucaldas.edu.co\/portal\/tercera-jornada-de-siembra-de-arboles-en-conmemoracion-de-los-80-anos-de-la-universidad-de-caldas\/","schema":{"@context":"https:\/\/schema.org","@graph":[{"@type":"Article","@id":"https:\/\/www.ucaldas.edu.co\/portal\/tercera-jornada-de-siembra-de-arboles-en-conmemoracion-de-los-80-anos-de-la-universidad-de-caldas\/#article","isPartOf":{"@id":"https:\/\/www.ucaldas.edu.co\/portal\/tercera-jornada-de-siembra-de-arboles-en-conmemoracion-de-los-80-anos-de-la-universidad-de-caldas\/"},"author":{"name":"ofiprensa","@id":"https:\/\/www.ucaldas.edu.co\/portal\/#\/schema\/person\/a1b482e23449158b4bc319926c074fdf"},"headline":"Tercera jornada de siembra de \u00e1rboles en conmemoraci\u00f3n de los 80 a\u00f1os de la Universidad de Caldas","datePublished":"2023-06-05T19:19:19+00:00","mainEntityOfPage":{"@id":"https:\/\/www.ucaldas.edu.co\/portal\/tercera-jornada-de-siembra-de-arboles-en-conmemoracion-de-los-80-anos-de-la-universidad-de-caldas\/"},"wordCount":311,"publisher":{"@id":"https:\/\/www.ucaldas.edu.co\/portal\/#organization"},"image":{"@id":"https:\/\/www.ucaldas.edu.co\/portal\/tercera-jornada-de-siembra-de-arboles-en-conmemoracion-de-los-80-anos-de-la-universidad-de-caldas\/#primaryimage"},"thumbnailUrl":"https:\/\/www.ucaldas.edu.co\/portal\/wp-content\/uploads\/2023\/06\/siembra.jpg","keywords":["siembra de \u00e1rboles"],"articleSection":["Actualidad","Universidad al D\u00eda","UCaldas Verde"],"inLanguage":"es"},{"@type":"WebPage","@id":"https:\/\/www.ucaldas.edu.co\/portal\/tercera-jornada-de-siembra-de-arboles-en-conmemoracion-de-los-80-anos-de-la-universidad-de-caldas\/","url":"https:\/\/www.ucaldas.edu.co\/portal\/tercera-jornada-de-siembra-de-arboles-en-conmemoracion-de-los-80-anos-de-la-universidad-de-caldas\/","name":"Tercera jornada de siembra de \u00e1rboles en conmemoraci\u00f3n de los 80 a\u00f1os de la Universidad de Caldas .","isPartOf":{"@id":"https:\/\/www.ucaldas.edu.co\/portal\/#website"},"primaryImageOfPage":{"@id":"https:\/\/www.ucaldas.edu.co\/portal\/tercera-jornada-de-siembra-de-arboles-en-conmemoracion-de-los-80-anos-de-la-universidad-de-caldas\/#primaryimage"},"image":{"@id":"https:\/\/www.ucaldas.edu.co\/portal\/tercera-jornada-de-siembra-de-arboles-en-conmemoracion-de-los-80-anos-de-la-universidad-de-caldas\/#primaryimage"},"thumbnailUrl":"https:\/\/www.ucaldas.edu.co\/portal\/wp-content\/uploads\/2023\/06\/siembra.jpg","datePublished":"2023-06-05T19:19:19+00:00","breadcrumb":{"@id":"https:\/\/www.ucaldas.edu.co\/portal\/tercera-jornada-de-siembra-de-arboles-en-conmemoracion-de-los-80-anos-de-la-universidad-de-caldas\/#breadcrumb"},"inLanguage":"es","potentialAction":[{"@type":"ReadAction","target":["https:\/\/www.ucaldas.edu.co\/portal\/tercera-jornada-de-siembra-de-arboles-en-conmemoracion-de-los-80-anos-de-la-universidad-de-caldas\/"]}]},{"@type":"ImageObject","inLanguage":"es","@id":"https:\/\/www.ucaldas.edu.co\/portal\/tercera-jornada-de-siembra-de-arboles-en-conmemoracion-de-los-80-anos-de-la-universidad-de-caldas\/#primaryimage","url":"https:\/\/www.ucaldas.edu.co\/portal\/wp-content\/uploads\/2023\/06\/siembra.jpg","contentUrl":"https:\/\/www.ucaldas.edu.co\/portal\/wp-content\/uploads\/2023\/06\/siembra.jpg","width":900,"height":510,"caption":"siembra de \u00e1rboles"},{"@type":"BreadcrumbList","@id":"https:\/\/www.ucaldas.edu.co\/portal\/tercera-jornada-de-siembra-de-arboles-en-conmemoracion-de-los-80-anos-de-la-universidad-de-caldas\/#breadcrumb","itemListElement":[{"@type":"ListItem","position":1,"name":"Portada","item":"https:\/\/www.ucaldas.edu.co\/portal\/"},{"@type":"ListItem","position":2,"name":"Tercera jornada de siembra de \u00e1rboles en conmemoraci\u00f3n de los 80 a\u00f1os de la Universidad de Caldas"}]},{"@type":"WebSite","@id":"https:\/\/www.ucaldas.edu.co\/portal\/#website","url":"https:\/\/www.ucaldas.edu.co\/portal\/","name":"Universidad de Caldas","description":"","publisher":{"@id":"https:\/\/www.ucaldas.edu.co\/portal\/#organization"},"alternateName":"U. de Caldas","potentialAction":[{"@type":"SearchAction","target":{"@type":"EntryPoint","urlTemplate":"https:\/\/www.ucaldas.edu.co\/portal\/?s={search_term_string}"},"query-input":{"@type":"PropertyValueSpecification","valueRequired":true,"valueName":"search_term_string"}}],"inLanguage":"es"},{"@type":"Organization","@id":"https:\/\/www.ucaldas.edu.co\/portal\/#organization","name":"Universidad de Caldas","alternateName":"U. de Caldas","url":"https:\/\/www.ucaldas.edu.co\/portal\/","logo":{"@type":"ImageObject","inLanguage":"es","@id":"https:\/\/www.ucaldas.edu.co\/portal\/#\/schema\/logo\/image\/","url":"https:\/\/www.ucaldas.edu.co\/portal\/wp-content\/uploads\/2023\/11\/Logo_horizontal_oscuroU-2023.png","contentUrl":"https:\/\/www.ucaldas.edu.co\/portal\/wp-content\/uploads\/2023\/11\/Logo_horizontal_oscuroU-2023.png","width":263,"height":101,"caption":"Universidad de Caldas"},"image":{"@id":"https:\/\/www.ucaldas.edu.co\/portal\/#\/schema\/logo\/image\/"},"sameAs":["https:\/\/www.facebook.com\/udecaldas","https:\/\/x.com\/udecaldas","https:\/\/www.youtube.com\/universidadcaldas","https:\/\/www.instagram.com\/udecaldas\/"]},{"@type":"Person","@id":"https:\/\/www.ucaldas.edu.co\/portal\/#\/schema\/person\/a1b482e23449158b4bc319926c074fdf","name":"ofiprensa","image":{"@type":"ImageObject","inLanguage":"es","@id":"https:\/\/www.ucaldas.edu.co\/portal\/wp-content\/litespeed\/avatar\/09ea5085e600095a7a811142c6944527.jpg?ver=1777497608","url":"https:\/\/www.ucaldas.edu.co\/portal\/wp-content\/litespeed\/avatar\/09ea5085e600095a7a811142c6944527.jpg?ver=1777497608","contentUrl":"https:\/\/www.ucaldas.edu.co\/portal\/wp-content\/litespeed\/avatar\/09ea5085e600095a7a811142c6944527.jpg?ver=1777497608","caption":"ofiprensa"},"url":"https:\/\/www.ucaldas.edu.co\/portal\/author\/ofiprensa\/"}]}},"_links":{"self":[{"href":"https:\/\/www.ucaldas.edu.co\/portal\/wp-json\/wp\/v2\/posts\/76180","targetHints":{"allow":["GET"]}}],"collection":[{"href":"https:\/\/www.ucaldas.edu.co\/portal\/wp-json\/wp\/v2\/posts"}],"about":[{"href":"https:\/\/www.ucaldas.edu.co\/portal\/wp-json\/wp\/v2\/types\/post"}],"author":[{"embeddable":true,"href":"https:\/\/www.ucaldas.edu.co\/portal\/wp-json\/wp\/v2\/users\/2"}],"replies":[{"embeddable":true,"href":"https:\/\/www.ucaldas.edu.co\/portal\/wp-json\/wp\/v2\/comments?post=76180"}],"version-history":[{"count":0,"href":"https:\/\/www.ucaldas.edu.co\/portal\/wp-json\/wp\/v2\/posts\/76180\/revisions"}],"wp:featuredmedia":[{"embeddable":true,"href":"https:\/\/www.ucaldas.edu.co\/portal\/wp-json\/wp\/v2\/media\/76181"}],"wp:attachment":[{"href":"https:\/\/www.ucaldas.edu.co\/portal\/wp-json\/wp\/v2\/media?parent=76180"}],"wp:term":[{"taxonomy":"category","embeddable":true,"href":"https:\/\/www.ucaldas.edu.co\/portal\/wp-json\/wp\/v2\/categories?post=76180"},{"taxonomy":"post_tag","embeddable":true,"href":"https:\/\/www.ucaldas.edu.co\/portal\/wp-json\/wp\/v2\/tags?post=76180"}],"curies":[{"name":"wp","href":"https:\/\/api.w.org\/{rel}","templated":true}]}}