{"id":75908,"date":"2023-05-15T19:32:24","date_gmt":"2023-05-15T19:32:24","guid":{"rendered":"https:\/\/www.ucaldas.edu.co\/portal\/?p=75908"},"modified":"2023-05-15T19:32:24","modified_gmt":"2023-05-15T19:32:24","slug":"universidades-de-caldas-y-nacional-realizan-investigaciones-para-el-sector-productivo-y-comercial-del-pais","status":"publish","type":"post","link":"https:\/\/www.ucaldas.edu.co\/portal\/universidades-de-caldas-y-nacional-realizan-investigaciones-para-el-sector-productivo-y-comercial-del-pais\/","title":{"rendered":"Universidades de Caldas y Nacional realizan investigaciones para el sector productivo y comercial del pa\u00eds"},"content":{"rendered":"<p><img loading=\"lazy\" decoding=\"async\" class=\"aligncenter size-full wp-image-75913\" src=\"https:\/\/www.ucaldas.edu.co\/portal\/wp-content\/uploads\/2023\/05\/otri.jpg\" alt=\"otri nlace\" width=\"900\" height=\"510\" srcset=\"https:\/\/www.ucaldas.edu.co\/portal\/wp-content\/uploads\/2023\/05\/otri.jpg 900w, https:\/\/www.ucaldas.edu.co\/portal\/wp-content\/uploads\/2023\/05\/otri-300x170.jpg 300w, https:\/\/www.ucaldas.edu.co\/portal\/wp-content\/uploads\/2023\/05\/otri-768x435.jpg 768w\" sizes=\"auto, (max-width: 900px) 100vw, 900px\" \/><\/p>\n<p>La Superintendencia de Industria y Comercio seleccion\u00f3 la\u00a0 ciudad de Manizales para llevar a cabo este martes 16 de mayo, a partir de las 8:30 a.m. en el Centro Cultural Universitario Rogelio Salmona, el conversatorio \u201cimportancia de la propiedad industrial en Caldas\u201d, el cual cuenta con el apoyo de la OTRI NLACE, la oficina de transferencia de resultados de investigaci\u00f3n de las Universidades P\u00fablicas de Caldas: Universidad de Caldas y UNAL Manizales.<!--more--><\/p>\n<p>La Oficina de Transferencias de Resultados de Investigaci\u00f3n, OTRI NLACE, fue creada por la Universidad de Caldas y La Universidad Nacional Sede Manizales, con el fin de tener un\u00a0 puente entre la academia y el sector productivo y as\u00ed promover los resultados de investigaci\u00f3n de las Universidades a la industria, para mejorar los portafolios de servicios y generar impacto positivo en el mercado colombiano.<\/p>\n<p>Es as\u00ed como la Superintendencia de Industria y Comercio viendo la importante del relacionamiento entra la Universidad\u00a0 y la Industria, la Universidad y el Comercio, seleccion\u00f3 la capital caldense para realizar este importante encuentro, en el que se abordar\u00e1n temas relevantes en el mundo de la propiedad industrial como: solicitud de patentes, modelos de utilidad, dise\u00f1os industriales, marcas y a su vez dar a conocer los programas de asistencia que ofrece la Superintendencia de Industria y Comercio. Adem\u00e1s, se hablar\u00e1 sobre la importancia de explotar y transferir tecnolog\u00eda, desarrollar modelos de negocio y estrategias de innovaci\u00f3n.<\/p>\n<p>Se contar\u00e1 con la participaci\u00f3n de ponentes y expertos como: Catalina Carrillo Ram\u00edrez, Coordinadora del grupo de operaciones para la propiedad industrial, Marcela Ram\u00edrez Orozco, Directora de nuevas creaciones, Luis Antonio Silva, Coordinador del Centro de Informaci\u00f3n Tecnol\u00f3gica y Apoyo a la Gesti\u00f3n de la Propiedad Industrial \u2013 CIGEPI y Sandro Villamil, Director de la Oficina de Transferencia de Resultados de Investigaci\u00f3n OTRI NLACE.<\/p>\n<p>El evento es abierto al p\u00fablico y podr\u00e1n participar docentes, estudiantes, grupos de investigaci\u00f3n de Instituciones de Educaci\u00f3n Superior, adem\u00e1s de empresarios.<\/p>\n<p>&nbsp;<\/p>\n<p><strong>Anexo:<\/strong><\/p>\n<p><a href=\"https:\/\/www.ucaldas.edu.co\/portal\/wp-content\/uploads\/2023\/05\/Director-de-la-Oficina-de-Transferencia-de-Resultados-de-Investigacion-OTRI-NLACE-Sandro-Villamil.mp3\"><strong>Audio Director de la Oficina de Transferencia de Resultados de Investigaci\u00f3n OTRI NLACE, Sandro Villamil.<\/strong><\/a><\/p>\n<audio class=\"wp-audio-shortcode\" id=\"audio-75908-1\" preload=\"none\" style=\"width: 100%;\" controls=\"controls\"><source type=\"audio\/mpeg\" src=\"https:\/\/www.ucaldas.edu.co\/portal\/wp-content\/uploads\/2023\/05\/Director-de-la-Oficina-de-Transferencia-de-Resultados-de-Investigacion-OTRI-NLACE-Sandro-Villamil.mp3?_=1\" \/><a href=\"https:\/\/www.ucaldas.edu.co\/portal\/wp-content\/uploads\/2023\/05\/Director-de-la-Oficina-de-Transferencia-de-Resultados-de-Investigacion-OTRI-NLACE-Sandro-Villamil.mp3\">https:\/\/www.ucaldas.edu.co\/portal\/wp-content\/uploads\/2023\/05\/Director-de-la-Oficina-de-Transferencia-de-Resultados-de-Investigacion-OTRI-NLACE-Sandro-Villamil.mp3<\/a><\/audio>\n","protected":false},"excerpt":{"rendered":"<p>La Superintendencia de Industria y Comercio seleccion\u00f3 la\u00a0 ciudad de Manizales para llevar a cabo este martes 16 de mayo, a partir de las 8:30 a.m. en el Centro Cultural Universitario Rogelio Salmona, el conversatorio \u201cimportancia de la propiedad industrial en Caldas\u201d, el cual cuenta con el apoyo de la OTRI NLACE, la oficina de [&hellip;]<\/p>\n","protected":false},"author":2,"featured_media":75913,"comment_status":"closed","ping_status":"open","sticky":false,"template":"","format":"standard","meta":{"footnotes":"","_members_access_role":[],"_members_access_error":""},"categories":[48,53],"tags":[263],"class_list":["post-75908","post","type-post","status-publish","format-standard","has-post-thumbnail","hentry","category-actualidad","category-universidad-al-dia","tag-propiedad-industrial"],"yoast_head":"<!-- This site is optimized with the Yoast SEO plugin v28.3 - https:\/\/yoast.com\/product\/yoast-seo-wordpress\/ -->\n<title>Universidades de Caldas y Nacional realizan investigaciones para el sector productivo y comercial del pa\u00eds .<\/title>\n<meta name=\"robots\" content=\"index, follow, max-snippet:-1, max-image-preview:large, max-video-preview:-1\" \/>\n<link rel=\"canonical\" href=\"https:\/\/www.ucaldas.edu.co\/portal\/universidades-de-caldas-y-nacional-realizan-investigaciones-para-el-sector-productivo-y-comercial-del-pais\/\" \/>\n<script type=\"application\/ld+json\" class=\"yoast-schema-graph\">{\"@context\":\"https:\\\/\\\/schema.org\",\"@graph\":[{\"@type\":\"Article\",\"@id\":\"https:\\\/\\\/www.ucaldas.edu.co\\\/portal\\\/universidades-de-caldas-y-nacional-realizan-investigaciones-para-el-sector-productivo-y-comercial-del-pais\\\/#article\",\"isPartOf\":{\"@id\":\"https:\\\/\\\/www.ucaldas.edu.co\\\/portal\\\/universidades-de-caldas-y-nacional-realizan-investigaciones-para-el-sector-productivo-y-comercial-del-pais\\\/\"},\"author\":{\"name\":\"ofiprensa\",\"@id\":\"https:\\\/\\\/www.ucaldas.edu.co\\\/portal\\\/#\\\/schema\\\/person\\\/a1b482e23449158b4bc319926c074fdf\"},\"headline\":\"Universidades de Caldas y Nacional realizan investigaciones para el sector productivo y comercial del pa\u00eds\",\"datePublished\":\"2023-05-15T19:32:24+00:00\",\"mainEntityOfPage\":{\"@id\":\"https:\\\/\\\/www.ucaldas.edu.co\\\/portal\\\/universidades-de-caldas-y-nacional-realizan-investigaciones-para-el-sector-productivo-y-comercial-del-pais\\\/\"},\"wordCount\":384,\"publisher\":{\"@id\":\"https:\\\/\\\/www.ucaldas.edu.co\\\/portal\\\/#organization\"},\"image\":{\"@id\":\"https:\\\/\\\/www.ucaldas.edu.co\\\/portal\\\/universidades-de-caldas-y-nacional-realizan-investigaciones-para-el-sector-productivo-y-comercial-del-pais\\\/#primaryimage\"},\"thumbnailUrl\":\"https:\\\/\\\/www.ucaldas.edu.co\\\/portal\\\/wp-content\\\/uploads\\\/2023\\\/05\\\/otri.jpg\",\"keywords\":[\"propiedad industrial\"],\"articleSection\":[\"Actualidad\",\"Universidad al D\u00eda\"],\"inLanguage\":\"es\"},{\"@type\":\"WebPage\",\"@id\":\"https:\\\/\\\/www.ucaldas.edu.co\\\/portal\\\/universidades-de-caldas-y-nacional-realizan-investigaciones-para-el-sector-productivo-y-comercial-del-pais\\\/\",\"url\":\"https:\\\/\\\/www.ucaldas.edu.co\\\/portal\\\/universidades-de-caldas-y-nacional-realizan-investigaciones-para-el-sector-productivo-y-comercial-del-pais\\\/\",\"name\":\"Universidades de Caldas y Nacional realizan investigaciones para el sector productivo y comercial del pa\u00eds .\",\"isPartOf\":{\"@id\":\"https:\\\/\\\/www.ucaldas.edu.co\\\/portal\\\/#website\"},\"primaryImageOfPage\":{\"@id\":\"https:\\\/\\\/www.ucaldas.edu.co\\\/portal\\\/universidades-de-caldas-y-nacional-realizan-investigaciones-para-el-sector-productivo-y-comercial-del-pais\\\/#primaryimage\"},\"image\":{\"@id\":\"https:\\\/\\\/www.ucaldas.edu.co\\\/portal\\\/universidades-de-caldas-y-nacional-realizan-investigaciones-para-el-sector-productivo-y-comercial-del-pais\\\/#primaryimage\"},\"thumbnailUrl\":\"https:\\\/\\\/www.ucaldas.edu.co\\\/portal\\\/wp-content\\\/uploads\\\/2023\\\/05\\\/otri.jpg\",\"datePublished\":\"2023-05-15T19:32:24+00:00\",\"breadcrumb\":{\"@id\":\"https:\\\/\\\/www.ucaldas.edu.co\\\/portal\\\/universidades-de-caldas-y-nacional-realizan-investigaciones-para-el-sector-productivo-y-comercial-del-pais\\\/#breadcrumb\"},\"inLanguage\":\"es\",\"potentialAction\":[{\"@type\":\"ReadAction\",\"target\":[\"https:\\\/\\\/www.ucaldas.edu.co\\\/portal\\\/universidades-de-caldas-y-nacional-realizan-investigaciones-para-el-sector-productivo-y-comercial-del-pais\\\/\"]}]},{\"@type\":\"ImageObject\",\"inLanguage\":\"es\",\"@id\":\"https:\\\/\\\/www.ucaldas.edu.co\\\/portal\\\/universidades-de-caldas-y-nacional-realizan-investigaciones-para-el-sector-productivo-y-comercial-del-pais\\\/#primaryimage\",\"url\":\"https:\\\/\\\/www.ucaldas.edu.co\\\/portal\\\/wp-content\\\/uploads\\\/2023\\\/05\\\/otri.jpg\",\"contentUrl\":\"https:\\\/\\\/www.ucaldas.edu.co\\\/portal\\\/wp-content\\\/uploads\\\/2023\\\/05\\\/otri.jpg\",\"width\":900,\"height\":510,\"caption\":\"otri nlace\"},{\"@type\":\"BreadcrumbList\",\"@id\":\"https:\\\/\\\/www.ucaldas.edu.co\\\/portal\\\/universidades-de-caldas-y-nacional-realizan-investigaciones-para-el-sector-productivo-y-comercial-del-pais\\\/#breadcrumb\",\"itemListElement\":[{\"@type\":\"ListItem\",\"position\":1,\"name\":\"Portada\",\"item\":\"https:\\\/\\\/www.ucaldas.edu.co\\\/portal\\\/\"},{\"@type\":\"ListItem\",\"position\":2,\"name\":\"Universidades de Caldas y Nacional realizan investigaciones para el sector productivo y comercial del pa\u00eds\"}]},{\"@type\":\"WebSite\",\"@id\":\"https:\\\/\\\/www.ucaldas.edu.co\\\/portal\\\/#website\",\"url\":\"https:\\\/\\\/www.ucaldas.edu.co\\\/portal\\\/\",\"name\":\"Universidad de Caldas\",\"description\":\"\",\"publisher\":{\"@id\":\"https:\\\/\\\/www.ucaldas.edu.co\\\/portal\\\/#organization\"},\"alternateName\":\"U. de Caldas\",\"potentialAction\":[{\"@type\":\"SearchAction\",\"target\":{\"@type\":\"EntryPoint\",\"urlTemplate\":\"https:\\\/\\\/www.ucaldas.edu.co\\\/portal\\\/?s={search_term_string}\"},\"query-input\":{\"@type\":\"PropertyValueSpecification\",\"valueRequired\":true,\"valueName\":\"search_term_string\"}}],\"inLanguage\":\"es\"},{\"@type\":\"Organization\",\"@id\":\"https:\\\/\\\/www.ucaldas.edu.co\\\/portal\\\/#organization\",\"name\":\"Universidad de Caldas\",\"alternateName\":\"U. de Caldas\",\"url\":\"https:\\\/\\\/www.ucaldas.edu.co\\\/portal\\\/\",\"logo\":{\"@type\":\"ImageObject\",\"inLanguage\":\"es\",\"@id\":\"https:\\\/\\\/www.ucaldas.edu.co\\\/portal\\\/#\\\/schema\\\/logo\\\/image\\\/\",\"url\":\"https:\\\/\\\/www.ucaldas.edu.co\\\/portal\\\/wp-content\\\/uploads\\\/2023\\\/11\\\/Logo_horizontal_oscuroU-2023.png\",\"contentUrl\":\"https:\\\/\\\/www.ucaldas.edu.co\\\/portal\\\/wp-content\\\/uploads\\\/2023\\\/11\\\/Logo_horizontal_oscuroU-2023.png\",\"width\":263,\"height\":101,\"caption\":\"Universidad de Caldas\"},\"image\":{\"@id\":\"https:\\\/\\\/www.ucaldas.edu.co\\\/portal\\\/#\\\/schema\\\/logo\\\/image\\\/\"},\"sameAs\":[\"https:\\\/\\\/www.facebook.com\\\/udecaldas\",\"https:\\\/\\\/x.com\\\/udecaldas\",\"https:\\\/\\\/www.youtube.com\\\/universidadcaldas\",\"https:\\\/\\\/www.instagram.com\\\/udecaldas\\\/\"]},{\"@type\":\"Person\",\"@id\":\"https:\\\/\\\/www.ucaldas.edu.co\\\/portal\\\/#\\\/schema\\\/person\\\/a1b482e23449158b4bc319926c074fdf\",\"name\":\"ofiprensa\",\"image\":{\"@type\":\"ImageObject\",\"inLanguage\":\"es\",\"@id\":\"https:\\\/\\\/www.ucaldas.edu.co\\\/portal\\\/wp-content\\\/litespeed\\\/avatar\\\/09ea5085e600095a7a811142c6944527.jpg?ver=1787779368\",\"url\":\"https:\\\/\\\/www.ucaldas.edu.co\\\/portal\\\/wp-content\\\/litespeed\\\/avatar\\\/09ea5085e600095a7a811142c6944527.jpg?ver=1787779368\",\"contentUrl\":\"https:\\\/\\\/www.ucaldas.edu.co\\\/portal\\\/wp-content\\\/litespeed\\\/avatar\\\/09ea5085e600095a7a811142c6944527.jpg?ver=1787779368\",\"caption\":\"ofiprensa\"},\"url\":\"https:\\\/\\\/www.ucaldas.edu.co\\\/portal\\\/author\\\/ofiprensa\\\/\"}]}<\/script>\n<!-- \/ Yoast SEO plugin. -->","yoast_head_json":{"title":"Universidades de Caldas y Nacional realizan investigaciones para el sector productivo y comercial del pa\u00eds .","robots":{"index":"index","follow":"follow","max-snippet":"max-snippet:-1","max-image-preview":"max-image-preview:large","max-video-preview":"max-video-preview:-1"},"canonical":"https:\/\/www.ucaldas.edu.co\/portal\/universidades-de-caldas-y-nacional-realizan-investigaciones-para-el-sector-productivo-y-comercial-del-pais\/","schema":{"@context":"https:\/\/schema.org","@graph":[{"@type":"Article","@id":"https:\/\/www.ucaldas.edu.co\/portal\/universidades-de-caldas-y-nacional-realizan-investigaciones-para-el-sector-productivo-y-comercial-del-pais\/#article","isPartOf":{"@id":"https:\/\/www.ucaldas.edu.co\/portal\/universidades-de-caldas-y-nacional-realizan-investigaciones-para-el-sector-productivo-y-comercial-del-pais\/"},"author":{"name":"ofiprensa","@id":"https:\/\/www.ucaldas.edu.co\/portal\/#\/schema\/person\/a1b482e23449158b4bc319926c074fdf"},"headline":"Universidades de Caldas y Nacional realizan investigaciones para el sector productivo y comercial del pa\u00eds","datePublished":"2023-05-15T19:32:24+00:00","mainEntityOfPage":{"@id":"https:\/\/www.ucaldas.edu.co\/portal\/universidades-de-caldas-y-nacional-realizan-investigaciones-para-el-sector-productivo-y-comercial-del-pais\/"},"wordCount":384,"publisher":{"@id":"https:\/\/www.ucaldas.edu.co\/portal\/#organization"},"image":{"@id":"https:\/\/www.ucaldas.edu.co\/portal\/universidades-de-caldas-y-nacional-realizan-investigaciones-para-el-sector-productivo-y-comercial-del-pais\/#primaryimage"},"thumbnailUrl":"https:\/\/www.ucaldas.edu.co\/portal\/wp-content\/uploads\/2023\/05\/otri.jpg","keywords":["propiedad industrial"],"articleSection":["Actualidad","Universidad al D\u00eda"],"inLanguage":"es"},{"@type":"WebPage","@id":"https:\/\/www.ucaldas.edu.co\/portal\/universidades-de-caldas-y-nacional-realizan-investigaciones-para-el-sector-productivo-y-comercial-del-pais\/","url":"https:\/\/www.ucaldas.edu.co\/portal\/universidades-de-caldas-y-nacional-realizan-investigaciones-para-el-sector-productivo-y-comercial-del-pais\/","name":"Universidades de Caldas y Nacional realizan investigaciones para el sector productivo y comercial del pa\u00eds .","isPartOf":{"@id":"https:\/\/www.ucaldas.edu.co\/portal\/#website"},"primaryImageOfPage":{"@id":"https:\/\/www.ucaldas.edu.co\/portal\/universidades-de-caldas-y-nacional-realizan-investigaciones-para-el-sector-productivo-y-comercial-del-pais\/#primaryimage"},"image":{"@id":"https:\/\/www.ucaldas.edu.co\/portal\/universidades-de-caldas-y-nacional-realizan-investigaciones-para-el-sector-productivo-y-comercial-del-pais\/#primaryimage"},"thumbnailUrl":"https:\/\/www.ucaldas.edu.co\/portal\/wp-content\/uploads\/2023\/05\/otri.jpg","datePublished":"2023-05-15T19:32:24+00:00","breadcrumb":{"@id":"https:\/\/www.ucaldas.edu.co\/portal\/universidades-de-caldas-y-nacional-realizan-investigaciones-para-el-sector-productivo-y-comercial-del-pais\/#breadcrumb"},"inLanguage":"es","potentialAction":[{"@type":"ReadAction","target":["https:\/\/www.ucaldas.edu.co\/portal\/universidades-de-caldas-y-nacional-realizan-investigaciones-para-el-sector-productivo-y-comercial-del-pais\/"]}]},{"@type":"ImageObject","inLanguage":"es","@id":"https:\/\/www.ucaldas.edu.co\/portal\/universidades-de-caldas-y-nacional-realizan-investigaciones-para-el-sector-productivo-y-comercial-del-pais\/#primaryimage","url":"https:\/\/www.ucaldas.edu.co\/portal\/wp-content\/uploads\/2023\/05\/otri.jpg","contentUrl":"https:\/\/www.ucaldas.edu.co\/portal\/wp-content\/uploads\/2023\/05\/otri.jpg","width":900,"height":510,"caption":"otri nlace"},{"@type":"BreadcrumbList","@id":"https:\/\/www.ucaldas.edu.co\/portal\/universidades-de-caldas-y-nacional-realizan-investigaciones-para-el-sector-productivo-y-comercial-del-pais\/#breadcrumb","itemListElement":[{"@type":"ListItem","position":1,"name":"Portada","item":"https:\/\/www.ucaldas.edu.co\/portal\/"},{"@type":"ListItem","position":2,"name":"Universidades de Caldas y Nacional realizan investigaciones para el sector productivo y comercial del pa\u00eds"}]},{"@type":"WebSite","@id":"https:\/\/www.ucaldas.edu.co\/portal\/#website","url":"https:\/\/www.ucaldas.edu.co\/portal\/","name":"Universidad de Caldas","description":"","publisher":{"@id":"https:\/\/www.ucaldas.edu.co\/portal\/#organization"},"alternateName":"U. de Caldas","potentialAction":[{"@type":"SearchAction","target":{"@type":"EntryPoint","urlTemplate":"https:\/\/www.ucaldas.edu.co\/portal\/?s={search_term_string}"},"query-input":{"@type":"PropertyValueSpecification","valueRequired":true,"valueName":"search_term_string"}}],"inLanguage":"es"},{"@type":"Organization","@id":"https:\/\/www.ucaldas.edu.co\/portal\/#organization","name":"Universidad de Caldas","alternateName":"U. de Caldas","url":"https:\/\/www.ucaldas.edu.co\/portal\/","logo":{"@type":"ImageObject","inLanguage":"es","@id":"https:\/\/www.ucaldas.edu.co\/portal\/#\/schema\/logo\/image\/","url":"https:\/\/www.ucaldas.edu.co\/portal\/wp-content\/uploads\/2023\/11\/Logo_horizontal_oscuroU-2023.png","contentUrl":"https:\/\/www.ucaldas.edu.co\/portal\/wp-content\/uploads\/2023\/11\/Logo_horizontal_oscuroU-2023.png","width":263,"height":101,"caption":"Universidad de Caldas"},"image":{"@id":"https:\/\/www.ucaldas.edu.co\/portal\/#\/schema\/logo\/image\/"},"sameAs":["https:\/\/www.facebook.com\/udecaldas","https:\/\/x.com\/udecaldas","https:\/\/www.youtube.com\/universidadcaldas","https:\/\/www.instagram.com\/udecaldas\/"]},{"@type":"Person","@id":"https:\/\/www.ucaldas.edu.co\/portal\/#\/schema\/person\/a1b482e23449158b4bc319926c074fdf","name":"ofiprensa","image":{"@type":"ImageObject","inLanguage":"es","@id":"https:\/\/www.ucaldas.edu.co\/portal\/wp-content\/litespeed\/avatar\/09ea5085e600095a7a811142c6944527.jpg?ver=1787779368","url":"https:\/\/www.ucaldas.edu.co\/portal\/wp-content\/litespeed\/avatar\/09ea5085e600095a7a811142c6944527.jpg?ver=1787779368","contentUrl":"https:\/\/www.ucaldas.edu.co\/portal\/wp-content\/litespeed\/avatar\/09ea5085e600095a7a811142c6944527.jpg?ver=1787779368","caption":"ofiprensa"},"url":"https:\/\/www.ucaldas.edu.co\/portal\/author\/ofiprensa\/"}]}},"_links":{"self":[{"href":"https:\/\/www.ucaldas.edu.co\/portal\/wp-json\/wp\/v2\/posts\/75908","targetHints":{"allow":["GET"]}}],"collection":[{"href":"https:\/\/www.ucaldas.edu.co\/portal\/wp-json\/wp\/v2\/posts"}],"about":[{"href":"https:\/\/www.ucaldas.edu.co\/portal\/wp-json\/wp\/v2\/types\/post"}],"author":[{"embeddable":true,"href":"https:\/\/www.ucaldas.edu.co\/portal\/wp-json\/wp\/v2\/users\/2"}],"replies":[{"embeddable":true,"href":"https:\/\/www.ucaldas.edu.co\/portal\/wp-json\/wp\/v2\/comments?post=75908"}],"version-history":[{"count":0,"href":"https:\/\/www.ucaldas.edu.co\/portal\/wp-json\/wp\/v2\/posts\/75908\/revisions"}],"wp:featuredmedia":[{"embeddable":true,"href":"https:\/\/www.ucaldas.edu.co\/portal\/wp-json\/wp\/v2\/media\/75913"}],"wp:attachment":[{"href":"https:\/\/www.ucaldas.edu.co\/portal\/wp-json\/wp\/v2\/media?parent=75908"}],"wp:term":[{"taxonomy":"category","embeddable":true,"href":"https:\/\/www.ucaldas.edu.co\/portal\/wp-json\/wp\/v2\/categories?post=75908"},{"taxonomy":"post_tag","embeddable":true,"href":"https:\/\/www.ucaldas.edu.co\/portal\/wp-json\/wp\/v2\/tags?post=75908"}],"curies":[{"name":"wp","href":"https:\/\/api.w.org\/{rel}","templated":true}]}}