{"id":75857,"date":"2023-05-11T20:38:19","date_gmt":"2023-05-11T20:38:19","guid":{"rendered":"https:\/\/www.ucaldas.edu.co\/portal\/?p=75857"},"modified":"2023-05-11T20:38:19","modified_gmt":"2023-05-11T20:38:19","slug":"universidad-de-caldas-y-erasmus-plus-de-la-union-europea-realizan-lanzamiento-del-proyecto-ibero4jobs-sobre-empleabilidad-de-estudiantes","status":"publish","type":"post","link":"https:\/\/www.ucaldas.edu.co\/portal\/universidad-de-caldas-y-erasmus-plus-de-la-union-europea-realizan-lanzamiento-del-proyecto-ibero4jobs-sobre-empleabilidad-de-estudiantes\/","title":{"rendered":"Universidad de Caldas y Erasmus Plus de la Uni\u00f3n Europea realizan lanzamiento del proyecto Ibero4Jobs sobre empleabilidad de estudiantes"},"content":{"rendered":"<p><img loading=\"lazy\" decoding=\"async\" class=\"aligncenter size-full wp-image-75858\" src=\"https:\/\/www.ucaldas.edu.co\/portal\/wp-content\/uploads\/2023\/05\/ibero.jpg\" alt=\"ibero4jobs\" width=\"900\" height=\"510\" srcset=\"https:\/\/www.ucaldas.edu.co\/portal\/wp-content\/uploads\/2023\/05\/ibero.jpg 900w, https:\/\/www.ucaldas.edu.co\/portal\/wp-content\/uploads\/2023\/05\/ibero-300x170.jpg 300w, https:\/\/www.ucaldas.edu.co\/portal\/wp-content\/uploads\/2023\/05\/ibero-768x435.jpg 768w\" sizes=\"auto, (max-width: 900px) 100vw, 900px\" \/><\/p>\n<p>El pr\u00f3ximo lunes 15 de mayo desde las 8:00 a.m. en el Auditorio del Centro Cultural Universitario Rogelio Salmona, se llevar\u00e1 a cabo el lanzamiento del proyecto Ibero4Jobs coordinado por la Universidad de Caldas y que cuenta con la financiaci\u00f3n del programa Erasmus Plus de la Uni\u00f3n Europea.<!--more--><\/p>\n<p>Ibero4Jobs es un proyecto que busca fortalecer las instituciones de educaci\u00f3n superior en Am\u00e9rica Latina, en articulaci\u00f3n con el sector empresarial promoviendo la empleabilidad de los estudiantes y contribuyendo al crecimiento sostenible de las regiones.<\/p>\n<p>Las entidades integrantes del proyecto son:<\/p>\n<ul>\n<li>Universidad De Caldas (Colombia) como coordinadora.<\/li>\n<li>Universidad De Vigo (Espa\u00f1a).<\/li>\n<li>Universidad Tecnol\u00f3gica De Nayarit (M\u00e9xico).<\/li>\n<li>Universidad Aut\u00f3noma De Nayarit (M\u00e9xico).<\/li>\n<li>Universidad Aut\u00f3noma De Manizales (Colombia).<\/li>\n<li>Instituto Polit\u00e9cnico Do Porto (Portugal).<\/li>\n<li>Fundaci\u00f3n Luker (Colombia).<\/li>\n<li>Fundaci\u00f3n Ronsel (Espa\u00f1a).<\/li>\n<li>C\u00e1mara De Comercio Manizales Por Caldas (Colombia).<\/li>\n<\/ul>\n<p>Con la implementaci\u00f3n del proyecto se pretende que instituciones de educaci\u00f3n superior europeas vengan a Latinoam\u00e9rica para compartir su conocimiento sobre la educaci\u00f3n dual (Dual education), una metodolog\u00eda promovida e incentivada en diversas universidades de Europa, mediante la cual los estudiantes durante sus actividades acad\u00e9micas comienzan su vinculaci\u00f3n con el sector empresarial lo que les permite obtener mayor experiencia y pr\u00e1ctica.<\/p>\n<p>Agenda del evento:<\/p>\n<ul>\n<li>8 a.m.: Ceremonia de Bienvenida.<\/li>\n<li>9 a.m.: Presentaci\u00f3n del proyecto.<\/li>\n<li>10:30 a.m.: Workshop: \u00abMeeting Each Other\u00bb. Actividad de relacionamiento liderada por la C\u00e1mara de Comercio de Manizales por Caldas y Neurocity.<\/li>\n<li>2:00 p.m.: Presentaci\u00f3n de objetivos del proyecto por parte de cada una de las instituciones participantes.<\/li>\n<\/ul>\n","protected":false},"excerpt":{"rendered":"<p>El pr\u00f3ximo lunes 15 de mayo desde las 8:00 a.m. en el Auditorio del Centro Cultural Universitario Rogelio Salmona, se llevar\u00e1 a cabo el lanzamiento del proyecto Ibero4Jobs coordinado por la Universidad de Caldas y que cuenta con la financiaci\u00f3n del programa Erasmus Plus de la Uni\u00f3n Europea.<\/p>\n","protected":false},"author":2,"featured_media":75858,"comment_status":"closed","ping_status":"open","sticky":false,"template":"","format":"standard","meta":{"footnotes":""},"categories":[48,53,614],"tags":[9198],"class_list":["post-75857","post","type-post","status-publish","format-standard","has-post-thumbnail","hentry","category-actualidad","category-universidad-al-dia","category-ucaldas-internacional","tag-ibero4jobs"],"yoast_head":"<!-- This site is optimized with the Yoast SEO plugin v27.5 - https:\/\/yoast.com\/product\/yoast-seo-wordpress\/ -->\n<title>Universidad de Caldas y Erasmus Plus de la Uni\u00f3n Europea realizan lanzamiento del proyecto Ibero4Jobs sobre empleabilidad de estudiantes .<\/title>\n<meta name=\"robots\" content=\"index, follow, max-snippet:-1, max-image-preview:large, max-video-preview:-1\" \/>\n<link rel=\"canonical\" href=\"https:\/\/www.ucaldas.edu.co\/portal\/universidad-de-caldas-y-erasmus-plus-de-la-union-europea-realizan-lanzamiento-del-proyecto-ibero4jobs-sobre-empleabilidad-de-estudiantes\/\" \/>\n<script type=\"application\/ld+json\" class=\"yoast-schema-graph\">{\"@context\":\"https:\\\/\\\/schema.org\",\"@graph\":[{\"@type\":\"Article\",\"@id\":\"https:\\\/\\\/www.ucaldas.edu.co\\\/portal\\\/universidad-de-caldas-y-erasmus-plus-de-la-union-europea-realizan-lanzamiento-del-proyecto-ibero4jobs-sobre-empleabilidad-de-estudiantes\\\/#article\",\"isPartOf\":{\"@id\":\"https:\\\/\\\/www.ucaldas.edu.co\\\/portal\\\/universidad-de-caldas-y-erasmus-plus-de-la-union-europea-realizan-lanzamiento-del-proyecto-ibero4jobs-sobre-empleabilidad-de-estudiantes\\\/\"},\"author\":{\"name\":\"ofiprensa\",\"@id\":\"https:\\\/\\\/www.ucaldas.edu.co\\\/portal\\\/#\\\/schema\\\/person\\\/a1b482e23449158b4bc319926c074fdf\"},\"headline\":\"Universidad de Caldas y Erasmus Plus de la Uni\u00f3n Europea realizan lanzamiento del proyecto Ibero4Jobs sobre empleabilidad de estudiantes\",\"datePublished\":\"2023-05-11T20:38:19+00:00\",\"mainEntityOfPage\":{\"@id\":\"https:\\\/\\\/www.ucaldas.edu.co\\\/portal\\\/universidad-de-caldas-y-erasmus-plus-de-la-union-europea-realizan-lanzamiento-del-proyecto-ibero4jobs-sobre-empleabilidad-de-estudiantes\\\/\"},\"wordCount\":293,\"publisher\":{\"@id\":\"https:\\\/\\\/www.ucaldas.edu.co\\\/portal\\\/#organization\"},\"image\":{\"@id\":\"https:\\\/\\\/www.ucaldas.edu.co\\\/portal\\\/universidad-de-caldas-y-erasmus-plus-de-la-union-europea-realizan-lanzamiento-del-proyecto-ibero4jobs-sobre-empleabilidad-de-estudiantes\\\/#primaryimage\"},\"thumbnailUrl\":\"https:\\\/\\\/www.ucaldas.edu.co\\\/portal\\\/wp-content\\\/uploads\\\/2023\\\/05\\\/ibero.jpg\",\"keywords\":[\"ibero4jobs\"],\"articleSection\":[\"Actualidad\",\"Universidad al D\u00eda\",\"Ucaldas Internacional\"],\"inLanguage\":\"es\"},{\"@type\":\"WebPage\",\"@id\":\"https:\\\/\\\/www.ucaldas.edu.co\\\/portal\\\/universidad-de-caldas-y-erasmus-plus-de-la-union-europea-realizan-lanzamiento-del-proyecto-ibero4jobs-sobre-empleabilidad-de-estudiantes\\\/\",\"url\":\"https:\\\/\\\/www.ucaldas.edu.co\\\/portal\\\/universidad-de-caldas-y-erasmus-plus-de-la-union-europea-realizan-lanzamiento-del-proyecto-ibero4jobs-sobre-empleabilidad-de-estudiantes\\\/\",\"name\":\"Universidad de Caldas y Erasmus Plus de la Uni\u00f3n Europea realizan lanzamiento del proyecto Ibero4Jobs sobre empleabilidad de estudiantes .\",\"isPartOf\":{\"@id\":\"https:\\\/\\\/www.ucaldas.edu.co\\\/portal\\\/#website\"},\"primaryImageOfPage\":{\"@id\":\"https:\\\/\\\/www.ucaldas.edu.co\\\/portal\\\/universidad-de-caldas-y-erasmus-plus-de-la-union-europea-realizan-lanzamiento-del-proyecto-ibero4jobs-sobre-empleabilidad-de-estudiantes\\\/#primaryimage\"},\"image\":{\"@id\":\"https:\\\/\\\/www.ucaldas.edu.co\\\/portal\\\/universidad-de-caldas-y-erasmus-plus-de-la-union-europea-realizan-lanzamiento-del-proyecto-ibero4jobs-sobre-empleabilidad-de-estudiantes\\\/#primaryimage\"},\"thumbnailUrl\":\"https:\\\/\\\/www.ucaldas.edu.co\\\/portal\\\/wp-content\\\/uploads\\\/2023\\\/05\\\/ibero.jpg\",\"datePublished\":\"2023-05-11T20:38:19+00:00\",\"breadcrumb\":{\"@id\":\"https:\\\/\\\/www.ucaldas.edu.co\\\/portal\\\/universidad-de-caldas-y-erasmus-plus-de-la-union-europea-realizan-lanzamiento-del-proyecto-ibero4jobs-sobre-empleabilidad-de-estudiantes\\\/#breadcrumb\"},\"inLanguage\":\"es\",\"potentialAction\":[{\"@type\":\"ReadAction\",\"target\":[\"https:\\\/\\\/www.ucaldas.edu.co\\\/portal\\\/universidad-de-caldas-y-erasmus-plus-de-la-union-europea-realizan-lanzamiento-del-proyecto-ibero4jobs-sobre-empleabilidad-de-estudiantes\\\/\"]}]},{\"@type\":\"ImageObject\",\"inLanguage\":\"es\",\"@id\":\"https:\\\/\\\/www.ucaldas.edu.co\\\/portal\\\/universidad-de-caldas-y-erasmus-plus-de-la-union-europea-realizan-lanzamiento-del-proyecto-ibero4jobs-sobre-empleabilidad-de-estudiantes\\\/#primaryimage\",\"url\":\"https:\\\/\\\/www.ucaldas.edu.co\\\/portal\\\/wp-content\\\/uploads\\\/2023\\\/05\\\/ibero.jpg\",\"contentUrl\":\"https:\\\/\\\/www.ucaldas.edu.co\\\/portal\\\/wp-content\\\/uploads\\\/2023\\\/05\\\/ibero.jpg\",\"width\":900,\"height\":510,\"caption\":\"ibero4jobs\"},{\"@type\":\"BreadcrumbList\",\"@id\":\"https:\\\/\\\/www.ucaldas.edu.co\\\/portal\\\/universidad-de-caldas-y-erasmus-plus-de-la-union-europea-realizan-lanzamiento-del-proyecto-ibero4jobs-sobre-empleabilidad-de-estudiantes\\\/#breadcrumb\",\"itemListElement\":[{\"@type\":\"ListItem\",\"position\":1,\"name\":\"Portada\",\"item\":\"https:\\\/\\\/www.ucaldas.edu.co\\\/portal\\\/\"},{\"@type\":\"ListItem\",\"position\":2,\"name\":\"Universidad de Caldas y Erasmus Plus de la Uni\u00f3n Europea realizan lanzamiento del proyecto Ibero4Jobs sobre empleabilidad de estudiantes\"}]},{\"@type\":\"WebSite\",\"@id\":\"https:\\\/\\\/www.ucaldas.edu.co\\\/portal\\\/#website\",\"url\":\"https:\\\/\\\/www.ucaldas.edu.co\\\/portal\\\/\",\"name\":\"Universidad de Caldas\",\"description\":\"\",\"publisher\":{\"@id\":\"https:\\\/\\\/www.ucaldas.edu.co\\\/portal\\\/#organization\"},\"alternateName\":\"U. de Caldas\",\"potentialAction\":[{\"@type\":\"SearchAction\",\"target\":{\"@type\":\"EntryPoint\",\"urlTemplate\":\"https:\\\/\\\/www.ucaldas.edu.co\\\/portal\\\/?s={search_term_string}\"},\"query-input\":{\"@type\":\"PropertyValueSpecification\",\"valueRequired\":true,\"valueName\":\"search_term_string\"}}],\"inLanguage\":\"es\"},{\"@type\":\"Organization\",\"@id\":\"https:\\\/\\\/www.ucaldas.edu.co\\\/portal\\\/#organization\",\"name\":\"Universidad de Caldas\",\"alternateName\":\"U. de Caldas\",\"url\":\"https:\\\/\\\/www.ucaldas.edu.co\\\/portal\\\/\",\"logo\":{\"@type\":\"ImageObject\",\"inLanguage\":\"es\",\"@id\":\"https:\\\/\\\/www.ucaldas.edu.co\\\/portal\\\/#\\\/schema\\\/logo\\\/image\\\/\",\"url\":\"https:\\\/\\\/www.ucaldas.edu.co\\\/portal\\\/wp-content\\\/uploads\\\/2023\\\/11\\\/Logo_horizontal_oscuroU-2023.png\",\"contentUrl\":\"https:\\\/\\\/www.ucaldas.edu.co\\\/portal\\\/wp-content\\\/uploads\\\/2023\\\/11\\\/Logo_horizontal_oscuroU-2023.png\",\"width\":263,\"height\":101,\"caption\":\"Universidad de Caldas\"},\"image\":{\"@id\":\"https:\\\/\\\/www.ucaldas.edu.co\\\/portal\\\/#\\\/schema\\\/logo\\\/image\\\/\"},\"sameAs\":[\"https:\\\/\\\/www.facebook.com\\\/udecaldas\",\"https:\\\/\\\/x.com\\\/udecaldas\",\"https:\\\/\\\/www.youtube.com\\\/universidadcaldas\",\"https:\\\/\\\/www.instagram.com\\\/udecaldas\\\/\"]},{\"@type\":\"Person\",\"@id\":\"https:\\\/\\\/www.ucaldas.edu.co\\\/portal\\\/#\\\/schema\\\/person\\\/a1b482e23449158b4bc319926c074fdf\",\"name\":\"ofiprensa\",\"image\":{\"@type\":\"ImageObject\",\"inLanguage\":\"es\",\"@id\":\"https:\\\/\\\/www.ucaldas.edu.co\\\/portal\\\/wp-content\\\/litespeed\\\/avatar\\\/09ea5085e600095a7a811142c6944527.jpg?ver=1777497608\",\"url\":\"https:\\\/\\\/www.ucaldas.edu.co\\\/portal\\\/wp-content\\\/litespeed\\\/avatar\\\/09ea5085e600095a7a811142c6944527.jpg?ver=1777497608\",\"contentUrl\":\"https:\\\/\\\/www.ucaldas.edu.co\\\/portal\\\/wp-content\\\/litespeed\\\/avatar\\\/09ea5085e600095a7a811142c6944527.jpg?ver=1777497608\",\"caption\":\"ofiprensa\"},\"url\":\"https:\\\/\\\/www.ucaldas.edu.co\\\/portal\\\/author\\\/ofiprensa\\\/\"}]}<\/script>\n<!-- \/ Yoast SEO plugin. -->","yoast_head_json":{"title":"Universidad de Caldas y Erasmus Plus de la Uni\u00f3n Europea realizan lanzamiento del proyecto Ibero4Jobs sobre empleabilidad de estudiantes .","robots":{"index":"index","follow":"follow","max-snippet":"max-snippet:-1","max-image-preview":"max-image-preview:large","max-video-preview":"max-video-preview:-1"},"canonical":"https:\/\/www.ucaldas.edu.co\/portal\/universidad-de-caldas-y-erasmus-plus-de-la-union-europea-realizan-lanzamiento-del-proyecto-ibero4jobs-sobre-empleabilidad-de-estudiantes\/","schema":{"@context":"https:\/\/schema.org","@graph":[{"@type":"Article","@id":"https:\/\/www.ucaldas.edu.co\/portal\/universidad-de-caldas-y-erasmus-plus-de-la-union-europea-realizan-lanzamiento-del-proyecto-ibero4jobs-sobre-empleabilidad-de-estudiantes\/#article","isPartOf":{"@id":"https:\/\/www.ucaldas.edu.co\/portal\/universidad-de-caldas-y-erasmus-plus-de-la-union-europea-realizan-lanzamiento-del-proyecto-ibero4jobs-sobre-empleabilidad-de-estudiantes\/"},"author":{"name":"ofiprensa","@id":"https:\/\/www.ucaldas.edu.co\/portal\/#\/schema\/person\/a1b482e23449158b4bc319926c074fdf"},"headline":"Universidad de Caldas y Erasmus Plus de la Uni\u00f3n Europea realizan lanzamiento del proyecto Ibero4Jobs sobre empleabilidad de estudiantes","datePublished":"2023-05-11T20:38:19+00:00","mainEntityOfPage":{"@id":"https:\/\/www.ucaldas.edu.co\/portal\/universidad-de-caldas-y-erasmus-plus-de-la-union-europea-realizan-lanzamiento-del-proyecto-ibero4jobs-sobre-empleabilidad-de-estudiantes\/"},"wordCount":293,"publisher":{"@id":"https:\/\/www.ucaldas.edu.co\/portal\/#organization"},"image":{"@id":"https:\/\/www.ucaldas.edu.co\/portal\/universidad-de-caldas-y-erasmus-plus-de-la-union-europea-realizan-lanzamiento-del-proyecto-ibero4jobs-sobre-empleabilidad-de-estudiantes\/#primaryimage"},"thumbnailUrl":"https:\/\/www.ucaldas.edu.co\/portal\/wp-content\/uploads\/2023\/05\/ibero.jpg","keywords":["ibero4jobs"],"articleSection":["Actualidad","Universidad al D\u00eda","Ucaldas Internacional"],"inLanguage":"es"},{"@type":"WebPage","@id":"https:\/\/www.ucaldas.edu.co\/portal\/universidad-de-caldas-y-erasmus-plus-de-la-union-europea-realizan-lanzamiento-del-proyecto-ibero4jobs-sobre-empleabilidad-de-estudiantes\/","url":"https:\/\/www.ucaldas.edu.co\/portal\/universidad-de-caldas-y-erasmus-plus-de-la-union-europea-realizan-lanzamiento-del-proyecto-ibero4jobs-sobre-empleabilidad-de-estudiantes\/","name":"Universidad de Caldas y Erasmus Plus de la Uni\u00f3n Europea realizan lanzamiento del proyecto Ibero4Jobs sobre empleabilidad de estudiantes .","isPartOf":{"@id":"https:\/\/www.ucaldas.edu.co\/portal\/#website"},"primaryImageOfPage":{"@id":"https:\/\/www.ucaldas.edu.co\/portal\/universidad-de-caldas-y-erasmus-plus-de-la-union-europea-realizan-lanzamiento-del-proyecto-ibero4jobs-sobre-empleabilidad-de-estudiantes\/#primaryimage"},"image":{"@id":"https:\/\/www.ucaldas.edu.co\/portal\/universidad-de-caldas-y-erasmus-plus-de-la-union-europea-realizan-lanzamiento-del-proyecto-ibero4jobs-sobre-empleabilidad-de-estudiantes\/#primaryimage"},"thumbnailUrl":"https:\/\/www.ucaldas.edu.co\/portal\/wp-content\/uploads\/2023\/05\/ibero.jpg","datePublished":"2023-05-11T20:38:19+00:00","breadcrumb":{"@id":"https:\/\/www.ucaldas.edu.co\/portal\/universidad-de-caldas-y-erasmus-plus-de-la-union-europea-realizan-lanzamiento-del-proyecto-ibero4jobs-sobre-empleabilidad-de-estudiantes\/#breadcrumb"},"inLanguage":"es","potentialAction":[{"@type":"ReadAction","target":["https:\/\/www.ucaldas.edu.co\/portal\/universidad-de-caldas-y-erasmus-plus-de-la-union-europea-realizan-lanzamiento-del-proyecto-ibero4jobs-sobre-empleabilidad-de-estudiantes\/"]}]},{"@type":"ImageObject","inLanguage":"es","@id":"https:\/\/www.ucaldas.edu.co\/portal\/universidad-de-caldas-y-erasmus-plus-de-la-union-europea-realizan-lanzamiento-del-proyecto-ibero4jobs-sobre-empleabilidad-de-estudiantes\/#primaryimage","url":"https:\/\/www.ucaldas.edu.co\/portal\/wp-content\/uploads\/2023\/05\/ibero.jpg","contentUrl":"https:\/\/www.ucaldas.edu.co\/portal\/wp-content\/uploads\/2023\/05\/ibero.jpg","width":900,"height":510,"caption":"ibero4jobs"},{"@type":"BreadcrumbList","@id":"https:\/\/www.ucaldas.edu.co\/portal\/universidad-de-caldas-y-erasmus-plus-de-la-union-europea-realizan-lanzamiento-del-proyecto-ibero4jobs-sobre-empleabilidad-de-estudiantes\/#breadcrumb","itemListElement":[{"@type":"ListItem","position":1,"name":"Portada","item":"https:\/\/www.ucaldas.edu.co\/portal\/"},{"@type":"ListItem","position":2,"name":"Universidad de Caldas y Erasmus Plus de la Uni\u00f3n Europea realizan lanzamiento del proyecto Ibero4Jobs sobre empleabilidad de estudiantes"}]},{"@type":"WebSite","@id":"https:\/\/www.ucaldas.edu.co\/portal\/#website","url":"https:\/\/www.ucaldas.edu.co\/portal\/","name":"Universidad de Caldas","description":"","publisher":{"@id":"https:\/\/www.ucaldas.edu.co\/portal\/#organization"},"alternateName":"U. de Caldas","potentialAction":[{"@type":"SearchAction","target":{"@type":"EntryPoint","urlTemplate":"https:\/\/www.ucaldas.edu.co\/portal\/?s={search_term_string}"},"query-input":{"@type":"PropertyValueSpecification","valueRequired":true,"valueName":"search_term_string"}}],"inLanguage":"es"},{"@type":"Organization","@id":"https:\/\/www.ucaldas.edu.co\/portal\/#organization","name":"Universidad de Caldas","alternateName":"U. de Caldas","url":"https:\/\/www.ucaldas.edu.co\/portal\/","logo":{"@type":"ImageObject","inLanguage":"es","@id":"https:\/\/www.ucaldas.edu.co\/portal\/#\/schema\/logo\/image\/","url":"https:\/\/www.ucaldas.edu.co\/portal\/wp-content\/uploads\/2023\/11\/Logo_horizontal_oscuroU-2023.png","contentUrl":"https:\/\/www.ucaldas.edu.co\/portal\/wp-content\/uploads\/2023\/11\/Logo_horizontal_oscuroU-2023.png","width":263,"height":101,"caption":"Universidad de Caldas"},"image":{"@id":"https:\/\/www.ucaldas.edu.co\/portal\/#\/schema\/logo\/image\/"},"sameAs":["https:\/\/www.facebook.com\/udecaldas","https:\/\/x.com\/udecaldas","https:\/\/www.youtube.com\/universidadcaldas","https:\/\/www.instagram.com\/udecaldas\/"]},{"@type":"Person","@id":"https:\/\/www.ucaldas.edu.co\/portal\/#\/schema\/person\/a1b482e23449158b4bc319926c074fdf","name":"ofiprensa","image":{"@type":"ImageObject","inLanguage":"es","@id":"https:\/\/www.ucaldas.edu.co\/portal\/wp-content\/litespeed\/avatar\/09ea5085e600095a7a811142c6944527.jpg?ver=1777497608","url":"https:\/\/www.ucaldas.edu.co\/portal\/wp-content\/litespeed\/avatar\/09ea5085e600095a7a811142c6944527.jpg?ver=1777497608","contentUrl":"https:\/\/www.ucaldas.edu.co\/portal\/wp-content\/litespeed\/avatar\/09ea5085e600095a7a811142c6944527.jpg?ver=1777497608","caption":"ofiprensa"},"url":"https:\/\/www.ucaldas.edu.co\/portal\/author\/ofiprensa\/"}]}},"_links":{"self":[{"href":"https:\/\/www.ucaldas.edu.co\/portal\/wp-json\/wp\/v2\/posts\/75857","targetHints":{"allow":["GET"]}}],"collection":[{"href":"https:\/\/www.ucaldas.edu.co\/portal\/wp-json\/wp\/v2\/posts"}],"about":[{"href":"https:\/\/www.ucaldas.edu.co\/portal\/wp-json\/wp\/v2\/types\/post"}],"author":[{"embeddable":true,"href":"https:\/\/www.ucaldas.edu.co\/portal\/wp-json\/wp\/v2\/users\/2"}],"replies":[{"embeddable":true,"href":"https:\/\/www.ucaldas.edu.co\/portal\/wp-json\/wp\/v2\/comments?post=75857"}],"version-history":[{"count":0,"href":"https:\/\/www.ucaldas.edu.co\/portal\/wp-json\/wp\/v2\/posts\/75857\/revisions"}],"wp:featuredmedia":[{"embeddable":true,"href":"https:\/\/www.ucaldas.edu.co\/portal\/wp-json\/wp\/v2\/media\/75858"}],"wp:attachment":[{"href":"https:\/\/www.ucaldas.edu.co\/portal\/wp-json\/wp\/v2\/media?parent=75857"}],"wp:term":[{"taxonomy":"category","embeddable":true,"href":"https:\/\/www.ucaldas.edu.co\/portal\/wp-json\/wp\/v2\/categories?post=75857"},{"taxonomy":"post_tag","embeddable":true,"href":"https:\/\/www.ucaldas.edu.co\/portal\/wp-json\/wp\/v2\/tags?post=75857"}],"curies":[{"name":"wp","href":"https:\/\/api.w.org\/{rel}","templated":true}]}}