{"id":75712,"date":"2023-04-28T17:57:43","date_gmt":"2023-04-28T17:57:43","guid":{"rendered":"https:\/\/www.ucaldas.edu.co\/portal\/?p=75712"},"modified":"2023-04-28T22:46:58","modified_gmt":"2023-04-28T22:46:58","slug":"la-dorada-ciudad-universitaria","status":"publish","type":"post","link":"https:\/\/www.ucaldas.edu.co\/portal\/la-dorada-ciudad-universitaria\/","title":{"rendered":"Sede Magdalena Centro de la Universidad de Caldas convierte a La Dorada en ciudad universitaria"},"content":{"rendered":"<p><img loading=\"lazy\" decoding=\"async\" class=\"aligncenter size-full wp-image-75721\" src=\"https:\/\/www.ucaldas.edu.co\/portal\/wp-content\/uploads\/2023\/04\/dorada.jpg\" alt=\"\" width=\"900\" height=\"510\" srcset=\"https:\/\/www.ucaldas.edu.co\/portal\/wp-content\/uploads\/2023\/04\/dorada.jpg 900w, https:\/\/www.ucaldas.edu.co\/portal\/wp-content\/uploads\/2023\/04\/dorada-300x170.jpg 300w, https:\/\/www.ucaldas.edu.co\/portal\/wp-content\/uploads\/2023\/04\/dorada-768x435.jpg 768w\" sizes=\"auto, (max-width: 900px) 100vw, 900px\" \/><\/p>\n<p>La Universidad de Caldas y la Alcald\u00eda de La Dorada realizaron este viernes, en el Parque Sim\u00f3n Bol\u00edvar del puerto caldense, el lanzamiento de la estrategia \u201cLa Dorada Ciudad Universitaria\u201d y la apertura del Programa de Articulaci\u00f3n de Educaci\u00f3n Superior y media acad\u00e9mica.<!--more--><\/p>\n<p>La Dorada Ciudad Universitaria, nace a ra\u00edz de la puesta en marcha del Centro de Innovaci\u00f3n y Sede Magdalena Centro de la Universidad de Caldas, que actualmente tiene como \u00e1rea de influencia 20 municipios de seis departamentos, zonas alejadas y tradicionalmente olvidadas por la educaci\u00f3n superior.<\/p>\n<p>En dicha Sede, ya convergen 500 j\u00f3venes en 10 carreras tecnol\u00f3gicas y profesionales, que adem\u00e1s se benefician de laboratorios, salas de inform\u00e1tica y del subsidio de transporte con la ruta del conocimiento, que genera movilidad estudiantil entre el municipio y la sede en el sector de Guarinocito. Se debe recordar adem\u00e1s que se tiene proyectado con los alcaldes de la zona la construcci\u00f3n de Residencias Universitarias.<\/p>\n<p>A la denominaci\u00f3n de Ciudad Universitaria, se le suma la gran apuesta de articulaci\u00f3n y doble titulaci\u00f3n con la vinculaci\u00f3n de 170 estudiantes de grado d\u00e9cimo de las instituciones educativas Ren\u00e1n Barco, Guarinocito, Alfonso L\u00f3pez, Nuestra Se\u00f1ora del Carmen y Nacional Dorada, gracias al convenio realizado entre la Universidad de Caldas, Alcald\u00eda Municipal de La Dorada, con el apoyo de la Gobernaci\u00f3n de Caldas y el Ministerio de Educaci\u00f3n Nacional.<\/p>\n<p>Esta articulaci\u00f3n inicia con oferta de programas t\u00e9cnicos profesionales en Saneamiento Ambiental, Formulaci\u00f3n e Implementaci\u00f3n de Proyectos Agropecuarios y Operaci\u00f3n de la Cadena Log\u00edstica, dando adem\u00e1s una proyecci\u00f3n de ciclos completos de formaci\u00f3n con los programas tecnol\u00f3gicos, de pregrado y hasta posgrado en la Sede Magdalena. En el evento los estudiantes de colegios recibieron su carnet de la Universidad de Caldas, que los acredita como universitarios.<\/p>\n<p>La Dorada adem\u00e1s hace parte de los seis municipios de Caldas que ya tiene aprobada por el Consejo Municipal, la estampilla Pro Universidad, que le permite tener un recaudo de recursos con destinaci\u00f3n espec\u00edfica el fortalecimiento de la educaci\u00f3n Superior en la regi\u00f3n.<\/p>\n<p>Adicional a esto en la tarde se llev\u00f3 a cabo la primera ceremonia de Grados en la Sede Magdalena Centro, donde recibieron su t\u00edtulo 21 j\u00f3venes en el pregrado Administraci\u00f3n Financiera y la Tecnolog\u00eda en Regencia de Farmacia. Actualmente est\u00e1n abiertas las inscripciones para el segundo semestre 2023.<\/p>\n<p>&nbsp;<\/p>\n<p><strong>Anexo:<\/strong><\/p>\n<p><strong><a href=\"https:\/\/www.ucaldas.edu.co\/portal\/wp-content\/uploads\/2023\/04\/Rector-Universidad-de-Caldas-Fabio-Hernando-Arias.mp3\">Audio Rector Universidad de Caldas, Fabio Hernando Arias<\/a><\/strong><\/p>\n<audio class=\"wp-audio-shortcode\" id=\"audio-75712-1\" preload=\"none\" style=\"width: 100%;\" controls=\"controls\"><source type=\"audio\/mpeg\" src=\"https:\/\/www.ucaldas.edu.co\/portal\/wp-content\/uploads\/2023\/04\/Rector-Universidad-de-Caldas-Fabio-Hernando-Arias.mp3?_=1\" \/><a href=\"https:\/\/www.ucaldas.edu.co\/portal\/wp-content\/uploads\/2023\/04\/Rector-Universidad-de-Caldas-Fabio-Hernando-Arias.mp3\">https:\/\/www.ucaldas.edu.co\/portal\/wp-content\/uploads\/2023\/04\/Rector-Universidad-de-Caldas-Fabio-Hernando-Arias.mp3<\/a><\/audio>\n<p>&nbsp;<\/p>\n<p><a href=\"https:\/\/www.ucaldas.edu.co\/portal\/wp-content\/uploads\/2023\/04\/Alcalde-La-Dorada-Cesar-Augusto-Alzate-Montes.mp3\"><strong>Audio Alcalde La Dorada, Cesar Augusto Alzate Montes<\/strong><\/a><\/p>\n<audio class=\"wp-audio-shortcode\" id=\"audio-75712-2\" preload=\"none\" style=\"width: 100%;\" controls=\"controls\"><source type=\"audio\/mpeg\" src=\"https:\/\/www.ucaldas.edu.co\/portal\/wp-content\/uploads\/2023\/04\/Alcalde-La-Dorada-Cesar-Augusto-Alzate-Montes.mp3?_=2\" \/><a href=\"https:\/\/www.ucaldas.edu.co\/portal\/wp-content\/uploads\/2023\/04\/Alcalde-La-Dorada-Cesar-Augusto-Alzate-Montes.mp3\">https:\/\/www.ucaldas.edu.co\/portal\/wp-content\/uploads\/2023\/04\/Alcalde-La-Dorada-Cesar-Augusto-Alzate-Montes.mp3<\/a><\/audio>\n<p>&nbsp;<\/p>\n<p><strong><a href=\"https:\/\/www.ucaldas.edu.co\/portal\/wp-content\/uploads\/2023\/04\/Estudiantes-I.E-Nuestra-Senora-del-Carmen-Estefania-Rodas.mp3\">Audio Estudiantes I.E Nuestra Se\u00f1ora del Carmen, Estefan\u00eda Rodas<\/a><\/strong><\/p>\n<audio class=\"wp-audio-shortcode\" id=\"audio-75712-3\" preload=\"none\" style=\"width: 100%;\" controls=\"controls\"><source type=\"audio\/mpeg\" src=\"https:\/\/www.ucaldas.edu.co\/portal\/wp-content\/uploads\/2023\/04\/Estudiantes-I.E-Nuestra-Senora-del-Carmen-Estefania-Rodas.mp3?_=3\" \/><a href=\"https:\/\/www.ucaldas.edu.co\/portal\/wp-content\/uploads\/2023\/04\/Estudiantes-I.E-Nuestra-Senora-del-Carmen-Estefania-Rodas.mp3\">https:\/\/www.ucaldas.edu.co\/portal\/wp-content\/uploads\/2023\/04\/Estudiantes-I.E-Nuestra-Senora-del-Carmen-Estefania-Rodas.mp3<\/a><\/audio>\n<p><strong><a href=\"https:\/\/www.ucaldas.edu.co\/portal\/wp-content\/uploads\/2023\/04\/Egresada-de-Administracion-Financiera-Brigitte-Patino.mp3\">Audio Egresada de Administraci\u00f3n Financiera, Brigitte Pati\u00f1o<\/a><\/strong><\/p>\n<audio class=\"wp-audio-shortcode\" id=\"audio-75712-4\" preload=\"none\" style=\"width: 100%;\" controls=\"controls\"><source type=\"audio\/mpeg\" src=\"https:\/\/www.ucaldas.edu.co\/portal\/wp-content\/uploads\/2023\/04\/Egresada-de-Administracion-Financiera-Brigitte-Patino.mp3?_=4\" \/><a href=\"https:\/\/www.ucaldas.edu.co\/portal\/wp-content\/uploads\/2023\/04\/Egresada-de-Administracion-Financiera-Brigitte-Patino.mp3\">https:\/\/www.ucaldas.edu.co\/portal\/wp-content\/uploads\/2023\/04\/Egresada-de-Administracion-Financiera-Brigitte-Patino.mp3<\/a><\/audio>\n","protected":false},"excerpt":{"rendered":"<p>La Universidad de Caldas y la Alcald\u00eda de La Dorada realizaron este viernes, en el Parque Sim\u00f3n Bol\u00edvar del puerto caldense, el lanzamiento de la estrategia \u201cLa Dorada Ciudad Universitaria\u201d y la apertura del Programa de Articulaci\u00f3n de Educaci\u00f3n Superior y media acad\u00e9mica.<\/p>\n","protected":false},"author":2,"featured_media":75721,"comment_status":"closed","ping_status":"open","sticky":false,"template":"","format":"standard","meta":{"footnotes":""},"categories":[48,53,600],"tags":[486],"class_list":["post-75712","post","type-post","status-publish","format-standard","has-post-thumbnail","hentry","category-actualidad","category-universidad-al-dia","category-ucaldas-regional","tag-la-dorada"],"yoast_head":"<!-- This site is optimized with the Yoast SEO plugin v27.4 - https:\/\/yoast.com\/product\/yoast-seo-wordpress\/ -->\n<title>Sede Magdalena Centro de la Universidad de Caldas convierte a La Dorada en ciudad universitaria .<\/title>\n<meta name=\"robots\" content=\"index, follow, max-snippet:-1, max-image-preview:large, max-video-preview:-1\" \/>\n<link rel=\"canonical\" href=\"https:\/\/www.ucaldas.edu.co\/portal\/la-dorada-ciudad-universitaria\/\" \/>\n<script type=\"application\/ld+json\" class=\"yoast-schema-graph\">{\"@context\":\"https:\\\/\\\/schema.org\",\"@graph\":[{\"@type\":\"Article\",\"@id\":\"https:\\\/\\\/www.ucaldas.edu.co\\\/portal\\\/la-dorada-ciudad-universitaria\\\/#article\",\"isPartOf\":{\"@id\":\"https:\\\/\\\/www.ucaldas.edu.co\\\/portal\\\/la-dorada-ciudad-universitaria\\\/\"},\"author\":{\"name\":\"ofiprensa\",\"@id\":\"https:\\\/\\\/www.ucaldas.edu.co\\\/portal\\\/#\\\/schema\\\/person\\\/a1b482e23449158b4bc319926c074fdf\"},\"headline\":\"Sede Magdalena Centro de la Universidad de Caldas convierte a La Dorada en ciudad universitaria\",\"datePublished\":\"2023-04-28T17:57:43+00:00\",\"dateModified\":\"2023-04-28T22:46:58+00:00\",\"mainEntityOfPage\":{\"@id\":\"https:\\\/\\\/www.ucaldas.edu.co\\\/portal\\\/la-dorada-ciudad-universitaria\\\/\"},\"wordCount\":531,\"publisher\":{\"@id\":\"https:\\\/\\\/www.ucaldas.edu.co\\\/portal\\\/#organization\"},\"image\":{\"@id\":\"https:\\\/\\\/www.ucaldas.edu.co\\\/portal\\\/la-dorada-ciudad-universitaria\\\/#primaryimage\"},\"thumbnailUrl\":\"https:\\\/\\\/www.ucaldas.edu.co\\\/portal\\\/wp-content\\\/uploads\\\/2023\\\/04\\\/dorada.jpg\",\"keywords\":[\"La Dorada\"],\"articleSection\":[\"Actualidad\",\"Universidad al D\u00eda\",\"UCaldas Regional\"],\"inLanguage\":\"es\"},{\"@type\":\"WebPage\",\"@id\":\"https:\\\/\\\/www.ucaldas.edu.co\\\/portal\\\/la-dorada-ciudad-universitaria\\\/\",\"url\":\"https:\\\/\\\/www.ucaldas.edu.co\\\/portal\\\/la-dorada-ciudad-universitaria\\\/\",\"name\":\"Sede Magdalena Centro de la Universidad de Caldas convierte a La Dorada en ciudad universitaria .\",\"isPartOf\":{\"@id\":\"https:\\\/\\\/www.ucaldas.edu.co\\\/portal\\\/#website\"},\"primaryImageOfPage\":{\"@id\":\"https:\\\/\\\/www.ucaldas.edu.co\\\/portal\\\/la-dorada-ciudad-universitaria\\\/#primaryimage\"},\"image\":{\"@id\":\"https:\\\/\\\/www.ucaldas.edu.co\\\/portal\\\/la-dorada-ciudad-universitaria\\\/#primaryimage\"},\"thumbnailUrl\":\"https:\\\/\\\/www.ucaldas.edu.co\\\/portal\\\/wp-content\\\/uploads\\\/2023\\\/04\\\/dorada.jpg\",\"datePublished\":\"2023-04-28T17:57:43+00:00\",\"dateModified\":\"2023-04-28T22:46:58+00:00\",\"breadcrumb\":{\"@id\":\"https:\\\/\\\/www.ucaldas.edu.co\\\/portal\\\/la-dorada-ciudad-universitaria\\\/#breadcrumb\"},\"inLanguage\":\"es\",\"potentialAction\":[{\"@type\":\"ReadAction\",\"target\":[\"https:\\\/\\\/www.ucaldas.edu.co\\\/portal\\\/la-dorada-ciudad-universitaria\\\/\"]}]},{\"@type\":\"ImageObject\",\"inLanguage\":\"es\",\"@id\":\"https:\\\/\\\/www.ucaldas.edu.co\\\/portal\\\/la-dorada-ciudad-universitaria\\\/#primaryimage\",\"url\":\"https:\\\/\\\/www.ucaldas.edu.co\\\/portal\\\/wp-content\\\/uploads\\\/2023\\\/04\\\/dorada.jpg\",\"contentUrl\":\"https:\\\/\\\/www.ucaldas.edu.co\\\/portal\\\/wp-content\\\/uploads\\\/2023\\\/04\\\/dorada.jpg\",\"width\":900,\"height\":510},{\"@type\":\"BreadcrumbList\",\"@id\":\"https:\\\/\\\/www.ucaldas.edu.co\\\/portal\\\/la-dorada-ciudad-universitaria\\\/#breadcrumb\",\"itemListElement\":[{\"@type\":\"ListItem\",\"position\":1,\"name\":\"Portada\",\"item\":\"https:\\\/\\\/www.ucaldas.edu.co\\\/portal\\\/\"},{\"@type\":\"ListItem\",\"position\":2,\"name\":\"Sede Magdalena Centro de la Universidad de Caldas convierte a La Dorada en ciudad universitaria\"}]},{\"@type\":\"WebSite\",\"@id\":\"https:\\\/\\\/www.ucaldas.edu.co\\\/portal\\\/#website\",\"url\":\"https:\\\/\\\/www.ucaldas.edu.co\\\/portal\\\/\",\"name\":\"Universidad de Caldas\",\"description\":\"\",\"publisher\":{\"@id\":\"https:\\\/\\\/www.ucaldas.edu.co\\\/portal\\\/#organization\"},\"alternateName\":\"U. de Caldas\",\"potentialAction\":[{\"@type\":\"SearchAction\",\"target\":{\"@type\":\"EntryPoint\",\"urlTemplate\":\"https:\\\/\\\/www.ucaldas.edu.co\\\/portal\\\/?s={search_term_string}\"},\"query-input\":{\"@type\":\"PropertyValueSpecification\",\"valueRequired\":true,\"valueName\":\"search_term_string\"}}],\"inLanguage\":\"es\"},{\"@type\":\"Organization\",\"@id\":\"https:\\\/\\\/www.ucaldas.edu.co\\\/portal\\\/#organization\",\"name\":\"Universidad de Caldas\",\"alternateName\":\"U. de Caldas\",\"url\":\"https:\\\/\\\/www.ucaldas.edu.co\\\/portal\\\/\",\"logo\":{\"@type\":\"ImageObject\",\"inLanguage\":\"es\",\"@id\":\"https:\\\/\\\/www.ucaldas.edu.co\\\/portal\\\/#\\\/schema\\\/logo\\\/image\\\/\",\"url\":\"https:\\\/\\\/www.ucaldas.edu.co\\\/portal\\\/wp-content\\\/uploads\\\/2023\\\/11\\\/Logo_horizontal_oscuroU-2023.png\",\"contentUrl\":\"https:\\\/\\\/www.ucaldas.edu.co\\\/portal\\\/wp-content\\\/uploads\\\/2023\\\/11\\\/Logo_horizontal_oscuroU-2023.png\",\"width\":263,\"height\":101,\"caption\":\"Universidad de Caldas\"},\"image\":{\"@id\":\"https:\\\/\\\/www.ucaldas.edu.co\\\/portal\\\/#\\\/schema\\\/logo\\\/image\\\/\"},\"sameAs\":[\"https:\\\/\\\/www.facebook.com\\\/udecaldas\",\"https:\\\/\\\/x.com\\\/udecaldas\",\"https:\\\/\\\/www.youtube.com\\\/universidadcaldas\",\"https:\\\/\\\/www.instagram.com\\\/udecaldas\\\/\"]},{\"@type\":\"Person\",\"@id\":\"https:\\\/\\\/www.ucaldas.edu.co\\\/portal\\\/#\\\/schema\\\/person\\\/a1b482e23449158b4bc319926c074fdf\",\"name\":\"ofiprensa\",\"image\":{\"@type\":\"ImageObject\",\"inLanguage\":\"es\",\"@id\":\"https:\\\/\\\/www.ucaldas.edu.co\\\/portal\\\/wp-content\\\/litespeed\\\/avatar\\\/09ea5085e600095a7a811142c6944527.jpg?ver=1776892805\",\"url\":\"https:\\\/\\\/www.ucaldas.edu.co\\\/portal\\\/wp-content\\\/litespeed\\\/avatar\\\/09ea5085e600095a7a811142c6944527.jpg?ver=1776892805\",\"contentUrl\":\"https:\\\/\\\/www.ucaldas.edu.co\\\/portal\\\/wp-content\\\/litespeed\\\/avatar\\\/09ea5085e600095a7a811142c6944527.jpg?ver=1776892805\",\"caption\":\"ofiprensa\"},\"url\":\"https:\\\/\\\/www.ucaldas.edu.co\\\/portal\\\/author\\\/ofiprensa\\\/\"}]}<\/script>\n<!-- \/ Yoast SEO plugin. -->","yoast_head_json":{"title":"Sede Magdalena Centro de la Universidad de Caldas convierte a La Dorada en ciudad universitaria .","robots":{"index":"index","follow":"follow","max-snippet":"max-snippet:-1","max-image-preview":"max-image-preview:large","max-video-preview":"max-video-preview:-1"},"canonical":"https:\/\/www.ucaldas.edu.co\/portal\/la-dorada-ciudad-universitaria\/","schema":{"@context":"https:\/\/schema.org","@graph":[{"@type":"Article","@id":"https:\/\/www.ucaldas.edu.co\/portal\/la-dorada-ciudad-universitaria\/#article","isPartOf":{"@id":"https:\/\/www.ucaldas.edu.co\/portal\/la-dorada-ciudad-universitaria\/"},"author":{"name":"ofiprensa","@id":"https:\/\/www.ucaldas.edu.co\/portal\/#\/schema\/person\/a1b482e23449158b4bc319926c074fdf"},"headline":"Sede Magdalena Centro de la Universidad de Caldas convierte a La Dorada en ciudad universitaria","datePublished":"2023-04-28T17:57:43+00:00","dateModified":"2023-04-28T22:46:58+00:00","mainEntityOfPage":{"@id":"https:\/\/www.ucaldas.edu.co\/portal\/la-dorada-ciudad-universitaria\/"},"wordCount":531,"publisher":{"@id":"https:\/\/www.ucaldas.edu.co\/portal\/#organization"},"image":{"@id":"https:\/\/www.ucaldas.edu.co\/portal\/la-dorada-ciudad-universitaria\/#primaryimage"},"thumbnailUrl":"https:\/\/www.ucaldas.edu.co\/portal\/wp-content\/uploads\/2023\/04\/dorada.jpg","keywords":["La Dorada"],"articleSection":["Actualidad","Universidad al D\u00eda","UCaldas Regional"],"inLanguage":"es"},{"@type":"WebPage","@id":"https:\/\/www.ucaldas.edu.co\/portal\/la-dorada-ciudad-universitaria\/","url":"https:\/\/www.ucaldas.edu.co\/portal\/la-dorada-ciudad-universitaria\/","name":"Sede Magdalena Centro de la Universidad de Caldas convierte a La Dorada en ciudad universitaria .","isPartOf":{"@id":"https:\/\/www.ucaldas.edu.co\/portal\/#website"},"primaryImageOfPage":{"@id":"https:\/\/www.ucaldas.edu.co\/portal\/la-dorada-ciudad-universitaria\/#primaryimage"},"image":{"@id":"https:\/\/www.ucaldas.edu.co\/portal\/la-dorada-ciudad-universitaria\/#primaryimage"},"thumbnailUrl":"https:\/\/www.ucaldas.edu.co\/portal\/wp-content\/uploads\/2023\/04\/dorada.jpg","datePublished":"2023-04-28T17:57:43+00:00","dateModified":"2023-04-28T22:46:58+00:00","breadcrumb":{"@id":"https:\/\/www.ucaldas.edu.co\/portal\/la-dorada-ciudad-universitaria\/#breadcrumb"},"inLanguage":"es","potentialAction":[{"@type":"ReadAction","target":["https:\/\/www.ucaldas.edu.co\/portal\/la-dorada-ciudad-universitaria\/"]}]},{"@type":"ImageObject","inLanguage":"es","@id":"https:\/\/www.ucaldas.edu.co\/portal\/la-dorada-ciudad-universitaria\/#primaryimage","url":"https:\/\/www.ucaldas.edu.co\/portal\/wp-content\/uploads\/2023\/04\/dorada.jpg","contentUrl":"https:\/\/www.ucaldas.edu.co\/portal\/wp-content\/uploads\/2023\/04\/dorada.jpg","width":900,"height":510},{"@type":"BreadcrumbList","@id":"https:\/\/www.ucaldas.edu.co\/portal\/la-dorada-ciudad-universitaria\/#breadcrumb","itemListElement":[{"@type":"ListItem","position":1,"name":"Portada","item":"https:\/\/www.ucaldas.edu.co\/portal\/"},{"@type":"ListItem","position":2,"name":"Sede Magdalena Centro de la Universidad de Caldas convierte a La Dorada en ciudad universitaria"}]},{"@type":"WebSite","@id":"https:\/\/www.ucaldas.edu.co\/portal\/#website","url":"https:\/\/www.ucaldas.edu.co\/portal\/","name":"Universidad de Caldas","description":"","publisher":{"@id":"https:\/\/www.ucaldas.edu.co\/portal\/#organization"},"alternateName":"U. de Caldas","potentialAction":[{"@type":"SearchAction","target":{"@type":"EntryPoint","urlTemplate":"https:\/\/www.ucaldas.edu.co\/portal\/?s={search_term_string}"},"query-input":{"@type":"PropertyValueSpecification","valueRequired":true,"valueName":"search_term_string"}}],"inLanguage":"es"},{"@type":"Organization","@id":"https:\/\/www.ucaldas.edu.co\/portal\/#organization","name":"Universidad de Caldas","alternateName":"U. de Caldas","url":"https:\/\/www.ucaldas.edu.co\/portal\/","logo":{"@type":"ImageObject","inLanguage":"es","@id":"https:\/\/www.ucaldas.edu.co\/portal\/#\/schema\/logo\/image\/","url":"https:\/\/www.ucaldas.edu.co\/portal\/wp-content\/uploads\/2023\/11\/Logo_horizontal_oscuroU-2023.png","contentUrl":"https:\/\/www.ucaldas.edu.co\/portal\/wp-content\/uploads\/2023\/11\/Logo_horizontal_oscuroU-2023.png","width":263,"height":101,"caption":"Universidad de Caldas"},"image":{"@id":"https:\/\/www.ucaldas.edu.co\/portal\/#\/schema\/logo\/image\/"},"sameAs":["https:\/\/www.facebook.com\/udecaldas","https:\/\/x.com\/udecaldas","https:\/\/www.youtube.com\/universidadcaldas","https:\/\/www.instagram.com\/udecaldas\/"]},{"@type":"Person","@id":"https:\/\/www.ucaldas.edu.co\/portal\/#\/schema\/person\/a1b482e23449158b4bc319926c074fdf","name":"ofiprensa","image":{"@type":"ImageObject","inLanguage":"es","@id":"https:\/\/www.ucaldas.edu.co\/portal\/wp-content\/litespeed\/avatar\/09ea5085e600095a7a811142c6944527.jpg?ver=1776892805","url":"https:\/\/www.ucaldas.edu.co\/portal\/wp-content\/litespeed\/avatar\/09ea5085e600095a7a811142c6944527.jpg?ver=1776892805","contentUrl":"https:\/\/www.ucaldas.edu.co\/portal\/wp-content\/litespeed\/avatar\/09ea5085e600095a7a811142c6944527.jpg?ver=1776892805","caption":"ofiprensa"},"url":"https:\/\/www.ucaldas.edu.co\/portal\/author\/ofiprensa\/"}]}},"_links":{"self":[{"href":"https:\/\/www.ucaldas.edu.co\/portal\/wp-json\/wp\/v2\/posts\/75712","targetHints":{"allow":["GET"]}}],"collection":[{"href":"https:\/\/www.ucaldas.edu.co\/portal\/wp-json\/wp\/v2\/posts"}],"about":[{"href":"https:\/\/www.ucaldas.edu.co\/portal\/wp-json\/wp\/v2\/types\/post"}],"author":[{"embeddable":true,"href":"https:\/\/www.ucaldas.edu.co\/portal\/wp-json\/wp\/v2\/users\/2"}],"replies":[{"embeddable":true,"href":"https:\/\/www.ucaldas.edu.co\/portal\/wp-json\/wp\/v2\/comments?post=75712"}],"version-history":[{"count":0,"href":"https:\/\/www.ucaldas.edu.co\/portal\/wp-json\/wp\/v2\/posts\/75712\/revisions"}],"wp:featuredmedia":[{"embeddable":true,"href":"https:\/\/www.ucaldas.edu.co\/portal\/wp-json\/wp\/v2\/media\/75721"}],"wp:attachment":[{"href":"https:\/\/www.ucaldas.edu.co\/portal\/wp-json\/wp\/v2\/media?parent=75712"}],"wp:term":[{"taxonomy":"category","embeddable":true,"href":"https:\/\/www.ucaldas.edu.co\/portal\/wp-json\/wp\/v2\/categories?post=75712"},{"taxonomy":"post_tag","embeddable":true,"href":"https:\/\/www.ucaldas.edu.co\/portal\/wp-json\/wp\/v2\/tags?post=75712"}],"curies":[{"name":"wp","href":"https:\/\/api.w.org\/{rel}","templated":true}]}}