{"id":75706,"date":"2023-04-28T14:05:35","date_gmt":"2023-04-28T14:05:35","guid":{"rendered":"https:\/\/www.ucaldas.edu.co\/portal\/?p=75706"},"modified":"2023-04-28T15:58:36","modified_gmt":"2023-04-28T15:58:36","slug":"foro-retos-y-tendencias-actuales-en-posgrados-e-internacionalizacion","status":"publish","type":"post","link":"https:\/\/www.ucaldas.edu.co\/portal\/foro-retos-y-tendencias-actuales-en-posgrados-e-internacionalizacion\/","title":{"rendered":"Foro \u201cRetos y tendencias actuales en posgrados e internacionalizaci\u00f3n\u201d"},"content":{"rendered":"<p><img loading=\"lazy\" decoding=\"async\" class=\"aligncenter size-full wp-image-75707\" src=\"https:\/\/www.ucaldas.edu.co\/portal\/wp-content\/uploads\/2023\/04\/foro.jpg\" alt=\"foro posgrados\" width=\"900\" height=\"510\" srcset=\"https:\/\/www.ucaldas.edu.co\/portal\/wp-content\/uploads\/2023\/04\/foro.jpg 900w, https:\/\/www.ucaldas.edu.co\/portal\/wp-content\/uploads\/2023\/04\/foro-300x170.jpg 300w, https:\/\/www.ucaldas.edu.co\/portal\/wp-content\/uploads\/2023\/04\/foro-768x435.jpg 768w\" sizes=\"auto, (max-width: 900px) 100vw, 900px\" \/><\/p>\n<p>El pr\u00f3ximo jueves 4 de mayo desde las 8:00 a.m. en el Centro Cultural Universitario Rogelio Salmona de la Universidad de Caldas, se llevar\u00e1 a cabo el Foro \u201cRetos y tendencias actuales en posgrados e internacionalizaci\u00f3n\u201d.<!--more--><\/p>\n<p>Este espacio tiene como prop\u00f3sito desarrollar un espacio de reflexi\u00f3n que permita consolidar procesos de evaluaci\u00f3n, actualizaci\u00f3n y transformaci\u00f3n de la formaci\u00f3n de los posgrados en el pa\u00eds a la luz de los retos y las tendencias actuales en posgrados e internacionalizaci\u00f3n.<\/p>\n<p>Este espacio hace parte de las estrategias dise\u00f1adas para potenciar los programas posgraduales en el pa\u00eds, buscando as\u00ed atender necesidades y retos de los posgrados en Colombia en temas como el valor de las matr\u00edculas, el impacto educativo en los territorios tanto a nivel nacional como internacional, y la necesidades de educaci\u00f3n en las regiones.<\/p>\n<p>Se tendr\u00e1n invitados nacionales e internacionales como Diana Carolina Granobles G\u00e1lvez, Coordinadora del Nodo Eje Cafetero de la Red Colombiana de Posgrados; Clara Beatriz Ocampo Dur\u00e1n, Directora de Vocaciones y Formaci\u00f3n de CTeI; Humberto Parga Herrera como representante de Ministerio de Educaci\u00f3n Nacional; Radu Ionescu representante del programa Horizonte Europa de cooperaci\u00f3n entre Europa y Am\u00e9rica Latina; entre otros.<\/p>\n<p>El evento estar\u00e1 dirigido a directores de posgrado, gestores, coordinadores y estudiantes de los programas de posgrados y a la comunidad acad\u00e9mica en general de las universidades aliadas de la Red Colombiana de Posgrados Nodo Eje Cafetero.<\/p>\n<p>Este espacio es organizado por la Red Colombiana de Posgrados, Universidad de Caldas, Universidad del Quind\u00edo, Fundaci\u00f3n Centro Internacional de Educaci\u00f3n y Desarrollo Humano CINDE, y la Universidad Cat\u00f3lica de Manizales.<\/p>\n<p>&nbsp;<\/p>\n<p><strong>Anexos:<\/strong><\/p>\n<p><a href=\"https:\/\/www.ucaldas.edu.co\/portal\/wp-content\/uploads\/2023\/04\/Audio-Vicerrector-de-Investigaciones-y-Posgrados-Hector-Fabio-Torres-Cardona.mp3\"><strong>Audio Vicerrector de Investigaciones y Posgrados &#8211; H\u00e9ctor Fabio Torres Cardona<\/strong><\/a><\/p>\n<audio class=\"wp-audio-shortcode\" id=\"audio-75706-1\" preload=\"none\" style=\"width: 100%;\" controls=\"controls\"><source type=\"audio\/mpeg\" src=\"https:\/\/www.ucaldas.edu.co\/portal\/wp-content\/uploads\/2023\/04\/Audio-Vicerrector-de-Investigaciones-y-Posgrados-Hector-Fabio-Torres-Cardona.mp3?_=1\" \/><a href=\"https:\/\/www.ucaldas.edu.co\/portal\/wp-content\/uploads\/2023\/04\/Audio-Vicerrector-de-Investigaciones-y-Posgrados-Hector-Fabio-Torres-Cardona.mp3\">https:\/\/www.ucaldas.edu.co\/portal\/wp-content\/uploads\/2023\/04\/Audio-Vicerrector-de-Investigaciones-y-Posgrados-Hector-Fabio-Torres-Cardona.mp3<\/a><\/audio>\n<p><strong><a href=\"https:\/\/www.ucaldas.edu.co\/portal\/wp-content\/uploads\/2023\/04\/Audio-Jefe-Oficina-de-Posgrados-Milton-Rosero-Moreano.mp3\">Audio Jefe Oficina de Posgrados &#8211; Milton Rosero Moreano<\/a><\/strong><\/p>\n<audio class=\"wp-audio-shortcode\" id=\"audio-75706-2\" preload=\"none\" style=\"width: 100%;\" controls=\"controls\"><source type=\"audio\/mpeg\" src=\"https:\/\/www.ucaldas.edu.co\/portal\/wp-content\/uploads\/2023\/04\/Audio-Jefe-Oficina-de-Posgrados-Milton-Rosero-Moreano.mp3?_=2\" \/><a href=\"https:\/\/www.ucaldas.edu.co\/portal\/wp-content\/uploads\/2023\/04\/Audio-Jefe-Oficina-de-Posgrados-Milton-Rosero-Moreano.mp3\">https:\/\/www.ucaldas.edu.co\/portal\/wp-content\/uploads\/2023\/04\/Audio-Jefe-Oficina-de-Posgrados-Milton-Rosero-Moreano.mp3<\/a><\/audio>\n","protected":false},"excerpt":{"rendered":"<p>El pr\u00f3ximo jueves 4 de mayo desde las 8:00 a.m. en el Centro Cultural Universitario Rogelio Salmona de la Universidad de Caldas, se llevar\u00e1 a cabo el Foro \u201cRetos y tendencias actuales en posgrados e internacionalizaci\u00f3n\u201d.<\/p>\n","protected":false},"author":2,"featured_media":75707,"comment_status":"closed","ping_status":"open","sticky":false,"template":"","format":"standard","meta":{"footnotes":""},"categories":[48,53,614],"tags":[9682],"class_list":["post-75706","post","type-post","status-publish","format-standard","has-post-thumbnail","hentry","category-actualidad","category-universidad-al-dia","category-ucaldas-internacional","tag-foro-posgrados"],"yoast_head":"<!-- This site is optimized with the Yoast SEO plugin v27.4 - https:\/\/yoast.com\/product\/yoast-seo-wordpress\/ -->\n<title>Foro \u201cRetos y tendencias actuales en posgrados e internacionalizaci\u00f3n\u201d .<\/title>\n<meta name=\"robots\" content=\"index, follow, max-snippet:-1, max-image-preview:large, max-video-preview:-1\" \/>\n<link rel=\"canonical\" href=\"https:\/\/www.ucaldas.edu.co\/portal\/foro-retos-y-tendencias-actuales-en-posgrados-e-internacionalizacion\/\" \/>\n<script type=\"application\/ld+json\" class=\"yoast-schema-graph\">{\"@context\":\"https:\\\/\\\/schema.org\",\"@graph\":[{\"@type\":\"Article\",\"@id\":\"https:\\\/\\\/www.ucaldas.edu.co\\\/portal\\\/foro-retos-y-tendencias-actuales-en-posgrados-e-internacionalizacion\\\/#article\",\"isPartOf\":{\"@id\":\"https:\\\/\\\/www.ucaldas.edu.co\\\/portal\\\/foro-retos-y-tendencias-actuales-en-posgrados-e-internacionalizacion\\\/\"},\"author\":{\"name\":\"ofiprensa\",\"@id\":\"https:\\\/\\\/www.ucaldas.edu.co\\\/portal\\\/#\\\/schema\\\/person\\\/a1b482e23449158b4bc319926c074fdf\"},\"headline\":\"Foro \u201cRetos y tendencias actuales en posgrados e internacionalizaci\u00f3n\u201d\",\"datePublished\":\"2023-04-28T14:05:35+00:00\",\"dateModified\":\"2023-04-28T15:58:36+00:00\",\"mainEntityOfPage\":{\"@id\":\"https:\\\/\\\/www.ucaldas.edu.co\\\/portal\\\/foro-retos-y-tendencias-actuales-en-posgrados-e-internacionalizacion\\\/\"},\"wordCount\":344,\"publisher\":{\"@id\":\"https:\\\/\\\/www.ucaldas.edu.co\\\/portal\\\/#organization\"},\"image\":{\"@id\":\"https:\\\/\\\/www.ucaldas.edu.co\\\/portal\\\/foro-retos-y-tendencias-actuales-en-posgrados-e-internacionalizacion\\\/#primaryimage\"},\"thumbnailUrl\":\"https:\\\/\\\/www.ucaldas.edu.co\\\/portal\\\/wp-content\\\/uploads\\\/2023\\\/04\\\/foro.jpg\",\"keywords\":[\"Foro posgrados\"],\"articleSection\":[\"Actualidad\",\"Universidad al D\u00eda\",\"Ucaldas Internacional\"],\"inLanguage\":\"es\"},{\"@type\":\"WebPage\",\"@id\":\"https:\\\/\\\/www.ucaldas.edu.co\\\/portal\\\/foro-retos-y-tendencias-actuales-en-posgrados-e-internacionalizacion\\\/\",\"url\":\"https:\\\/\\\/www.ucaldas.edu.co\\\/portal\\\/foro-retos-y-tendencias-actuales-en-posgrados-e-internacionalizacion\\\/\",\"name\":\"Foro \u201cRetos y tendencias actuales en posgrados e internacionalizaci\u00f3n\u201d .\",\"isPartOf\":{\"@id\":\"https:\\\/\\\/www.ucaldas.edu.co\\\/portal\\\/#website\"},\"primaryImageOfPage\":{\"@id\":\"https:\\\/\\\/www.ucaldas.edu.co\\\/portal\\\/foro-retos-y-tendencias-actuales-en-posgrados-e-internacionalizacion\\\/#primaryimage\"},\"image\":{\"@id\":\"https:\\\/\\\/www.ucaldas.edu.co\\\/portal\\\/foro-retos-y-tendencias-actuales-en-posgrados-e-internacionalizacion\\\/#primaryimage\"},\"thumbnailUrl\":\"https:\\\/\\\/www.ucaldas.edu.co\\\/portal\\\/wp-content\\\/uploads\\\/2023\\\/04\\\/foro.jpg\",\"datePublished\":\"2023-04-28T14:05:35+00:00\",\"dateModified\":\"2023-04-28T15:58:36+00:00\",\"breadcrumb\":{\"@id\":\"https:\\\/\\\/www.ucaldas.edu.co\\\/portal\\\/foro-retos-y-tendencias-actuales-en-posgrados-e-internacionalizacion\\\/#breadcrumb\"},\"inLanguage\":\"es\",\"potentialAction\":[{\"@type\":\"ReadAction\",\"target\":[\"https:\\\/\\\/www.ucaldas.edu.co\\\/portal\\\/foro-retos-y-tendencias-actuales-en-posgrados-e-internacionalizacion\\\/\"]}]},{\"@type\":\"ImageObject\",\"inLanguage\":\"es\",\"@id\":\"https:\\\/\\\/www.ucaldas.edu.co\\\/portal\\\/foro-retos-y-tendencias-actuales-en-posgrados-e-internacionalizacion\\\/#primaryimage\",\"url\":\"https:\\\/\\\/www.ucaldas.edu.co\\\/portal\\\/wp-content\\\/uploads\\\/2023\\\/04\\\/foro.jpg\",\"contentUrl\":\"https:\\\/\\\/www.ucaldas.edu.co\\\/portal\\\/wp-content\\\/uploads\\\/2023\\\/04\\\/foro.jpg\",\"width\":900,\"height\":510,\"caption\":\"foro posgrados\"},{\"@type\":\"BreadcrumbList\",\"@id\":\"https:\\\/\\\/www.ucaldas.edu.co\\\/portal\\\/foro-retos-y-tendencias-actuales-en-posgrados-e-internacionalizacion\\\/#breadcrumb\",\"itemListElement\":[{\"@type\":\"ListItem\",\"position\":1,\"name\":\"Portada\",\"item\":\"https:\\\/\\\/www.ucaldas.edu.co\\\/portal\\\/\"},{\"@type\":\"ListItem\",\"position\":2,\"name\":\"Foro \u201cRetos y tendencias actuales en posgrados e internacionalizaci\u00f3n\u201d\"}]},{\"@type\":\"WebSite\",\"@id\":\"https:\\\/\\\/www.ucaldas.edu.co\\\/portal\\\/#website\",\"url\":\"https:\\\/\\\/www.ucaldas.edu.co\\\/portal\\\/\",\"name\":\"Universidad de Caldas\",\"description\":\"\",\"publisher\":{\"@id\":\"https:\\\/\\\/www.ucaldas.edu.co\\\/portal\\\/#organization\"},\"alternateName\":\"U. de Caldas\",\"potentialAction\":[{\"@type\":\"SearchAction\",\"target\":{\"@type\":\"EntryPoint\",\"urlTemplate\":\"https:\\\/\\\/www.ucaldas.edu.co\\\/portal\\\/?s={search_term_string}\"},\"query-input\":{\"@type\":\"PropertyValueSpecification\",\"valueRequired\":true,\"valueName\":\"search_term_string\"}}],\"inLanguage\":\"es\"},{\"@type\":\"Organization\",\"@id\":\"https:\\\/\\\/www.ucaldas.edu.co\\\/portal\\\/#organization\",\"name\":\"Universidad de Caldas\",\"alternateName\":\"U. de Caldas\",\"url\":\"https:\\\/\\\/www.ucaldas.edu.co\\\/portal\\\/\",\"logo\":{\"@type\":\"ImageObject\",\"inLanguage\":\"es\",\"@id\":\"https:\\\/\\\/www.ucaldas.edu.co\\\/portal\\\/#\\\/schema\\\/logo\\\/image\\\/\",\"url\":\"https:\\\/\\\/www.ucaldas.edu.co\\\/portal\\\/wp-content\\\/uploads\\\/2023\\\/11\\\/Logo_horizontal_oscuroU-2023.png\",\"contentUrl\":\"https:\\\/\\\/www.ucaldas.edu.co\\\/portal\\\/wp-content\\\/uploads\\\/2023\\\/11\\\/Logo_horizontal_oscuroU-2023.png\",\"width\":263,\"height\":101,\"caption\":\"Universidad de Caldas\"},\"image\":{\"@id\":\"https:\\\/\\\/www.ucaldas.edu.co\\\/portal\\\/#\\\/schema\\\/logo\\\/image\\\/\"},\"sameAs\":[\"https:\\\/\\\/www.facebook.com\\\/udecaldas\",\"https:\\\/\\\/x.com\\\/udecaldas\",\"https:\\\/\\\/www.youtube.com\\\/universidadcaldas\",\"https:\\\/\\\/www.instagram.com\\\/udecaldas\\\/\"]},{\"@type\":\"Person\",\"@id\":\"https:\\\/\\\/www.ucaldas.edu.co\\\/portal\\\/#\\\/schema\\\/person\\\/a1b482e23449158b4bc319926c074fdf\",\"name\":\"ofiprensa\",\"image\":{\"@type\":\"ImageObject\",\"inLanguage\":\"es\",\"@id\":\"https:\\\/\\\/www.ucaldas.edu.co\\\/portal\\\/wp-content\\\/litespeed\\\/avatar\\\/09ea5085e600095a7a811142c6944527.jpg?ver=1776892805\",\"url\":\"https:\\\/\\\/www.ucaldas.edu.co\\\/portal\\\/wp-content\\\/litespeed\\\/avatar\\\/09ea5085e600095a7a811142c6944527.jpg?ver=1776892805\",\"contentUrl\":\"https:\\\/\\\/www.ucaldas.edu.co\\\/portal\\\/wp-content\\\/litespeed\\\/avatar\\\/09ea5085e600095a7a811142c6944527.jpg?ver=1776892805\",\"caption\":\"ofiprensa\"},\"url\":\"https:\\\/\\\/www.ucaldas.edu.co\\\/portal\\\/author\\\/ofiprensa\\\/\"}]}<\/script>\n<!-- \/ Yoast SEO plugin. -->","yoast_head_json":{"title":"Foro \u201cRetos y tendencias actuales en posgrados e internacionalizaci\u00f3n\u201d .","robots":{"index":"index","follow":"follow","max-snippet":"max-snippet:-1","max-image-preview":"max-image-preview:large","max-video-preview":"max-video-preview:-1"},"canonical":"https:\/\/www.ucaldas.edu.co\/portal\/foro-retos-y-tendencias-actuales-en-posgrados-e-internacionalizacion\/","schema":{"@context":"https:\/\/schema.org","@graph":[{"@type":"Article","@id":"https:\/\/www.ucaldas.edu.co\/portal\/foro-retos-y-tendencias-actuales-en-posgrados-e-internacionalizacion\/#article","isPartOf":{"@id":"https:\/\/www.ucaldas.edu.co\/portal\/foro-retos-y-tendencias-actuales-en-posgrados-e-internacionalizacion\/"},"author":{"name":"ofiprensa","@id":"https:\/\/www.ucaldas.edu.co\/portal\/#\/schema\/person\/a1b482e23449158b4bc319926c074fdf"},"headline":"Foro \u201cRetos y tendencias actuales en posgrados e internacionalizaci\u00f3n\u201d","datePublished":"2023-04-28T14:05:35+00:00","dateModified":"2023-04-28T15:58:36+00:00","mainEntityOfPage":{"@id":"https:\/\/www.ucaldas.edu.co\/portal\/foro-retos-y-tendencias-actuales-en-posgrados-e-internacionalizacion\/"},"wordCount":344,"publisher":{"@id":"https:\/\/www.ucaldas.edu.co\/portal\/#organization"},"image":{"@id":"https:\/\/www.ucaldas.edu.co\/portal\/foro-retos-y-tendencias-actuales-en-posgrados-e-internacionalizacion\/#primaryimage"},"thumbnailUrl":"https:\/\/www.ucaldas.edu.co\/portal\/wp-content\/uploads\/2023\/04\/foro.jpg","keywords":["Foro posgrados"],"articleSection":["Actualidad","Universidad al D\u00eda","Ucaldas Internacional"],"inLanguage":"es"},{"@type":"WebPage","@id":"https:\/\/www.ucaldas.edu.co\/portal\/foro-retos-y-tendencias-actuales-en-posgrados-e-internacionalizacion\/","url":"https:\/\/www.ucaldas.edu.co\/portal\/foro-retos-y-tendencias-actuales-en-posgrados-e-internacionalizacion\/","name":"Foro \u201cRetos y tendencias actuales en posgrados e internacionalizaci\u00f3n\u201d .","isPartOf":{"@id":"https:\/\/www.ucaldas.edu.co\/portal\/#website"},"primaryImageOfPage":{"@id":"https:\/\/www.ucaldas.edu.co\/portal\/foro-retos-y-tendencias-actuales-en-posgrados-e-internacionalizacion\/#primaryimage"},"image":{"@id":"https:\/\/www.ucaldas.edu.co\/portal\/foro-retos-y-tendencias-actuales-en-posgrados-e-internacionalizacion\/#primaryimage"},"thumbnailUrl":"https:\/\/www.ucaldas.edu.co\/portal\/wp-content\/uploads\/2023\/04\/foro.jpg","datePublished":"2023-04-28T14:05:35+00:00","dateModified":"2023-04-28T15:58:36+00:00","breadcrumb":{"@id":"https:\/\/www.ucaldas.edu.co\/portal\/foro-retos-y-tendencias-actuales-en-posgrados-e-internacionalizacion\/#breadcrumb"},"inLanguage":"es","potentialAction":[{"@type":"ReadAction","target":["https:\/\/www.ucaldas.edu.co\/portal\/foro-retos-y-tendencias-actuales-en-posgrados-e-internacionalizacion\/"]}]},{"@type":"ImageObject","inLanguage":"es","@id":"https:\/\/www.ucaldas.edu.co\/portal\/foro-retos-y-tendencias-actuales-en-posgrados-e-internacionalizacion\/#primaryimage","url":"https:\/\/www.ucaldas.edu.co\/portal\/wp-content\/uploads\/2023\/04\/foro.jpg","contentUrl":"https:\/\/www.ucaldas.edu.co\/portal\/wp-content\/uploads\/2023\/04\/foro.jpg","width":900,"height":510,"caption":"foro posgrados"},{"@type":"BreadcrumbList","@id":"https:\/\/www.ucaldas.edu.co\/portal\/foro-retos-y-tendencias-actuales-en-posgrados-e-internacionalizacion\/#breadcrumb","itemListElement":[{"@type":"ListItem","position":1,"name":"Portada","item":"https:\/\/www.ucaldas.edu.co\/portal\/"},{"@type":"ListItem","position":2,"name":"Foro \u201cRetos y tendencias actuales en posgrados e internacionalizaci\u00f3n\u201d"}]},{"@type":"WebSite","@id":"https:\/\/www.ucaldas.edu.co\/portal\/#website","url":"https:\/\/www.ucaldas.edu.co\/portal\/","name":"Universidad de Caldas","description":"","publisher":{"@id":"https:\/\/www.ucaldas.edu.co\/portal\/#organization"},"alternateName":"U. de Caldas","potentialAction":[{"@type":"SearchAction","target":{"@type":"EntryPoint","urlTemplate":"https:\/\/www.ucaldas.edu.co\/portal\/?s={search_term_string}"},"query-input":{"@type":"PropertyValueSpecification","valueRequired":true,"valueName":"search_term_string"}}],"inLanguage":"es"},{"@type":"Organization","@id":"https:\/\/www.ucaldas.edu.co\/portal\/#organization","name":"Universidad de Caldas","alternateName":"U. de Caldas","url":"https:\/\/www.ucaldas.edu.co\/portal\/","logo":{"@type":"ImageObject","inLanguage":"es","@id":"https:\/\/www.ucaldas.edu.co\/portal\/#\/schema\/logo\/image\/","url":"https:\/\/www.ucaldas.edu.co\/portal\/wp-content\/uploads\/2023\/11\/Logo_horizontal_oscuroU-2023.png","contentUrl":"https:\/\/www.ucaldas.edu.co\/portal\/wp-content\/uploads\/2023\/11\/Logo_horizontal_oscuroU-2023.png","width":263,"height":101,"caption":"Universidad de Caldas"},"image":{"@id":"https:\/\/www.ucaldas.edu.co\/portal\/#\/schema\/logo\/image\/"},"sameAs":["https:\/\/www.facebook.com\/udecaldas","https:\/\/x.com\/udecaldas","https:\/\/www.youtube.com\/universidadcaldas","https:\/\/www.instagram.com\/udecaldas\/"]},{"@type":"Person","@id":"https:\/\/www.ucaldas.edu.co\/portal\/#\/schema\/person\/a1b482e23449158b4bc319926c074fdf","name":"ofiprensa","image":{"@type":"ImageObject","inLanguage":"es","@id":"https:\/\/www.ucaldas.edu.co\/portal\/wp-content\/litespeed\/avatar\/09ea5085e600095a7a811142c6944527.jpg?ver=1776892805","url":"https:\/\/www.ucaldas.edu.co\/portal\/wp-content\/litespeed\/avatar\/09ea5085e600095a7a811142c6944527.jpg?ver=1776892805","contentUrl":"https:\/\/www.ucaldas.edu.co\/portal\/wp-content\/litespeed\/avatar\/09ea5085e600095a7a811142c6944527.jpg?ver=1776892805","caption":"ofiprensa"},"url":"https:\/\/www.ucaldas.edu.co\/portal\/author\/ofiprensa\/"}]}},"_links":{"self":[{"href":"https:\/\/www.ucaldas.edu.co\/portal\/wp-json\/wp\/v2\/posts\/75706","targetHints":{"allow":["GET"]}}],"collection":[{"href":"https:\/\/www.ucaldas.edu.co\/portal\/wp-json\/wp\/v2\/posts"}],"about":[{"href":"https:\/\/www.ucaldas.edu.co\/portal\/wp-json\/wp\/v2\/types\/post"}],"author":[{"embeddable":true,"href":"https:\/\/www.ucaldas.edu.co\/portal\/wp-json\/wp\/v2\/users\/2"}],"replies":[{"embeddable":true,"href":"https:\/\/www.ucaldas.edu.co\/portal\/wp-json\/wp\/v2\/comments?post=75706"}],"version-history":[{"count":0,"href":"https:\/\/www.ucaldas.edu.co\/portal\/wp-json\/wp\/v2\/posts\/75706\/revisions"}],"wp:featuredmedia":[{"embeddable":true,"href":"https:\/\/www.ucaldas.edu.co\/portal\/wp-json\/wp\/v2\/media\/75707"}],"wp:attachment":[{"href":"https:\/\/www.ucaldas.edu.co\/portal\/wp-json\/wp\/v2\/media?parent=75706"}],"wp:term":[{"taxonomy":"category","embeddable":true,"href":"https:\/\/www.ucaldas.edu.co\/portal\/wp-json\/wp\/v2\/categories?post=75706"},{"taxonomy":"post_tag","embeddable":true,"href":"https:\/\/www.ucaldas.edu.co\/portal\/wp-json\/wp\/v2\/tags?post=75706"}],"curies":[{"name":"wp","href":"https:\/\/api.w.org\/{rel}","templated":true}]}}