{"id":75696,"date":"2023-04-28T13:56:26","date_gmt":"2023-04-28T13:56:26","guid":{"rendered":"https:\/\/www.ucaldas.edu.co\/portal\/?p=75696"},"modified":"2023-04-28T13:56:26","modified_gmt":"2023-04-28T13:56:26","slug":"inscripciones-a-la-quinta-cohorte-del-diplomado-valorizacion-territorial-y-gestion-de-activos-bioculturales","status":"publish","type":"post","link":"https:\/\/www.ucaldas.edu.co\/portal\/inscripciones-a-la-quinta-cohorte-del-diplomado-valorizacion-territorial-y-gestion-de-activos-bioculturales\/","title":{"rendered":"Inscripciones a la quinta cohorte del Diplomado Valorizaci\u00f3n Territorial y Gesti\u00f3n de Activos Bioculturales"},"content":{"rendered":"<p><img loading=\"lazy\" decoding=\"async\" class=\"aligncenter size-full wp-image-75697\" src=\"https:\/\/www.ucaldas.edu.co\/portal\/wp-content\/uploads\/2023\/04\/diplomado.jpg\" alt=\"valorizaci\u00f3n territorial\" width=\"900\" height=\"510\" srcset=\"https:\/\/www.ucaldas.edu.co\/portal\/wp-content\/uploads\/2023\/04\/diplomado.jpg 900w, https:\/\/www.ucaldas.edu.co\/portal\/wp-content\/uploads\/2023\/04\/diplomado-300x170.jpg 300w, https:\/\/www.ucaldas.edu.co\/portal\/wp-content\/uploads\/2023\/04\/diplomado-768x435.jpg 768w\" sizes=\"auto, (max-width: 900px) 100vw, 900px\" \/><\/p>\n<p>Se encuentra abierta la convocatoria para ser parte de la quinta cohorte del Diplomado Valorizaci\u00f3n Territorial y Gesti\u00f3n de Activos Bioculturales, dirigido a actores estrat\u00e9gicos territoriales o institucionales del Magdalena y occidente Caldense; y a estudiantes de la Maestr\u00eda en Sistemas de Producci\u00f3n Agropecuaria y de pregrados de la Facultad de Ciencias Agropecuarias de la Universidad de Caldas.<!--more--><\/p>\n<p>Este diplomado es el resultado de la participaci\u00f3n de la Universidad de Caldas en el proyecto SUS-TER \u201cRed de conocimiento, habilidades y competencias para una valorizaci\u00f3n territorial inclusiva del patrimonio cultural, los productos de origen y la biodiversidad\u201d, cuyo prop\u00f3sito fue desarrollar los conocimientos, habilidades y competencias necesarias para impulsar y gestionar procesos sostenibles e inclusivos de valorizaci\u00f3n territorial del patrimonio cultural, los productos de origen y la biodiversidad de las \u00e1reas rurales.<\/p>\n<p>El diplomado contar\u00e1 con 14 cupos distribuidos de la siguiente manera:<\/p>\n<ul>\n<li>14 estudiantes de la Universidad de Caldas (50% de la Maestr\u00eda en Sistemas de Producci\u00f3n Agropecuaria y 50% de pregrados de la Facultad de Ciencias Agropecuarias).<\/li>\n<li>8 actores territoriales, prioritariamente del Magdalena Caldense y del occidente de Caldas.<\/li>\n<\/ul>\n<p>El proceso de selecci\u00f3n considerar\u00e1 la documentaci\u00f3n aportada por los\/las aspirantes, y en caso de ser necesario se realizar\u00e1 una entrevista personal a quienes hayan alcanzado los puntajes m\u00e1s altos en la valoraci\u00f3n documental. Se valorar\u00e1n las razones presentadas en la carta de motivaci\u00f3n por el aspirante para tomar el curso de valorizaci\u00f3n territorial y gesti\u00f3n de activos bioculturales, as\u00ed como la forma en la que el aspirante proyecta aplicar el nuevo conocimiento adquirido.<\/p>\n<p>Los interesados podr\u00e1n inscribirse hasta el lunes 8 de mayo.<\/p>\n<p>Cabe resaltar que los costos del Diplomado ser\u00e1n cubiertos por la Maestr\u00eda en Sistemas de Producci\u00f3n Agropecuaria de la Facultad de Ciencias agropecuarias de la Universidad de Caldas.<\/p>\n<p><strong><a href=\"https:\/\/www.ucaldas.edu.co\/portal\/wp-content\/uploads\/2023\/04\/Convocatoria-V-Diplomado-Valorizacion-Activos-Territoriales.pdf\">Convocatoria completa e inscripciones aqu\u00ed.\u00a0<\/a><\/strong><\/p>\n","protected":false},"excerpt":{"rendered":"<p>Se encuentra abierta la convocatoria para ser parte de la quinta cohorte del Diplomado Valorizaci\u00f3n Territorial y Gesti\u00f3n de Activos Bioculturales, dirigido a actores estrat\u00e9gicos territoriales o institucionales del Magdalena y occidente Caldense; y a estudiantes de la Maestr\u00eda en Sistemas de Producci\u00f3n Agropecuaria y de pregrados de la Facultad de Ciencias Agropecuarias de la [&hellip;]<\/p>\n","protected":false},"author":2,"featured_media":75697,"comment_status":"closed","ping_status":"open","sticky":false,"template":"","format":"standard","meta":{"footnotes":""},"categories":[53,600,48],"tags":[395],"class_list":["post-75696","post","type-post","status-publish","format-standard","has-post-thumbnail","hentry","category-universidad-al-dia","category-ucaldas-regional","category-actualidad","tag-diplomado"],"yoast_head":"<!-- This site is optimized with the Yoast SEO plugin v27.4 - https:\/\/yoast.com\/product\/yoast-seo-wordpress\/ -->\n<title>Inscripciones a la quinta cohorte del Diplomado Valorizaci\u00f3n Territorial y Gesti\u00f3n de Activos Bioculturales .<\/title>\n<meta name=\"robots\" content=\"index, follow, max-snippet:-1, max-image-preview:large, max-video-preview:-1\" \/>\n<link rel=\"canonical\" href=\"https:\/\/www.ucaldas.edu.co\/portal\/inscripciones-a-la-quinta-cohorte-del-diplomado-valorizacion-territorial-y-gestion-de-activos-bioculturales\/\" \/>\n<script type=\"application\/ld+json\" class=\"yoast-schema-graph\">{\"@context\":\"https:\\\/\\\/schema.org\",\"@graph\":[{\"@type\":\"Article\",\"@id\":\"https:\\\/\\\/www.ucaldas.edu.co\\\/portal\\\/inscripciones-a-la-quinta-cohorte-del-diplomado-valorizacion-territorial-y-gestion-de-activos-bioculturales\\\/#article\",\"isPartOf\":{\"@id\":\"https:\\\/\\\/www.ucaldas.edu.co\\\/portal\\\/inscripciones-a-la-quinta-cohorte-del-diplomado-valorizacion-territorial-y-gestion-de-activos-bioculturales\\\/\"},\"author\":{\"name\":\"ofiprensa\",\"@id\":\"https:\\\/\\\/www.ucaldas.edu.co\\\/portal\\\/#\\\/schema\\\/person\\\/a1b482e23449158b4bc319926c074fdf\"},\"headline\":\"Inscripciones a la quinta cohorte del Diplomado Valorizaci\u00f3n Territorial y Gesti\u00f3n de Activos Bioculturales\",\"datePublished\":\"2023-04-28T13:56:26+00:00\",\"mainEntityOfPage\":{\"@id\":\"https:\\\/\\\/www.ucaldas.edu.co\\\/portal\\\/inscripciones-a-la-quinta-cohorte-del-diplomado-valorizacion-territorial-y-gestion-de-activos-bioculturales\\\/\"},\"wordCount\":331,\"publisher\":{\"@id\":\"https:\\\/\\\/www.ucaldas.edu.co\\\/portal\\\/#organization\"},\"image\":{\"@id\":\"https:\\\/\\\/www.ucaldas.edu.co\\\/portal\\\/inscripciones-a-la-quinta-cohorte-del-diplomado-valorizacion-territorial-y-gestion-de-activos-bioculturales\\\/#primaryimage\"},\"thumbnailUrl\":\"https:\\\/\\\/www.ucaldas.edu.co\\\/portal\\\/wp-content\\\/uploads\\\/2023\\\/04\\\/diplomado.jpg\",\"keywords\":[\"diplomado\"],\"articleSection\":[\"Universidad al D\u00eda\",\"UCaldas Regional\",\"Actualidad\"],\"inLanguage\":\"es\"},{\"@type\":\"WebPage\",\"@id\":\"https:\\\/\\\/www.ucaldas.edu.co\\\/portal\\\/inscripciones-a-la-quinta-cohorte-del-diplomado-valorizacion-territorial-y-gestion-de-activos-bioculturales\\\/\",\"url\":\"https:\\\/\\\/www.ucaldas.edu.co\\\/portal\\\/inscripciones-a-la-quinta-cohorte-del-diplomado-valorizacion-territorial-y-gestion-de-activos-bioculturales\\\/\",\"name\":\"Inscripciones a la quinta cohorte del Diplomado Valorizaci\u00f3n Territorial y Gesti\u00f3n de Activos Bioculturales .\",\"isPartOf\":{\"@id\":\"https:\\\/\\\/www.ucaldas.edu.co\\\/portal\\\/#website\"},\"primaryImageOfPage\":{\"@id\":\"https:\\\/\\\/www.ucaldas.edu.co\\\/portal\\\/inscripciones-a-la-quinta-cohorte-del-diplomado-valorizacion-territorial-y-gestion-de-activos-bioculturales\\\/#primaryimage\"},\"image\":{\"@id\":\"https:\\\/\\\/www.ucaldas.edu.co\\\/portal\\\/inscripciones-a-la-quinta-cohorte-del-diplomado-valorizacion-territorial-y-gestion-de-activos-bioculturales\\\/#primaryimage\"},\"thumbnailUrl\":\"https:\\\/\\\/www.ucaldas.edu.co\\\/portal\\\/wp-content\\\/uploads\\\/2023\\\/04\\\/diplomado.jpg\",\"datePublished\":\"2023-04-28T13:56:26+00:00\",\"breadcrumb\":{\"@id\":\"https:\\\/\\\/www.ucaldas.edu.co\\\/portal\\\/inscripciones-a-la-quinta-cohorte-del-diplomado-valorizacion-territorial-y-gestion-de-activos-bioculturales\\\/#breadcrumb\"},\"inLanguage\":\"es\",\"potentialAction\":[{\"@type\":\"ReadAction\",\"target\":[\"https:\\\/\\\/www.ucaldas.edu.co\\\/portal\\\/inscripciones-a-la-quinta-cohorte-del-diplomado-valorizacion-territorial-y-gestion-de-activos-bioculturales\\\/\"]}]},{\"@type\":\"ImageObject\",\"inLanguage\":\"es\",\"@id\":\"https:\\\/\\\/www.ucaldas.edu.co\\\/portal\\\/inscripciones-a-la-quinta-cohorte-del-diplomado-valorizacion-territorial-y-gestion-de-activos-bioculturales\\\/#primaryimage\",\"url\":\"https:\\\/\\\/www.ucaldas.edu.co\\\/portal\\\/wp-content\\\/uploads\\\/2023\\\/04\\\/diplomado.jpg\",\"contentUrl\":\"https:\\\/\\\/www.ucaldas.edu.co\\\/portal\\\/wp-content\\\/uploads\\\/2023\\\/04\\\/diplomado.jpg\",\"width\":900,\"height\":510,\"caption\":\"valorizaci\u00f3n territorial\"},{\"@type\":\"BreadcrumbList\",\"@id\":\"https:\\\/\\\/www.ucaldas.edu.co\\\/portal\\\/inscripciones-a-la-quinta-cohorte-del-diplomado-valorizacion-territorial-y-gestion-de-activos-bioculturales\\\/#breadcrumb\",\"itemListElement\":[{\"@type\":\"ListItem\",\"position\":1,\"name\":\"Portada\",\"item\":\"https:\\\/\\\/www.ucaldas.edu.co\\\/portal\\\/\"},{\"@type\":\"ListItem\",\"position\":2,\"name\":\"Inscripciones a la quinta cohorte del Diplomado Valorizaci\u00f3n Territorial y Gesti\u00f3n de Activos Bioculturales\"}]},{\"@type\":\"WebSite\",\"@id\":\"https:\\\/\\\/www.ucaldas.edu.co\\\/portal\\\/#website\",\"url\":\"https:\\\/\\\/www.ucaldas.edu.co\\\/portal\\\/\",\"name\":\"Universidad de Caldas\",\"description\":\"\",\"publisher\":{\"@id\":\"https:\\\/\\\/www.ucaldas.edu.co\\\/portal\\\/#organization\"},\"alternateName\":\"U. de Caldas\",\"potentialAction\":[{\"@type\":\"SearchAction\",\"target\":{\"@type\":\"EntryPoint\",\"urlTemplate\":\"https:\\\/\\\/www.ucaldas.edu.co\\\/portal\\\/?s={search_term_string}\"},\"query-input\":{\"@type\":\"PropertyValueSpecification\",\"valueRequired\":true,\"valueName\":\"search_term_string\"}}],\"inLanguage\":\"es\"},{\"@type\":\"Organization\",\"@id\":\"https:\\\/\\\/www.ucaldas.edu.co\\\/portal\\\/#organization\",\"name\":\"Universidad de Caldas\",\"alternateName\":\"U. de Caldas\",\"url\":\"https:\\\/\\\/www.ucaldas.edu.co\\\/portal\\\/\",\"logo\":{\"@type\":\"ImageObject\",\"inLanguage\":\"es\",\"@id\":\"https:\\\/\\\/www.ucaldas.edu.co\\\/portal\\\/#\\\/schema\\\/logo\\\/image\\\/\",\"url\":\"https:\\\/\\\/www.ucaldas.edu.co\\\/portal\\\/wp-content\\\/uploads\\\/2023\\\/11\\\/Logo_horizontal_oscuroU-2023.png\",\"contentUrl\":\"https:\\\/\\\/www.ucaldas.edu.co\\\/portal\\\/wp-content\\\/uploads\\\/2023\\\/11\\\/Logo_horizontal_oscuroU-2023.png\",\"width\":263,\"height\":101,\"caption\":\"Universidad de Caldas\"},\"image\":{\"@id\":\"https:\\\/\\\/www.ucaldas.edu.co\\\/portal\\\/#\\\/schema\\\/logo\\\/image\\\/\"},\"sameAs\":[\"https:\\\/\\\/www.facebook.com\\\/udecaldas\",\"https:\\\/\\\/x.com\\\/udecaldas\",\"https:\\\/\\\/www.youtube.com\\\/universidadcaldas\",\"https:\\\/\\\/www.instagram.com\\\/udecaldas\\\/\"]},{\"@type\":\"Person\",\"@id\":\"https:\\\/\\\/www.ucaldas.edu.co\\\/portal\\\/#\\\/schema\\\/person\\\/a1b482e23449158b4bc319926c074fdf\",\"name\":\"ofiprensa\",\"image\":{\"@type\":\"ImageObject\",\"inLanguage\":\"es\",\"@id\":\"https:\\\/\\\/www.ucaldas.edu.co\\\/portal\\\/wp-content\\\/litespeed\\\/avatar\\\/09ea5085e600095a7a811142c6944527.jpg?ver=1776892805\",\"url\":\"https:\\\/\\\/www.ucaldas.edu.co\\\/portal\\\/wp-content\\\/litespeed\\\/avatar\\\/09ea5085e600095a7a811142c6944527.jpg?ver=1776892805\",\"contentUrl\":\"https:\\\/\\\/www.ucaldas.edu.co\\\/portal\\\/wp-content\\\/litespeed\\\/avatar\\\/09ea5085e600095a7a811142c6944527.jpg?ver=1776892805\",\"caption\":\"ofiprensa\"},\"url\":\"https:\\\/\\\/www.ucaldas.edu.co\\\/portal\\\/author\\\/ofiprensa\\\/\"}]}<\/script>\n<!-- \/ Yoast SEO plugin. -->","yoast_head_json":{"title":"Inscripciones a la quinta cohorte del Diplomado Valorizaci\u00f3n Territorial y Gesti\u00f3n de Activos Bioculturales .","robots":{"index":"index","follow":"follow","max-snippet":"max-snippet:-1","max-image-preview":"max-image-preview:large","max-video-preview":"max-video-preview:-1"},"canonical":"https:\/\/www.ucaldas.edu.co\/portal\/inscripciones-a-la-quinta-cohorte-del-diplomado-valorizacion-territorial-y-gestion-de-activos-bioculturales\/","schema":{"@context":"https:\/\/schema.org","@graph":[{"@type":"Article","@id":"https:\/\/www.ucaldas.edu.co\/portal\/inscripciones-a-la-quinta-cohorte-del-diplomado-valorizacion-territorial-y-gestion-de-activos-bioculturales\/#article","isPartOf":{"@id":"https:\/\/www.ucaldas.edu.co\/portal\/inscripciones-a-la-quinta-cohorte-del-diplomado-valorizacion-territorial-y-gestion-de-activos-bioculturales\/"},"author":{"name":"ofiprensa","@id":"https:\/\/www.ucaldas.edu.co\/portal\/#\/schema\/person\/a1b482e23449158b4bc319926c074fdf"},"headline":"Inscripciones a la quinta cohorte del Diplomado Valorizaci\u00f3n Territorial y Gesti\u00f3n de Activos Bioculturales","datePublished":"2023-04-28T13:56:26+00:00","mainEntityOfPage":{"@id":"https:\/\/www.ucaldas.edu.co\/portal\/inscripciones-a-la-quinta-cohorte-del-diplomado-valorizacion-territorial-y-gestion-de-activos-bioculturales\/"},"wordCount":331,"publisher":{"@id":"https:\/\/www.ucaldas.edu.co\/portal\/#organization"},"image":{"@id":"https:\/\/www.ucaldas.edu.co\/portal\/inscripciones-a-la-quinta-cohorte-del-diplomado-valorizacion-territorial-y-gestion-de-activos-bioculturales\/#primaryimage"},"thumbnailUrl":"https:\/\/www.ucaldas.edu.co\/portal\/wp-content\/uploads\/2023\/04\/diplomado.jpg","keywords":["diplomado"],"articleSection":["Universidad al D\u00eda","UCaldas Regional","Actualidad"],"inLanguage":"es"},{"@type":"WebPage","@id":"https:\/\/www.ucaldas.edu.co\/portal\/inscripciones-a-la-quinta-cohorte-del-diplomado-valorizacion-territorial-y-gestion-de-activos-bioculturales\/","url":"https:\/\/www.ucaldas.edu.co\/portal\/inscripciones-a-la-quinta-cohorte-del-diplomado-valorizacion-territorial-y-gestion-de-activos-bioculturales\/","name":"Inscripciones a la quinta cohorte del Diplomado Valorizaci\u00f3n Territorial y Gesti\u00f3n de Activos Bioculturales .","isPartOf":{"@id":"https:\/\/www.ucaldas.edu.co\/portal\/#website"},"primaryImageOfPage":{"@id":"https:\/\/www.ucaldas.edu.co\/portal\/inscripciones-a-la-quinta-cohorte-del-diplomado-valorizacion-territorial-y-gestion-de-activos-bioculturales\/#primaryimage"},"image":{"@id":"https:\/\/www.ucaldas.edu.co\/portal\/inscripciones-a-la-quinta-cohorte-del-diplomado-valorizacion-territorial-y-gestion-de-activos-bioculturales\/#primaryimage"},"thumbnailUrl":"https:\/\/www.ucaldas.edu.co\/portal\/wp-content\/uploads\/2023\/04\/diplomado.jpg","datePublished":"2023-04-28T13:56:26+00:00","breadcrumb":{"@id":"https:\/\/www.ucaldas.edu.co\/portal\/inscripciones-a-la-quinta-cohorte-del-diplomado-valorizacion-territorial-y-gestion-de-activos-bioculturales\/#breadcrumb"},"inLanguage":"es","potentialAction":[{"@type":"ReadAction","target":["https:\/\/www.ucaldas.edu.co\/portal\/inscripciones-a-la-quinta-cohorte-del-diplomado-valorizacion-territorial-y-gestion-de-activos-bioculturales\/"]}]},{"@type":"ImageObject","inLanguage":"es","@id":"https:\/\/www.ucaldas.edu.co\/portal\/inscripciones-a-la-quinta-cohorte-del-diplomado-valorizacion-territorial-y-gestion-de-activos-bioculturales\/#primaryimage","url":"https:\/\/www.ucaldas.edu.co\/portal\/wp-content\/uploads\/2023\/04\/diplomado.jpg","contentUrl":"https:\/\/www.ucaldas.edu.co\/portal\/wp-content\/uploads\/2023\/04\/diplomado.jpg","width":900,"height":510,"caption":"valorizaci\u00f3n territorial"},{"@type":"BreadcrumbList","@id":"https:\/\/www.ucaldas.edu.co\/portal\/inscripciones-a-la-quinta-cohorte-del-diplomado-valorizacion-territorial-y-gestion-de-activos-bioculturales\/#breadcrumb","itemListElement":[{"@type":"ListItem","position":1,"name":"Portada","item":"https:\/\/www.ucaldas.edu.co\/portal\/"},{"@type":"ListItem","position":2,"name":"Inscripciones a la quinta cohorte del Diplomado Valorizaci\u00f3n Territorial y Gesti\u00f3n de Activos Bioculturales"}]},{"@type":"WebSite","@id":"https:\/\/www.ucaldas.edu.co\/portal\/#website","url":"https:\/\/www.ucaldas.edu.co\/portal\/","name":"Universidad de Caldas","description":"","publisher":{"@id":"https:\/\/www.ucaldas.edu.co\/portal\/#organization"},"alternateName":"U. de Caldas","potentialAction":[{"@type":"SearchAction","target":{"@type":"EntryPoint","urlTemplate":"https:\/\/www.ucaldas.edu.co\/portal\/?s={search_term_string}"},"query-input":{"@type":"PropertyValueSpecification","valueRequired":true,"valueName":"search_term_string"}}],"inLanguage":"es"},{"@type":"Organization","@id":"https:\/\/www.ucaldas.edu.co\/portal\/#organization","name":"Universidad de Caldas","alternateName":"U. de Caldas","url":"https:\/\/www.ucaldas.edu.co\/portal\/","logo":{"@type":"ImageObject","inLanguage":"es","@id":"https:\/\/www.ucaldas.edu.co\/portal\/#\/schema\/logo\/image\/","url":"https:\/\/www.ucaldas.edu.co\/portal\/wp-content\/uploads\/2023\/11\/Logo_horizontal_oscuroU-2023.png","contentUrl":"https:\/\/www.ucaldas.edu.co\/portal\/wp-content\/uploads\/2023\/11\/Logo_horizontal_oscuroU-2023.png","width":263,"height":101,"caption":"Universidad de Caldas"},"image":{"@id":"https:\/\/www.ucaldas.edu.co\/portal\/#\/schema\/logo\/image\/"},"sameAs":["https:\/\/www.facebook.com\/udecaldas","https:\/\/x.com\/udecaldas","https:\/\/www.youtube.com\/universidadcaldas","https:\/\/www.instagram.com\/udecaldas\/"]},{"@type":"Person","@id":"https:\/\/www.ucaldas.edu.co\/portal\/#\/schema\/person\/a1b482e23449158b4bc319926c074fdf","name":"ofiprensa","image":{"@type":"ImageObject","inLanguage":"es","@id":"https:\/\/www.ucaldas.edu.co\/portal\/wp-content\/litespeed\/avatar\/09ea5085e600095a7a811142c6944527.jpg?ver=1776892805","url":"https:\/\/www.ucaldas.edu.co\/portal\/wp-content\/litespeed\/avatar\/09ea5085e600095a7a811142c6944527.jpg?ver=1776892805","contentUrl":"https:\/\/www.ucaldas.edu.co\/portal\/wp-content\/litespeed\/avatar\/09ea5085e600095a7a811142c6944527.jpg?ver=1776892805","caption":"ofiprensa"},"url":"https:\/\/www.ucaldas.edu.co\/portal\/author\/ofiprensa\/"}]}},"_links":{"self":[{"href":"https:\/\/www.ucaldas.edu.co\/portal\/wp-json\/wp\/v2\/posts\/75696","targetHints":{"allow":["GET"]}}],"collection":[{"href":"https:\/\/www.ucaldas.edu.co\/portal\/wp-json\/wp\/v2\/posts"}],"about":[{"href":"https:\/\/www.ucaldas.edu.co\/portal\/wp-json\/wp\/v2\/types\/post"}],"author":[{"embeddable":true,"href":"https:\/\/www.ucaldas.edu.co\/portal\/wp-json\/wp\/v2\/users\/2"}],"replies":[{"embeddable":true,"href":"https:\/\/www.ucaldas.edu.co\/portal\/wp-json\/wp\/v2\/comments?post=75696"}],"version-history":[{"count":0,"href":"https:\/\/www.ucaldas.edu.co\/portal\/wp-json\/wp\/v2\/posts\/75696\/revisions"}],"wp:featuredmedia":[{"embeddable":true,"href":"https:\/\/www.ucaldas.edu.co\/portal\/wp-json\/wp\/v2\/media\/75697"}],"wp:attachment":[{"href":"https:\/\/www.ucaldas.edu.co\/portal\/wp-json\/wp\/v2\/media?parent=75696"}],"wp:term":[{"taxonomy":"category","embeddable":true,"href":"https:\/\/www.ucaldas.edu.co\/portal\/wp-json\/wp\/v2\/categories?post=75696"},{"taxonomy":"post_tag","embeddable":true,"href":"https:\/\/www.ucaldas.edu.co\/portal\/wp-json\/wp\/v2\/tags?post=75696"}],"curies":[{"name":"wp","href":"https:\/\/api.w.org\/{rel}","templated":true}]}}