{"id":75673,"date":"2023-04-26T18:55:27","date_gmt":"2023-04-26T18:55:27","guid":{"rendered":"https:\/\/www.ucaldas.edu.co\/portal\/?p=75673"},"modified":"2023-04-26T18:55:27","modified_gmt":"2023-04-26T18:55:27","slug":"inauguracion-de-la-exposicion-fotografica-cuerpos-sensoriales-abordajes-fotograficos-desde-la-experiencia-dancistica","status":"publish","type":"post","link":"https:\/\/www.ucaldas.edu.co\/portal\/inauguracion-de-la-exposicion-fotografica-cuerpos-sensoriales-abordajes-fotograficos-desde-la-experiencia-dancistica\/","title":{"rendered":"Inauguraci\u00f3n de la exposici\u00f3n fotogr\u00e1fica \u201cCuerpos sensoriales: Abordajes fotogr\u00e1ficos desde la experiencia danc\u00edstica\u00bb"},"content":{"rendered":"<p><img loading=\"lazy\" decoding=\"async\" class=\"aligncenter size-full wp-image-75674\" src=\"https:\/\/www.ucaldas.edu.co\/portal\/wp-content\/uploads\/2023\/04\/expo.jpg\" alt=\"expo fotograf\u00eda\" width=\"900\" height=\"510\" srcset=\"https:\/\/www.ucaldas.edu.co\/portal\/wp-content\/uploads\/2023\/04\/expo.jpg 900w, https:\/\/www.ucaldas.edu.co\/portal\/wp-content\/uploads\/2023\/04\/expo-300x170.jpg 300w, https:\/\/www.ucaldas.edu.co\/portal\/wp-content\/uploads\/2023\/04\/expo-768x435.jpg 768w\" sizes=\"auto, (max-width: 900px) 100vw, 900px\" \/><\/p>\n<p>El Departamento de Artes Pl\u00e1sticas de la Universidad de Caldas invita a la inauguraci\u00f3n de la exposici\u00f3n fotogr\u00e1fica \u201cCuerpos sensoriales: Abordajes fotogr\u00e1ficos desde la experiencia danc\u00edstica\u00bb el pr\u00f3ximo viernes 28 de abril a las 6:30 p.m. en La Rotonda del Palacio de Bellas Artes.<!--more--><\/p>\n<p>La exposici\u00f3n est\u00e1 a cargo de la estudiante de Artes Pl\u00e1sticas, Camila Pati\u00f1o Salazar, en la cual busca explorar las conexiones entre la danza y la fotograf\u00eda a trav\u00e9s de la presentaci\u00f3n de im\u00e1genes que evocan sensaciones y emociones en el espectador.<\/p>\n<p>La obra de Pati\u00f1o es un reflejo de su experiencia como bailarina y fot\u00f3grafa, y su intenci\u00f3n es invitar al espectador a experimentar la danza de una manera diferente.<\/p>\n<p>La entrada al recinto ser\u00e1 libre.<\/p>\n","protected":false},"excerpt":{"rendered":"<p>El Departamento de Artes Pl\u00e1sticas de la Universidad de Caldas invita a la inauguraci\u00f3n de la exposici\u00f3n fotogr\u00e1fica \u201cCuerpos sensoriales: Abordajes fotogr\u00e1ficos desde la experiencia danc\u00edstica\u00bb el pr\u00f3ximo viernes 28 de abril a las 6:30 p.m. en La Rotonda del Palacio de Bellas Artes.<\/p>\n","protected":false},"author":2,"featured_media":75674,"comment_status":"closed","ping_status":"open","sticky":false,"template":"","format":"standard","meta":{"footnotes":""},"categories":[48,53,664],"tags":[8111],"class_list":["post-75673","post","type-post","status-publish","format-standard","has-post-thumbnail","hentry","category-actualidad","category-universidad-al-dia","category-ucaldas-cultural","tag-exposicion-fotografica"],"yoast_head":"<!-- This site is optimized with the Yoast SEO plugin v27.4 - https:\/\/yoast.com\/product\/yoast-seo-wordpress\/ -->\n<title>Inauguraci\u00f3n de la exposici\u00f3n fotogr\u00e1fica \u201cCuerpos sensoriales: Abordajes fotogr\u00e1ficos desde la experiencia danc\u00edstica&quot; .<\/title>\n<meta name=\"robots\" content=\"index, follow, max-snippet:-1, max-image-preview:large, max-video-preview:-1\" \/>\n<link rel=\"canonical\" href=\"https:\/\/www.ucaldas.edu.co\/portal\/inauguracion-de-la-exposicion-fotografica-cuerpos-sensoriales-abordajes-fotograficos-desde-la-experiencia-dancistica\/\" \/>\n<script type=\"application\/ld+json\" class=\"yoast-schema-graph\">{\"@context\":\"https:\\\/\\\/schema.org\",\"@graph\":[{\"@type\":\"Article\",\"@id\":\"https:\\\/\\\/www.ucaldas.edu.co\\\/portal\\\/inauguracion-de-la-exposicion-fotografica-cuerpos-sensoriales-abordajes-fotograficos-desde-la-experiencia-dancistica\\\/#article\",\"isPartOf\":{\"@id\":\"https:\\\/\\\/www.ucaldas.edu.co\\\/portal\\\/inauguracion-de-la-exposicion-fotografica-cuerpos-sensoriales-abordajes-fotograficos-desde-la-experiencia-dancistica\\\/\"},\"author\":{\"name\":\"ofiprensa\",\"@id\":\"https:\\\/\\\/www.ucaldas.edu.co\\\/portal\\\/#\\\/schema\\\/person\\\/a1b482e23449158b4bc319926c074fdf\"},\"headline\":\"Inauguraci\u00f3n de la exposici\u00f3n fotogr\u00e1fica \u201cCuerpos sensoriales: Abordajes fotogr\u00e1ficos desde la experiencia danc\u00edstica\u00bb\",\"datePublished\":\"2023-04-26T18:55:27+00:00\",\"mainEntityOfPage\":{\"@id\":\"https:\\\/\\\/www.ucaldas.edu.co\\\/portal\\\/inauguracion-de-la-exposicion-fotografica-cuerpos-sensoriales-abordajes-fotograficos-desde-la-experiencia-dancistica\\\/\"},\"wordCount\":155,\"publisher\":{\"@id\":\"https:\\\/\\\/www.ucaldas.edu.co\\\/portal\\\/#organization\"},\"image\":{\"@id\":\"https:\\\/\\\/www.ucaldas.edu.co\\\/portal\\\/inauguracion-de-la-exposicion-fotografica-cuerpos-sensoriales-abordajes-fotograficos-desde-la-experiencia-dancistica\\\/#primaryimage\"},\"thumbnailUrl\":\"https:\\\/\\\/www.ucaldas.edu.co\\\/portal\\\/wp-content\\\/uploads\\\/2023\\\/04\\\/expo.jpg\",\"keywords\":[\"exposici\u00f3n fotogr\u00e1fica\"],\"articleSection\":[\"Actualidad\",\"Universidad al D\u00eda\",\"UCaldas Cultural\"],\"inLanguage\":\"es\"},{\"@type\":\"WebPage\",\"@id\":\"https:\\\/\\\/www.ucaldas.edu.co\\\/portal\\\/inauguracion-de-la-exposicion-fotografica-cuerpos-sensoriales-abordajes-fotograficos-desde-la-experiencia-dancistica\\\/\",\"url\":\"https:\\\/\\\/www.ucaldas.edu.co\\\/portal\\\/inauguracion-de-la-exposicion-fotografica-cuerpos-sensoriales-abordajes-fotograficos-desde-la-experiencia-dancistica\\\/\",\"name\":\"Inauguraci\u00f3n de la exposici\u00f3n fotogr\u00e1fica \u201cCuerpos sensoriales: Abordajes fotogr\u00e1ficos desde la experiencia danc\u00edstica\\\" .\",\"isPartOf\":{\"@id\":\"https:\\\/\\\/www.ucaldas.edu.co\\\/portal\\\/#website\"},\"primaryImageOfPage\":{\"@id\":\"https:\\\/\\\/www.ucaldas.edu.co\\\/portal\\\/inauguracion-de-la-exposicion-fotografica-cuerpos-sensoriales-abordajes-fotograficos-desde-la-experiencia-dancistica\\\/#primaryimage\"},\"image\":{\"@id\":\"https:\\\/\\\/www.ucaldas.edu.co\\\/portal\\\/inauguracion-de-la-exposicion-fotografica-cuerpos-sensoriales-abordajes-fotograficos-desde-la-experiencia-dancistica\\\/#primaryimage\"},\"thumbnailUrl\":\"https:\\\/\\\/www.ucaldas.edu.co\\\/portal\\\/wp-content\\\/uploads\\\/2023\\\/04\\\/expo.jpg\",\"datePublished\":\"2023-04-26T18:55:27+00:00\",\"breadcrumb\":{\"@id\":\"https:\\\/\\\/www.ucaldas.edu.co\\\/portal\\\/inauguracion-de-la-exposicion-fotografica-cuerpos-sensoriales-abordajes-fotograficos-desde-la-experiencia-dancistica\\\/#breadcrumb\"},\"inLanguage\":\"es\",\"potentialAction\":[{\"@type\":\"ReadAction\",\"target\":[\"https:\\\/\\\/www.ucaldas.edu.co\\\/portal\\\/inauguracion-de-la-exposicion-fotografica-cuerpos-sensoriales-abordajes-fotograficos-desde-la-experiencia-dancistica\\\/\"]}]},{\"@type\":\"ImageObject\",\"inLanguage\":\"es\",\"@id\":\"https:\\\/\\\/www.ucaldas.edu.co\\\/portal\\\/inauguracion-de-la-exposicion-fotografica-cuerpos-sensoriales-abordajes-fotograficos-desde-la-experiencia-dancistica\\\/#primaryimage\",\"url\":\"https:\\\/\\\/www.ucaldas.edu.co\\\/portal\\\/wp-content\\\/uploads\\\/2023\\\/04\\\/expo.jpg\",\"contentUrl\":\"https:\\\/\\\/www.ucaldas.edu.co\\\/portal\\\/wp-content\\\/uploads\\\/2023\\\/04\\\/expo.jpg\",\"width\":900,\"height\":510,\"caption\":\"expo fotograf\u00eda\"},{\"@type\":\"BreadcrumbList\",\"@id\":\"https:\\\/\\\/www.ucaldas.edu.co\\\/portal\\\/inauguracion-de-la-exposicion-fotografica-cuerpos-sensoriales-abordajes-fotograficos-desde-la-experiencia-dancistica\\\/#breadcrumb\",\"itemListElement\":[{\"@type\":\"ListItem\",\"position\":1,\"name\":\"Portada\",\"item\":\"https:\\\/\\\/www.ucaldas.edu.co\\\/portal\\\/\"},{\"@type\":\"ListItem\",\"position\":2,\"name\":\"Inauguraci\u00f3n de la exposici\u00f3n fotogr\u00e1fica \u201cCuerpos sensoriales: Abordajes fotogr\u00e1ficos desde la experiencia danc\u00edstica\u00bb\"}]},{\"@type\":\"WebSite\",\"@id\":\"https:\\\/\\\/www.ucaldas.edu.co\\\/portal\\\/#website\",\"url\":\"https:\\\/\\\/www.ucaldas.edu.co\\\/portal\\\/\",\"name\":\"Universidad de Caldas\",\"description\":\"\",\"publisher\":{\"@id\":\"https:\\\/\\\/www.ucaldas.edu.co\\\/portal\\\/#organization\"},\"alternateName\":\"U. de Caldas\",\"potentialAction\":[{\"@type\":\"SearchAction\",\"target\":{\"@type\":\"EntryPoint\",\"urlTemplate\":\"https:\\\/\\\/www.ucaldas.edu.co\\\/portal\\\/?s={search_term_string}\"},\"query-input\":{\"@type\":\"PropertyValueSpecification\",\"valueRequired\":true,\"valueName\":\"search_term_string\"}}],\"inLanguage\":\"es\"},{\"@type\":\"Organization\",\"@id\":\"https:\\\/\\\/www.ucaldas.edu.co\\\/portal\\\/#organization\",\"name\":\"Universidad de Caldas\",\"alternateName\":\"U. de Caldas\",\"url\":\"https:\\\/\\\/www.ucaldas.edu.co\\\/portal\\\/\",\"logo\":{\"@type\":\"ImageObject\",\"inLanguage\":\"es\",\"@id\":\"https:\\\/\\\/www.ucaldas.edu.co\\\/portal\\\/#\\\/schema\\\/logo\\\/image\\\/\",\"url\":\"https:\\\/\\\/www.ucaldas.edu.co\\\/portal\\\/wp-content\\\/uploads\\\/2023\\\/11\\\/Logo_horizontal_oscuroU-2023.png\",\"contentUrl\":\"https:\\\/\\\/www.ucaldas.edu.co\\\/portal\\\/wp-content\\\/uploads\\\/2023\\\/11\\\/Logo_horizontal_oscuroU-2023.png\",\"width\":263,\"height\":101,\"caption\":\"Universidad de Caldas\"},\"image\":{\"@id\":\"https:\\\/\\\/www.ucaldas.edu.co\\\/portal\\\/#\\\/schema\\\/logo\\\/image\\\/\"},\"sameAs\":[\"https:\\\/\\\/www.facebook.com\\\/udecaldas\",\"https:\\\/\\\/x.com\\\/udecaldas\",\"https:\\\/\\\/www.youtube.com\\\/universidadcaldas\",\"https:\\\/\\\/www.instagram.com\\\/udecaldas\\\/\"]},{\"@type\":\"Person\",\"@id\":\"https:\\\/\\\/www.ucaldas.edu.co\\\/portal\\\/#\\\/schema\\\/person\\\/a1b482e23449158b4bc319926c074fdf\",\"name\":\"ofiprensa\",\"image\":{\"@type\":\"ImageObject\",\"inLanguage\":\"es\",\"@id\":\"https:\\\/\\\/www.ucaldas.edu.co\\\/portal\\\/wp-content\\\/litespeed\\\/avatar\\\/09ea5085e600095a7a811142c6944527.jpg?ver=1776892805\",\"url\":\"https:\\\/\\\/www.ucaldas.edu.co\\\/portal\\\/wp-content\\\/litespeed\\\/avatar\\\/09ea5085e600095a7a811142c6944527.jpg?ver=1776892805\",\"contentUrl\":\"https:\\\/\\\/www.ucaldas.edu.co\\\/portal\\\/wp-content\\\/litespeed\\\/avatar\\\/09ea5085e600095a7a811142c6944527.jpg?ver=1776892805\",\"caption\":\"ofiprensa\"},\"url\":\"https:\\\/\\\/www.ucaldas.edu.co\\\/portal\\\/author\\\/ofiprensa\\\/\"}]}<\/script>\n<!-- \/ Yoast SEO plugin. -->","yoast_head_json":{"title":"Inauguraci\u00f3n de la exposici\u00f3n fotogr\u00e1fica \u201cCuerpos sensoriales: Abordajes fotogr\u00e1ficos desde la experiencia danc\u00edstica\" .","robots":{"index":"index","follow":"follow","max-snippet":"max-snippet:-1","max-image-preview":"max-image-preview:large","max-video-preview":"max-video-preview:-1"},"canonical":"https:\/\/www.ucaldas.edu.co\/portal\/inauguracion-de-la-exposicion-fotografica-cuerpos-sensoriales-abordajes-fotograficos-desde-la-experiencia-dancistica\/","schema":{"@context":"https:\/\/schema.org","@graph":[{"@type":"Article","@id":"https:\/\/www.ucaldas.edu.co\/portal\/inauguracion-de-la-exposicion-fotografica-cuerpos-sensoriales-abordajes-fotograficos-desde-la-experiencia-dancistica\/#article","isPartOf":{"@id":"https:\/\/www.ucaldas.edu.co\/portal\/inauguracion-de-la-exposicion-fotografica-cuerpos-sensoriales-abordajes-fotograficos-desde-la-experiencia-dancistica\/"},"author":{"name":"ofiprensa","@id":"https:\/\/www.ucaldas.edu.co\/portal\/#\/schema\/person\/a1b482e23449158b4bc319926c074fdf"},"headline":"Inauguraci\u00f3n de la exposici\u00f3n fotogr\u00e1fica \u201cCuerpos sensoriales: Abordajes fotogr\u00e1ficos desde la experiencia danc\u00edstica\u00bb","datePublished":"2023-04-26T18:55:27+00:00","mainEntityOfPage":{"@id":"https:\/\/www.ucaldas.edu.co\/portal\/inauguracion-de-la-exposicion-fotografica-cuerpos-sensoriales-abordajes-fotograficos-desde-la-experiencia-dancistica\/"},"wordCount":155,"publisher":{"@id":"https:\/\/www.ucaldas.edu.co\/portal\/#organization"},"image":{"@id":"https:\/\/www.ucaldas.edu.co\/portal\/inauguracion-de-la-exposicion-fotografica-cuerpos-sensoriales-abordajes-fotograficos-desde-la-experiencia-dancistica\/#primaryimage"},"thumbnailUrl":"https:\/\/www.ucaldas.edu.co\/portal\/wp-content\/uploads\/2023\/04\/expo.jpg","keywords":["exposici\u00f3n fotogr\u00e1fica"],"articleSection":["Actualidad","Universidad al D\u00eda","UCaldas Cultural"],"inLanguage":"es"},{"@type":"WebPage","@id":"https:\/\/www.ucaldas.edu.co\/portal\/inauguracion-de-la-exposicion-fotografica-cuerpos-sensoriales-abordajes-fotograficos-desde-la-experiencia-dancistica\/","url":"https:\/\/www.ucaldas.edu.co\/portal\/inauguracion-de-la-exposicion-fotografica-cuerpos-sensoriales-abordajes-fotograficos-desde-la-experiencia-dancistica\/","name":"Inauguraci\u00f3n de la exposici\u00f3n fotogr\u00e1fica \u201cCuerpos sensoriales: Abordajes fotogr\u00e1ficos desde la experiencia danc\u00edstica\" .","isPartOf":{"@id":"https:\/\/www.ucaldas.edu.co\/portal\/#website"},"primaryImageOfPage":{"@id":"https:\/\/www.ucaldas.edu.co\/portal\/inauguracion-de-la-exposicion-fotografica-cuerpos-sensoriales-abordajes-fotograficos-desde-la-experiencia-dancistica\/#primaryimage"},"image":{"@id":"https:\/\/www.ucaldas.edu.co\/portal\/inauguracion-de-la-exposicion-fotografica-cuerpos-sensoriales-abordajes-fotograficos-desde-la-experiencia-dancistica\/#primaryimage"},"thumbnailUrl":"https:\/\/www.ucaldas.edu.co\/portal\/wp-content\/uploads\/2023\/04\/expo.jpg","datePublished":"2023-04-26T18:55:27+00:00","breadcrumb":{"@id":"https:\/\/www.ucaldas.edu.co\/portal\/inauguracion-de-la-exposicion-fotografica-cuerpos-sensoriales-abordajes-fotograficos-desde-la-experiencia-dancistica\/#breadcrumb"},"inLanguage":"es","potentialAction":[{"@type":"ReadAction","target":["https:\/\/www.ucaldas.edu.co\/portal\/inauguracion-de-la-exposicion-fotografica-cuerpos-sensoriales-abordajes-fotograficos-desde-la-experiencia-dancistica\/"]}]},{"@type":"ImageObject","inLanguage":"es","@id":"https:\/\/www.ucaldas.edu.co\/portal\/inauguracion-de-la-exposicion-fotografica-cuerpos-sensoriales-abordajes-fotograficos-desde-la-experiencia-dancistica\/#primaryimage","url":"https:\/\/www.ucaldas.edu.co\/portal\/wp-content\/uploads\/2023\/04\/expo.jpg","contentUrl":"https:\/\/www.ucaldas.edu.co\/portal\/wp-content\/uploads\/2023\/04\/expo.jpg","width":900,"height":510,"caption":"expo fotograf\u00eda"},{"@type":"BreadcrumbList","@id":"https:\/\/www.ucaldas.edu.co\/portal\/inauguracion-de-la-exposicion-fotografica-cuerpos-sensoriales-abordajes-fotograficos-desde-la-experiencia-dancistica\/#breadcrumb","itemListElement":[{"@type":"ListItem","position":1,"name":"Portada","item":"https:\/\/www.ucaldas.edu.co\/portal\/"},{"@type":"ListItem","position":2,"name":"Inauguraci\u00f3n de la exposici\u00f3n fotogr\u00e1fica \u201cCuerpos sensoriales: Abordajes fotogr\u00e1ficos desde la experiencia danc\u00edstica\u00bb"}]},{"@type":"WebSite","@id":"https:\/\/www.ucaldas.edu.co\/portal\/#website","url":"https:\/\/www.ucaldas.edu.co\/portal\/","name":"Universidad de Caldas","description":"","publisher":{"@id":"https:\/\/www.ucaldas.edu.co\/portal\/#organization"},"alternateName":"U. de Caldas","potentialAction":[{"@type":"SearchAction","target":{"@type":"EntryPoint","urlTemplate":"https:\/\/www.ucaldas.edu.co\/portal\/?s={search_term_string}"},"query-input":{"@type":"PropertyValueSpecification","valueRequired":true,"valueName":"search_term_string"}}],"inLanguage":"es"},{"@type":"Organization","@id":"https:\/\/www.ucaldas.edu.co\/portal\/#organization","name":"Universidad de Caldas","alternateName":"U. de Caldas","url":"https:\/\/www.ucaldas.edu.co\/portal\/","logo":{"@type":"ImageObject","inLanguage":"es","@id":"https:\/\/www.ucaldas.edu.co\/portal\/#\/schema\/logo\/image\/","url":"https:\/\/www.ucaldas.edu.co\/portal\/wp-content\/uploads\/2023\/11\/Logo_horizontal_oscuroU-2023.png","contentUrl":"https:\/\/www.ucaldas.edu.co\/portal\/wp-content\/uploads\/2023\/11\/Logo_horizontal_oscuroU-2023.png","width":263,"height":101,"caption":"Universidad de Caldas"},"image":{"@id":"https:\/\/www.ucaldas.edu.co\/portal\/#\/schema\/logo\/image\/"},"sameAs":["https:\/\/www.facebook.com\/udecaldas","https:\/\/x.com\/udecaldas","https:\/\/www.youtube.com\/universidadcaldas","https:\/\/www.instagram.com\/udecaldas\/"]},{"@type":"Person","@id":"https:\/\/www.ucaldas.edu.co\/portal\/#\/schema\/person\/a1b482e23449158b4bc319926c074fdf","name":"ofiprensa","image":{"@type":"ImageObject","inLanguage":"es","@id":"https:\/\/www.ucaldas.edu.co\/portal\/wp-content\/litespeed\/avatar\/09ea5085e600095a7a811142c6944527.jpg?ver=1776892805","url":"https:\/\/www.ucaldas.edu.co\/portal\/wp-content\/litespeed\/avatar\/09ea5085e600095a7a811142c6944527.jpg?ver=1776892805","contentUrl":"https:\/\/www.ucaldas.edu.co\/portal\/wp-content\/litespeed\/avatar\/09ea5085e600095a7a811142c6944527.jpg?ver=1776892805","caption":"ofiprensa"},"url":"https:\/\/www.ucaldas.edu.co\/portal\/author\/ofiprensa\/"}]}},"_links":{"self":[{"href":"https:\/\/www.ucaldas.edu.co\/portal\/wp-json\/wp\/v2\/posts\/75673","targetHints":{"allow":["GET"]}}],"collection":[{"href":"https:\/\/www.ucaldas.edu.co\/portal\/wp-json\/wp\/v2\/posts"}],"about":[{"href":"https:\/\/www.ucaldas.edu.co\/portal\/wp-json\/wp\/v2\/types\/post"}],"author":[{"embeddable":true,"href":"https:\/\/www.ucaldas.edu.co\/portal\/wp-json\/wp\/v2\/users\/2"}],"replies":[{"embeddable":true,"href":"https:\/\/www.ucaldas.edu.co\/portal\/wp-json\/wp\/v2\/comments?post=75673"}],"version-history":[{"count":0,"href":"https:\/\/www.ucaldas.edu.co\/portal\/wp-json\/wp\/v2\/posts\/75673\/revisions"}],"wp:featuredmedia":[{"embeddable":true,"href":"https:\/\/www.ucaldas.edu.co\/portal\/wp-json\/wp\/v2\/media\/75674"}],"wp:attachment":[{"href":"https:\/\/www.ucaldas.edu.co\/portal\/wp-json\/wp\/v2\/media?parent=75673"}],"wp:term":[{"taxonomy":"category","embeddable":true,"href":"https:\/\/www.ucaldas.edu.co\/portal\/wp-json\/wp\/v2\/categories?post=75673"},{"taxonomy":"post_tag","embeddable":true,"href":"https:\/\/www.ucaldas.edu.co\/portal\/wp-json\/wp\/v2\/tags?post=75673"}],"curies":[{"name":"wp","href":"https:\/\/api.w.org\/{rel}","templated":true}]}}