{"id":75642,"date":"2023-04-24T21:02:23","date_gmt":"2023-04-24T21:02:23","guid":{"rendered":"https:\/\/www.ucaldas.edu.co\/portal\/?p=75642"},"modified":"2023-04-24T21:47:21","modified_gmt":"2023-04-24T21:47:21","slug":"se-llevaron-a-cabo-las-ceremonias-de-grados-de-la-universidad-de-caldas-en-anserma-y-riosucio","status":"publish","type":"post","link":"https:\/\/www.ucaldas.edu.co\/portal\/se-llevaron-a-cabo-las-ceremonias-de-grados-de-la-universidad-de-caldas-en-anserma-y-riosucio\/","title":{"rendered":"Se llevaron a cabo las ceremonias de grados de la Universidad de Caldas en Anserma y Riosucio"},"content":{"rendered":"<p><img loading=\"lazy\" decoding=\"async\" class=\"aligncenter size-full wp-image-75643\" src=\"https:\/\/www.ucaldas.edu.co\/portal\/wp-content\/uploads\/2023\/04\/grados.jpg\" alt=\"grados regi\u00f3n\" width=\"900\" height=\"510\" srcset=\"https:\/\/www.ucaldas.edu.co\/portal\/wp-content\/uploads\/2023\/04\/grados.jpg 900w, https:\/\/www.ucaldas.edu.co\/portal\/wp-content\/uploads\/2023\/04\/grados-300x170.jpg 300w, https:\/\/www.ucaldas.edu.co\/portal\/wp-content\/uploads\/2023\/04\/grados-768x435.jpg 768w\" sizes=\"auto, (max-width: 900px) 100vw, 900px\" \/><\/p>\n<p>La Universidad de Caldas el pasado viernes 21 de abril celebr\u00f3 las ceremonias de grados de programas tecnol\u00f3gicos en los municipios de Anserma y Riosucio, en las cuales se graduaron un total de 83 j\u00f3venes gracias a la presencia de la instituci\u00f3n en la regi\u00f3n.<!--more--><\/p>\n<p>El Rector de la Universidad de Caldas, Fabio Hernando Arias Orozco, explic\u00f3 que la Universidad debe hacer presencia regional y brindar a los j\u00f3venes que habitan las zonas rurales o urbanas apartadas, la oportunidad de estudiar programas profesionales aportando al desarrollo de sus comunidades.<\/p>\n<p>Los 83 j\u00f3venes se graduaron de programas Tecnol\u00f3gicos en Finanzas, Producci\u00f3n Agroindustrial, Regencia de Farmacia y Electr\u00f3nica Industrial. Es as\u00ed como el egresado de la Tecnolog\u00eda en Finanzas, \u00c1ngel David Garc\u00eda, manifest\u00f3 la importancia que representa la presencia de la Universidad en los municipios, permiti\u00e9ndole a \u00e9l y a otros j\u00f3venes obtener este logro que les abrir\u00e1 nuevas puertas laborales.<\/p>\n<p>Actualmente, la Universidad de Caldas cuenta con cerca de 300 estudiantes en Riosucio y 400 en Anserma, ubicados en los CERES estudiando diversos programas t\u00e9cnicos, tecnol\u00f3gicos y profesionales enfocados en el crecimiento de las regiones a trav\u00e9s de la educaci\u00f3n. La pr\u00f3xima ceremonia de grados ser\u00e1 este viernes 28 en la sede de La Dorada.<\/p>\n<p>El Rector agreg\u00f3 que se trabaja con las alcald\u00edas de Anserma y Riosucio para lograr una articulaci\u00f3n interinstitucional que permita la vinculaci\u00f3n de estudiantes de d\u00e9cimo y once a la educaci\u00f3n superior y a su vez las posibilidades de establecer sedes en estos municipios para ampliar la cobertura y ofrecer cadenas completas de formaci\u00f3n con pregrados y posgrados.<\/p>\n<p>&nbsp;<\/p>\n<p><strong>Anexos:<\/strong><\/p>\n<p><a href=\"https:\/\/www.ucaldas.edu.co\/portal\/wp-content\/uploads\/2023\/04\/Fabio-Hernando-Arias-Orozco-\u2013-Rector-Universidad-de-Caldas.mp3\"><strong>Audio Fabio Hernando Arias Orozco \u2013 Rector Universidad de Caldas<\/strong><\/a><\/p>\n<audio class=\"wp-audio-shortcode\" id=\"audio-75642-1\" preload=\"none\" style=\"width: 100%;\" controls=\"controls\"><source type=\"audio\/mpeg\" src=\"https:\/\/www.ucaldas.edu.co\/portal\/wp-content\/uploads\/2023\/04\/Fabio-Hernando-Arias-Orozco-\u2013-Rector-Universidad-de-Caldas.mp3?_=1\" \/><a href=\"https:\/\/www.ucaldas.edu.co\/portal\/wp-content\/uploads\/2023\/04\/Fabio-Hernando-Arias-Orozco-\u2013-Rector-Universidad-de-Caldas.mp3\">https:\/\/www.ucaldas.edu.co\/portal\/wp-content\/uploads\/2023\/04\/Fabio-Hernando-Arias-Orozco-\u2013-Rector-Universidad-de-Caldas.mp3<\/a><\/audio>\n<p><a href=\"https:\/\/www.ucaldas.edu.co\/portal\/wp-content\/uploads\/2023\/04\/German-Gomez-Londono-\u2013-Vicerrector-Academico-Universidad-de-Caldas.mp3\"><strong>Audio German G\u00f3mez Londo\u00f1o \u2013 Vicerrector Acad\u00e9mico Universidad de Caldas<\/strong><\/a><\/p>\n<audio class=\"wp-audio-shortcode\" id=\"audio-75642-2\" preload=\"none\" style=\"width: 100%;\" controls=\"controls\"><source type=\"audio\/mpeg\" src=\"https:\/\/www.ucaldas.edu.co\/portal\/wp-content\/uploads\/2023\/04\/German-Gomez-Londono-\u2013-Vicerrector-Academico-Universidad-de-Caldas.mp3?_=2\" \/><a href=\"https:\/\/www.ucaldas.edu.co\/portal\/wp-content\/uploads\/2023\/04\/German-Gomez-Londono-\u2013-Vicerrector-Academico-Universidad-de-Caldas.mp3\">https:\/\/www.ucaldas.edu.co\/portal\/wp-content\/uploads\/2023\/04\/German-Gomez-Londono-\u2013-Vicerrector-Academico-Universidad-de-Caldas.mp3<\/a><\/audio>\n<p><a href=\"https:\/\/www.ucaldas.edu.co\/portal\/wp-content\/uploads\/2023\/04\/Angel-David-Garcia-Estudiante-egresado-Tecnologia-en-Finanzas.mp3\"><strong>Audio \u00c1ngel David Garc\u00eda &#8211; Estudiante egresado Tecnolog\u00eda en Finanzas<\/strong><\/a><\/p>\n<audio class=\"wp-audio-shortcode\" id=\"audio-75642-3\" preload=\"none\" style=\"width: 100%;\" controls=\"controls\"><source type=\"audio\/mpeg\" src=\"https:\/\/www.ucaldas.edu.co\/portal\/wp-content\/uploads\/2023\/04\/Angel-David-Garcia-Estudiante-egresado-Tecnologia-en-Finanzas.mp3?_=3\" \/><a href=\"https:\/\/www.ucaldas.edu.co\/portal\/wp-content\/uploads\/2023\/04\/Angel-David-Garcia-Estudiante-egresado-Tecnologia-en-Finanzas.mp3\">https:\/\/www.ucaldas.edu.co\/portal\/wp-content\/uploads\/2023\/04\/Angel-David-Garcia-Estudiante-egresado-Tecnologia-en-Finanzas.mp3<\/a><\/audio>\n","protected":false},"excerpt":{"rendered":"<p>La Universidad de Caldas el pasado viernes 21 de abril celebr\u00f3 las ceremonias de grados de programas tecnol\u00f3gicos en los municipios de Anserma y Riosucio, en las cuales se graduaron un total de 83 j\u00f3venes gracias a la presencia de la instituci\u00f3n en la regi\u00f3n.<\/p>\n","protected":false},"author":2,"featured_media":75643,"comment_status":"closed","ping_status":"open","sticky":false,"template":"","format":"standard","meta":{"footnotes":""},"categories":[48,53],"tags":[9679],"class_list":["post-75642","post","type-post","status-publish","format-standard","has-post-thumbnail","hentry","category-actualidad","category-universidad-al-dia","tag-grados-anserma-y-riosucio"],"yoast_head":"<!-- This site is optimized with the Yoast SEO plugin v27.4 - https:\/\/yoast.com\/product\/yoast-seo-wordpress\/ -->\n<title>Se llevaron a cabo las ceremonias de grados de la Universidad de Caldas en Anserma y Riosucio .<\/title>\n<meta name=\"robots\" content=\"index, follow, max-snippet:-1, max-image-preview:large, max-video-preview:-1\" \/>\n<link rel=\"canonical\" href=\"https:\/\/www.ucaldas.edu.co\/portal\/se-llevaron-a-cabo-las-ceremonias-de-grados-de-la-universidad-de-caldas-en-anserma-y-riosucio\/\" \/>\n<script type=\"application\/ld+json\" class=\"yoast-schema-graph\">{\"@context\":\"https:\\\/\\\/schema.org\",\"@graph\":[{\"@type\":\"Article\",\"@id\":\"https:\\\/\\\/www.ucaldas.edu.co\\\/portal\\\/se-llevaron-a-cabo-las-ceremonias-de-grados-de-la-universidad-de-caldas-en-anserma-y-riosucio\\\/#article\",\"isPartOf\":{\"@id\":\"https:\\\/\\\/www.ucaldas.edu.co\\\/portal\\\/se-llevaron-a-cabo-las-ceremonias-de-grados-de-la-universidad-de-caldas-en-anserma-y-riosucio\\\/\"},\"author\":{\"name\":\"ofiprensa\",\"@id\":\"https:\\\/\\\/www.ucaldas.edu.co\\\/portal\\\/#\\\/schema\\\/person\\\/a1b482e23449158b4bc319926c074fdf\"},\"headline\":\"Se llevaron a cabo las ceremonias de grados de la Universidad de Caldas en Anserma y Riosucio\",\"datePublished\":\"2023-04-24T21:02:23+00:00\",\"dateModified\":\"2023-04-24T21:47:21+00:00\",\"mainEntityOfPage\":{\"@id\":\"https:\\\/\\\/www.ucaldas.edu.co\\\/portal\\\/se-llevaron-a-cabo-las-ceremonias-de-grados-de-la-universidad-de-caldas-en-anserma-y-riosucio\\\/\"},\"wordCount\":373,\"publisher\":{\"@id\":\"https:\\\/\\\/www.ucaldas.edu.co\\\/portal\\\/#organization\"},\"image\":{\"@id\":\"https:\\\/\\\/www.ucaldas.edu.co\\\/portal\\\/se-llevaron-a-cabo-las-ceremonias-de-grados-de-la-universidad-de-caldas-en-anserma-y-riosucio\\\/#primaryimage\"},\"thumbnailUrl\":\"https:\\\/\\\/www.ucaldas.edu.co\\\/portal\\\/wp-content\\\/uploads\\\/2023\\\/04\\\/grados.jpg\",\"keywords\":[\"Grados Anserma y Riosucio\"],\"articleSection\":[\"Actualidad\",\"Universidad al D\u00eda\"],\"inLanguage\":\"es\"},{\"@type\":\"WebPage\",\"@id\":\"https:\\\/\\\/www.ucaldas.edu.co\\\/portal\\\/se-llevaron-a-cabo-las-ceremonias-de-grados-de-la-universidad-de-caldas-en-anserma-y-riosucio\\\/\",\"url\":\"https:\\\/\\\/www.ucaldas.edu.co\\\/portal\\\/se-llevaron-a-cabo-las-ceremonias-de-grados-de-la-universidad-de-caldas-en-anserma-y-riosucio\\\/\",\"name\":\"Se llevaron a cabo las ceremonias de grados de la Universidad de Caldas en Anserma y Riosucio .\",\"isPartOf\":{\"@id\":\"https:\\\/\\\/www.ucaldas.edu.co\\\/portal\\\/#website\"},\"primaryImageOfPage\":{\"@id\":\"https:\\\/\\\/www.ucaldas.edu.co\\\/portal\\\/se-llevaron-a-cabo-las-ceremonias-de-grados-de-la-universidad-de-caldas-en-anserma-y-riosucio\\\/#primaryimage\"},\"image\":{\"@id\":\"https:\\\/\\\/www.ucaldas.edu.co\\\/portal\\\/se-llevaron-a-cabo-las-ceremonias-de-grados-de-la-universidad-de-caldas-en-anserma-y-riosucio\\\/#primaryimage\"},\"thumbnailUrl\":\"https:\\\/\\\/www.ucaldas.edu.co\\\/portal\\\/wp-content\\\/uploads\\\/2023\\\/04\\\/grados.jpg\",\"datePublished\":\"2023-04-24T21:02:23+00:00\",\"dateModified\":\"2023-04-24T21:47:21+00:00\",\"breadcrumb\":{\"@id\":\"https:\\\/\\\/www.ucaldas.edu.co\\\/portal\\\/se-llevaron-a-cabo-las-ceremonias-de-grados-de-la-universidad-de-caldas-en-anserma-y-riosucio\\\/#breadcrumb\"},\"inLanguage\":\"es\",\"potentialAction\":[{\"@type\":\"ReadAction\",\"target\":[\"https:\\\/\\\/www.ucaldas.edu.co\\\/portal\\\/se-llevaron-a-cabo-las-ceremonias-de-grados-de-la-universidad-de-caldas-en-anserma-y-riosucio\\\/\"]}]},{\"@type\":\"ImageObject\",\"inLanguage\":\"es\",\"@id\":\"https:\\\/\\\/www.ucaldas.edu.co\\\/portal\\\/se-llevaron-a-cabo-las-ceremonias-de-grados-de-la-universidad-de-caldas-en-anserma-y-riosucio\\\/#primaryimage\",\"url\":\"https:\\\/\\\/www.ucaldas.edu.co\\\/portal\\\/wp-content\\\/uploads\\\/2023\\\/04\\\/grados.jpg\",\"contentUrl\":\"https:\\\/\\\/www.ucaldas.edu.co\\\/portal\\\/wp-content\\\/uploads\\\/2023\\\/04\\\/grados.jpg\",\"width\":900,\"height\":510,\"caption\":\"grados regi\u00f3n\"},{\"@type\":\"BreadcrumbList\",\"@id\":\"https:\\\/\\\/www.ucaldas.edu.co\\\/portal\\\/se-llevaron-a-cabo-las-ceremonias-de-grados-de-la-universidad-de-caldas-en-anserma-y-riosucio\\\/#breadcrumb\",\"itemListElement\":[{\"@type\":\"ListItem\",\"position\":1,\"name\":\"Portada\",\"item\":\"https:\\\/\\\/www.ucaldas.edu.co\\\/portal\\\/\"},{\"@type\":\"ListItem\",\"position\":2,\"name\":\"Se llevaron a cabo las ceremonias de grados de la Universidad de Caldas en Anserma y Riosucio\"}]},{\"@type\":\"WebSite\",\"@id\":\"https:\\\/\\\/www.ucaldas.edu.co\\\/portal\\\/#website\",\"url\":\"https:\\\/\\\/www.ucaldas.edu.co\\\/portal\\\/\",\"name\":\"Universidad de Caldas\",\"description\":\"\",\"publisher\":{\"@id\":\"https:\\\/\\\/www.ucaldas.edu.co\\\/portal\\\/#organization\"},\"alternateName\":\"U. de Caldas\",\"potentialAction\":[{\"@type\":\"SearchAction\",\"target\":{\"@type\":\"EntryPoint\",\"urlTemplate\":\"https:\\\/\\\/www.ucaldas.edu.co\\\/portal\\\/?s={search_term_string}\"},\"query-input\":{\"@type\":\"PropertyValueSpecification\",\"valueRequired\":true,\"valueName\":\"search_term_string\"}}],\"inLanguage\":\"es\"},{\"@type\":\"Organization\",\"@id\":\"https:\\\/\\\/www.ucaldas.edu.co\\\/portal\\\/#organization\",\"name\":\"Universidad de Caldas\",\"alternateName\":\"U. de Caldas\",\"url\":\"https:\\\/\\\/www.ucaldas.edu.co\\\/portal\\\/\",\"logo\":{\"@type\":\"ImageObject\",\"inLanguage\":\"es\",\"@id\":\"https:\\\/\\\/www.ucaldas.edu.co\\\/portal\\\/#\\\/schema\\\/logo\\\/image\\\/\",\"url\":\"https:\\\/\\\/www.ucaldas.edu.co\\\/portal\\\/wp-content\\\/uploads\\\/2023\\\/11\\\/Logo_horizontal_oscuroU-2023.png\",\"contentUrl\":\"https:\\\/\\\/www.ucaldas.edu.co\\\/portal\\\/wp-content\\\/uploads\\\/2023\\\/11\\\/Logo_horizontal_oscuroU-2023.png\",\"width\":263,\"height\":101,\"caption\":\"Universidad de Caldas\"},\"image\":{\"@id\":\"https:\\\/\\\/www.ucaldas.edu.co\\\/portal\\\/#\\\/schema\\\/logo\\\/image\\\/\"},\"sameAs\":[\"https:\\\/\\\/www.facebook.com\\\/udecaldas\",\"https:\\\/\\\/x.com\\\/udecaldas\",\"https:\\\/\\\/www.youtube.com\\\/universidadcaldas\",\"https:\\\/\\\/www.instagram.com\\\/udecaldas\\\/\"]},{\"@type\":\"Person\",\"@id\":\"https:\\\/\\\/www.ucaldas.edu.co\\\/portal\\\/#\\\/schema\\\/person\\\/a1b482e23449158b4bc319926c074fdf\",\"name\":\"ofiprensa\",\"image\":{\"@type\":\"ImageObject\",\"inLanguage\":\"es\",\"@id\":\"https:\\\/\\\/www.ucaldas.edu.co\\\/portal\\\/wp-content\\\/litespeed\\\/avatar\\\/09ea5085e600095a7a811142c6944527.jpg?ver=1776892805\",\"url\":\"https:\\\/\\\/www.ucaldas.edu.co\\\/portal\\\/wp-content\\\/litespeed\\\/avatar\\\/09ea5085e600095a7a811142c6944527.jpg?ver=1776892805\",\"contentUrl\":\"https:\\\/\\\/www.ucaldas.edu.co\\\/portal\\\/wp-content\\\/litespeed\\\/avatar\\\/09ea5085e600095a7a811142c6944527.jpg?ver=1776892805\",\"caption\":\"ofiprensa\"},\"url\":\"https:\\\/\\\/www.ucaldas.edu.co\\\/portal\\\/author\\\/ofiprensa\\\/\"}]}<\/script>\n<!-- \/ Yoast SEO plugin. -->","yoast_head_json":{"title":"Se llevaron a cabo las ceremonias de grados de la Universidad de Caldas en Anserma y Riosucio .","robots":{"index":"index","follow":"follow","max-snippet":"max-snippet:-1","max-image-preview":"max-image-preview:large","max-video-preview":"max-video-preview:-1"},"canonical":"https:\/\/www.ucaldas.edu.co\/portal\/se-llevaron-a-cabo-las-ceremonias-de-grados-de-la-universidad-de-caldas-en-anserma-y-riosucio\/","schema":{"@context":"https:\/\/schema.org","@graph":[{"@type":"Article","@id":"https:\/\/www.ucaldas.edu.co\/portal\/se-llevaron-a-cabo-las-ceremonias-de-grados-de-la-universidad-de-caldas-en-anserma-y-riosucio\/#article","isPartOf":{"@id":"https:\/\/www.ucaldas.edu.co\/portal\/se-llevaron-a-cabo-las-ceremonias-de-grados-de-la-universidad-de-caldas-en-anserma-y-riosucio\/"},"author":{"name":"ofiprensa","@id":"https:\/\/www.ucaldas.edu.co\/portal\/#\/schema\/person\/a1b482e23449158b4bc319926c074fdf"},"headline":"Se llevaron a cabo las ceremonias de grados de la Universidad de Caldas en Anserma y Riosucio","datePublished":"2023-04-24T21:02:23+00:00","dateModified":"2023-04-24T21:47:21+00:00","mainEntityOfPage":{"@id":"https:\/\/www.ucaldas.edu.co\/portal\/se-llevaron-a-cabo-las-ceremonias-de-grados-de-la-universidad-de-caldas-en-anserma-y-riosucio\/"},"wordCount":373,"publisher":{"@id":"https:\/\/www.ucaldas.edu.co\/portal\/#organization"},"image":{"@id":"https:\/\/www.ucaldas.edu.co\/portal\/se-llevaron-a-cabo-las-ceremonias-de-grados-de-la-universidad-de-caldas-en-anserma-y-riosucio\/#primaryimage"},"thumbnailUrl":"https:\/\/www.ucaldas.edu.co\/portal\/wp-content\/uploads\/2023\/04\/grados.jpg","keywords":["Grados Anserma y Riosucio"],"articleSection":["Actualidad","Universidad al D\u00eda"],"inLanguage":"es"},{"@type":"WebPage","@id":"https:\/\/www.ucaldas.edu.co\/portal\/se-llevaron-a-cabo-las-ceremonias-de-grados-de-la-universidad-de-caldas-en-anserma-y-riosucio\/","url":"https:\/\/www.ucaldas.edu.co\/portal\/se-llevaron-a-cabo-las-ceremonias-de-grados-de-la-universidad-de-caldas-en-anserma-y-riosucio\/","name":"Se llevaron a cabo las ceremonias de grados de la Universidad de Caldas en Anserma y Riosucio .","isPartOf":{"@id":"https:\/\/www.ucaldas.edu.co\/portal\/#website"},"primaryImageOfPage":{"@id":"https:\/\/www.ucaldas.edu.co\/portal\/se-llevaron-a-cabo-las-ceremonias-de-grados-de-la-universidad-de-caldas-en-anserma-y-riosucio\/#primaryimage"},"image":{"@id":"https:\/\/www.ucaldas.edu.co\/portal\/se-llevaron-a-cabo-las-ceremonias-de-grados-de-la-universidad-de-caldas-en-anserma-y-riosucio\/#primaryimage"},"thumbnailUrl":"https:\/\/www.ucaldas.edu.co\/portal\/wp-content\/uploads\/2023\/04\/grados.jpg","datePublished":"2023-04-24T21:02:23+00:00","dateModified":"2023-04-24T21:47:21+00:00","breadcrumb":{"@id":"https:\/\/www.ucaldas.edu.co\/portal\/se-llevaron-a-cabo-las-ceremonias-de-grados-de-la-universidad-de-caldas-en-anserma-y-riosucio\/#breadcrumb"},"inLanguage":"es","potentialAction":[{"@type":"ReadAction","target":["https:\/\/www.ucaldas.edu.co\/portal\/se-llevaron-a-cabo-las-ceremonias-de-grados-de-la-universidad-de-caldas-en-anserma-y-riosucio\/"]}]},{"@type":"ImageObject","inLanguage":"es","@id":"https:\/\/www.ucaldas.edu.co\/portal\/se-llevaron-a-cabo-las-ceremonias-de-grados-de-la-universidad-de-caldas-en-anserma-y-riosucio\/#primaryimage","url":"https:\/\/www.ucaldas.edu.co\/portal\/wp-content\/uploads\/2023\/04\/grados.jpg","contentUrl":"https:\/\/www.ucaldas.edu.co\/portal\/wp-content\/uploads\/2023\/04\/grados.jpg","width":900,"height":510,"caption":"grados regi\u00f3n"},{"@type":"BreadcrumbList","@id":"https:\/\/www.ucaldas.edu.co\/portal\/se-llevaron-a-cabo-las-ceremonias-de-grados-de-la-universidad-de-caldas-en-anserma-y-riosucio\/#breadcrumb","itemListElement":[{"@type":"ListItem","position":1,"name":"Portada","item":"https:\/\/www.ucaldas.edu.co\/portal\/"},{"@type":"ListItem","position":2,"name":"Se llevaron a cabo las ceremonias de grados de la Universidad de Caldas en Anserma y Riosucio"}]},{"@type":"WebSite","@id":"https:\/\/www.ucaldas.edu.co\/portal\/#website","url":"https:\/\/www.ucaldas.edu.co\/portal\/","name":"Universidad de Caldas","description":"","publisher":{"@id":"https:\/\/www.ucaldas.edu.co\/portal\/#organization"},"alternateName":"U. de Caldas","potentialAction":[{"@type":"SearchAction","target":{"@type":"EntryPoint","urlTemplate":"https:\/\/www.ucaldas.edu.co\/portal\/?s={search_term_string}"},"query-input":{"@type":"PropertyValueSpecification","valueRequired":true,"valueName":"search_term_string"}}],"inLanguage":"es"},{"@type":"Organization","@id":"https:\/\/www.ucaldas.edu.co\/portal\/#organization","name":"Universidad de Caldas","alternateName":"U. de Caldas","url":"https:\/\/www.ucaldas.edu.co\/portal\/","logo":{"@type":"ImageObject","inLanguage":"es","@id":"https:\/\/www.ucaldas.edu.co\/portal\/#\/schema\/logo\/image\/","url":"https:\/\/www.ucaldas.edu.co\/portal\/wp-content\/uploads\/2023\/11\/Logo_horizontal_oscuroU-2023.png","contentUrl":"https:\/\/www.ucaldas.edu.co\/portal\/wp-content\/uploads\/2023\/11\/Logo_horizontal_oscuroU-2023.png","width":263,"height":101,"caption":"Universidad de Caldas"},"image":{"@id":"https:\/\/www.ucaldas.edu.co\/portal\/#\/schema\/logo\/image\/"},"sameAs":["https:\/\/www.facebook.com\/udecaldas","https:\/\/x.com\/udecaldas","https:\/\/www.youtube.com\/universidadcaldas","https:\/\/www.instagram.com\/udecaldas\/"]},{"@type":"Person","@id":"https:\/\/www.ucaldas.edu.co\/portal\/#\/schema\/person\/a1b482e23449158b4bc319926c074fdf","name":"ofiprensa","image":{"@type":"ImageObject","inLanguage":"es","@id":"https:\/\/www.ucaldas.edu.co\/portal\/wp-content\/litespeed\/avatar\/09ea5085e600095a7a811142c6944527.jpg?ver=1776892805","url":"https:\/\/www.ucaldas.edu.co\/portal\/wp-content\/litespeed\/avatar\/09ea5085e600095a7a811142c6944527.jpg?ver=1776892805","contentUrl":"https:\/\/www.ucaldas.edu.co\/portal\/wp-content\/litespeed\/avatar\/09ea5085e600095a7a811142c6944527.jpg?ver=1776892805","caption":"ofiprensa"},"url":"https:\/\/www.ucaldas.edu.co\/portal\/author\/ofiprensa\/"}]}},"_links":{"self":[{"href":"https:\/\/www.ucaldas.edu.co\/portal\/wp-json\/wp\/v2\/posts\/75642","targetHints":{"allow":["GET"]}}],"collection":[{"href":"https:\/\/www.ucaldas.edu.co\/portal\/wp-json\/wp\/v2\/posts"}],"about":[{"href":"https:\/\/www.ucaldas.edu.co\/portal\/wp-json\/wp\/v2\/types\/post"}],"author":[{"embeddable":true,"href":"https:\/\/www.ucaldas.edu.co\/portal\/wp-json\/wp\/v2\/users\/2"}],"replies":[{"embeddable":true,"href":"https:\/\/www.ucaldas.edu.co\/portal\/wp-json\/wp\/v2\/comments?post=75642"}],"version-history":[{"count":0,"href":"https:\/\/www.ucaldas.edu.co\/portal\/wp-json\/wp\/v2\/posts\/75642\/revisions"}],"wp:featuredmedia":[{"embeddable":true,"href":"https:\/\/www.ucaldas.edu.co\/portal\/wp-json\/wp\/v2\/media\/75643"}],"wp:attachment":[{"href":"https:\/\/www.ucaldas.edu.co\/portal\/wp-json\/wp\/v2\/media?parent=75642"}],"wp:term":[{"taxonomy":"category","embeddable":true,"href":"https:\/\/www.ucaldas.edu.co\/portal\/wp-json\/wp\/v2\/categories?post=75642"},{"taxonomy":"post_tag","embeddable":true,"href":"https:\/\/www.ucaldas.edu.co\/portal\/wp-json\/wp\/v2\/tags?post=75642"}],"curies":[{"name":"wp","href":"https:\/\/api.w.org\/{rel}","templated":true}]}}