{"id":75615,"date":"2023-04-20T21:09:30","date_gmt":"2023-04-20T21:09:30","guid":{"rendered":"https:\/\/www.ucaldas.edu.co\/portal\/?p=75615"},"modified":"2023-04-20T21:09:30","modified_gmt":"2023-04-20T21:09:30","slug":"comision-del-banco-mundial-ministerios-de-ciencias-y-educacion-visitaron-la-universidad-de-caldas-para-hacer-seguimiento-al-programa-colombia-cientifica","status":"publish","type":"post","link":"https:\/\/www.ucaldas.edu.co\/portal\/comision-del-banco-mundial-ministerios-de-ciencias-y-educacion-visitaron-la-universidad-de-caldas-para-hacer-seguimiento-al-programa-colombia-cientifica\/","title":{"rendered":"Comisi\u00f3n del Banco Mundial, Ministerios de Ciencias y Educaci\u00f3n visitaron la Universidad de Caldas para hacer seguimiento al Programa Colombia Cient\u00edfica"},"content":{"rendered":"<p><img loading=\"lazy\" decoding=\"async\" class=\"aligncenter size-full wp-image-75616\" src=\"https:\/\/www.ucaldas.edu.co\/portal\/wp-content\/uploads\/2023\/04\/colcientifica-1.jpg\" alt=\"colcient\u00edfica\" width=\"900\" height=\"510\" srcset=\"https:\/\/www.ucaldas.edu.co\/portal\/wp-content\/uploads\/2023\/04\/colcientifica-1.jpg 900w, https:\/\/www.ucaldas.edu.co\/portal\/wp-content\/uploads\/2023\/04\/colcientifica-1-300x170.jpg 300w, https:\/\/www.ucaldas.edu.co\/portal\/wp-content\/uploads\/2023\/04\/colcientifica-1-768x435.jpg 768w\" sizes=\"auto, (max-width: 900px) 100vw, 900px\" \/><\/p>\n<p>En el proceso de cierre del Programa Colombia Cient\u00edfica \u201cReconstrucci\u00f3n del Tejido Social en Zonas de Posconflicto en Colombia\u201d una comisi\u00f3n del Banco Mundial, Icetex y de los Ministerios de Ciencias y Educaci\u00f3n visitaron la Universidad de Caldas como ejecutora del proyecto, tras ganar convocatoria de Minciencias hace cinco a\u00f1os, con el fin de evidenciar los resultados de los proyectos que se coordinaron en Caldas, Choc\u00f3 y Sucre.<!--more--><\/p>\n<p>La sesi\u00f3n se llev\u00f3 a cabo en el Auditorio del Centro Cultural Rogelio Salmona, evento en el que participaron el director y subdirector cient\u00edfico del Programa, Javier Gonzaga Valencia Hern\u00e1ndez y Germ\u00e1n G\u00f3mez Londo\u00f1o, Vicerrector Acad\u00e9mico de la Universidad y administrativo de Colombia Cient\u00edfica.<\/p>\n<p>\u201cHemos cumplido con el 90% de los productos comprometidos con el ecosistema cient\u00edfico del programa, los resultados que faltan validar hacen parte de los art\u00edculos de investigaci\u00f3n que est\u00e1n a la espera de respuesta en diferentes revistas de publicaci\u00f3n cient\u00edfica\u201d, expres\u00f3 el director cient\u00edfico del Programa Javier Gonzaga Valencia Hern\u00e1ndez.<\/p>\n<p>Tambi\u00e9n acompa\u00f1o el Vicerrector de investigaciones de la Universidad de Caldas, H\u00e9ctor Fabio Torres, quien resalt\u00f3 el papel primordial que cumple Colombia Cient\u00edfica en el desarrollo del Programa en el pa\u00eds.<\/p>\n<p>De otro lado, Sandra Lucia Lozano, coordinadora del Ecosistema Cient\u00edfico de Minciencias, manifest\u00f3 que el Foco Social con Reconstrucci\u00f3n del tejido social en zonas de posconflicto en Colombia se convierte en un modelo a seguir para todo lo que nos ofrece Ciencia para la Paz, el nuevo programa al que le apunta el gobierno central en este cuatrienio.<\/p>\n","protected":false},"excerpt":{"rendered":"<p>En el proceso de cierre del Programa Colombia Cient\u00edfica \u201cReconstrucci\u00f3n del Tejido Social en Zonas de Posconflicto en Colombia\u201d una comisi\u00f3n del Banco Mundial, Icetex y de los Ministerios de Ciencias y Educaci\u00f3n visitaron la Universidad de Caldas como ejecutora del proyecto, tras ganar convocatoria de Minciencias hace cinco a\u00f1os, con el fin de evidenciar [&hellip;]<\/p>\n","protected":false},"author":2,"featured_media":75616,"comment_status":"closed","ping_status":"open","sticky":false,"template":"","format":"standard","meta":{"footnotes":""},"categories":[48,53],"tags":[418],"class_list":["post-75615","post","type-post","status-publish","format-standard","has-post-thumbnail","hentry","category-actualidad","category-universidad-al-dia","tag-colombia-cientifica"],"yoast_head":"<!-- This site is optimized with the Yoast SEO plugin v27.5 - https:\/\/yoast.com\/product\/yoast-seo-wordpress\/ -->\n<title>Comisi\u00f3n del Banco Mundial, Ministerios de Ciencias y Educaci\u00f3n visitaron la Universidad de Caldas para hacer seguimiento al Programa Colombia Cient\u00edfica .<\/title>\n<meta name=\"robots\" content=\"index, follow, max-snippet:-1, max-image-preview:large, max-video-preview:-1\" \/>\n<link rel=\"canonical\" href=\"https:\/\/www.ucaldas.edu.co\/portal\/comision-del-banco-mundial-ministerios-de-ciencias-y-educacion-visitaron-la-universidad-de-caldas-para-hacer-seguimiento-al-programa-colombia-cientifica\/\" \/>\n<script type=\"application\/ld+json\" class=\"yoast-schema-graph\">{\"@context\":\"https:\\\/\\\/schema.org\",\"@graph\":[{\"@type\":\"Article\",\"@id\":\"https:\\\/\\\/www.ucaldas.edu.co\\\/portal\\\/comision-del-banco-mundial-ministerios-de-ciencias-y-educacion-visitaron-la-universidad-de-caldas-para-hacer-seguimiento-al-programa-colombia-cientifica\\\/#article\",\"isPartOf\":{\"@id\":\"https:\\\/\\\/www.ucaldas.edu.co\\\/portal\\\/comision-del-banco-mundial-ministerios-de-ciencias-y-educacion-visitaron-la-universidad-de-caldas-para-hacer-seguimiento-al-programa-colombia-cientifica\\\/\"},\"author\":{\"name\":\"ofiprensa\",\"@id\":\"https:\\\/\\\/www.ucaldas.edu.co\\\/portal\\\/#\\\/schema\\\/person\\\/a1b482e23449158b4bc319926c074fdf\"},\"headline\":\"Comisi\u00f3n del Banco Mundial, Ministerios de Ciencias y Educaci\u00f3n visitaron la Universidad de Caldas para hacer seguimiento al Programa Colombia Cient\u00edfica\",\"datePublished\":\"2023-04-20T21:09:30+00:00\",\"mainEntityOfPage\":{\"@id\":\"https:\\\/\\\/www.ucaldas.edu.co\\\/portal\\\/comision-del-banco-mundial-ministerios-de-ciencias-y-educacion-visitaron-la-universidad-de-caldas-para-hacer-seguimiento-al-programa-colombia-cientifica\\\/\"},\"wordCount\":302,\"publisher\":{\"@id\":\"https:\\\/\\\/www.ucaldas.edu.co\\\/portal\\\/#organization\"},\"image\":{\"@id\":\"https:\\\/\\\/www.ucaldas.edu.co\\\/portal\\\/comision-del-banco-mundial-ministerios-de-ciencias-y-educacion-visitaron-la-universidad-de-caldas-para-hacer-seguimiento-al-programa-colombia-cientifica\\\/#primaryimage\"},\"thumbnailUrl\":\"https:\\\/\\\/www.ucaldas.edu.co\\\/portal\\\/wp-content\\\/uploads\\\/2023\\\/04\\\/colcientifica-1.jpg\",\"keywords\":[\"Colombia Cient\u00edfica\"],\"articleSection\":[\"Actualidad\",\"Universidad al D\u00eda\"],\"inLanguage\":\"es\"},{\"@type\":\"WebPage\",\"@id\":\"https:\\\/\\\/www.ucaldas.edu.co\\\/portal\\\/comision-del-banco-mundial-ministerios-de-ciencias-y-educacion-visitaron-la-universidad-de-caldas-para-hacer-seguimiento-al-programa-colombia-cientifica\\\/\",\"url\":\"https:\\\/\\\/www.ucaldas.edu.co\\\/portal\\\/comision-del-banco-mundial-ministerios-de-ciencias-y-educacion-visitaron-la-universidad-de-caldas-para-hacer-seguimiento-al-programa-colombia-cientifica\\\/\",\"name\":\"Comisi\u00f3n del Banco Mundial, Ministerios de Ciencias y Educaci\u00f3n visitaron la Universidad de Caldas para hacer seguimiento al Programa Colombia Cient\u00edfica .\",\"isPartOf\":{\"@id\":\"https:\\\/\\\/www.ucaldas.edu.co\\\/portal\\\/#website\"},\"primaryImageOfPage\":{\"@id\":\"https:\\\/\\\/www.ucaldas.edu.co\\\/portal\\\/comision-del-banco-mundial-ministerios-de-ciencias-y-educacion-visitaron-la-universidad-de-caldas-para-hacer-seguimiento-al-programa-colombia-cientifica\\\/#primaryimage\"},\"image\":{\"@id\":\"https:\\\/\\\/www.ucaldas.edu.co\\\/portal\\\/comision-del-banco-mundial-ministerios-de-ciencias-y-educacion-visitaron-la-universidad-de-caldas-para-hacer-seguimiento-al-programa-colombia-cientifica\\\/#primaryimage\"},\"thumbnailUrl\":\"https:\\\/\\\/www.ucaldas.edu.co\\\/portal\\\/wp-content\\\/uploads\\\/2023\\\/04\\\/colcientifica-1.jpg\",\"datePublished\":\"2023-04-20T21:09:30+00:00\",\"breadcrumb\":{\"@id\":\"https:\\\/\\\/www.ucaldas.edu.co\\\/portal\\\/comision-del-banco-mundial-ministerios-de-ciencias-y-educacion-visitaron-la-universidad-de-caldas-para-hacer-seguimiento-al-programa-colombia-cientifica\\\/#breadcrumb\"},\"inLanguage\":\"es\",\"potentialAction\":[{\"@type\":\"ReadAction\",\"target\":[\"https:\\\/\\\/www.ucaldas.edu.co\\\/portal\\\/comision-del-banco-mundial-ministerios-de-ciencias-y-educacion-visitaron-la-universidad-de-caldas-para-hacer-seguimiento-al-programa-colombia-cientifica\\\/\"]}]},{\"@type\":\"ImageObject\",\"inLanguage\":\"es\",\"@id\":\"https:\\\/\\\/www.ucaldas.edu.co\\\/portal\\\/comision-del-banco-mundial-ministerios-de-ciencias-y-educacion-visitaron-la-universidad-de-caldas-para-hacer-seguimiento-al-programa-colombia-cientifica\\\/#primaryimage\",\"url\":\"https:\\\/\\\/www.ucaldas.edu.co\\\/portal\\\/wp-content\\\/uploads\\\/2023\\\/04\\\/colcientifica-1.jpg\",\"contentUrl\":\"https:\\\/\\\/www.ucaldas.edu.co\\\/portal\\\/wp-content\\\/uploads\\\/2023\\\/04\\\/colcientifica-1.jpg\",\"width\":900,\"height\":510,\"caption\":\"colcient\u00edfica\"},{\"@type\":\"BreadcrumbList\",\"@id\":\"https:\\\/\\\/www.ucaldas.edu.co\\\/portal\\\/comision-del-banco-mundial-ministerios-de-ciencias-y-educacion-visitaron-la-universidad-de-caldas-para-hacer-seguimiento-al-programa-colombia-cientifica\\\/#breadcrumb\",\"itemListElement\":[{\"@type\":\"ListItem\",\"position\":1,\"name\":\"Portada\",\"item\":\"https:\\\/\\\/www.ucaldas.edu.co\\\/portal\\\/\"},{\"@type\":\"ListItem\",\"position\":2,\"name\":\"Comisi\u00f3n del Banco Mundial, Ministerios de Ciencias y Educaci\u00f3n visitaron la Universidad de Caldas para hacer seguimiento al Programa Colombia Cient\u00edfica\"}]},{\"@type\":\"WebSite\",\"@id\":\"https:\\\/\\\/www.ucaldas.edu.co\\\/portal\\\/#website\",\"url\":\"https:\\\/\\\/www.ucaldas.edu.co\\\/portal\\\/\",\"name\":\"Universidad de Caldas\",\"description\":\"\",\"publisher\":{\"@id\":\"https:\\\/\\\/www.ucaldas.edu.co\\\/portal\\\/#organization\"},\"alternateName\":\"U. de Caldas\",\"potentialAction\":[{\"@type\":\"SearchAction\",\"target\":{\"@type\":\"EntryPoint\",\"urlTemplate\":\"https:\\\/\\\/www.ucaldas.edu.co\\\/portal\\\/?s={search_term_string}\"},\"query-input\":{\"@type\":\"PropertyValueSpecification\",\"valueRequired\":true,\"valueName\":\"search_term_string\"}}],\"inLanguage\":\"es\"},{\"@type\":\"Organization\",\"@id\":\"https:\\\/\\\/www.ucaldas.edu.co\\\/portal\\\/#organization\",\"name\":\"Universidad de Caldas\",\"alternateName\":\"U. de Caldas\",\"url\":\"https:\\\/\\\/www.ucaldas.edu.co\\\/portal\\\/\",\"logo\":{\"@type\":\"ImageObject\",\"inLanguage\":\"es\",\"@id\":\"https:\\\/\\\/www.ucaldas.edu.co\\\/portal\\\/#\\\/schema\\\/logo\\\/image\\\/\",\"url\":\"https:\\\/\\\/www.ucaldas.edu.co\\\/portal\\\/wp-content\\\/uploads\\\/2023\\\/11\\\/Logo_horizontal_oscuroU-2023.png\",\"contentUrl\":\"https:\\\/\\\/www.ucaldas.edu.co\\\/portal\\\/wp-content\\\/uploads\\\/2023\\\/11\\\/Logo_horizontal_oscuroU-2023.png\",\"width\":263,\"height\":101,\"caption\":\"Universidad de Caldas\"},\"image\":{\"@id\":\"https:\\\/\\\/www.ucaldas.edu.co\\\/portal\\\/#\\\/schema\\\/logo\\\/image\\\/\"},\"sameAs\":[\"https:\\\/\\\/www.facebook.com\\\/udecaldas\",\"https:\\\/\\\/x.com\\\/udecaldas\",\"https:\\\/\\\/www.youtube.com\\\/universidadcaldas\",\"https:\\\/\\\/www.instagram.com\\\/udecaldas\\\/\"]},{\"@type\":\"Person\",\"@id\":\"https:\\\/\\\/www.ucaldas.edu.co\\\/portal\\\/#\\\/schema\\\/person\\\/a1b482e23449158b4bc319926c074fdf\",\"name\":\"ofiprensa\",\"image\":{\"@type\":\"ImageObject\",\"inLanguage\":\"es\",\"@id\":\"https:\\\/\\\/www.ucaldas.edu.co\\\/portal\\\/wp-content\\\/litespeed\\\/avatar\\\/09ea5085e600095a7a811142c6944527.jpg?ver=1777497608\",\"url\":\"https:\\\/\\\/www.ucaldas.edu.co\\\/portal\\\/wp-content\\\/litespeed\\\/avatar\\\/09ea5085e600095a7a811142c6944527.jpg?ver=1777497608\",\"contentUrl\":\"https:\\\/\\\/www.ucaldas.edu.co\\\/portal\\\/wp-content\\\/litespeed\\\/avatar\\\/09ea5085e600095a7a811142c6944527.jpg?ver=1777497608\",\"caption\":\"ofiprensa\"},\"url\":\"https:\\\/\\\/www.ucaldas.edu.co\\\/portal\\\/author\\\/ofiprensa\\\/\"}]}<\/script>\n<!-- \/ Yoast SEO plugin. -->","yoast_head_json":{"title":"Comisi\u00f3n del Banco Mundial, Ministerios de Ciencias y Educaci\u00f3n visitaron la Universidad de Caldas para hacer seguimiento al Programa Colombia Cient\u00edfica .","robots":{"index":"index","follow":"follow","max-snippet":"max-snippet:-1","max-image-preview":"max-image-preview:large","max-video-preview":"max-video-preview:-1"},"canonical":"https:\/\/www.ucaldas.edu.co\/portal\/comision-del-banco-mundial-ministerios-de-ciencias-y-educacion-visitaron-la-universidad-de-caldas-para-hacer-seguimiento-al-programa-colombia-cientifica\/","schema":{"@context":"https:\/\/schema.org","@graph":[{"@type":"Article","@id":"https:\/\/www.ucaldas.edu.co\/portal\/comision-del-banco-mundial-ministerios-de-ciencias-y-educacion-visitaron-la-universidad-de-caldas-para-hacer-seguimiento-al-programa-colombia-cientifica\/#article","isPartOf":{"@id":"https:\/\/www.ucaldas.edu.co\/portal\/comision-del-banco-mundial-ministerios-de-ciencias-y-educacion-visitaron-la-universidad-de-caldas-para-hacer-seguimiento-al-programa-colombia-cientifica\/"},"author":{"name":"ofiprensa","@id":"https:\/\/www.ucaldas.edu.co\/portal\/#\/schema\/person\/a1b482e23449158b4bc319926c074fdf"},"headline":"Comisi\u00f3n del Banco Mundial, Ministerios de Ciencias y Educaci\u00f3n visitaron la Universidad de Caldas para hacer seguimiento al Programa Colombia Cient\u00edfica","datePublished":"2023-04-20T21:09:30+00:00","mainEntityOfPage":{"@id":"https:\/\/www.ucaldas.edu.co\/portal\/comision-del-banco-mundial-ministerios-de-ciencias-y-educacion-visitaron-la-universidad-de-caldas-para-hacer-seguimiento-al-programa-colombia-cientifica\/"},"wordCount":302,"publisher":{"@id":"https:\/\/www.ucaldas.edu.co\/portal\/#organization"},"image":{"@id":"https:\/\/www.ucaldas.edu.co\/portal\/comision-del-banco-mundial-ministerios-de-ciencias-y-educacion-visitaron-la-universidad-de-caldas-para-hacer-seguimiento-al-programa-colombia-cientifica\/#primaryimage"},"thumbnailUrl":"https:\/\/www.ucaldas.edu.co\/portal\/wp-content\/uploads\/2023\/04\/colcientifica-1.jpg","keywords":["Colombia Cient\u00edfica"],"articleSection":["Actualidad","Universidad al D\u00eda"],"inLanguage":"es"},{"@type":"WebPage","@id":"https:\/\/www.ucaldas.edu.co\/portal\/comision-del-banco-mundial-ministerios-de-ciencias-y-educacion-visitaron-la-universidad-de-caldas-para-hacer-seguimiento-al-programa-colombia-cientifica\/","url":"https:\/\/www.ucaldas.edu.co\/portal\/comision-del-banco-mundial-ministerios-de-ciencias-y-educacion-visitaron-la-universidad-de-caldas-para-hacer-seguimiento-al-programa-colombia-cientifica\/","name":"Comisi\u00f3n del Banco Mundial, Ministerios de Ciencias y Educaci\u00f3n visitaron la Universidad de Caldas para hacer seguimiento al Programa Colombia Cient\u00edfica .","isPartOf":{"@id":"https:\/\/www.ucaldas.edu.co\/portal\/#website"},"primaryImageOfPage":{"@id":"https:\/\/www.ucaldas.edu.co\/portal\/comision-del-banco-mundial-ministerios-de-ciencias-y-educacion-visitaron-la-universidad-de-caldas-para-hacer-seguimiento-al-programa-colombia-cientifica\/#primaryimage"},"image":{"@id":"https:\/\/www.ucaldas.edu.co\/portal\/comision-del-banco-mundial-ministerios-de-ciencias-y-educacion-visitaron-la-universidad-de-caldas-para-hacer-seguimiento-al-programa-colombia-cientifica\/#primaryimage"},"thumbnailUrl":"https:\/\/www.ucaldas.edu.co\/portal\/wp-content\/uploads\/2023\/04\/colcientifica-1.jpg","datePublished":"2023-04-20T21:09:30+00:00","breadcrumb":{"@id":"https:\/\/www.ucaldas.edu.co\/portal\/comision-del-banco-mundial-ministerios-de-ciencias-y-educacion-visitaron-la-universidad-de-caldas-para-hacer-seguimiento-al-programa-colombia-cientifica\/#breadcrumb"},"inLanguage":"es","potentialAction":[{"@type":"ReadAction","target":["https:\/\/www.ucaldas.edu.co\/portal\/comision-del-banco-mundial-ministerios-de-ciencias-y-educacion-visitaron-la-universidad-de-caldas-para-hacer-seguimiento-al-programa-colombia-cientifica\/"]}]},{"@type":"ImageObject","inLanguage":"es","@id":"https:\/\/www.ucaldas.edu.co\/portal\/comision-del-banco-mundial-ministerios-de-ciencias-y-educacion-visitaron-la-universidad-de-caldas-para-hacer-seguimiento-al-programa-colombia-cientifica\/#primaryimage","url":"https:\/\/www.ucaldas.edu.co\/portal\/wp-content\/uploads\/2023\/04\/colcientifica-1.jpg","contentUrl":"https:\/\/www.ucaldas.edu.co\/portal\/wp-content\/uploads\/2023\/04\/colcientifica-1.jpg","width":900,"height":510,"caption":"colcient\u00edfica"},{"@type":"BreadcrumbList","@id":"https:\/\/www.ucaldas.edu.co\/portal\/comision-del-banco-mundial-ministerios-de-ciencias-y-educacion-visitaron-la-universidad-de-caldas-para-hacer-seguimiento-al-programa-colombia-cientifica\/#breadcrumb","itemListElement":[{"@type":"ListItem","position":1,"name":"Portada","item":"https:\/\/www.ucaldas.edu.co\/portal\/"},{"@type":"ListItem","position":2,"name":"Comisi\u00f3n del Banco Mundial, Ministerios de Ciencias y Educaci\u00f3n visitaron la Universidad de Caldas para hacer seguimiento al Programa Colombia Cient\u00edfica"}]},{"@type":"WebSite","@id":"https:\/\/www.ucaldas.edu.co\/portal\/#website","url":"https:\/\/www.ucaldas.edu.co\/portal\/","name":"Universidad de Caldas","description":"","publisher":{"@id":"https:\/\/www.ucaldas.edu.co\/portal\/#organization"},"alternateName":"U. de Caldas","potentialAction":[{"@type":"SearchAction","target":{"@type":"EntryPoint","urlTemplate":"https:\/\/www.ucaldas.edu.co\/portal\/?s={search_term_string}"},"query-input":{"@type":"PropertyValueSpecification","valueRequired":true,"valueName":"search_term_string"}}],"inLanguage":"es"},{"@type":"Organization","@id":"https:\/\/www.ucaldas.edu.co\/portal\/#organization","name":"Universidad de Caldas","alternateName":"U. de Caldas","url":"https:\/\/www.ucaldas.edu.co\/portal\/","logo":{"@type":"ImageObject","inLanguage":"es","@id":"https:\/\/www.ucaldas.edu.co\/portal\/#\/schema\/logo\/image\/","url":"https:\/\/www.ucaldas.edu.co\/portal\/wp-content\/uploads\/2023\/11\/Logo_horizontal_oscuroU-2023.png","contentUrl":"https:\/\/www.ucaldas.edu.co\/portal\/wp-content\/uploads\/2023\/11\/Logo_horizontal_oscuroU-2023.png","width":263,"height":101,"caption":"Universidad de Caldas"},"image":{"@id":"https:\/\/www.ucaldas.edu.co\/portal\/#\/schema\/logo\/image\/"},"sameAs":["https:\/\/www.facebook.com\/udecaldas","https:\/\/x.com\/udecaldas","https:\/\/www.youtube.com\/universidadcaldas","https:\/\/www.instagram.com\/udecaldas\/"]},{"@type":"Person","@id":"https:\/\/www.ucaldas.edu.co\/portal\/#\/schema\/person\/a1b482e23449158b4bc319926c074fdf","name":"ofiprensa","image":{"@type":"ImageObject","inLanguage":"es","@id":"https:\/\/www.ucaldas.edu.co\/portal\/wp-content\/litespeed\/avatar\/09ea5085e600095a7a811142c6944527.jpg?ver=1777497608","url":"https:\/\/www.ucaldas.edu.co\/portal\/wp-content\/litespeed\/avatar\/09ea5085e600095a7a811142c6944527.jpg?ver=1777497608","contentUrl":"https:\/\/www.ucaldas.edu.co\/portal\/wp-content\/litespeed\/avatar\/09ea5085e600095a7a811142c6944527.jpg?ver=1777497608","caption":"ofiprensa"},"url":"https:\/\/www.ucaldas.edu.co\/portal\/author\/ofiprensa\/"}]}},"_links":{"self":[{"href":"https:\/\/www.ucaldas.edu.co\/portal\/wp-json\/wp\/v2\/posts\/75615","targetHints":{"allow":["GET"]}}],"collection":[{"href":"https:\/\/www.ucaldas.edu.co\/portal\/wp-json\/wp\/v2\/posts"}],"about":[{"href":"https:\/\/www.ucaldas.edu.co\/portal\/wp-json\/wp\/v2\/types\/post"}],"author":[{"embeddable":true,"href":"https:\/\/www.ucaldas.edu.co\/portal\/wp-json\/wp\/v2\/users\/2"}],"replies":[{"embeddable":true,"href":"https:\/\/www.ucaldas.edu.co\/portal\/wp-json\/wp\/v2\/comments?post=75615"}],"version-history":[{"count":0,"href":"https:\/\/www.ucaldas.edu.co\/portal\/wp-json\/wp\/v2\/posts\/75615\/revisions"}],"wp:featuredmedia":[{"embeddable":true,"href":"https:\/\/www.ucaldas.edu.co\/portal\/wp-json\/wp\/v2\/media\/75616"}],"wp:attachment":[{"href":"https:\/\/www.ucaldas.edu.co\/portal\/wp-json\/wp\/v2\/media?parent=75615"}],"wp:term":[{"taxonomy":"category","embeddable":true,"href":"https:\/\/www.ucaldas.edu.co\/portal\/wp-json\/wp\/v2\/categories?post=75615"},{"taxonomy":"post_tag","embeddable":true,"href":"https:\/\/www.ucaldas.edu.co\/portal\/wp-json\/wp\/v2\/tags?post=75615"}],"curies":[{"name":"wp","href":"https:\/\/api.w.org\/{rel}","templated":true}]}}