{"id":75516,"date":"2023-04-13T20:16:13","date_gmt":"2023-04-13T20:16:13","guid":{"rendered":"https:\/\/www.ucaldas.edu.co\/portal\/?p=75516"},"modified":"2023-04-13T20:16:13","modified_gmt":"2023-04-13T20:16:13","slug":"universidad-de-caldas-avanza-con-la-implementacion-de-la-politica-de-educacion-virtual-marco-tulio-jaramillo-salazar","status":"publish","type":"post","link":"https:\/\/www.ucaldas.edu.co\/portal\/universidad-de-caldas-avanza-con-la-implementacion-de-la-politica-de-educacion-virtual-marco-tulio-jaramillo-salazar\/","title":{"rendered":"Universidad de Caldas avanza con la implementaci\u00f3n de la Pol\u00edtica de Educaci\u00f3n Virtual, Marco Tulio Jaramillo Salazar"},"content":{"rendered":"<p><img loading=\"lazy\" decoding=\"async\" class=\"aligncenter size-full wp-image-75517\" src=\"https:\/\/www.ucaldas.edu.co\/portal\/wp-content\/uploads\/2023\/04\/u-virtual.jpg\" alt=\"integrantes mesa u caldas virtual\" width=\"900\" height=\"510\" srcset=\"https:\/\/www.ucaldas.edu.co\/portal\/wp-content\/uploads\/2023\/04\/u-virtual.jpg 900w, https:\/\/www.ucaldas.edu.co\/portal\/wp-content\/uploads\/2023\/04\/u-virtual-300x170.jpg 300w, https:\/\/www.ucaldas.edu.co\/portal\/wp-content\/uploads\/2023\/04\/u-virtual-768x435.jpg 768w\" sizes=\"auto, (max-width: 900px) 100vw, 900px\" \/><\/p>\n<p>Se llev\u00f3 a cabo la instalaci\u00f3n de la Mesa UCaldas Virtual 2023, un espacio integrado por docentes y administrativos que apoyar\u00e1n el desarrollo de estrategias, orientaciones y lineamientos en materia de Educaci\u00f3n Virtual en la Universidad de Caldas.<!--more--><\/p>\n<p>Este espacio nace de la Pol\u00edtica de Educaci\u00f3n Virtual, Marco Tulio Jaramillo Salazar, la cual fue aprobada por el Consejo Superior en el a\u00f1o 2021, con el prop\u00f3sito de implementar programas acad\u00e9micos y actividades de educaci\u00f3n mediadas por herramientas tecnol\u00f3gicas y virtuales.<\/p>\n<p>Eder Pe\u00f1a Quimbaya, docente y coordinador de la Mesa UCaldas Virtual, explica que la Pol\u00edtica de Educaci\u00f3n Virtual pretende identificar fundamentalmente la organizaci\u00f3n de condiciones de calidad en los procesos de ense\u00f1anza y aprendizaje de la oferta curricular de la Universidad, adem\u00e1s de establecer una articulaci\u00f3n entre la formaci\u00f3n virtual con la investigaci\u00f3n y la proyecci\u00f3n universitaria, tomando en cuenta las dimensiones: organizacional, pedag\u00f3gica, comunicativa y tecnol\u00f3gica.<\/p>\n<p>Actualmente, la Pol\u00edtica de Educaci\u00f3n Virtual estableci\u00f3 tres instancias fundamentales que permitir\u00e1n su correcta implementaci\u00f3n en la instituci\u00f3n: Comit\u00e9 Central de Educaci\u00f3n Virtual; Mesa UCaldas Virtual y el Equipo de Trabajo UCaldas Virtual.<\/p>\n<p>El docente pe\u00f1a expres\u00f3 que la Mesa UCaldas Virtual, cuenta con la participaci\u00f3n de todas las facultades, instancias y oficinas de la Universidad de Caldas, en la cual se establecer\u00e1n todos los lineamientos con un grupo interdisciplinario que desarrollar\u00e1 los procesos en esta materia.<\/p>\n<p><strong>Anexo:<\/strong><\/p>\n<p><a href=\"https:\/\/www.ucaldas.edu.co\/portal\/wp-content\/uploads\/2023\/04\/Audio-Eder-Pena-Quimbaya-\u2013-Coordinador-Mesa-UCaldas-Virtual.mp3\"><strong>Audio Eder Pe\u00f1a Quimbaya \u2013 Coordinador Mesa UCaldas Virtual.<\/strong><\/a><\/p>\n<audio class=\"wp-audio-shortcode\" id=\"audio-75516-1\" preload=\"none\" style=\"width: 100%;\" controls=\"controls\"><source type=\"audio\/mpeg\" src=\"https:\/\/www.ucaldas.edu.co\/portal\/wp-content\/uploads\/2023\/04\/Audio-Eder-Pena-Quimbaya-\u2013-Coordinador-Mesa-UCaldas-Virtual.mp3?_=1\" \/><a href=\"https:\/\/www.ucaldas.edu.co\/portal\/wp-content\/uploads\/2023\/04\/Audio-Eder-Pena-Quimbaya-\u2013-Coordinador-Mesa-UCaldas-Virtual.mp3\">https:\/\/www.ucaldas.edu.co\/portal\/wp-content\/uploads\/2023\/04\/Audio-Eder-Pena-Quimbaya-\u2013-Coordinador-Mesa-UCaldas-Virtual.mp3<\/a><\/audio>\n","protected":false},"excerpt":{"rendered":"<p>Se llev\u00f3 a cabo la instalaci\u00f3n de la Mesa UCaldas Virtual 2023, un espacio integrado por docentes y administrativos que apoyar\u00e1n el desarrollo de estrategias, orientaciones y lineamientos en materia de Educaci\u00f3n Virtual en la Universidad de Caldas.<\/p>\n","protected":false},"author":2,"featured_media":75517,"comment_status":"closed","ping_status":"open","sticky":false,"template":"","format":"standard","meta":{"footnotes":""},"categories":[682,48,53],"tags":[9676],"class_list":["post-75516","post","type-post","status-publish","format-standard","has-post-thumbnail","hentry","category-ucaldas-virtual","category-actualidad","category-universidad-al-dia","tag-mesa-ucaldas-virtual"],"yoast_head":"<!-- This site is optimized with the Yoast SEO plugin v27.5 - https:\/\/yoast.com\/product\/yoast-seo-wordpress\/ -->\n<title>Universidad de Caldas avanza con la implementaci\u00f3n de la Pol\u00edtica de Educaci\u00f3n Virtual, Marco Tulio Jaramillo Salazar .<\/title>\n<meta name=\"robots\" content=\"index, follow, max-snippet:-1, max-image-preview:large, max-video-preview:-1\" \/>\n<link rel=\"canonical\" href=\"https:\/\/www.ucaldas.edu.co\/portal\/universidad-de-caldas-avanza-con-la-implementacion-de-la-politica-de-educacion-virtual-marco-tulio-jaramillo-salazar\/\" \/>\n<script type=\"application\/ld+json\" class=\"yoast-schema-graph\">{\"@context\":\"https:\\\/\\\/schema.org\",\"@graph\":[{\"@type\":\"Article\",\"@id\":\"https:\\\/\\\/www.ucaldas.edu.co\\\/portal\\\/universidad-de-caldas-avanza-con-la-implementacion-de-la-politica-de-educacion-virtual-marco-tulio-jaramillo-salazar\\\/#article\",\"isPartOf\":{\"@id\":\"https:\\\/\\\/www.ucaldas.edu.co\\\/portal\\\/universidad-de-caldas-avanza-con-la-implementacion-de-la-politica-de-educacion-virtual-marco-tulio-jaramillo-salazar\\\/\"},\"author\":{\"name\":\"ofiprensa\",\"@id\":\"https:\\\/\\\/www.ucaldas.edu.co\\\/portal\\\/#\\\/schema\\\/person\\\/a1b482e23449158b4bc319926c074fdf\"},\"headline\":\"Universidad de Caldas avanza con la implementaci\u00f3n de la Pol\u00edtica de Educaci\u00f3n Virtual, Marco Tulio Jaramillo Salazar\",\"datePublished\":\"2023-04-13T20:16:13+00:00\",\"mainEntityOfPage\":{\"@id\":\"https:\\\/\\\/www.ucaldas.edu.co\\\/portal\\\/universidad-de-caldas-avanza-con-la-implementacion-de-la-politica-de-educacion-virtual-marco-tulio-jaramillo-salazar\\\/\"},\"wordCount\":297,\"publisher\":{\"@id\":\"https:\\\/\\\/www.ucaldas.edu.co\\\/portal\\\/#organization\"},\"image\":{\"@id\":\"https:\\\/\\\/www.ucaldas.edu.co\\\/portal\\\/universidad-de-caldas-avanza-con-la-implementacion-de-la-politica-de-educacion-virtual-marco-tulio-jaramillo-salazar\\\/#primaryimage\"},\"thumbnailUrl\":\"https:\\\/\\\/www.ucaldas.edu.co\\\/portal\\\/wp-content\\\/uploads\\\/2023\\\/04\\\/u-virtual.jpg\",\"keywords\":[\"Mesa UCaldas Virtual\"],\"articleSection\":[\"UCaldas Virtual\",\"Actualidad\",\"Universidad al D\u00eda\"],\"inLanguage\":\"es\"},{\"@type\":\"WebPage\",\"@id\":\"https:\\\/\\\/www.ucaldas.edu.co\\\/portal\\\/universidad-de-caldas-avanza-con-la-implementacion-de-la-politica-de-educacion-virtual-marco-tulio-jaramillo-salazar\\\/\",\"url\":\"https:\\\/\\\/www.ucaldas.edu.co\\\/portal\\\/universidad-de-caldas-avanza-con-la-implementacion-de-la-politica-de-educacion-virtual-marco-tulio-jaramillo-salazar\\\/\",\"name\":\"Universidad de Caldas avanza con la implementaci\u00f3n de la Pol\u00edtica de Educaci\u00f3n Virtual, Marco Tulio Jaramillo Salazar .\",\"isPartOf\":{\"@id\":\"https:\\\/\\\/www.ucaldas.edu.co\\\/portal\\\/#website\"},\"primaryImageOfPage\":{\"@id\":\"https:\\\/\\\/www.ucaldas.edu.co\\\/portal\\\/universidad-de-caldas-avanza-con-la-implementacion-de-la-politica-de-educacion-virtual-marco-tulio-jaramillo-salazar\\\/#primaryimage\"},\"image\":{\"@id\":\"https:\\\/\\\/www.ucaldas.edu.co\\\/portal\\\/universidad-de-caldas-avanza-con-la-implementacion-de-la-politica-de-educacion-virtual-marco-tulio-jaramillo-salazar\\\/#primaryimage\"},\"thumbnailUrl\":\"https:\\\/\\\/www.ucaldas.edu.co\\\/portal\\\/wp-content\\\/uploads\\\/2023\\\/04\\\/u-virtual.jpg\",\"datePublished\":\"2023-04-13T20:16:13+00:00\",\"breadcrumb\":{\"@id\":\"https:\\\/\\\/www.ucaldas.edu.co\\\/portal\\\/universidad-de-caldas-avanza-con-la-implementacion-de-la-politica-de-educacion-virtual-marco-tulio-jaramillo-salazar\\\/#breadcrumb\"},\"inLanguage\":\"es\",\"potentialAction\":[{\"@type\":\"ReadAction\",\"target\":[\"https:\\\/\\\/www.ucaldas.edu.co\\\/portal\\\/universidad-de-caldas-avanza-con-la-implementacion-de-la-politica-de-educacion-virtual-marco-tulio-jaramillo-salazar\\\/\"]}]},{\"@type\":\"ImageObject\",\"inLanguage\":\"es\",\"@id\":\"https:\\\/\\\/www.ucaldas.edu.co\\\/portal\\\/universidad-de-caldas-avanza-con-la-implementacion-de-la-politica-de-educacion-virtual-marco-tulio-jaramillo-salazar\\\/#primaryimage\",\"url\":\"https:\\\/\\\/www.ucaldas.edu.co\\\/portal\\\/wp-content\\\/uploads\\\/2023\\\/04\\\/u-virtual.jpg\",\"contentUrl\":\"https:\\\/\\\/www.ucaldas.edu.co\\\/portal\\\/wp-content\\\/uploads\\\/2023\\\/04\\\/u-virtual.jpg\",\"width\":900,\"height\":510,\"caption\":\"integrantes mesa u caldas virtual\"},{\"@type\":\"BreadcrumbList\",\"@id\":\"https:\\\/\\\/www.ucaldas.edu.co\\\/portal\\\/universidad-de-caldas-avanza-con-la-implementacion-de-la-politica-de-educacion-virtual-marco-tulio-jaramillo-salazar\\\/#breadcrumb\",\"itemListElement\":[{\"@type\":\"ListItem\",\"position\":1,\"name\":\"Portada\",\"item\":\"https:\\\/\\\/www.ucaldas.edu.co\\\/portal\\\/\"},{\"@type\":\"ListItem\",\"position\":2,\"name\":\"Universidad de Caldas avanza con la implementaci\u00f3n de la Pol\u00edtica de Educaci\u00f3n Virtual, Marco Tulio Jaramillo Salazar\"}]},{\"@type\":\"WebSite\",\"@id\":\"https:\\\/\\\/www.ucaldas.edu.co\\\/portal\\\/#website\",\"url\":\"https:\\\/\\\/www.ucaldas.edu.co\\\/portal\\\/\",\"name\":\"Universidad de Caldas\",\"description\":\"\",\"publisher\":{\"@id\":\"https:\\\/\\\/www.ucaldas.edu.co\\\/portal\\\/#organization\"},\"alternateName\":\"U. de Caldas\",\"potentialAction\":[{\"@type\":\"SearchAction\",\"target\":{\"@type\":\"EntryPoint\",\"urlTemplate\":\"https:\\\/\\\/www.ucaldas.edu.co\\\/portal\\\/?s={search_term_string}\"},\"query-input\":{\"@type\":\"PropertyValueSpecification\",\"valueRequired\":true,\"valueName\":\"search_term_string\"}}],\"inLanguage\":\"es\"},{\"@type\":\"Organization\",\"@id\":\"https:\\\/\\\/www.ucaldas.edu.co\\\/portal\\\/#organization\",\"name\":\"Universidad de Caldas\",\"alternateName\":\"U. de Caldas\",\"url\":\"https:\\\/\\\/www.ucaldas.edu.co\\\/portal\\\/\",\"logo\":{\"@type\":\"ImageObject\",\"inLanguage\":\"es\",\"@id\":\"https:\\\/\\\/www.ucaldas.edu.co\\\/portal\\\/#\\\/schema\\\/logo\\\/image\\\/\",\"url\":\"https:\\\/\\\/www.ucaldas.edu.co\\\/portal\\\/wp-content\\\/uploads\\\/2023\\\/11\\\/Logo_horizontal_oscuroU-2023.png\",\"contentUrl\":\"https:\\\/\\\/www.ucaldas.edu.co\\\/portal\\\/wp-content\\\/uploads\\\/2023\\\/11\\\/Logo_horizontal_oscuroU-2023.png\",\"width\":263,\"height\":101,\"caption\":\"Universidad de Caldas\"},\"image\":{\"@id\":\"https:\\\/\\\/www.ucaldas.edu.co\\\/portal\\\/#\\\/schema\\\/logo\\\/image\\\/\"},\"sameAs\":[\"https:\\\/\\\/www.facebook.com\\\/udecaldas\",\"https:\\\/\\\/x.com\\\/udecaldas\",\"https:\\\/\\\/www.youtube.com\\\/universidadcaldas\",\"https:\\\/\\\/www.instagram.com\\\/udecaldas\\\/\"]},{\"@type\":\"Person\",\"@id\":\"https:\\\/\\\/www.ucaldas.edu.co\\\/portal\\\/#\\\/schema\\\/person\\\/a1b482e23449158b4bc319926c074fdf\",\"name\":\"ofiprensa\",\"image\":{\"@type\":\"ImageObject\",\"inLanguage\":\"es\",\"@id\":\"https:\\\/\\\/www.ucaldas.edu.co\\\/portal\\\/wp-content\\\/litespeed\\\/avatar\\\/09ea5085e600095a7a811142c6944527.jpg?ver=1777497608\",\"url\":\"https:\\\/\\\/www.ucaldas.edu.co\\\/portal\\\/wp-content\\\/litespeed\\\/avatar\\\/09ea5085e600095a7a811142c6944527.jpg?ver=1777497608\",\"contentUrl\":\"https:\\\/\\\/www.ucaldas.edu.co\\\/portal\\\/wp-content\\\/litespeed\\\/avatar\\\/09ea5085e600095a7a811142c6944527.jpg?ver=1777497608\",\"caption\":\"ofiprensa\"},\"url\":\"https:\\\/\\\/www.ucaldas.edu.co\\\/portal\\\/author\\\/ofiprensa\\\/\"}]}<\/script>\n<!-- \/ Yoast SEO plugin. -->","yoast_head_json":{"title":"Universidad de Caldas avanza con la implementaci\u00f3n de la Pol\u00edtica de Educaci\u00f3n Virtual, Marco Tulio Jaramillo Salazar .","robots":{"index":"index","follow":"follow","max-snippet":"max-snippet:-1","max-image-preview":"max-image-preview:large","max-video-preview":"max-video-preview:-1"},"canonical":"https:\/\/www.ucaldas.edu.co\/portal\/universidad-de-caldas-avanza-con-la-implementacion-de-la-politica-de-educacion-virtual-marco-tulio-jaramillo-salazar\/","schema":{"@context":"https:\/\/schema.org","@graph":[{"@type":"Article","@id":"https:\/\/www.ucaldas.edu.co\/portal\/universidad-de-caldas-avanza-con-la-implementacion-de-la-politica-de-educacion-virtual-marco-tulio-jaramillo-salazar\/#article","isPartOf":{"@id":"https:\/\/www.ucaldas.edu.co\/portal\/universidad-de-caldas-avanza-con-la-implementacion-de-la-politica-de-educacion-virtual-marco-tulio-jaramillo-salazar\/"},"author":{"name":"ofiprensa","@id":"https:\/\/www.ucaldas.edu.co\/portal\/#\/schema\/person\/a1b482e23449158b4bc319926c074fdf"},"headline":"Universidad de Caldas avanza con la implementaci\u00f3n de la Pol\u00edtica de Educaci\u00f3n Virtual, Marco Tulio Jaramillo Salazar","datePublished":"2023-04-13T20:16:13+00:00","mainEntityOfPage":{"@id":"https:\/\/www.ucaldas.edu.co\/portal\/universidad-de-caldas-avanza-con-la-implementacion-de-la-politica-de-educacion-virtual-marco-tulio-jaramillo-salazar\/"},"wordCount":297,"publisher":{"@id":"https:\/\/www.ucaldas.edu.co\/portal\/#organization"},"image":{"@id":"https:\/\/www.ucaldas.edu.co\/portal\/universidad-de-caldas-avanza-con-la-implementacion-de-la-politica-de-educacion-virtual-marco-tulio-jaramillo-salazar\/#primaryimage"},"thumbnailUrl":"https:\/\/www.ucaldas.edu.co\/portal\/wp-content\/uploads\/2023\/04\/u-virtual.jpg","keywords":["Mesa UCaldas Virtual"],"articleSection":["UCaldas Virtual","Actualidad","Universidad al D\u00eda"],"inLanguage":"es"},{"@type":"WebPage","@id":"https:\/\/www.ucaldas.edu.co\/portal\/universidad-de-caldas-avanza-con-la-implementacion-de-la-politica-de-educacion-virtual-marco-tulio-jaramillo-salazar\/","url":"https:\/\/www.ucaldas.edu.co\/portal\/universidad-de-caldas-avanza-con-la-implementacion-de-la-politica-de-educacion-virtual-marco-tulio-jaramillo-salazar\/","name":"Universidad de Caldas avanza con la implementaci\u00f3n de la Pol\u00edtica de Educaci\u00f3n Virtual, Marco Tulio Jaramillo Salazar .","isPartOf":{"@id":"https:\/\/www.ucaldas.edu.co\/portal\/#website"},"primaryImageOfPage":{"@id":"https:\/\/www.ucaldas.edu.co\/portal\/universidad-de-caldas-avanza-con-la-implementacion-de-la-politica-de-educacion-virtual-marco-tulio-jaramillo-salazar\/#primaryimage"},"image":{"@id":"https:\/\/www.ucaldas.edu.co\/portal\/universidad-de-caldas-avanza-con-la-implementacion-de-la-politica-de-educacion-virtual-marco-tulio-jaramillo-salazar\/#primaryimage"},"thumbnailUrl":"https:\/\/www.ucaldas.edu.co\/portal\/wp-content\/uploads\/2023\/04\/u-virtual.jpg","datePublished":"2023-04-13T20:16:13+00:00","breadcrumb":{"@id":"https:\/\/www.ucaldas.edu.co\/portal\/universidad-de-caldas-avanza-con-la-implementacion-de-la-politica-de-educacion-virtual-marco-tulio-jaramillo-salazar\/#breadcrumb"},"inLanguage":"es","potentialAction":[{"@type":"ReadAction","target":["https:\/\/www.ucaldas.edu.co\/portal\/universidad-de-caldas-avanza-con-la-implementacion-de-la-politica-de-educacion-virtual-marco-tulio-jaramillo-salazar\/"]}]},{"@type":"ImageObject","inLanguage":"es","@id":"https:\/\/www.ucaldas.edu.co\/portal\/universidad-de-caldas-avanza-con-la-implementacion-de-la-politica-de-educacion-virtual-marco-tulio-jaramillo-salazar\/#primaryimage","url":"https:\/\/www.ucaldas.edu.co\/portal\/wp-content\/uploads\/2023\/04\/u-virtual.jpg","contentUrl":"https:\/\/www.ucaldas.edu.co\/portal\/wp-content\/uploads\/2023\/04\/u-virtual.jpg","width":900,"height":510,"caption":"integrantes mesa u caldas virtual"},{"@type":"BreadcrumbList","@id":"https:\/\/www.ucaldas.edu.co\/portal\/universidad-de-caldas-avanza-con-la-implementacion-de-la-politica-de-educacion-virtual-marco-tulio-jaramillo-salazar\/#breadcrumb","itemListElement":[{"@type":"ListItem","position":1,"name":"Portada","item":"https:\/\/www.ucaldas.edu.co\/portal\/"},{"@type":"ListItem","position":2,"name":"Universidad de Caldas avanza con la implementaci\u00f3n de la Pol\u00edtica de Educaci\u00f3n Virtual, Marco Tulio Jaramillo Salazar"}]},{"@type":"WebSite","@id":"https:\/\/www.ucaldas.edu.co\/portal\/#website","url":"https:\/\/www.ucaldas.edu.co\/portal\/","name":"Universidad de Caldas","description":"","publisher":{"@id":"https:\/\/www.ucaldas.edu.co\/portal\/#organization"},"alternateName":"U. de Caldas","potentialAction":[{"@type":"SearchAction","target":{"@type":"EntryPoint","urlTemplate":"https:\/\/www.ucaldas.edu.co\/portal\/?s={search_term_string}"},"query-input":{"@type":"PropertyValueSpecification","valueRequired":true,"valueName":"search_term_string"}}],"inLanguage":"es"},{"@type":"Organization","@id":"https:\/\/www.ucaldas.edu.co\/portal\/#organization","name":"Universidad de Caldas","alternateName":"U. de Caldas","url":"https:\/\/www.ucaldas.edu.co\/portal\/","logo":{"@type":"ImageObject","inLanguage":"es","@id":"https:\/\/www.ucaldas.edu.co\/portal\/#\/schema\/logo\/image\/","url":"https:\/\/www.ucaldas.edu.co\/portal\/wp-content\/uploads\/2023\/11\/Logo_horizontal_oscuroU-2023.png","contentUrl":"https:\/\/www.ucaldas.edu.co\/portal\/wp-content\/uploads\/2023\/11\/Logo_horizontal_oscuroU-2023.png","width":263,"height":101,"caption":"Universidad de Caldas"},"image":{"@id":"https:\/\/www.ucaldas.edu.co\/portal\/#\/schema\/logo\/image\/"},"sameAs":["https:\/\/www.facebook.com\/udecaldas","https:\/\/x.com\/udecaldas","https:\/\/www.youtube.com\/universidadcaldas","https:\/\/www.instagram.com\/udecaldas\/"]},{"@type":"Person","@id":"https:\/\/www.ucaldas.edu.co\/portal\/#\/schema\/person\/a1b482e23449158b4bc319926c074fdf","name":"ofiprensa","image":{"@type":"ImageObject","inLanguage":"es","@id":"https:\/\/www.ucaldas.edu.co\/portal\/wp-content\/litespeed\/avatar\/09ea5085e600095a7a811142c6944527.jpg?ver=1777497608","url":"https:\/\/www.ucaldas.edu.co\/portal\/wp-content\/litespeed\/avatar\/09ea5085e600095a7a811142c6944527.jpg?ver=1777497608","contentUrl":"https:\/\/www.ucaldas.edu.co\/portal\/wp-content\/litespeed\/avatar\/09ea5085e600095a7a811142c6944527.jpg?ver=1777497608","caption":"ofiprensa"},"url":"https:\/\/www.ucaldas.edu.co\/portal\/author\/ofiprensa\/"}]}},"_links":{"self":[{"href":"https:\/\/www.ucaldas.edu.co\/portal\/wp-json\/wp\/v2\/posts\/75516","targetHints":{"allow":["GET"]}}],"collection":[{"href":"https:\/\/www.ucaldas.edu.co\/portal\/wp-json\/wp\/v2\/posts"}],"about":[{"href":"https:\/\/www.ucaldas.edu.co\/portal\/wp-json\/wp\/v2\/types\/post"}],"author":[{"embeddable":true,"href":"https:\/\/www.ucaldas.edu.co\/portal\/wp-json\/wp\/v2\/users\/2"}],"replies":[{"embeddable":true,"href":"https:\/\/www.ucaldas.edu.co\/portal\/wp-json\/wp\/v2\/comments?post=75516"}],"version-history":[{"count":0,"href":"https:\/\/www.ucaldas.edu.co\/portal\/wp-json\/wp\/v2\/posts\/75516\/revisions"}],"wp:featuredmedia":[{"embeddable":true,"href":"https:\/\/www.ucaldas.edu.co\/portal\/wp-json\/wp\/v2\/media\/75517"}],"wp:attachment":[{"href":"https:\/\/www.ucaldas.edu.co\/portal\/wp-json\/wp\/v2\/media?parent=75516"}],"wp:term":[{"taxonomy":"category","embeddable":true,"href":"https:\/\/www.ucaldas.edu.co\/portal\/wp-json\/wp\/v2\/categories?post=75516"},{"taxonomy":"post_tag","embeddable":true,"href":"https:\/\/www.ucaldas.edu.co\/portal\/wp-json\/wp\/v2\/tags?post=75516"}],"curies":[{"name":"wp","href":"https:\/\/api.w.org\/{rel}","templated":true}]}}