{"id":75233,"date":"2023-03-15T20:32:22","date_gmt":"2023-03-15T20:32:22","guid":{"rendered":"https:\/\/www.ucaldas.edu.co\/portal\/?p=75233"},"modified":"2023-03-15T20:32:22","modified_gmt":"2023-03-15T20:32:22","slug":"nexo-global-2023-dara-nuevas-oportunidades-para-que-jovenes-realicen-pasantias-de-investigacion-en-el-exterior","status":"publish","type":"post","link":"https:\/\/www.ucaldas.edu.co\/portal\/nexo-global-2023-dara-nuevas-oportunidades-para-que-jovenes-realicen-pasantias-de-investigacion-en-el-exterior\/","title":{"rendered":"Nexo Global 2023 dar\u00e1 nuevas oportunidades para que j\u00f3venes realicen pasant\u00edas de investigaci\u00f3n en el exterior"},"content":{"rendered":"<p><img loading=\"lazy\" decoding=\"async\" class=\"aligncenter size-full wp-image-75234\" src=\"https:\/\/www.ucaldas.edu.co\/portal\/wp-content\/uploads\/2023\/03\/nexo.jpg\" alt=\"Nexo global\" width=\"900\" height=\"510\" srcset=\"https:\/\/www.ucaldas.edu.co\/portal\/wp-content\/uploads\/2023\/03\/nexo.jpg 900w, https:\/\/www.ucaldas.edu.co\/portal\/wp-content\/uploads\/2023\/03\/nexo-300x170.jpg 300w, https:\/\/www.ucaldas.edu.co\/portal\/wp-content\/uploads\/2023\/03\/nexo-768x435.jpg 768w\" sizes=\"auto, (max-width: 900px) 100vw, 900px\" \/><\/p>\n<p>Nexo Global 2023 abre nuevamente convocatoria hasta el 30 de marzo para estudiantes de pregrado de carreras del sector Agro de la Universidad de Caldas, quienes tendr\u00e1n la posibilidad de realizar una pasant\u00eda de investigaci\u00f3n durante 3 meses en Estados Unidos.<!--more--><\/p>\n<p>La presente convocatoria se deriva del proyecto \u201cImplementaci\u00f3n Programa de movilidad e intercambio internacional para la realizaci\u00f3n de pasant\u00edas en investigaci\u00f3n en universidades, centros de investigaci\u00f3n o empresas con enfoque en CteI. Caldas\u201d aprobado por el \u00d3rgano Colegiado de Administraci\u00f3n y Decisi\u00f3n (OCAD) del Fondo de Ciencia, Tecnolog\u00eda e Innovaci\u00f3n CTeI \u2013 SGR el d\u00eda 12 de marzo de 2018.<\/p>\n<p>Este proyecto busca fomentar la vocaci\u00f3n cient\u00edfica en j\u00f3venes del departamento de Caldas con excelencia acad\u00e9mica a trav\u00e9s de la realizaci\u00f3n de pasant\u00edas de investigaci\u00f3n en la Universidad de Purdue en West Lafayette, Estados Unidos.<\/p>\n<p>La convocatoria est\u00e1 dirigida a estudiantes de pregrado de Administraci\u00f3n de Empresas Agropecuarias, Ingenier\u00eda Agron\u00f3mica, Ingenier\u00eda de Alimentos, Ingenier\u00eda Mecatr\u00f3nica y Medicina Veterinaria y Zootecnia u otras carreras en \u00e1reas STEM + Ag (Ciencia, Tecnolog\u00eda, Ingenier\u00eda, Matem\u00e1ticas + Ciencias Agropecuarias).<\/p>\n<p>La financiaci\u00f3n cubrir\u00e1 los siguientes aspectos:<\/p>\n<ul>\n<li>Sostenimiento mensual 1.300 USD d\u00f3lares.<\/li>\n<li>Costos de la pasant\u00eda: Hasta la suma establecida por la Universidad, incluye todos los implementos propios de las pasant\u00edas de investigaci\u00f3n.<\/li>\n<li>Curso de idioma.<\/li>\n<li>Tiquetes a\u00e9reos.<\/li>\n<li>Seguro de viaje.<\/li>\n<li>(Gastos asociados al tr\u00e1mite deben ser asumidos por el estudiante como fotos, ex\u00e1menes de sangre, desplazamientos internos, entre otros).<\/li>\n<li>Visas \u2013 Tiquete de desplazamiento a Bogot\u00e1 (Gastos asociados al tr\u00e1mite deben ser asumidos por el estudiante como fotos, ex\u00e1menes de sangre, desplazamientos internos, entre otros).<\/li>\n<li>Sevis<\/li>\n<\/ul>\n<p><a href=\"https:\/\/www.ucaldas.edu.co\/portal\/convocatoria-nexo-global-ucaldas\/\"><strong>Conozca aqu\u00ed la convocatoria completa.<\/strong><\/a><\/p>\n","protected":false},"excerpt":{"rendered":"<p>Nexo Global 2023 abre nuevamente convocatoria hasta el 30 de marzo para estudiantes de pregrado de carreras del sector Agro de la Universidad de Caldas, quienes tendr\u00e1n la posibilidad de realizar una pasant\u00eda de investigaci\u00f3n durante 3 meses en Estados Unidos.<\/p>\n","protected":false},"author":2,"featured_media":75234,"comment_status":"closed","ping_status":"open","sticky":false,"template":"","format":"standard","meta":{"footnotes":""},"categories":[48,53,600,614],"tags":[9658],"class_list":["post-75233","post","type-post","status-publish","format-standard","has-post-thumbnail","hentry","category-actualidad","category-universidad-al-dia","category-ucaldas-regional","category-ucaldas-internacional","tag-nexo-global-2023"],"yoast_head":"<!-- This site is optimized with the Yoast SEO plugin v27.5 - https:\/\/yoast.com\/product\/yoast-seo-wordpress\/ -->\n<title>Nexo Global 2023 dar\u00e1 nuevas oportunidades para que j\u00f3venes realicen pasant\u00edas de investigaci\u00f3n en el exterior .<\/title>\n<meta name=\"robots\" content=\"index, follow, max-snippet:-1, max-image-preview:large, max-video-preview:-1\" \/>\n<link rel=\"canonical\" href=\"https:\/\/www.ucaldas.edu.co\/portal\/nexo-global-2023-dara-nuevas-oportunidades-para-que-jovenes-realicen-pasantias-de-investigacion-en-el-exterior\/\" \/>\n<script type=\"application\/ld+json\" class=\"yoast-schema-graph\">{\"@context\":\"https:\\\/\\\/schema.org\",\"@graph\":[{\"@type\":\"Article\",\"@id\":\"https:\\\/\\\/www.ucaldas.edu.co\\\/portal\\\/nexo-global-2023-dara-nuevas-oportunidades-para-que-jovenes-realicen-pasantias-de-investigacion-en-el-exterior\\\/#article\",\"isPartOf\":{\"@id\":\"https:\\\/\\\/www.ucaldas.edu.co\\\/portal\\\/nexo-global-2023-dara-nuevas-oportunidades-para-que-jovenes-realicen-pasantias-de-investigacion-en-el-exterior\\\/\"},\"author\":{\"name\":\"ofiprensa\",\"@id\":\"https:\\\/\\\/www.ucaldas.edu.co\\\/portal\\\/#\\\/schema\\\/person\\\/a1b482e23449158b4bc319926c074fdf\"},\"headline\":\"Nexo Global 2023 dar\u00e1 nuevas oportunidades para que j\u00f3venes realicen pasant\u00edas de investigaci\u00f3n en el exterior\",\"datePublished\":\"2023-03-15T20:32:22+00:00\",\"mainEntityOfPage\":{\"@id\":\"https:\\\/\\\/www.ucaldas.edu.co\\\/portal\\\/nexo-global-2023-dara-nuevas-oportunidades-para-que-jovenes-realicen-pasantias-de-investigacion-en-el-exterior\\\/\"},\"wordCount\":315,\"publisher\":{\"@id\":\"https:\\\/\\\/www.ucaldas.edu.co\\\/portal\\\/#organization\"},\"image\":{\"@id\":\"https:\\\/\\\/www.ucaldas.edu.co\\\/portal\\\/nexo-global-2023-dara-nuevas-oportunidades-para-que-jovenes-realicen-pasantias-de-investigacion-en-el-exterior\\\/#primaryimage\"},\"thumbnailUrl\":\"https:\\\/\\\/www.ucaldas.edu.co\\\/portal\\\/wp-content\\\/uploads\\\/2023\\\/03\\\/nexo.jpg\",\"keywords\":[\"Nexo global 2023\"],\"articleSection\":[\"Actualidad\",\"Universidad al D\u00eda\",\"UCaldas Regional\",\"Ucaldas Internacional\"],\"inLanguage\":\"es\"},{\"@type\":\"WebPage\",\"@id\":\"https:\\\/\\\/www.ucaldas.edu.co\\\/portal\\\/nexo-global-2023-dara-nuevas-oportunidades-para-que-jovenes-realicen-pasantias-de-investigacion-en-el-exterior\\\/\",\"url\":\"https:\\\/\\\/www.ucaldas.edu.co\\\/portal\\\/nexo-global-2023-dara-nuevas-oportunidades-para-que-jovenes-realicen-pasantias-de-investigacion-en-el-exterior\\\/\",\"name\":\"Nexo Global 2023 dar\u00e1 nuevas oportunidades para que j\u00f3venes realicen pasant\u00edas de investigaci\u00f3n en el exterior .\",\"isPartOf\":{\"@id\":\"https:\\\/\\\/www.ucaldas.edu.co\\\/portal\\\/#website\"},\"primaryImageOfPage\":{\"@id\":\"https:\\\/\\\/www.ucaldas.edu.co\\\/portal\\\/nexo-global-2023-dara-nuevas-oportunidades-para-que-jovenes-realicen-pasantias-de-investigacion-en-el-exterior\\\/#primaryimage\"},\"image\":{\"@id\":\"https:\\\/\\\/www.ucaldas.edu.co\\\/portal\\\/nexo-global-2023-dara-nuevas-oportunidades-para-que-jovenes-realicen-pasantias-de-investigacion-en-el-exterior\\\/#primaryimage\"},\"thumbnailUrl\":\"https:\\\/\\\/www.ucaldas.edu.co\\\/portal\\\/wp-content\\\/uploads\\\/2023\\\/03\\\/nexo.jpg\",\"datePublished\":\"2023-03-15T20:32:22+00:00\",\"breadcrumb\":{\"@id\":\"https:\\\/\\\/www.ucaldas.edu.co\\\/portal\\\/nexo-global-2023-dara-nuevas-oportunidades-para-que-jovenes-realicen-pasantias-de-investigacion-en-el-exterior\\\/#breadcrumb\"},\"inLanguage\":\"es\",\"potentialAction\":[{\"@type\":\"ReadAction\",\"target\":[\"https:\\\/\\\/www.ucaldas.edu.co\\\/portal\\\/nexo-global-2023-dara-nuevas-oportunidades-para-que-jovenes-realicen-pasantias-de-investigacion-en-el-exterior\\\/\"]}]},{\"@type\":\"ImageObject\",\"inLanguage\":\"es\",\"@id\":\"https:\\\/\\\/www.ucaldas.edu.co\\\/portal\\\/nexo-global-2023-dara-nuevas-oportunidades-para-que-jovenes-realicen-pasantias-de-investigacion-en-el-exterior\\\/#primaryimage\",\"url\":\"https:\\\/\\\/www.ucaldas.edu.co\\\/portal\\\/wp-content\\\/uploads\\\/2023\\\/03\\\/nexo.jpg\",\"contentUrl\":\"https:\\\/\\\/www.ucaldas.edu.co\\\/portal\\\/wp-content\\\/uploads\\\/2023\\\/03\\\/nexo.jpg\",\"width\":900,\"height\":510,\"caption\":\"Nexo global\"},{\"@type\":\"BreadcrumbList\",\"@id\":\"https:\\\/\\\/www.ucaldas.edu.co\\\/portal\\\/nexo-global-2023-dara-nuevas-oportunidades-para-que-jovenes-realicen-pasantias-de-investigacion-en-el-exterior\\\/#breadcrumb\",\"itemListElement\":[{\"@type\":\"ListItem\",\"position\":1,\"name\":\"Portada\",\"item\":\"https:\\\/\\\/www.ucaldas.edu.co\\\/portal\\\/\"},{\"@type\":\"ListItem\",\"position\":2,\"name\":\"Nexo Global 2023 dar\u00e1 nuevas oportunidades para que j\u00f3venes realicen pasant\u00edas de investigaci\u00f3n en el exterior\"}]},{\"@type\":\"WebSite\",\"@id\":\"https:\\\/\\\/www.ucaldas.edu.co\\\/portal\\\/#website\",\"url\":\"https:\\\/\\\/www.ucaldas.edu.co\\\/portal\\\/\",\"name\":\"Universidad de Caldas\",\"description\":\"\",\"publisher\":{\"@id\":\"https:\\\/\\\/www.ucaldas.edu.co\\\/portal\\\/#organization\"},\"alternateName\":\"U. de Caldas\",\"potentialAction\":[{\"@type\":\"SearchAction\",\"target\":{\"@type\":\"EntryPoint\",\"urlTemplate\":\"https:\\\/\\\/www.ucaldas.edu.co\\\/portal\\\/?s={search_term_string}\"},\"query-input\":{\"@type\":\"PropertyValueSpecification\",\"valueRequired\":true,\"valueName\":\"search_term_string\"}}],\"inLanguage\":\"es\"},{\"@type\":\"Organization\",\"@id\":\"https:\\\/\\\/www.ucaldas.edu.co\\\/portal\\\/#organization\",\"name\":\"Universidad de Caldas\",\"alternateName\":\"U. de Caldas\",\"url\":\"https:\\\/\\\/www.ucaldas.edu.co\\\/portal\\\/\",\"logo\":{\"@type\":\"ImageObject\",\"inLanguage\":\"es\",\"@id\":\"https:\\\/\\\/www.ucaldas.edu.co\\\/portal\\\/#\\\/schema\\\/logo\\\/image\\\/\",\"url\":\"https:\\\/\\\/www.ucaldas.edu.co\\\/portal\\\/wp-content\\\/uploads\\\/2023\\\/11\\\/Logo_horizontal_oscuroU-2023.png\",\"contentUrl\":\"https:\\\/\\\/www.ucaldas.edu.co\\\/portal\\\/wp-content\\\/uploads\\\/2023\\\/11\\\/Logo_horizontal_oscuroU-2023.png\",\"width\":263,\"height\":101,\"caption\":\"Universidad de Caldas\"},\"image\":{\"@id\":\"https:\\\/\\\/www.ucaldas.edu.co\\\/portal\\\/#\\\/schema\\\/logo\\\/image\\\/\"},\"sameAs\":[\"https:\\\/\\\/www.facebook.com\\\/udecaldas\",\"https:\\\/\\\/x.com\\\/udecaldas\",\"https:\\\/\\\/www.youtube.com\\\/universidadcaldas\",\"https:\\\/\\\/www.instagram.com\\\/udecaldas\\\/\"]},{\"@type\":\"Person\",\"@id\":\"https:\\\/\\\/www.ucaldas.edu.co\\\/portal\\\/#\\\/schema\\\/person\\\/a1b482e23449158b4bc319926c074fdf\",\"name\":\"ofiprensa\",\"image\":{\"@type\":\"ImageObject\",\"inLanguage\":\"es\",\"@id\":\"https:\\\/\\\/www.ucaldas.edu.co\\\/portal\\\/wp-content\\\/litespeed\\\/avatar\\\/09ea5085e600095a7a811142c6944527.jpg?ver=1777497608\",\"url\":\"https:\\\/\\\/www.ucaldas.edu.co\\\/portal\\\/wp-content\\\/litespeed\\\/avatar\\\/09ea5085e600095a7a811142c6944527.jpg?ver=1777497608\",\"contentUrl\":\"https:\\\/\\\/www.ucaldas.edu.co\\\/portal\\\/wp-content\\\/litespeed\\\/avatar\\\/09ea5085e600095a7a811142c6944527.jpg?ver=1777497608\",\"caption\":\"ofiprensa\"},\"url\":\"https:\\\/\\\/www.ucaldas.edu.co\\\/portal\\\/author\\\/ofiprensa\\\/\"}]}<\/script>\n<!-- \/ Yoast SEO plugin. -->","yoast_head_json":{"title":"Nexo Global 2023 dar\u00e1 nuevas oportunidades para que j\u00f3venes realicen pasant\u00edas de investigaci\u00f3n en el exterior .","robots":{"index":"index","follow":"follow","max-snippet":"max-snippet:-1","max-image-preview":"max-image-preview:large","max-video-preview":"max-video-preview:-1"},"canonical":"https:\/\/www.ucaldas.edu.co\/portal\/nexo-global-2023-dara-nuevas-oportunidades-para-que-jovenes-realicen-pasantias-de-investigacion-en-el-exterior\/","schema":{"@context":"https:\/\/schema.org","@graph":[{"@type":"Article","@id":"https:\/\/www.ucaldas.edu.co\/portal\/nexo-global-2023-dara-nuevas-oportunidades-para-que-jovenes-realicen-pasantias-de-investigacion-en-el-exterior\/#article","isPartOf":{"@id":"https:\/\/www.ucaldas.edu.co\/portal\/nexo-global-2023-dara-nuevas-oportunidades-para-que-jovenes-realicen-pasantias-de-investigacion-en-el-exterior\/"},"author":{"name":"ofiprensa","@id":"https:\/\/www.ucaldas.edu.co\/portal\/#\/schema\/person\/a1b482e23449158b4bc319926c074fdf"},"headline":"Nexo Global 2023 dar\u00e1 nuevas oportunidades para que j\u00f3venes realicen pasant\u00edas de investigaci\u00f3n en el exterior","datePublished":"2023-03-15T20:32:22+00:00","mainEntityOfPage":{"@id":"https:\/\/www.ucaldas.edu.co\/portal\/nexo-global-2023-dara-nuevas-oportunidades-para-que-jovenes-realicen-pasantias-de-investigacion-en-el-exterior\/"},"wordCount":315,"publisher":{"@id":"https:\/\/www.ucaldas.edu.co\/portal\/#organization"},"image":{"@id":"https:\/\/www.ucaldas.edu.co\/portal\/nexo-global-2023-dara-nuevas-oportunidades-para-que-jovenes-realicen-pasantias-de-investigacion-en-el-exterior\/#primaryimage"},"thumbnailUrl":"https:\/\/www.ucaldas.edu.co\/portal\/wp-content\/uploads\/2023\/03\/nexo.jpg","keywords":["Nexo global 2023"],"articleSection":["Actualidad","Universidad al D\u00eda","UCaldas Regional","Ucaldas Internacional"],"inLanguage":"es"},{"@type":"WebPage","@id":"https:\/\/www.ucaldas.edu.co\/portal\/nexo-global-2023-dara-nuevas-oportunidades-para-que-jovenes-realicen-pasantias-de-investigacion-en-el-exterior\/","url":"https:\/\/www.ucaldas.edu.co\/portal\/nexo-global-2023-dara-nuevas-oportunidades-para-que-jovenes-realicen-pasantias-de-investigacion-en-el-exterior\/","name":"Nexo Global 2023 dar\u00e1 nuevas oportunidades para que j\u00f3venes realicen pasant\u00edas de investigaci\u00f3n en el exterior .","isPartOf":{"@id":"https:\/\/www.ucaldas.edu.co\/portal\/#website"},"primaryImageOfPage":{"@id":"https:\/\/www.ucaldas.edu.co\/portal\/nexo-global-2023-dara-nuevas-oportunidades-para-que-jovenes-realicen-pasantias-de-investigacion-en-el-exterior\/#primaryimage"},"image":{"@id":"https:\/\/www.ucaldas.edu.co\/portal\/nexo-global-2023-dara-nuevas-oportunidades-para-que-jovenes-realicen-pasantias-de-investigacion-en-el-exterior\/#primaryimage"},"thumbnailUrl":"https:\/\/www.ucaldas.edu.co\/portal\/wp-content\/uploads\/2023\/03\/nexo.jpg","datePublished":"2023-03-15T20:32:22+00:00","breadcrumb":{"@id":"https:\/\/www.ucaldas.edu.co\/portal\/nexo-global-2023-dara-nuevas-oportunidades-para-que-jovenes-realicen-pasantias-de-investigacion-en-el-exterior\/#breadcrumb"},"inLanguage":"es","potentialAction":[{"@type":"ReadAction","target":["https:\/\/www.ucaldas.edu.co\/portal\/nexo-global-2023-dara-nuevas-oportunidades-para-que-jovenes-realicen-pasantias-de-investigacion-en-el-exterior\/"]}]},{"@type":"ImageObject","inLanguage":"es","@id":"https:\/\/www.ucaldas.edu.co\/portal\/nexo-global-2023-dara-nuevas-oportunidades-para-que-jovenes-realicen-pasantias-de-investigacion-en-el-exterior\/#primaryimage","url":"https:\/\/www.ucaldas.edu.co\/portal\/wp-content\/uploads\/2023\/03\/nexo.jpg","contentUrl":"https:\/\/www.ucaldas.edu.co\/portal\/wp-content\/uploads\/2023\/03\/nexo.jpg","width":900,"height":510,"caption":"Nexo global"},{"@type":"BreadcrumbList","@id":"https:\/\/www.ucaldas.edu.co\/portal\/nexo-global-2023-dara-nuevas-oportunidades-para-que-jovenes-realicen-pasantias-de-investigacion-en-el-exterior\/#breadcrumb","itemListElement":[{"@type":"ListItem","position":1,"name":"Portada","item":"https:\/\/www.ucaldas.edu.co\/portal\/"},{"@type":"ListItem","position":2,"name":"Nexo Global 2023 dar\u00e1 nuevas oportunidades para que j\u00f3venes realicen pasant\u00edas de investigaci\u00f3n en el exterior"}]},{"@type":"WebSite","@id":"https:\/\/www.ucaldas.edu.co\/portal\/#website","url":"https:\/\/www.ucaldas.edu.co\/portal\/","name":"Universidad de Caldas","description":"","publisher":{"@id":"https:\/\/www.ucaldas.edu.co\/portal\/#organization"},"alternateName":"U. de Caldas","potentialAction":[{"@type":"SearchAction","target":{"@type":"EntryPoint","urlTemplate":"https:\/\/www.ucaldas.edu.co\/portal\/?s={search_term_string}"},"query-input":{"@type":"PropertyValueSpecification","valueRequired":true,"valueName":"search_term_string"}}],"inLanguage":"es"},{"@type":"Organization","@id":"https:\/\/www.ucaldas.edu.co\/portal\/#organization","name":"Universidad de Caldas","alternateName":"U. de Caldas","url":"https:\/\/www.ucaldas.edu.co\/portal\/","logo":{"@type":"ImageObject","inLanguage":"es","@id":"https:\/\/www.ucaldas.edu.co\/portal\/#\/schema\/logo\/image\/","url":"https:\/\/www.ucaldas.edu.co\/portal\/wp-content\/uploads\/2023\/11\/Logo_horizontal_oscuroU-2023.png","contentUrl":"https:\/\/www.ucaldas.edu.co\/portal\/wp-content\/uploads\/2023\/11\/Logo_horizontal_oscuroU-2023.png","width":263,"height":101,"caption":"Universidad de Caldas"},"image":{"@id":"https:\/\/www.ucaldas.edu.co\/portal\/#\/schema\/logo\/image\/"},"sameAs":["https:\/\/www.facebook.com\/udecaldas","https:\/\/x.com\/udecaldas","https:\/\/www.youtube.com\/universidadcaldas","https:\/\/www.instagram.com\/udecaldas\/"]},{"@type":"Person","@id":"https:\/\/www.ucaldas.edu.co\/portal\/#\/schema\/person\/a1b482e23449158b4bc319926c074fdf","name":"ofiprensa","image":{"@type":"ImageObject","inLanguage":"es","@id":"https:\/\/www.ucaldas.edu.co\/portal\/wp-content\/litespeed\/avatar\/09ea5085e600095a7a811142c6944527.jpg?ver=1777497608","url":"https:\/\/www.ucaldas.edu.co\/portal\/wp-content\/litespeed\/avatar\/09ea5085e600095a7a811142c6944527.jpg?ver=1777497608","contentUrl":"https:\/\/www.ucaldas.edu.co\/portal\/wp-content\/litespeed\/avatar\/09ea5085e600095a7a811142c6944527.jpg?ver=1777497608","caption":"ofiprensa"},"url":"https:\/\/www.ucaldas.edu.co\/portal\/author\/ofiprensa\/"}]}},"_links":{"self":[{"href":"https:\/\/www.ucaldas.edu.co\/portal\/wp-json\/wp\/v2\/posts\/75233","targetHints":{"allow":["GET"]}}],"collection":[{"href":"https:\/\/www.ucaldas.edu.co\/portal\/wp-json\/wp\/v2\/posts"}],"about":[{"href":"https:\/\/www.ucaldas.edu.co\/portal\/wp-json\/wp\/v2\/types\/post"}],"author":[{"embeddable":true,"href":"https:\/\/www.ucaldas.edu.co\/portal\/wp-json\/wp\/v2\/users\/2"}],"replies":[{"embeddable":true,"href":"https:\/\/www.ucaldas.edu.co\/portal\/wp-json\/wp\/v2\/comments?post=75233"}],"version-history":[{"count":0,"href":"https:\/\/www.ucaldas.edu.co\/portal\/wp-json\/wp\/v2\/posts\/75233\/revisions"}],"wp:featuredmedia":[{"embeddable":true,"href":"https:\/\/www.ucaldas.edu.co\/portal\/wp-json\/wp\/v2\/media\/75234"}],"wp:attachment":[{"href":"https:\/\/www.ucaldas.edu.co\/portal\/wp-json\/wp\/v2\/media?parent=75233"}],"wp:term":[{"taxonomy":"category","embeddable":true,"href":"https:\/\/www.ucaldas.edu.co\/portal\/wp-json\/wp\/v2\/categories?post=75233"},{"taxonomy":"post_tag","embeddable":true,"href":"https:\/\/www.ucaldas.edu.co\/portal\/wp-json\/wp\/v2\/tags?post=75233"}],"curies":[{"name":"wp","href":"https:\/\/api.w.org\/{rel}","templated":true}]}}