{"id":75205,"date":"2023-03-13T20:36:53","date_gmt":"2023-03-13T20:36:53","guid":{"rendered":"https:\/\/www.ucaldas.edu.co\/portal\/?p=75205"},"modified":"2023-03-13T20:36:53","modified_gmt":"2023-03-13T20:36:53","slug":"continuan-abiertas-las-convocatorias-del-xxii-festival-internacional-de-la-imagen","status":"publish","type":"post","link":"https:\/\/www.ucaldas.edu.co\/portal\/continuan-abiertas-las-convocatorias-del-xxii-festival-internacional-de-la-imagen\/","title":{"rendered":"Contin\u00faan abiertas las convocatorias del XXII Festival Internacional de la Imagen"},"content":{"rendered":"<p><img loading=\"lazy\" decoding=\"async\" class=\"aligncenter size-full wp-image-75206\" src=\"https:\/\/www.ucaldas.edu.co\/portal\/wp-content\/uploads\/2023\/03\/imagen-fest.jpg\" alt=\"festimagen\" width=\"900\" height=\"510\" srcset=\"https:\/\/www.ucaldas.edu.co\/portal\/wp-content\/uploads\/2023\/03\/imagen-fest.jpg 900w, https:\/\/www.ucaldas.edu.co\/portal\/wp-content\/uploads\/2023\/03\/imagen-fest-300x170.jpg 300w, https:\/\/www.ucaldas.edu.co\/portal\/wp-content\/uploads\/2023\/03\/imagen-fest-768x435.jpg 768w\" sizes=\"auto, (max-width: 900px) 100vw, 900px\" \/><\/p>\n<p>Artistas, dise\u00f1adores e investigadores de todo el pa\u00eds podr\u00e1n aplicar hasta este viernes 17 de marzo con ideas, obras o proyectos en la vig\u00e9sima segunda versi\u00f3n del ImagenFest. Los seleccionados participar\u00e1n en uno de los eventos de cultura digital y artes electr\u00f3nicas m\u00e1s representativos de Latinoam\u00e9rica, que este a\u00f1o se realizar\u00e1 del 29 de mayo al 4 de junio en Manizales y Bogot\u00e1.<!--more-->Las convocatorias del ImagenFest son una oportunidad para que obras o productos de Investigaci\u00f3n + Creaci\u00f3n sean reconocidos en un espacio de referencia acad\u00e9mica del \u00e1mbito internacional, ya que han participado pa\u00edses como Chile, Per\u00fa, Argentina, Estados Unidos, Francia, Espa\u00f1a, Portugal y Nueva Zelanda, entre otros.<\/p>\n<p>Esta versi\u00f3n del Festival Internacional de la Imagen gira en torno al tema XENO Paisajes, espacios no convencionales y ambientes enrarecidos pensados desde la tecnolog\u00eda que las personas o comunidades alteran y transforman para su supervivencia y relacionamiento, una invitaci\u00f3n a escuchar lo que Bruno Latour denomina como el \u201cgrito de la tierra\u201d.<\/p>\n<p>A lo largo de sus 26 a\u00f1os de trayectoria, el Festival, fundado por la Universidad de Caldas y desde 2021 en alianza con la Universidad Jorge Tadeo Lozano de Bogot\u00e1, ha consolidado una red que propicia el relacionamiento e intercambio de experiencias y conocimientos, adem\u00e1s del acercamiento de todos los p\u00fablicos al dise\u00f1o, el arte, la ciencia y la tecnolog\u00eda. Conozca aqu\u00ed los detalles de las diferentes convocatorias y los plazos de inscripci\u00f3n:<\/p>\n<ul>\n<li>Convocatoria acad\u00e9mica: Dirigida a la comunidad acad\u00e9mica, investigadores, profesionales, docentes y estudiantes. Abierta hasta el 17 de marzo de 2023. <a href=\"https:\/\/festivaldelaimagen.com\/es\/academica2023\/\"><strong>Inscripciones.<\/strong><\/a><\/li>\n<li>Convocatoria art\u00edstica: Dirigida a artistas que cuenten con obras en las que est\u00e9 presente el dise\u00f1o, arte sonoro, creaci\u00f3n audiovisual, exhibiciones, conciertos, performance e instalaciones. Abierta hasta el 17 de marzo de 2021. <a href=\"https:\/\/festivaldelaimagen.com\/es\/artistica2023\/\"><strong>Inscripciones<\/strong><\/a><strong>.<\/strong><\/li>\n<\/ul>\n<p>M\u00e1s informaci\u00f3n de las convocatorias: <strong>convocatoria@festivaldelaimagen.com<\/strong><\/p>\n","protected":false},"excerpt":{"rendered":"<p>Artistas, dise\u00f1adores e investigadores de todo el pa\u00eds podr\u00e1n aplicar hasta este viernes 17 de marzo con ideas, obras o proyectos en la vig\u00e9sima segunda versi\u00f3n del ImagenFest. Los seleccionados participar\u00e1n en uno de los eventos de cultura digital y artes electr\u00f3nicas m\u00e1s representativos de Latinoam\u00e9rica, que este a\u00f1o se realizar\u00e1 del 29 de mayo [&hellip;]<\/p>\n","protected":false},"author":2,"featured_media":75206,"comment_status":"closed","ping_status":"open","sticky":false,"template":"","format":"standard","meta":{"footnotes":""},"categories":[48,53,614],"tags":[9657],"class_list":["post-75205","post","type-post","status-publish","format-standard","has-post-thumbnail","hentry","category-actualidad","category-universidad-al-dia","category-ucaldas-internacional","tag-imagenfest"],"yoast_head":"<!-- This site is optimized with the Yoast SEO plugin v27.5 - https:\/\/yoast.com\/product\/yoast-seo-wordpress\/ -->\n<title>Contin\u00faan abiertas las convocatorias del XXII Festival Internacional de la Imagen .<\/title>\n<meta name=\"robots\" content=\"index, follow, max-snippet:-1, max-image-preview:large, max-video-preview:-1\" \/>\n<link rel=\"canonical\" href=\"https:\/\/www.ucaldas.edu.co\/portal\/continuan-abiertas-las-convocatorias-del-xxii-festival-internacional-de-la-imagen\/\" \/>\n<script type=\"application\/ld+json\" class=\"yoast-schema-graph\">{\"@context\":\"https:\\\/\\\/schema.org\",\"@graph\":[{\"@type\":\"Article\",\"@id\":\"https:\\\/\\\/www.ucaldas.edu.co\\\/portal\\\/continuan-abiertas-las-convocatorias-del-xxii-festival-internacional-de-la-imagen\\\/#article\",\"isPartOf\":{\"@id\":\"https:\\\/\\\/www.ucaldas.edu.co\\\/portal\\\/continuan-abiertas-las-convocatorias-del-xxii-festival-internacional-de-la-imagen\\\/\"},\"author\":{\"name\":\"ofiprensa\",\"@id\":\"https:\\\/\\\/www.ucaldas.edu.co\\\/portal\\\/#\\\/schema\\\/person\\\/a1b482e23449158b4bc319926c074fdf\"},\"headline\":\"Contin\u00faan abiertas las convocatorias del XXII Festival Internacional de la Imagen\",\"datePublished\":\"2023-03-13T20:36:53+00:00\",\"mainEntityOfPage\":{\"@id\":\"https:\\\/\\\/www.ucaldas.edu.co\\\/portal\\\/continuan-abiertas-las-convocatorias-del-xxii-festival-internacional-de-la-imagen\\\/\"},\"wordCount\":331,\"publisher\":{\"@id\":\"https:\\\/\\\/www.ucaldas.edu.co\\\/portal\\\/#organization\"},\"image\":{\"@id\":\"https:\\\/\\\/www.ucaldas.edu.co\\\/portal\\\/continuan-abiertas-las-convocatorias-del-xxii-festival-internacional-de-la-imagen\\\/#primaryimage\"},\"thumbnailUrl\":\"https:\\\/\\\/www.ucaldas.edu.co\\\/portal\\\/wp-content\\\/uploads\\\/2023\\\/03\\\/imagen-fest.jpg\",\"keywords\":[\"ImagenFest\"],\"articleSection\":[\"Actualidad\",\"Universidad al D\u00eda\",\"Ucaldas Internacional\"],\"inLanguage\":\"es\"},{\"@type\":\"WebPage\",\"@id\":\"https:\\\/\\\/www.ucaldas.edu.co\\\/portal\\\/continuan-abiertas-las-convocatorias-del-xxii-festival-internacional-de-la-imagen\\\/\",\"url\":\"https:\\\/\\\/www.ucaldas.edu.co\\\/portal\\\/continuan-abiertas-las-convocatorias-del-xxii-festival-internacional-de-la-imagen\\\/\",\"name\":\"Contin\u00faan abiertas las convocatorias del XXII Festival Internacional de la Imagen .\",\"isPartOf\":{\"@id\":\"https:\\\/\\\/www.ucaldas.edu.co\\\/portal\\\/#website\"},\"primaryImageOfPage\":{\"@id\":\"https:\\\/\\\/www.ucaldas.edu.co\\\/portal\\\/continuan-abiertas-las-convocatorias-del-xxii-festival-internacional-de-la-imagen\\\/#primaryimage\"},\"image\":{\"@id\":\"https:\\\/\\\/www.ucaldas.edu.co\\\/portal\\\/continuan-abiertas-las-convocatorias-del-xxii-festival-internacional-de-la-imagen\\\/#primaryimage\"},\"thumbnailUrl\":\"https:\\\/\\\/www.ucaldas.edu.co\\\/portal\\\/wp-content\\\/uploads\\\/2023\\\/03\\\/imagen-fest.jpg\",\"datePublished\":\"2023-03-13T20:36:53+00:00\",\"breadcrumb\":{\"@id\":\"https:\\\/\\\/www.ucaldas.edu.co\\\/portal\\\/continuan-abiertas-las-convocatorias-del-xxii-festival-internacional-de-la-imagen\\\/#breadcrumb\"},\"inLanguage\":\"es\",\"potentialAction\":[{\"@type\":\"ReadAction\",\"target\":[\"https:\\\/\\\/www.ucaldas.edu.co\\\/portal\\\/continuan-abiertas-las-convocatorias-del-xxii-festival-internacional-de-la-imagen\\\/\"]}]},{\"@type\":\"ImageObject\",\"inLanguage\":\"es\",\"@id\":\"https:\\\/\\\/www.ucaldas.edu.co\\\/portal\\\/continuan-abiertas-las-convocatorias-del-xxii-festival-internacional-de-la-imagen\\\/#primaryimage\",\"url\":\"https:\\\/\\\/www.ucaldas.edu.co\\\/portal\\\/wp-content\\\/uploads\\\/2023\\\/03\\\/imagen-fest.jpg\",\"contentUrl\":\"https:\\\/\\\/www.ucaldas.edu.co\\\/portal\\\/wp-content\\\/uploads\\\/2023\\\/03\\\/imagen-fest.jpg\",\"width\":900,\"height\":510,\"caption\":\"festimagen\"},{\"@type\":\"BreadcrumbList\",\"@id\":\"https:\\\/\\\/www.ucaldas.edu.co\\\/portal\\\/continuan-abiertas-las-convocatorias-del-xxii-festival-internacional-de-la-imagen\\\/#breadcrumb\",\"itemListElement\":[{\"@type\":\"ListItem\",\"position\":1,\"name\":\"Portada\",\"item\":\"https:\\\/\\\/www.ucaldas.edu.co\\\/portal\\\/\"},{\"@type\":\"ListItem\",\"position\":2,\"name\":\"Contin\u00faan abiertas las convocatorias del XXII Festival Internacional de la Imagen\"}]},{\"@type\":\"WebSite\",\"@id\":\"https:\\\/\\\/www.ucaldas.edu.co\\\/portal\\\/#website\",\"url\":\"https:\\\/\\\/www.ucaldas.edu.co\\\/portal\\\/\",\"name\":\"Universidad de Caldas\",\"description\":\"\",\"publisher\":{\"@id\":\"https:\\\/\\\/www.ucaldas.edu.co\\\/portal\\\/#organization\"},\"alternateName\":\"U. de Caldas\",\"potentialAction\":[{\"@type\":\"SearchAction\",\"target\":{\"@type\":\"EntryPoint\",\"urlTemplate\":\"https:\\\/\\\/www.ucaldas.edu.co\\\/portal\\\/?s={search_term_string}\"},\"query-input\":{\"@type\":\"PropertyValueSpecification\",\"valueRequired\":true,\"valueName\":\"search_term_string\"}}],\"inLanguage\":\"es\"},{\"@type\":\"Organization\",\"@id\":\"https:\\\/\\\/www.ucaldas.edu.co\\\/portal\\\/#organization\",\"name\":\"Universidad de Caldas\",\"alternateName\":\"U. de Caldas\",\"url\":\"https:\\\/\\\/www.ucaldas.edu.co\\\/portal\\\/\",\"logo\":{\"@type\":\"ImageObject\",\"inLanguage\":\"es\",\"@id\":\"https:\\\/\\\/www.ucaldas.edu.co\\\/portal\\\/#\\\/schema\\\/logo\\\/image\\\/\",\"url\":\"https:\\\/\\\/www.ucaldas.edu.co\\\/portal\\\/wp-content\\\/uploads\\\/2023\\\/11\\\/Logo_horizontal_oscuroU-2023.png\",\"contentUrl\":\"https:\\\/\\\/www.ucaldas.edu.co\\\/portal\\\/wp-content\\\/uploads\\\/2023\\\/11\\\/Logo_horizontal_oscuroU-2023.png\",\"width\":263,\"height\":101,\"caption\":\"Universidad de Caldas\"},\"image\":{\"@id\":\"https:\\\/\\\/www.ucaldas.edu.co\\\/portal\\\/#\\\/schema\\\/logo\\\/image\\\/\"},\"sameAs\":[\"https:\\\/\\\/www.facebook.com\\\/udecaldas\",\"https:\\\/\\\/x.com\\\/udecaldas\",\"https:\\\/\\\/www.youtube.com\\\/universidadcaldas\",\"https:\\\/\\\/www.instagram.com\\\/udecaldas\\\/\"]},{\"@type\":\"Person\",\"@id\":\"https:\\\/\\\/www.ucaldas.edu.co\\\/portal\\\/#\\\/schema\\\/person\\\/a1b482e23449158b4bc319926c074fdf\",\"name\":\"ofiprensa\",\"image\":{\"@type\":\"ImageObject\",\"inLanguage\":\"es\",\"@id\":\"https:\\\/\\\/www.ucaldas.edu.co\\\/portal\\\/wp-content\\\/litespeed\\\/avatar\\\/09ea5085e600095a7a811142c6944527.jpg?ver=1777497608\",\"url\":\"https:\\\/\\\/www.ucaldas.edu.co\\\/portal\\\/wp-content\\\/litespeed\\\/avatar\\\/09ea5085e600095a7a811142c6944527.jpg?ver=1777497608\",\"contentUrl\":\"https:\\\/\\\/www.ucaldas.edu.co\\\/portal\\\/wp-content\\\/litespeed\\\/avatar\\\/09ea5085e600095a7a811142c6944527.jpg?ver=1777497608\",\"caption\":\"ofiprensa\"},\"url\":\"https:\\\/\\\/www.ucaldas.edu.co\\\/portal\\\/author\\\/ofiprensa\\\/\"}]}<\/script>\n<!-- \/ Yoast SEO plugin. -->","yoast_head_json":{"title":"Contin\u00faan abiertas las convocatorias del XXII Festival Internacional de la Imagen .","robots":{"index":"index","follow":"follow","max-snippet":"max-snippet:-1","max-image-preview":"max-image-preview:large","max-video-preview":"max-video-preview:-1"},"canonical":"https:\/\/www.ucaldas.edu.co\/portal\/continuan-abiertas-las-convocatorias-del-xxii-festival-internacional-de-la-imagen\/","schema":{"@context":"https:\/\/schema.org","@graph":[{"@type":"Article","@id":"https:\/\/www.ucaldas.edu.co\/portal\/continuan-abiertas-las-convocatorias-del-xxii-festival-internacional-de-la-imagen\/#article","isPartOf":{"@id":"https:\/\/www.ucaldas.edu.co\/portal\/continuan-abiertas-las-convocatorias-del-xxii-festival-internacional-de-la-imagen\/"},"author":{"name":"ofiprensa","@id":"https:\/\/www.ucaldas.edu.co\/portal\/#\/schema\/person\/a1b482e23449158b4bc319926c074fdf"},"headline":"Contin\u00faan abiertas las convocatorias del XXII Festival Internacional de la Imagen","datePublished":"2023-03-13T20:36:53+00:00","mainEntityOfPage":{"@id":"https:\/\/www.ucaldas.edu.co\/portal\/continuan-abiertas-las-convocatorias-del-xxii-festival-internacional-de-la-imagen\/"},"wordCount":331,"publisher":{"@id":"https:\/\/www.ucaldas.edu.co\/portal\/#organization"},"image":{"@id":"https:\/\/www.ucaldas.edu.co\/portal\/continuan-abiertas-las-convocatorias-del-xxii-festival-internacional-de-la-imagen\/#primaryimage"},"thumbnailUrl":"https:\/\/www.ucaldas.edu.co\/portal\/wp-content\/uploads\/2023\/03\/imagen-fest.jpg","keywords":["ImagenFest"],"articleSection":["Actualidad","Universidad al D\u00eda","Ucaldas Internacional"],"inLanguage":"es"},{"@type":"WebPage","@id":"https:\/\/www.ucaldas.edu.co\/portal\/continuan-abiertas-las-convocatorias-del-xxii-festival-internacional-de-la-imagen\/","url":"https:\/\/www.ucaldas.edu.co\/portal\/continuan-abiertas-las-convocatorias-del-xxii-festival-internacional-de-la-imagen\/","name":"Contin\u00faan abiertas las convocatorias del XXII Festival Internacional de la Imagen .","isPartOf":{"@id":"https:\/\/www.ucaldas.edu.co\/portal\/#website"},"primaryImageOfPage":{"@id":"https:\/\/www.ucaldas.edu.co\/portal\/continuan-abiertas-las-convocatorias-del-xxii-festival-internacional-de-la-imagen\/#primaryimage"},"image":{"@id":"https:\/\/www.ucaldas.edu.co\/portal\/continuan-abiertas-las-convocatorias-del-xxii-festival-internacional-de-la-imagen\/#primaryimage"},"thumbnailUrl":"https:\/\/www.ucaldas.edu.co\/portal\/wp-content\/uploads\/2023\/03\/imagen-fest.jpg","datePublished":"2023-03-13T20:36:53+00:00","breadcrumb":{"@id":"https:\/\/www.ucaldas.edu.co\/portal\/continuan-abiertas-las-convocatorias-del-xxii-festival-internacional-de-la-imagen\/#breadcrumb"},"inLanguage":"es","potentialAction":[{"@type":"ReadAction","target":["https:\/\/www.ucaldas.edu.co\/portal\/continuan-abiertas-las-convocatorias-del-xxii-festival-internacional-de-la-imagen\/"]}]},{"@type":"ImageObject","inLanguage":"es","@id":"https:\/\/www.ucaldas.edu.co\/portal\/continuan-abiertas-las-convocatorias-del-xxii-festival-internacional-de-la-imagen\/#primaryimage","url":"https:\/\/www.ucaldas.edu.co\/portal\/wp-content\/uploads\/2023\/03\/imagen-fest.jpg","contentUrl":"https:\/\/www.ucaldas.edu.co\/portal\/wp-content\/uploads\/2023\/03\/imagen-fest.jpg","width":900,"height":510,"caption":"festimagen"},{"@type":"BreadcrumbList","@id":"https:\/\/www.ucaldas.edu.co\/portal\/continuan-abiertas-las-convocatorias-del-xxii-festival-internacional-de-la-imagen\/#breadcrumb","itemListElement":[{"@type":"ListItem","position":1,"name":"Portada","item":"https:\/\/www.ucaldas.edu.co\/portal\/"},{"@type":"ListItem","position":2,"name":"Contin\u00faan abiertas las convocatorias del XXII Festival Internacional de la Imagen"}]},{"@type":"WebSite","@id":"https:\/\/www.ucaldas.edu.co\/portal\/#website","url":"https:\/\/www.ucaldas.edu.co\/portal\/","name":"Universidad de Caldas","description":"","publisher":{"@id":"https:\/\/www.ucaldas.edu.co\/portal\/#organization"},"alternateName":"U. de Caldas","potentialAction":[{"@type":"SearchAction","target":{"@type":"EntryPoint","urlTemplate":"https:\/\/www.ucaldas.edu.co\/portal\/?s={search_term_string}"},"query-input":{"@type":"PropertyValueSpecification","valueRequired":true,"valueName":"search_term_string"}}],"inLanguage":"es"},{"@type":"Organization","@id":"https:\/\/www.ucaldas.edu.co\/portal\/#organization","name":"Universidad de Caldas","alternateName":"U. de Caldas","url":"https:\/\/www.ucaldas.edu.co\/portal\/","logo":{"@type":"ImageObject","inLanguage":"es","@id":"https:\/\/www.ucaldas.edu.co\/portal\/#\/schema\/logo\/image\/","url":"https:\/\/www.ucaldas.edu.co\/portal\/wp-content\/uploads\/2023\/11\/Logo_horizontal_oscuroU-2023.png","contentUrl":"https:\/\/www.ucaldas.edu.co\/portal\/wp-content\/uploads\/2023\/11\/Logo_horizontal_oscuroU-2023.png","width":263,"height":101,"caption":"Universidad de Caldas"},"image":{"@id":"https:\/\/www.ucaldas.edu.co\/portal\/#\/schema\/logo\/image\/"},"sameAs":["https:\/\/www.facebook.com\/udecaldas","https:\/\/x.com\/udecaldas","https:\/\/www.youtube.com\/universidadcaldas","https:\/\/www.instagram.com\/udecaldas\/"]},{"@type":"Person","@id":"https:\/\/www.ucaldas.edu.co\/portal\/#\/schema\/person\/a1b482e23449158b4bc319926c074fdf","name":"ofiprensa","image":{"@type":"ImageObject","inLanguage":"es","@id":"https:\/\/www.ucaldas.edu.co\/portal\/wp-content\/litespeed\/avatar\/09ea5085e600095a7a811142c6944527.jpg?ver=1777497608","url":"https:\/\/www.ucaldas.edu.co\/portal\/wp-content\/litespeed\/avatar\/09ea5085e600095a7a811142c6944527.jpg?ver=1777497608","contentUrl":"https:\/\/www.ucaldas.edu.co\/portal\/wp-content\/litespeed\/avatar\/09ea5085e600095a7a811142c6944527.jpg?ver=1777497608","caption":"ofiprensa"},"url":"https:\/\/www.ucaldas.edu.co\/portal\/author\/ofiprensa\/"}]}},"_links":{"self":[{"href":"https:\/\/www.ucaldas.edu.co\/portal\/wp-json\/wp\/v2\/posts\/75205","targetHints":{"allow":["GET"]}}],"collection":[{"href":"https:\/\/www.ucaldas.edu.co\/portal\/wp-json\/wp\/v2\/posts"}],"about":[{"href":"https:\/\/www.ucaldas.edu.co\/portal\/wp-json\/wp\/v2\/types\/post"}],"author":[{"embeddable":true,"href":"https:\/\/www.ucaldas.edu.co\/portal\/wp-json\/wp\/v2\/users\/2"}],"replies":[{"embeddable":true,"href":"https:\/\/www.ucaldas.edu.co\/portal\/wp-json\/wp\/v2\/comments?post=75205"}],"version-history":[{"count":0,"href":"https:\/\/www.ucaldas.edu.co\/portal\/wp-json\/wp\/v2\/posts\/75205\/revisions"}],"wp:featuredmedia":[{"embeddable":true,"href":"https:\/\/www.ucaldas.edu.co\/portal\/wp-json\/wp\/v2\/media\/75206"}],"wp:attachment":[{"href":"https:\/\/www.ucaldas.edu.co\/portal\/wp-json\/wp\/v2\/media?parent=75205"}],"wp:term":[{"taxonomy":"category","embeddable":true,"href":"https:\/\/www.ucaldas.edu.co\/portal\/wp-json\/wp\/v2\/categories?post=75205"},{"taxonomy":"post_tag","embeddable":true,"href":"https:\/\/www.ucaldas.edu.co\/portal\/wp-json\/wp\/v2\/tags?post=75205"}],"curies":[{"name":"wp","href":"https:\/\/api.w.org\/{rel}","templated":true}]}}