{"id":75178,"date":"2023-03-09T19:01:40","date_gmt":"2023-03-09T19:01:40","guid":{"rendered":"https:\/\/www.ucaldas.edu.co\/portal\/?p=75178"},"modified":"2023-03-09T20:26:43","modified_gmt":"2023-03-09T20:26:43","slug":"5-087-personas-participaron-de-la-consulta-virtual-para-el-proceso-de-eleccion-de-decanos-y-decanas-de-la-universidad-de-caldas","status":"publish","type":"post","link":"https:\/\/www.ucaldas.edu.co\/portal\/5-087-personas-participaron-de-la-consulta-virtual-para-el-proceso-de-eleccion-de-decanos-y-decanas-de-la-universidad-de-caldas\/","title":{"rendered":"5.087 personas participaron de la Consulta Virtual para el proceso de Elecci\u00f3n de Decanos y Decanas de la Universidad de Caldas"},"content":{"rendered":"<p><img loading=\"lazy\" decoding=\"async\" class=\"aligncenter size-full wp-image-75179\" src=\"https:\/\/www.ucaldas.edu.co\/portal\/wp-content\/uploads\/2023\/03\/IMAGEN-BOLE.png\" alt=\"elecci\u00f3n decanos\" width=\"900\" height=\"510\" srcset=\"https:\/\/www.ucaldas.edu.co\/portal\/wp-content\/uploads\/2023\/03\/IMAGEN-BOLE.png 900w, https:\/\/www.ucaldas.edu.co\/portal\/wp-content\/uploads\/2023\/03\/IMAGEN-BOLE-300x170.png 300w, https:\/\/www.ucaldas.edu.co\/portal\/wp-content\/uploads\/2023\/03\/IMAGEN-BOLE-768x435.png 768w\" sizes=\"auto, (max-width: 900px) 100vw, 900px\" \/><\/p>\n<p>El pasado martes 7 de marzo a las 8 p.m. el Comit\u00e9 Central de Elecciones de la Universidad de Caldas, realiz\u00f3 el cierre oficial de la plataforma de la consulta virtual, correspondiente al proceso de elecci\u00f3n de Decanos y Decanas.<!--more--><\/p>\n<p>En total se registraron 5.087 votos de los estamentos de Estudiantes, Docentes y Egresados inscritos en el censo electoral definitivo, as\u00ed las cosas la consulta virtual arroj\u00f3 los m\u00e1s votados en las Facultades de Artes y Humanidades, Agropecuarias, Ingenieras, Ciencias Exactas y Naturales y Ciencias para la Salud.<\/p>\n<p>Una vez agotado este punto del cronograma del proceso de elecci\u00f3n de Decanos y Decanas, este jueves nueve de marzo el Comit\u00e9 emiti\u00f3 el Acto Administrativo que declara las duplas y califica la formaci\u00f3n acad\u00e9mica y experiencia relacionada. As\u00ed las cosas los candidatos que contin\u00faan en el proceso son:<\/p>\n<p>&nbsp;<\/p>\n<p><strong>Facultad de Artes y Humanidades: <\/strong><\/p>\n<ul>\n<li>Germana Carolina Soler Mill\u00e1n<\/li>\n<li>Claudia Jurado Grisales<\/li>\n<\/ul>\n<p><strong>Facultad de Ciencias Agropecuarias: <\/strong><\/p>\n<ul>\n<li>Sergio Eduardo Linares Villalba<\/li>\n<li>Henry Mesa Echeverri<\/li>\n<\/ul>\n<p><strong>Facultad de Ciencias Exactas y Naturales: <\/strong><\/p>\n<ul>\n<li>Elvira Cristina Ru\u00edz Jim\u00e9nez<\/li>\n<li>Jorge Abel Casta\u00f1eda<\/li>\n<\/ul>\n<p><strong>Facultad de Ciencias para la Salud: <\/strong><\/p>\n<ul>\n<li>Carlos Alberto Villegas Isaza<\/li>\n<li>Carlos Andr\u00e9s Naranjo Galvis<\/li>\n<\/ul>\n<p><strong>Facultad de Ingenier\u00edas: <\/strong><\/p>\n<ul>\n<li>Mar\u00eda Helena Mej\u00eda Salazar<\/li>\n<li>Jos\u00e9 Fernando Castellanos Galeano<\/li>\n<\/ul>\n<p>&nbsp;<\/p>\n<p>Seguidamente se tendr\u00e1 un tiempo de presentaci\u00f3n de recursos y decisi\u00f3n sobre los mismos para posterior enviar las duplas al Rector, quien evaluar\u00e1 sus propuestas program\u00e1ticas, acorde con en el Plan de Acci\u00f3n Institucional y el Plan de Acci\u00f3n de la Facultad y as\u00ed decidir qui\u00e9nes ser\u00e1n los nuevos Decanos y Decanas que estar\u00e1n al frente de dichas dependencias acad\u00e9mico administrativas durante los pr\u00f3ximos cuatro a\u00f1os.<\/p>\n<p><strong><a href=\"https:\/\/www.ucaldas.edu.co\/portal\/secretaria-general-procesos-electorales-elecciones-en-curso-universidad-de-caldas\/\">Consulte los Actos Administrativos por Facultad.<\/a><\/strong><\/p>\n<p><strong><a href=\"https:\/\/www.ucaldas.edu.co\/portal\/wp-content\/uploads\/2022\/11\/Resolucion-Nro-007-Reanudacion-eleccion-de-decanos-Nov-2022.pdf\">Consulte el Cronograma proceso de elecci\u00f3n de Decanos y Decanas<\/a><\/strong><\/p>\n","protected":false},"excerpt":{"rendered":"<p>El pasado martes 7 de marzo a las 8 p.m. el Comit\u00e9 Central de Elecciones de la Universidad de Caldas, realiz\u00f3 el cierre oficial de la plataforma de la consulta virtual, correspondiente al proceso de elecci\u00f3n de Decanos y Decanas.<\/p>\n","protected":false},"author":2,"featured_media":75179,"comment_status":"closed","ping_status":"open","sticky":false,"template":"","format":"standard","meta":{"footnotes":""},"categories":[48,53,620],"tags":[9655],"class_list":["post-75178","post","type-post","status-publish","format-standard","has-post-thumbnail","hentry","category-actualidad","category-universidad-al-dia","category-ucaldas-transparente","tag-eleccion-decanos-decanas"],"yoast_head":"<!-- This site is optimized with the Yoast SEO plugin v27.5 - https:\/\/yoast.com\/product\/yoast-seo-wordpress\/ -->\n<title>5.087 personas participaron de la Consulta Virtual para el proceso de Elecci\u00f3n de Decanos y Decanas de la Universidad de Caldas .<\/title>\n<meta name=\"robots\" content=\"index, follow, max-snippet:-1, max-image-preview:large, max-video-preview:-1\" \/>\n<link rel=\"canonical\" href=\"https:\/\/www.ucaldas.edu.co\/portal\/5-087-personas-participaron-de-la-consulta-virtual-para-el-proceso-de-eleccion-de-decanos-y-decanas-de-la-universidad-de-caldas\/\" \/>\n<script type=\"application\/ld+json\" class=\"yoast-schema-graph\">{\"@context\":\"https:\\\/\\\/schema.org\",\"@graph\":[{\"@type\":\"Article\",\"@id\":\"https:\\\/\\\/www.ucaldas.edu.co\\\/portal\\\/5-087-personas-participaron-de-la-consulta-virtual-para-el-proceso-de-eleccion-de-decanos-y-decanas-de-la-universidad-de-caldas\\\/#article\",\"isPartOf\":{\"@id\":\"https:\\\/\\\/www.ucaldas.edu.co\\\/portal\\\/5-087-personas-participaron-de-la-consulta-virtual-para-el-proceso-de-eleccion-de-decanos-y-decanas-de-la-universidad-de-caldas\\\/\"},\"author\":{\"name\":\"ofiprensa\",\"@id\":\"https:\\\/\\\/www.ucaldas.edu.co\\\/portal\\\/#\\\/schema\\\/person\\\/a1b482e23449158b4bc319926c074fdf\"},\"headline\":\"5.087 personas participaron de la Consulta Virtual para el proceso de Elecci\u00f3n de Decanos y Decanas de la Universidad de Caldas\",\"datePublished\":\"2023-03-09T19:01:40+00:00\",\"dateModified\":\"2023-03-09T20:26:43+00:00\",\"mainEntityOfPage\":{\"@id\":\"https:\\\/\\\/www.ucaldas.edu.co\\\/portal\\\/5-087-personas-participaron-de-la-consulta-virtual-para-el-proceso-de-eleccion-de-decanos-y-decanas-de-la-universidad-de-caldas\\\/\"},\"wordCount\":327,\"publisher\":{\"@id\":\"https:\\\/\\\/www.ucaldas.edu.co\\\/portal\\\/#organization\"},\"image\":{\"@id\":\"https:\\\/\\\/www.ucaldas.edu.co\\\/portal\\\/5-087-personas-participaron-de-la-consulta-virtual-para-el-proceso-de-eleccion-de-decanos-y-decanas-de-la-universidad-de-caldas\\\/#primaryimage\"},\"thumbnailUrl\":\"https:\\\/\\\/www.ucaldas.edu.co\\\/portal\\\/wp-content\\\/uploads\\\/2023\\\/03\\\/IMAGEN-BOLE.png\",\"keywords\":[\"Elecci\u00f3n decanos decanas\"],\"articleSection\":[\"Actualidad\",\"Universidad al D\u00eda\",\"UCaldas Transparente\"],\"inLanguage\":\"es\"},{\"@type\":\"WebPage\",\"@id\":\"https:\\\/\\\/www.ucaldas.edu.co\\\/portal\\\/5-087-personas-participaron-de-la-consulta-virtual-para-el-proceso-de-eleccion-de-decanos-y-decanas-de-la-universidad-de-caldas\\\/\",\"url\":\"https:\\\/\\\/www.ucaldas.edu.co\\\/portal\\\/5-087-personas-participaron-de-la-consulta-virtual-para-el-proceso-de-eleccion-de-decanos-y-decanas-de-la-universidad-de-caldas\\\/\",\"name\":\"5.087 personas participaron de la Consulta Virtual para el proceso de Elecci\u00f3n de Decanos y Decanas de la Universidad de Caldas .\",\"isPartOf\":{\"@id\":\"https:\\\/\\\/www.ucaldas.edu.co\\\/portal\\\/#website\"},\"primaryImageOfPage\":{\"@id\":\"https:\\\/\\\/www.ucaldas.edu.co\\\/portal\\\/5-087-personas-participaron-de-la-consulta-virtual-para-el-proceso-de-eleccion-de-decanos-y-decanas-de-la-universidad-de-caldas\\\/#primaryimage\"},\"image\":{\"@id\":\"https:\\\/\\\/www.ucaldas.edu.co\\\/portal\\\/5-087-personas-participaron-de-la-consulta-virtual-para-el-proceso-de-eleccion-de-decanos-y-decanas-de-la-universidad-de-caldas\\\/#primaryimage\"},\"thumbnailUrl\":\"https:\\\/\\\/www.ucaldas.edu.co\\\/portal\\\/wp-content\\\/uploads\\\/2023\\\/03\\\/IMAGEN-BOLE.png\",\"datePublished\":\"2023-03-09T19:01:40+00:00\",\"dateModified\":\"2023-03-09T20:26:43+00:00\",\"breadcrumb\":{\"@id\":\"https:\\\/\\\/www.ucaldas.edu.co\\\/portal\\\/5-087-personas-participaron-de-la-consulta-virtual-para-el-proceso-de-eleccion-de-decanos-y-decanas-de-la-universidad-de-caldas\\\/#breadcrumb\"},\"inLanguage\":\"es\",\"potentialAction\":[{\"@type\":\"ReadAction\",\"target\":[\"https:\\\/\\\/www.ucaldas.edu.co\\\/portal\\\/5-087-personas-participaron-de-la-consulta-virtual-para-el-proceso-de-eleccion-de-decanos-y-decanas-de-la-universidad-de-caldas\\\/\"]}]},{\"@type\":\"ImageObject\",\"inLanguage\":\"es\",\"@id\":\"https:\\\/\\\/www.ucaldas.edu.co\\\/portal\\\/5-087-personas-participaron-de-la-consulta-virtual-para-el-proceso-de-eleccion-de-decanos-y-decanas-de-la-universidad-de-caldas\\\/#primaryimage\",\"url\":\"https:\\\/\\\/www.ucaldas.edu.co\\\/portal\\\/wp-content\\\/uploads\\\/2023\\\/03\\\/IMAGEN-BOLE.png\",\"contentUrl\":\"https:\\\/\\\/www.ucaldas.edu.co\\\/portal\\\/wp-content\\\/uploads\\\/2023\\\/03\\\/IMAGEN-BOLE.png\",\"width\":900,\"height\":510,\"caption\":\"elecci\u00f3n decanos\"},{\"@type\":\"BreadcrumbList\",\"@id\":\"https:\\\/\\\/www.ucaldas.edu.co\\\/portal\\\/5-087-personas-participaron-de-la-consulta-virtual-para-el-proceso-de-eleccion-de-decanos-y-decanas-de-la-universidad-de-caldas\\\/#breadcrumb\",\"itemListElement\":[{\"@type\":\"ListItem\",\"position\":1,\"name\":\"Portada\",\"item\":\"https:\\\/\\\/www.ucaldas.edu.co\\\/portal\\\/\"},{\"@type\":\"ListItem\",\"position\":2,\"name\":\"5.087 personas participaron de la Consulta Virtual para el proceso de Elecci\u00f3n de Decanos y Decanas de la Universidad de Caldas\"}]},{\"@type\":\"WebSite\",\"@id\":\"https:\\\/\\\/www.ucaldas.edu.co\\\/portal\\\/#website\",\"url\":\"https:\\\/\\\/www.ucaldas.edu.co\\\/portal\\\/\",\"name\":\"Universidad de Caldas\",\"description\":\"\",\"publisher\":{\"@id\":\"https:\\\/\\\/www.ucaldas.edu.co\\\/portal\\\/#organization\"},\"alternateName\":\"U. de Caldas\",\"potentialAction\":[{\"@type\":\"SearchAction\",\"target\":{\"@type\":\"EntryPoint\",\"urlTemplate\":\"https:\\\/\\\/www.ucaldas.edu.co\\\/portal\\\/?s={search_term_string}\"},\"query-input\":{\"@type\":\"PropertyValueSpecification\",\"valueRequired\":true,\"valueName\":\"search_term_string\"}}],\"inLanguage\":\"es\"},{\"@type\":\"Organization\",\"@id\":\"https:\\\/\\\/www.ucaldas.edu.co\\\/portal\\\/#organization\",\"name\":\"Universidad de Caldas\",\"alternateName\":\"U. de Caldas\",\"url\":\"https:\\\/\\\/www.ucaldas.edu.co\\\/portal\\\/\",\"logo\":{\"@type\":\"ImageObject\",\"inLanguage\":\"es\",\"@id\":\"https:\\\/\\\/www.ucaldas.edu.co\\\/portal\\\/#\\\/schema\\\/logo\\\/image\\\/\",\"url\":\"https:\\\/\\\/www.ucaldas.edu.co\\\/portal\\\/wp-content\\\/uploads\\\/2023\\\/11\\\/Logo_horizontal_oscuroU-2023.png\",\"contentUrl\":\"https:\\\/\\\/www.ucaldas.edu.co\\\/portal\\\/wp-content\\\/uploads\\\/2023\\\/11\\\/Logo_horizontal_oscuroU-2023.png\",\"width\":263,\"height\":101,\"caption\":\"Universidad de Caldas\"},\"image\":{\"@id\":\"https:\\\/\\\/www.ucaldas.edu.co\\\/portal\\\/#\\\/schema\\\/logo\\\/image\\\/\"},\"sameAs\":[\"https:\\\/\\\/www.facebook.com\\\/udecaldas\",\"https:\\\/\\\/x.com\\\/udecaldas\",\"https:\\\/\\\/www.youtube.com\\\/universidadcaldas\",\"https:\\\/\\\/www.instagram.com\\\/udecaldas\\\/\"]},{\"@type\":\"Person\",\"@id\":\"https:\\\/\\\/www.ucaldas.edu.co\\\/portal\\\/#\\\/schema\\\/person\\\/a1b482e23449158b4bc319926c074fdf\",\"name\":\"ofiprensa\",\"image\":{\"@type\":\"ImageObject\",\"inLanguage\":\"es\",\"@id\":\"https:\\\/\\\/www.ucaldas.edu.co\\\/portal\\\/wp-content\\\/litespeed\\\/avatar\\\/09ea5085e600095a7a811142c6944527.jpg?ver=1777497608\",\"url\":\"https:\\\/\\\/www.ucaldas.edu.co\\\/portal\\\/wp-content\\\/litespeed\\\/avatar\\\/09ea5085e600095a7a811142c6944527.jpg?ver=1777497608\",\"contentUrl\":\"https:\\\/\\\/www.ucaldas.edu.co\\\/portal\\\/wp-content\\\/litespeed\\\/avatar\\\/09ea5085e600095a7a811142c6944527.jpg?ver=1777497608\",\"caption\":\"ofiprensa\"},\"url\":\"https:\\\/\\\/www.ucaldas.edu.co\\\/portal\\\/author\\\/ofiprensa\\\/\"}]}<\/script>\n<!-- \/ Yoast SEO plugin. -->","yoast_head_json":{"title":"5.087 personas participaron de la Consulta Virtual para el proceso de Elecci\u00f3n de Decanos y Decanas de la Universidad de Caldas .","robots":{"index":"index","follow":"follow","max-snippet":"max-snippet:-1","max-image-preview":"max-image-preview:large","max-video-preview":"max-video-preview:-1"},"canonical":"https:\/\/www.ucaldas.edu.co\/portal\/5-087-personas-participaron-de-la-consulta-virtual-para-el-proceso-de-eleccion-de-decanos-y-decanas-de-la-universidad-de-caldas\/","schema":{"@context":"https:\/\/schema.org","@graph":[{"@type":"Article","@id":"https:\/\/www.ucaldas.edu.co\/portal\/5-087-personas-participaron-de-la-consulta-virtual-para-el-proceso-de-eleccion-de-decanos-y-decanas-de-la-universidad-de-caldas\/#article","isPartOf":{"@id":"https:\/\/www.ucaldas.edu.co\/portal\/5-087-personas-participaron-de-la-consulta-virtual-para-el-proceso-de-eleccion-de-decanos-y-decanas-de-la-universidad-de-caldas\/"},"author":{"name":"ofiprensa","@id":"https:\/\/www.ucaldas.edu.co\/portal\/#\/schema\/person\/a1b482e23449158b4bc319926c074fdf"},"headline":"5.087 personas participaron de la Consulta Virtual para el proceso de Elecci\u00f3n de Decanos y Decanas de la Universidad de Caldas","datePublished":"2023-03-09T19:01:40+00:00","dateModified":"2023-03-09T20:26:43+00:00","mainEntityOfPage":{"@id":"https:\/\/www.ucaldas.edu.co\/portal\/5-087-personas-participaron-de-la-consulta-virtual-para-el-proceso-de-eleccion-de-decanos-y-decanas-de-la-universidad-de-caldas\/"},"wordCount":327,"publisher":{"@id":"https:\/\/www.ucaldas.edu.co\/portal\/#organization"},"image":{"@id":"https:\/\/www.ucaldas.edu.co\/portal\/5-087-personas-participaron-de-la-consulta-virtual-para-el-proceso-de-eleccion-de-decanos-y-decanas-de-la-universidad-de-caldas\/#primaryimage"},"thumbnailUrl":"https:\/\/www.ucaldas.edu.co\/portal\/wp-content\/uploads\/2023\/03\/IMAGEN-BOLE.png","keywords":["Elecci\u00f3n decanos decanas"],"articleSection":["Actualidad","Universidad al D\u00eda","UCaldas Transparente"],"inLanguage":"es"},{"@type":"WebPage","@id":"https:\/\/www.ucaldas.edu.co\/portal\/5-087-personas-participaron-de-la-consulta-virtual-para-el-proceso-de-eleccion-de-decanos-y-decanas-de-la-universidad-de-caldas\/","url":"https:\/\/www.ucaldas.edu.co\/portal\/5-087-personas-participaron-de-la-consulta-virtual-para-el-proceso-de-eleccion-de-decanos-y-decanas-de-la-universidad-de-caldas\/","name":"5.087 personas participaron de la Consulta Virtual para el proceso de Elecci\u00f3n de Decanos y Decanas de la Universidad de Caldas .","isPartOf":{"@id":"https:\/\/www.ucaldas.edu.co\/portal\/#website"},"primaryImageOfPage":{"@id":"https:\/\/www.ucaldas.edu.co\/portal\/5-087-personas-participaron-de-la-consulta-virtual-para-el-proceso-de-eleccion-de-decanos-y-decanas-de-la-universidad-de-caldas\/#primaryimage"},"image":{"@id":"https:\/\/www.ucaldas.edu.co\/portal\/5-087-personas-participaron-de-la-consulta-virtual-para-el-proceso-de-eleccion-de-decanos-y-decanas-de-la-universidad-de-caldas\/#primaryimage"},"thumbnailUrl":"https:\/\/www.ucaldas.edu.co\/portal\/wp-content\/uploads\/2023\/03\/IMAGEN-BOLE.png","datePublished":"2023-03-09T19:01:40+00:00","dateModified":"2023-03-09T20:26:43+00:00","breadcrumb":{"@id":"https:\/\/www.ucaldas.edu.co\/portal\/5-087-personas-participaron-de-la-consulta-virtual-para-el-proceso-de-eleccion-de-decanos-y-decanas-de-la-universidad-de-caldas\/#breadcrumb"},"inLanguage":"es","potentialAction":[{"@type":"ReadAction","target":["https:\/\/www.ucaldas.edu.co\/portal\/5-087-personas-participaron-de-la-consulta-virtual-para-el-proceso-de-eleccion-de-decanos-y-decanas-de-la-universidad-de-caldas\/"]}]},{"@type":"ImageObject","inLanguage":"es","@id":"https:\/\/www.ucaldas.edu.co\/portal\/5-087-personas-participaron-de-la-consulta-virtual-para-el-proceso-de-eleccion-de-decanos-y-decanas-de-la-universidad-de-caldas\/#primaryimage","url":"https:\/\/www.ucaldas.edu.co\/portal\/wp-content\/uploads\/2023\/03\/IMAGEN-BOLE.png","contentUrl":"https:\/\/www.ucaldas.edu.co\/portal\/wp-content\/uploads\/2023\/03\/IMAGEN-BOLE.png","width":900,"height":510,"caption":"elecci\u00f3n decanos"},{"@type":"BreadcrumbList","@id":"https:\/\/www.ucaldas.edu.co\/portal\/5-087-personas-participaron-de-la-consulta-virtual-para-el-proceso-de-eleccion-de-decanos-y-decanas-de-la-universidad-de-caldas\/#breadcrumb","itemListElement":[{"@type":"ListItem","position":1,"name":"Portada","item":"https:\/\/www.ucaldas.edu.co\/portal\/"},{"@type":"ListItem","position":2,"name":"5.087 personas participaron de la Consulta Virtual para el proceso de Elecci\u00f3n de Decanos y Decanas de la Universidad de Caldas"}]},{"@type":"WebSite","@id":"https:\/\/www.ucaldas.edu.co\/portal\/#website","url":"https:\/\/www.ucaldas.edu.co\/portal\/","name":"Universidad de Caldas","description":"","publisher":{"@id":"https:\/\/www.ucaldas.edu.co\/portal\/#organization"},"alternateName":"U. de Caldas","potentialAction":[{"@type":"SearchAction","target":{"@type":"EntryPoint","urlTemplate":"https:\/\/www.ucaldas.edu.co\/portal\/?s={search_term_string}"},"query-input":{"@type":"PropertyValueSpecification","valueRequired":true,"valueName":"search_term_string"}}],"inLanguage":"es"},{"@type":"Organization","@id":"https:\/\/www.ucaldas.edu.co\/portal\/#organization","name":"Universidad de Caldas","alternateName":"U. de Caldas","url":"https:\/\/www.ucaldas.edu.co\/portal\/","logo":{"@type":"ImageObject","inLanguage":"es","@id":"https:\/\/www.ucaldas.edu.co\/portal\/#\/schema\/logo\/image\/","url":"https:\/\/www.ucaldas.edu.co\/portal\/wp-content\/uploads\/2023\/11\/Logo_horizontal_oscuroU-2023.png","contentUrl":"https:\/\/www.ucaldas.edu.co\/portal\/wp-content\/uploads\/2023\/11\/Logo_horizontal_oscuroU-2023.png","width":263,"height":101,"caption":"Universidad de Caldas"},"image":{"@id":"https:\/\/www.ucaldas.edu.co\/portal\/#\/schema\/logo\/image\/"},"sameAs":["https:\/\/www.facebook.com\/udecaldas","https:\/\/x.com\/udecaldas","https:\/\/www.youtube.com\/universidadcaldas","https:\/\/www.instagram.com\/udecaldas\/"]},{"@type":"Person","@id":"https:\/\/www.ucaldas.edu.co\/portal\/#\/schema\/person\/a1b482e23449158b4bc319926c074fdf","name":"ofiprensa","image":{"@type":"ImageObject","inLanguage":"es","@id":"https:\/\/www.ucaldas.edu.co\/portal\/wp-content\/litespeed\/avatar\/09ea5085e600095a7a811142c6944527.jpg?ver=1777497608","url":"https:\/\/www.ucaldas.edu.co\/portal\/wp-content\/litespeed\/avatar\/09ea5085e600095a7a811142c6944527.jpg?ver=1777497608","contentUrl":"https:\/\/www.ucaldas.edu.co\/portal\/wp-content\/litespeed\/avatar\/09ea5085e600095a7a811142c6944527.jpg?ver=1777497608","caption":"ofiprensa"},"url":"https:\/\/www.ucaldas.edu.co\/portal\/author\/ofiprensa\/"}]}},"_links":{"self":[{"href":"https:\/\/www.ucaldas.edu.co\/portal\/wp-json\/wp\/v2\/posts\/75178","targetHints":{"allow":["GET"]}}],"collection":[{"href":"https:\/\/www.ucaldas.edu.co\/portal\/wp-json\/wp\/v2\/posts"}],"about":[{"href":"https:\/\/www.ucaldas.edu.co\/portal\/wp-json\/wp\/v2\/types\/post"}],"author":[{"embeddable":true,"href":"https:\/\/www.ucaldas.edu.co\/portal\/wp-json\/wp\/v2\/users\/2"}],"replies":[{"embeddable":true,"href":"https:\/\/www.ucaldas.edu.co\/portal\/wp-json\/wp\/v2\/comments?post=75178"}],"version-history":[{"count":0,"href":"https:\/\/www.ucaldas.edu.co\/portal\/wp-json\/wp\/v2\/posts\/75178\/revisions"}],"wp:featuredmedia":[{"embeddable":true,"href":"https:\/\/www.ucaldas.edu.co\/portal\/wp-json\/wp\/v2\/media\/75179"}],"wp:attachment":[{"href":"https:\/\/www.ucaldas.edu.co\/portal\/wp-json\/wp\/v2\/media?parent=75178"}],"wp:term":[{"taxonomy":"category","embeddable":true,"href":"https:\/\/www.ucaldas.edu.co\/portal\/wp-json\/wp\/v2\/categories?post=75178"},{"taxonomy":"post_tag","embeddable":true,"href":"https:\/\/www.ucaldas.edu.co\/portal\/wp-json\/wp\/v2\/tags?post=75178"}],"curies":[{"name":"wp","href":"https:\/\/api.w.org\/{rel}","templated":true}]}}