{"id":75132,"date":"2023-03-08T16:28:48","date_gmt":"2023-03-08T16:28:48","guid":{"rendered":"https:\/\/www.ucaldas.edu.co\/portal\/?p=75132"},"modified":"2023-03-09T12:59:55","modified_gmt":"2023-03-09T12:59:55","slug":"con-la-obtencion-del-registro-marcario-del-programa-espanol-para-el-mundo-la-universidad-de-caldas-busca-ser-una-de-las-mejores-instituciones-para-aprender-espanol","status":"publish","type":"post","link":"https:\/\/www.ucaldas.edu.co\/portal\/con-la-obtencion-del-registro-marcario-del-programa-espanol-para-el-mundo-la-universidad-de-caldas-busca-ser-una-de-las-mejores-instituciones-para-aprender-espanol\/","title":{"rendered":"Con la obtenci\u00f3n del registro marcario del programa Espa\u00f1ol para el mundo la Universidad de caldas busca ser una de las mejores instituciones para aprender espa\u00f1ol"},"content":{"rendered":"<p><img loading=\"lazy\" decoding=\"async\" class=\"aligncenter size-full wp-image-75133\" src=\"https:\/\/www.ucaldas.edu.co\/portal\/wp-content\/uploads\/2023\/03\/espanol.jpg\" alt=\"espa\u00f1ol para el mundo\" width=\"900\" height=\"510\" srcset=\"https:\/\/www.ucaldas.edu.co\/portal\/wp-content\/uploads\/2023\/03\/espanol.jpg 900w, https:\/\/www.ucaldas.edu.co\/portal\/wp-content\/uploads\/2023\/03\/espanol-300x170.jpg 300w, https:\/\/www.ucaldas.edu.co\/portal\/wp-content\/uploads\/2023\/03\/espanol-768x435.jpg 768w\" sizes=\"auto, (max-width: 900px) 100vw, 900px\" \/><\/p>\n<p>La Superintendencia de Industria y Comercio otorg\u00f3 por un periodo de 10 a\u00f1os el Registro Marcario al programa Espa\u00f1ol para el Mundo del departamento de Ling\u00fc\u00edstica y Literatura de la Facultad de Artes y Humanidades de la Universidad de Caldas.<!--more--><\/p>\n<p>Espa\u00f1ol para extranjeros, Espa\u00f1ol para el Mundo, es un programa de aprendizaje de la lengua espa\u00f1ola dise\u00f1ado para estudiantes internacionales y ofrece la oportunidad de lograr un dominio del idioma dentro de un contexto comunicativo que les permite alcanzar un nivel LE y L2 de la lengua espa\u00f1ola eficiente y eficaz.<\/p>\n<p>Seg\u00fan la Coordinadora del Programa, Yolanda Pasuy, el registro de marca ratifica que este programa es emblem\u00e1tico para la ciudad, la regi\u00f3n, el pa\u00eds y el mundo y con el registro se obtiene protecci\u00f3n legal, exclusividad, identidad y reconocimiento de los usuarios del mundo que aprenden la lengua espa\u00f1ola en la Universidad de Caldas.<\/p>\n<p>Igualmente agreg\u00f3 que: \u201cEl objetivo es posicionar la ciudad y la Universidad como el mejor destino para aprender espa\u00f1ol, es as\u00ed como la Marca EM Espa\u00f1ol para el mundo, se convierte en un nativo intangible sobre el cual tenemos la propiedad intelectual y la posibilidad de seguir creciendo como una de las mejores instituciones para ense\u00f1ar y aprender espa\u00f1ol\u201d<\/p>\n<p>El proceso para que la Superintendencia de Industria y Comercio otorgar\u00e1 el Registro Marcario duro aproximadamente 10 meses y ya fue entregada la Resoluci\u00f3n #82890 que indica que la Marca EM Espa\u00f1ol para el mundo de la Universidad de Caldas, distingue servicios de la clasificaci\u00f3n internacional que tiene que ver con educaci\u00f3n, formaci\u00f3n, servicios de ense\u00f1anza, de formaci\u00f3n ling\u00fc\u00edstica, servicios de traducci\u00f3n e interpretaci\u00f3n ling\u00fc\u00edstica y ense\u00f1anza de idiomas extranjeros.<\/p>\n<p>En los \u00faltimos a\u00f1os, extranjeros de diferentes partes del mundo como Francia, Alemania, Reino Unido, Nepal, Birmania, China, Indonesia y Estados Unidos, han venido a formarse en la lengua espa\u00f1ola con la Universidad de Caldas y durante el presente semestre son cuatro los j\u00f3venes de pa\u00edses como Alemania, Estados Unidos y Reino Unido los que iniciar\u00e1n el proceso de aprendizaje del espa\u00f1ol en la instituci\u00f3n.<\/p>\n<p><strong>Anexo:<\/strong><\/p>\n<p><a href=\"https:\/\/go.ivoox.com\/rf\/104282701\"><strong>Audio <\/strong><strong>Coordinadora del Programa Espa\u00f1ol para extranjeros, Espa\u00f1ol para el Mundo, Yolanda Pasuy<\/strong><\/a><\/p>\n<p><strong> <iframe loading=\"lazy\" src=\"https:\/\/www.ivoox.com\/player_ej_104282701_6_1.html\" width=\"50%\" height=\"200\" frameborder=\"0\" scrolling=\"no\" allowfullscreen=\"allowfullscreen\"><\/iframe><\/strong><\/p>\n","protected":false},"excerpt":{"rendered":"<p>La Superintendencia de Industria y Comercio otorg\u00f3 por un periodo de 10 a\u00f1os el Registro Marcario al programa Espa\u00f1ol para el Mundo del departamento de Ling\u00fc\u00edstica y Literatura de la Facultad de Artes y Humanidades de la Universidad de Caldas.<\/p>\n","protected":false},"author":2,"featured_media":75133,"comment_status":"closed","ping_status":"open","sticky":false,"template":"","format":"standard","meta":{"footnotes":""},"categories":[48,53,243],"tags":[465],"class_list":["post-75132","post","type-post","status-publish","format-standard","has-post-thumbnail","hentry","category-actualidad","category-universidad-al-dia","category-ucaldas-acreditada","tag-espanol-para-el-mundo"],"yoast_head":"<!-- This site is optimized with the Yoast SEO plugin v27.5 - https:\/\/yoast.com\/product\/yoast-seo-wordpress\/ -->\n<title>Con la obtenci\u00f3n del registro marcario del programa Espa\u00f1ol para el mundo la Universidad de caldas busca ser una de las mejores instituciones para aprender espa\u00f1ol .<\/title>\n<meta name=\"robots\" content=\"index, follow, max-snippet:-1, max-image-preview:large, max-video-preview:-1\" \/>\n<link rel=\"canonical\" href=\"https:\/\/www.ucaldas.edu.co\/portal\/con-la-obtencion-del-registro-marcario-del-programa-espanol-para-el-mundo-la-universidad-de-caldas-busca-ser-una-de-las-mejores-instituciones-para-aprender-espanol\/\" \/>\n<script type=\"application\/ld+json\" class=\"yoast-schema-graph\">{\"@context\":\"https:\\\/\\\/schema.org\",\"@graph\":[{\"@type\":\"Article\",\"@id\":\"https:\\\/\\\/www.ucaldas.edu.co\\\/portal\\\/con-la-obtencion-del-registro-marcario-del-programa-espanol-para-el-mundo-la-universidad-de-caldas-busca-ser-una-de-las-mejores-instituciones-para-aprender-espanol\\\/#article\",\"isPartOf\":{\"@id\":\"https:\\\/\\\/www.ucaldas.edu.co\\\/portal\\\/con-la-obtencion-del-registro-marcario-del-programa-espanol-para-el-mundo-la-universidad-de-caldas-busca-ser-una-de-las-mejores-instituciones-para-aprender-espanol\\\/\"},\"author\":{\"name\":\"ofiprensa\",\"@id\":\"https:\\\/\\\/www.ucaldas.edu.co\\\/portal\\\/#\\\/schema\\\/person\\\/a1b482e23449158b4bc319926c074fdf\"},\"headline\":\"Con la obtenci\u00f3n del registro marcario del programa Espa\u00f1ol para el mundo la Universidad de caldas busca ser una de las mejores instituciones para aprender espa\u00f1ol\",\"datePublished\":\"2023-03-08T16:28:48+00:00\",\"dateModified\":\"2023-03-09T12:59:55+00:00\",\"mainEntityOfPage\":{\"@id\":\"https:\\\/\\\/www.ucaldas.edu.co\\\/portal\\\/con-la-obtencion-del-registro-marcario-del-programa-espanol-para-el-mundo-la-universidad-de-caldas-busca-ser-una-de-las-mejores-instituciones-para-aprender-espanol\\\/\"},\"wordCount\":418,\"publisher\":{\"@id\":\"https:\\\/\\\/www.ucaldas.edu.co\\\/portal\\\/#organization\"},\"image\":{\"@id\":\"https:\\\/\\\/www.ucaldas.edu.co\\\/portal\\\/con-la-obtencion-del-registro-marcario-del-programa-espanol-para-el-mundo-la-universidad-de-caldas-busca-ser-una-de-las-mejores-instituciones-para-aprender-espanol\\\/#primaryimage\"},\"thumbnailUrl\":\"https:\\\/\\\/www.ucaldas.edu.co\\\/portal\\\/wp-content\\\/uploads\\\/2023\\\/03\\\/espanol.jpg\",\"keywords\":[\"espa\u00f1ol para el mundo\"],\"articleSection\":[\"Actualidad\",\"Universidad al D\u00eda\",\"Ucaldas Acreditada\"],\"inLanguage\":\"es\"},{\"@type\":\"WebPage\",\"@id\":\"https:\\\/\\\/www.ucaldas.edu.co\\\/portal\\\/con-la-obtencion-del-registro-marcario-del-programa-espanol-para-el-mundo-la-universidad-de-caldas-busca-ser-una-de-las-mejores-instituciones-para-aprender-espanol\\\/\",\"url\":\"https:\\\/\\\/www.ucaldas.edu.co\\\/portal\\\/con-la-obtencion-del-registro-marcario-del-programa-espanol-para-el-mundo-la-universidad-de-caldas-busca-ser-una-de-las-mejores-instituciones-para-aprender-espanol\\\/\",\"name\":\"Con la obtenci\u00f3n del registro marcario del programa Espa\u00f1ol para el mundo la Universidad de caldas busca ser una de las mejores instituciones para aprender espa\u00f1ol .\",\"isPartOf\":{\"@id\":\"https:\\\/\\\/www.ucaldas.edu.co\\\/portal\\\/#website\"},\"primaryImageOfPage\":{\"@id\":\"https:\\\/\\\/www.ucaldas.edu.co\\\/portal\\\/con-la-obtencion-del-registro-marcario-del-programa-espanol-para-el-mundo-la-universidad-de-caldas-busca-ser-una-de-las-mejores-instituciones-para-aprender-espanol\\\/#primaryimage\"},\"image\":{\"@id\":\"https:\\\/\\\/www.ucaldas.edu.co\\\/portal\\\/con-la-obtencion-del-registro-marcario-del-programa-espanol-para-el-mundo-la-universidad-de-caldas-busca-ser-una-de-las-mejores-instituciones-para-aprender-espanol\\\/#primaryimage\"},\"thumbnailUrl\":\"https:\\\/\\\/www.ucaldas.edu.co\\\/portal\\\/wp-content\\\/uploads\\\/2023\\\/03\\\/espanol.jpg\",\"datePublished\":\"2023-03-08T16:28:48+00:00\",\"dateModified\":\"2023-03-09T12:59:55+00:00\",\"breadcrumb\":{\"@id\":\"https:\\\/\\\/www.ucaldas.edu.co\\\/portal\\\/con-la-obtencion-del-registro-marcario-del-programa-espanol-para-el-mundo-la-universidad-de-caldas-busca-ser-una-de-las-mejores-instituciones-para-aprender-espanol\\\/#breadcrumb\"},\"inLanguage\":\"es\",\"potentialAction\":[{\"@type\":\"ReadAction\",\"target\":[\"https:\\\/\\\/www.ucaldas.edu.co\\\/portal\\\/con-la-obtencion-del-registro-marcario-del-programa-espanol-para-el-mundo-la-universidad-de-caldas-busca-ser-una-de-las-mejores-instituciones-para-aprender-espanol\\\/\"]}]},{\"@type\":\"ImageObject\",\"inLanguage\":\"es\",\"@id\":\"https:\\\/\\\/www.ucaldas.edu.co\\\/portal\\\/con-la-obtencion-del-registro-marcario-del-programa-espanol-para-el-mundo-la-universidad-de-caldas-busca-ser-una-de-las-mejores-instituciones-para-aprender-espanol\\\/#primaryimage\",\"url\":\"https:\\\/\\\/www.ucaldas.edu.co\\\/portal\\\/wp-content\\\/uploads\\\/2023\\\/03\\\/espanol.jpg\",\"contentUrl\":\"https:\\\/\\\/www.ucaldas.edu.co\\\/portal\\\/wp-content\\\/uploads\\\/2023\\\/03\\\/espanol.jpg\",\"width\":900,\"height\":510,\"caption\":\"espa\u00f1ol para el mundo\"},{\"@type\":\"BreadcrumbList\",\"@id\":\"https:\\\/\\\/www.ucaldas.edu.co\\\/portal\\\/con-la-obtencion-del-registro-marcario-del-programa-espanol-para-el-mundo-la-universidad-de-caldas-busca-ser-una-de-las-mejores-instituciones-para-aprender-espanol\\\/#breadcrumb\",\"itemListElement\":[{\"@type\":\"ListItem\",\"position\":1,\"name\":\"Portada\",\"item\":\"https:\\\/\\\/www.ucaldas.edu.co\\\/portal\\\/\"},{\"@type\":\"ListItem\",\"position\":2,\"name\":\"Con la obtenci\u00f3n del registro marcario del programa Espa\u00f1ol para el mundo la Universidad de caldas busca ser una de las mejores instituciones para aprender espa\u00f1ol\"}]},{\"@type\":\"WebSite\",\"@id\":\"https:\\\/\\\/www.ucaldas.edu.co\\\/portal\\\/#website\",\"url\":\"https:\\\/\\\/www.ucaldas.edu.co\\\/portal\\\/\",\"name\":\"Universidad de Caldas\",\"description\":\"\",\"publisher\":{\"@id\":\"https:\\\/\\\/www.ucaldas.edu.co\\\/portal\\\/#organization\"},\"alternateName\":\"U. de Caldas\",\"potentialAction\":[{\"@type\":\"SearchAction\",\"target\":{\"@type\":\"EntryPoint\",\"urlTemplate\":\"https:\\\/\\\/www.ucaldas.edu.co\\\/portal\\\/?s={search_term_string}\"},\"query-input\":{\"@type\":\"PropertyValueSpecification\",\"valueRequired\":true,\"valueName\":\"search_term_string\"}}],\"inLanguage\":\"es\"},{\"@type\":\"Organization\",\"@id\":\"https:\\\/\\\/www.ucaldas.edu.co\\\/portal\\\/#organization\",\"name\":\"Universidad de Caldas\",\"alternateName\":\"U. de Caldas\",\"url\":\"https:\\\/\\\/www.ucaldas.edu.co\\\/portal\\\/\",\"logo\":{\"@type\":\"ImageObject\",\"inLanguage\":\"es\",\"@id\":\"https:\\\/\\\/www.ucaldas.edu.co\\\/portal\\\/#\\\/schema\\\/logo\\\/image\\\/\",\"url\":\"https:\\\/\\\/www.ucaldas.edu.co\\\/portal\\\/wp-content\\\/uploads\\\/2023\\\/11\\\/Logo_horizontal_oscuroU-2023.png\",\"contentUrl\":\"https:\\\/\\\/www.ucaldas.edu.co\\\/portal\\\/wp-content\\\/uploads\\\/2023\\\/11\\\/Logo_horizontal_oscuroU-2023.png\",\"width\":263,\"height\":101,\"caption\":\"Universidad de Caldas\"},\"image\":{\"@id\":\"https:\\\/\\\/www.ucaldas.edu.co\\\/portal\\\/#\\\/schema\\\/logo\\\/image\\\/\"},\"sameAs\":[\"https:\\\/\\\/www.facebook.com\\\/udecaldas\",\"https:\\\/\\\/x.com\\\/udecaldas\",\"https:\\\/\\\/www.youtube.com\\\/universidadcaldas\",\"https:\\\/\\\/www.instagram.com\\\/udecaldas\\\/\"]},{\"@type\":\"Person\",\"@id\":\"https:\\\/\\\/www.ucaldas.edu.co\\\/portal\\\/#\\\/schema\\\/person\\\/a1b482e23449158b4bc319926c074fdf\",\"name\":\"ofiprensa\",\"image\":{\"@type\":\"ImageObject\",\"inLanguage\":\"es\",\"@id\":\"https:\\\/\\\/www.ucaldas.edu.co\\\/portal\\\/wp-content\\\/litespeed\\\/avatar\\\/09ea5085e600095a7a811142c6944527.jpg?ver=1777497608\",\"url\":\"https:\\\/\\\/www.ucaldas.edu.co\\\/portal\\\/wp-content\\\/litespeed\\\/avatar\\\/09ea5085e600095a7a811142c6944527.jpg?ver=1777497608\",\"contentUrl\":\"https:\\\/\\\/www.ucaldas.edu.co\\\/portal\\\/wp-content\\\/litespeed\\\/avatar\\\/09ea5085e600095a7a811142c6944527.jpg?ver=1777497608\",\"caption\":\"ofiprensa\"},\"url\":\"https:\\\/\\\/www.ucaldas.edu.co\\\/portal\\\/author\\\/ofiprensa\\\/\"}]}<\/script>\n<!-- \/ Yoast SEO plugin. -->","yoast_head_json":{"title":"Con la obtenci\u00f3n del registro marcario del programa Espa\u00f1ol para el mundo la Universidad de caldas busca ser una de las mejores instituciones para aprender espa\u00f1ol .","robots":{"index":"index","follow":"follow","max-snippet":"max-snippet:-1","max-image-preview":"max-image-preview:large","max-video-preview":"max-video-preview:-1"},"canonical":"https:\/\/www.ucaldas.edu.co\/portal\/con-la-obtencion-del-registro-marcario-del-programa-espanol-para-el-mundo-la-universidad-de-caldas-busca-ser-una-de-las-mejores-instituciones-para-aprender-espanol\/","schema":{"@context":"https:\/\/schema.org","@graph":[{"@type":"Article","@id":"https:\/\/www.ucaldas.edu.co\/portal\/con-la-obtencion-del-registro-marcario-del-programa-espanol-para-el-mundo-la-universidad-de-caldas-busca-ser-una-de-las-mejores-instituciones-para-aprender-espanol\/#article","isPartOf":{"@id":"https:\/\/www.ucaldas.edu.co\/portal\/con-la-obtencion-del-registro-marcario-del-programa-espanol-para-el-mundo-la-universidad-de-caldas-busca-ser-una-de-las-mejores-instituciones-para-aprender-espanol\/"},"author":{"name":"ofiprensa","@id":"https:\/\/www.ucaldas.edu.co\/portal\/#\/schema\/person\/a1b482e23449158b4bc319926c074fdf"},"headline":"Con la obtenci\u00f3n del registro marcario del programa Espa\u00f1ol para el mundo la Universidad de caldas busca ser una de las mejores instituciones para aprender espa\u00f1ol","datePublished":"2023-03-08T16:28:48+00:00","dateModified":"2023-03-09T12:59:55+00:00","mainEntityOfPage":{"@id":"https:\/\/www.ucaldas.edu.co\/portal\/con-la-obtencion-del-registro-marcario-del-programa-espanol-para-el-mundo-la-universidad-de-caldas-busca-ser-una-de-las-mejores-instituciones-para-aprender-espanol\/"},"wordCount":418,"publisher":{"@id":"https:\/\/www.ucaldas.edu.co\/portal\/#organization"},"image":{"@id":"https:\/\/www.ucaldas.edu.co\/portal\/con-la-obtencion-del-registro-marcario-del-programa-espanol-para-el-mundo-la-universidad-de-caldas-busca-ser-una-de-las-mejores-instituciones-para-aprender-espanol\/#primaryimage"},"thumbnailUrl":"https:\/\/www.ucaldas.edu.co\/portal\/wp-content\/uploads\/2023\/03\/espanol.jpg","keywords":["espa\u00f1ol para el mundo"],"articleSection":["Actualidad","Universidad al D\u00eda","Ucaldas Acreditada"],"inLanguage":"es"},{"@type":"WebPage","@id":"https:\/\/www.ucaldas.edu.co\/portal\/con-la-obtencion-del-registro-marcario-del-programa-espanol-para-el-mundo-la-universidad-de-caldas-busca-ser-una-de-las-mejores-instituciones-para-aprender-espanol\/","url":"https:\/\/www.ucaldas.edu.co\/portal\/con-la-obtencion-del-registro-marcario-del-programa-espanol-para-el-mundo-la-universidad-de-caldas-busca-ser-una-de-las-mejores-instituciones-para-aprender-espanol\/","name":"Con la obtenci\u00f3n del registro marcario del programa Espa\u00f1ol para el mundo la Universidad de caldas busca ser una de las mejores instituciones para aprender espa\u00f1ol .","isPartOf":{"@id":"https:\/\/www.ucaldas.edu.co\/portal\/#website"},"primaryImageOfPage":{"@id":"https:\/\/www.ucaldas.edu.co\/portal\/con-la-obtencion-del-registro-marcario-del-programa-espanol-para-el-mundo-la-universidad-de-caldas-busca-ser-una-de-las-mejores-instituciones-para-aprender-espanol\/#primaryimage"},"image":{"@id":"https:\/\/www.ucaldas.edu.co\/portal\/con-la-obtencion-del-registro-marcario-del-programa-espanol-para-el-mundo-la-universidad-de-caldas-busca-ser-una-de-las-mejores-instituciones-para-aprender-espanol\/#primaryimage"},"thumbnailUrl":"https:\/\/www.ucaldas.edu.co\/portal\/wp-content\/uploads\/2023\/03\/espanol.jpg","datePublished":"2023-03-08T16:28:48+00:00","dateModified":"2023-03-09T12:59:55+00:00","breadcrumb":{"@id":"https:\/\/www.ucaldas.edu.co\/portal\/con-la-obtencion-del-registro-marcario-del-programa-espanol-para-el-mundo-la-universidad-de-caldas-busca-ser-una-de-las-mejores-instituciones-para-aprender-espanol\/#breadcrumb"},"inLanguage":"es","potentialAction":[{"@type":"ReadAction","target":["https:\/\/www.ucaldas.edu.co\/portal\/con-la-obtencion-del-registro-marcario-del-programa-espanol-para-el-mundo-la-universidad-de-caldas-busca-ser-una-de-las-mejores-instituciones-para-aprender-espanol\/"]}]},{"@type":"ImageObject","inLanguage":"es","@id":"https:\/\/www.ucaldas.edu.co\/portal\/con-la-obtencion-del-registro-marcario-del-programa-espanol-para-el-mundo-la-universidad-de-caldas-busca-ser-una-de-las-mejores-instituciones-para-aprender-espanol\/#primaryimage","url":"https:\/\/www.ucaldas.edu.co\/portal\/wp-content\/uploads\/2023\/03\/espanol.jpg","contentUrl":"https:\/\/www.ucaldas.edu.co\/portal\/wp-content\/uploads\/2023\/03\/espanol.jpg","width":900,"height":510,"caption":"espa\u00f1ol para el mundo"},{"@type":"BreadcrumbList","@id":"https:\/\/www.ucaldas.edu.co\/portal\/con-la-obtencion-del-registro-marcario-del-programa-espanol-para-el-mundo-la-universidad-de-caldas-busca-ser-una-de-las-mejores-instituciones-para-aprender-espanol\/#breadcrumb","itemListElement":[{"@type":"ListItem","position":1,"name":"Portada","item":"https:\/\/www.ucaldas.edu.co\/portal\/"},{"@type":"ListItem","position":2,"name":"Con la obtenci\u00f3n del registro marcario del programa Espa\u00f1ol para el mundo la Universidad de caldas busca ser una de las mejores instituciones para aprender espa\u00f1ol"}]},{"@type":"WebSite","@id":"https:\/\/www.ucaldas.edu.co\/portal\/#website","url":"https:\/\/www.ucaldas.edu.co\/portal\/","name":"Universidad de Caldas","description":"","publisher":{"@id":"https:\/\/www.ucaldas.edu.co\/portal\/#organization"},"alternateName":"U. de Caldas","potentialAction":[{"@type":"SearchAction","target":{"@type":"EntryPoint","urlTemplate":"https:\/\/www.ucaldas.edu.co\/portal\/?s={search_term_string}"},"query-input":{"@type":"PropertyValueSpecification","valueRequired":true,"valueName":"search_term_string"}}],"inLanguage":"es"},{"@type":"Organization","@id":"https:\/\/www.ucaldas.edu.co\/portal\/#organization","name":"Universidad de Caldas","alternateName":"U. de Caldas","url":"https:\/\/www.ucaldas.edu.co\/portal\/","logo":{"@type":"ImageObject","inLanguage":"es","@id":"https:\/\/www.ucaldas.edu.co\/portal\/#\/schema\/logo\/image\/","url":"https:\/\/www.ucaldas.edu.co\/portal\/wp-content\/uploads\/2023\/11\/Logo_horizontal_oscuroU-2023.png","contentUrl":"https:\/\/www.ucaldas.edu.co\/portal\/wp-content\/uploads\/2023\/11\/Logo_horizontal_oscuroU-2023.png","width":263,"height":101,"caption":"Universidad de Caldas"},"image":{"@id":"https:\/\/www.ucaldas.edu.co\/portal\/#\/schema\/logo\/image\/"},"sameAs":["https:\/\/www.facebook.com\/udecaldas","https:\/\/x.com\/udecaldas","https:\/\/www.youtube.com\/universidadcaldas","https:\/\/www.instagram.com\/udecaldas\/"]},{"@type":"Person","@id":"https:\/\/www.ucaldas.edu.co\/portal\/#\/schema\/person\/a1b482e23449158b4bc319926c074fdf","name":"ofiprensa","image":{"@type":"ImageObject","inLanguage":"es","@id":"https:\/\/www.ucaldas.edu.co\/portal\/wp-content\/litespeed\/avatar\/09ea5085e600095a7a811142c6944527.jpg?ver=1777497608","url":"https:\/\/www.ucaldas.edu.co\/portal\/wp-content\/litespeed\/avatar\/09ea5085e600095a7a811142c6944527.jpg?ver=1777497608","contentUrl":"https:\/\/www.ucaldas.edu.co\/portal\/wp-content\/litespeed\/avatar\/09ea5085e600095a7a811142c6944527.jpg?ver=1777497608","caption":"ofiprensa"},"url":"https:\/\/www.ucaldas.edu.co\/portal\/author\/ofiprensa\/"}]}},"_links":{"self":[{"href":"https:\/\/www.ucaldas.edu.co\/portal\/wp-json\/wp\/v2\/posts\/75132","targetHints":{"allow":["GET"]}}],"collection":[{"href":"https:\/\/www.ucaldas.edu.co\/portal\/wp-json\/wp\/v2\/posts"}],"about":[{"href":"https:\/\/www.ucaldas.edu.co\/portal\/wp-json\/wp\/v2\/types\/post"}],"author":[{"embeddable":true,"href":"https:\/\/www.ucaldas.edu.co\/portal\/wp-json\/wp\/v2\/users\/2"}],"replies":[{"embeddable":true,"href":"https:\/\/www.ucaldas.edu.co\/portal\/wp-json\/wp\/v2\/comments?post=75132"}],"version-history":[{"count":0,"href":"https:\/\/www.ucaldas.edu.co\/portal\/wp-json\/wp\/v2\/posts\/75132\/revisions"}],"wp:featuredmedia":[{"embeddable":true,"href":"https:\/\/www.ucaldas.edu.co\/portal\/wp-json\/wp\/v2\/media\/75133"}],"wp:attachment":[{"href":"https:\/\/www.ucaldas.edu.co\/portal\/wp-json\/wp\/v2\/media?parent=75132"}],"wp:term":[{"taxonomy":"category","embeddable":true,"href":"https:\/\/www.ucaldas.edu.co\/portal\/wp-json\/wp\/v2\/categories?post=75132"},{"taxonomy":"post_tag","embeddable":true,"href":"https:\/\/www.ucaldas.edu.co\/portal\/wp-json\/wp\/v2\/tags?post=75132"}],"curies":[{"name":"wp","href":"https:\/\/api.w.org\/{rel}","templated":true}]}}