{"id":75078,"date":"2023-03-06T18:57:39","date_gmt":"2023-03-06T18:57:39","guid":{"rendered":"https:\/\/www.ucaldas.edu.co\/portal\/?p=75078"},"modified":"2023-03-06T18:57:39","modified_gmt":"2023-03-06T18:57:39","slug":"periodo-de-vacaciones-de-docentes-personal-administrativo-y-trabajadores-oficiales-durante-semana-santa","status":"publish","type":"post","link":"https:\/\/www.ucaldas.edu.co\/portal\/periodo-de-vacaciones-de-docentes-personal-administrativo-y-trabajadores-oficiales-durante-semana-santa\/","title":{"rendered":"Periodo de vacaciones de docentes, personal administrativo y trabajadores oficiales durante Semana Santa"},"content":{"rendered":"<p><img loading=\"lazy\" decoding=\"async\" class=\"aligncenter size-full wp-image-75079\" src=\"https:\/\/www.ucaldas.edu.co\/portal\/wp-content\/uploads\/2023\/03\/semana-santa.jpg\" alt=\"semana santa\" width=\"900\" height=\"510\" srcset=\"https:\/\/www.ucaldas.edu.co\/portal\/wp-content\/uploads\/2023\/03\/semana-santa.jpg 900w, https:\/\/www.ucaldas.edu.co\/portal\/wp-content\/uploads\/2023\/03\/semana-santa-300x170.jpg 300w, https:\/\/www.ucaldas.edu.co\/portal\/wp-content\/uploads\/2023\/03\/semana-santa-768x435.jpg 768w\" sizes=\"auto, (max-width: 900px) 100vw, 900px\" \/><\/p>\n<p>La Oficina de Gesti\u00f3n Humana de la Universidad de Caldas informa a trav\u00e9s de la Circular 009 de 2023, las fechas establecidas para el periodo vacacional de Semana Santa para docentes y d\u00edas de descanso para personal administrativo y trabajadores oficiales.<!--more--><\/p>\n<p>En el caso de los profesores de la instituci\u00f3n, seg\u00fan lo definido en el Estatuto Docente del Consejo Superior y conforme a lo establecido en el calendario acad\u00e9mico 2023, el receso acad\u00e9mico ser\u00e1 del 3 al 7 de abril. Los d\u00edas de vacaciones no ser\u00e1n acumulables ni deben ser interrumpidos, a excepci\u00f3n de cumplirse la necesidad del servicio.<\/p>\n<p>Seg\u00fan lo anterior, las decanaturas que requieran los servicios de personal docente durante las vacaciones de Semana Santa, deben informar a la Oficina de Gesti\u00f3n Humana a m\u00e1s tardar el viernes 10 de marzo, donde se especifique las novedades.<\/p>\n<p>Por otra parte, el personal administrativo y trabajadores oficiales tendr\u00e1n derecho a disfrutar de tres d\u00edas h\u00e1biles de descanso durante la Semana Santa, los cuales corresponden al 3, 4 y 5 de abril. Al igual que con el personal docente, se debe informar a la Oficina de Gesti\u00f3n Humana las personas que por necesidad del servicio no puedan gozar de este periodo de descanso.<\/p>\n<p><a href=\"https:\/\/www.ucaldas.edu.co\/portal\/wp-content\/uploads\/2023\/03\/CIRCULAR-009-DE-2023.pdf\"><strong>Conozca aqu\u00ed la circular completa.<\/strong><\/a><\/p>\n","protected":false},"excerpt":{"rendered":"<p>La Oficina de Gesti\u00f3n Humana de la Universidad de Caldas informa a trav\u00e9s de la Circular 009 de 2023, las fechas establecidas para el periodo vacacional de Semana Santa para docentes y d\u00edas de descanso para personal administrativo y trabajadores oficiales.<\/p>\n","protected":false},"author":2,"featured_media":75079,"comment_status":"closed","ping_status":"open","sticky":false,"template":"","format":"standard","meta":{"footnotes":""},"categories":[48,53],"tags":[],"class_list":["post-75078","post","type-post","status-publish","format-standard","has-post-thumbnail","hentry","category-actualidad","category-universidad-al-dia"],"yoast_head":"<!-- This site is optimized with the Yoast SEO plugin v27.5 - https:\/\/yoast.com\/product\/yoast-seo-wordpress\/ -->\n<title>Periodo de vacaciones de docentes, personal administrativo y trabajadores oficiales durante Semana Santa .<\/title>\n<meta name=\"robots\" content=\"index, follow, max-snippet:-1, max-image-preview:large, max-video-preview:-1\" \/>\n<link rel=\"canonical\" href=\"https:\/\/www.ucaldas.edu.co\/portal\/periodo-de-vacaciones-de-docentes-personal-administrativo-y-trabajadores-oficiales-durante-semana-santa\/\" \/>\n<script type=\"application\/ld+json\" class=\"yoast-schema-graph\">{\"@context\":\"https:\\\/\\\/schema.org\",\"@graph\":[{\"@type\":\"Article\",\"@id\":\"https:\\\/\\\/www.ucaldas.edu.co\\\/portal\\\/periodo-de-vacaciones-de-docentes-personal-administrativo-y-trabajadores-oficiales-durante-semana-santa\\\/#article\",\"isPartOf\":{\"@id\":\"https:\\\/\\\/www.ucaldas.edu.co\\\/portal\\\/periodo-de-vacaciones-de-docentes-personal-administrativo-y-trabajadores-oficiales-durante-semana-santa\\\/\"},\"author\":{\"name\":\"ofiprensa\",\"@id\":\"https:\\\/\\\/www.ucaldas.edu.co\\\/portal\\\/#\\\/schema\\\/person\\\/a1b482e23449158b4bc319926c074fdf\"},\"headline\":\"Periodo de vacaciones de docentes, personal administrativo y trabajadores oficiales durante Semana Santa\",\"datePublished\":\"2023-03-06T18:57:39+00:00\",\"mainEntityOfPage\":{\"@id\":\"https:\\\/\\\/www.ucaldas.edu.co\\\/portal\\\/periodo-de-vacaciones-de-docentes-personal-administrativo-y-trabajadores-oficiales-durante-semana-santa\\\/\"},\"wordCount\":228,\"publisher\":{\"@id\":\"https:\\\/\\\/www.ucaldas.edu.co\\\/portal\\\/#organization\"},\"image\":{\"@id\":\"https:\\\/\\\/www.ucaldas.edu.co\\\/portal\\\/periodo-de-vacaciones-de-docentes-personal-administrativo-y-trabajadores-oficiales-durante-semana-santa\\\/#primaryimage\"},\"thumbnailUrl\":\"https:\\\/\\\/www.ucaldas.edu.co\\\/portal\\\/wp-content\\\/uploads\\\/2023\\\/03\\\/semana-santa.jpg\",\"articleSection\":[\"Actualidad\",\"Universidad al D\u00eda\"],\"inLanguage\":\"es\"},{\"@type\":\"WebPage\",\"@id\":\"https:\\\/\\\/www.ucaldas.edu.co\\\/portal\\\/periodo-de-vacaciones-de-docentes-personal-administrativo-y-trabajadores-oficiales-durante-semana-santa\\\/\",\"url\":\"https:\\\/\\\/www.ucaldas.edu.co\\\/portal\\\/periodo-de-vacaciones-de-docentes-personal-administrativo-y-trabajadores-oficiales-durante-semana-santa\\\/\",\"name\":\"Periodo de vacaciones de docentes, personal administrativo y trabajadores oficiales durante Semana Santa .\",\"isPartOf\":{\"@id\":\"https:\\\/\\\/www.ucaldas.edu.co\\\/portal\\\/#website\"},\"primaryImageOfPage\":{\"@id\":\"https:\\\/\\\/www.ucaldas.edu.co\\\/portal\\\/periodo-de-vacaciones-de-docentes-personal-administrativo-y-trabajadores-oficiales-durante-semana-santa\\\/#primaryimage\"},\"image\":{\"@id\":\"https:\\\/\\\/www.ucaldas.edu.co\\\/portal\\\/periodo-de-vacaciones-de-docentes-personal-administrativo-y-trabajadores-oficiales-durante-semana-santa\\\/#primaryimage\"},\"thumbnailUrl\":\"https:\\\/\\\/www.ucaldas.edu.co\\\/portal\\\/wp-content\\\/uploads\\\/2023\\\/03\\\/semana-santa.jpg\",\"datePublished\":\"2023-03-06T18:57:39+00:00\",\"breadcrumb\":{\"@id\":\"https:\\\/\\\/www.ucaldas.edu.co\\\/portal\\\/periodo-de-vacaciones-de-docentes-personal-administrativo-y-trabajadores-oficiales-durante-semana-santa\\\/#breadcrumb\"},\"inLanguage\":\"es\",\"potentialAction\":[{\"@type\":\"ReadAction\",\"target\":[\"https:\\\/\\\/www.ucaldas.edu.co\\\/portal\\\/periodo-de-vacaciones-de-docentes-personal-administrativo-y-trabajadores-oficiales-durante-semana-santa\\\/\"]}]},{\"@type\":\"ImageObject\",\"inLanguage\":\"es\",\"@id\":\"https:\\\/\\\/www.ucaldas.edu.co\\\/portal\\\/periodo-de-vacaciones-de-docentes-personal-administrativo-y-trabajadores-oficiales-durante-semana-santa\\\/#primaryimage\",\"url\":\"https:\\\/\\\/www.ucaldas.edu.co\\\/portal\\\/wp-content\\\/uploads\\\/2023\\\/03\\\/semana-santa.jpg\",\"contentUrl\":\"https:\\\/\\\/www.ucaldas.edu.co\\\/portal\\\/wp-content\\\/uploads\\\/2023\\\/03\\\/semana-santa.jpg\",\"width\":900,\"height\":510,\"caption\":\"semana santa\"},{\"@type\":\"BreadcrumbList\",\"@id\":\"https:\\\/\\\/www.ucaldas.edu.co\\\/portal\\\/periodo-de-vacaciones-de-docentes-personal-administrativo-y-trabajadores-oficiales-durante-semana-santa\\\/#breadcrumb\",\"itemListElement\":[{\"@type\":\"ListItem\",\"position\":1,\"name\":\"Portada\",\"item\":\"https:\\\/\\\/www.ucaldas.edu.co\\\/portal\\\/\"},{\"@type\":\"ListItem\",\"position\":2,\"name\":\"Periodo de vacaciones de docentes, personal administrativo y trabajadores oficiales durante Semana Santa\"}]},{\"@type\":\"WebSite\",\"@id\":\"https:\\\/\\\/www.ucaldas.edu.co\\\/portal\\\/#website\",\"url\":\"https:\\\/\\\/www.ucaldas.edu.co\\\/portal\\\/\",\"name\":\"Universidad de Caldas\",\"description\":\"\",\"publisher\":{\"@id\":\"https:\\\/\\\/www.ucaldas.edu.co\\\/portal\\\/#organization\"},\"alternateName\":\"U. de Caldas\",\"potentialAction\":[{\"@type\":\"SearchAction\",\"target\":{\"@type\":\"EntryPoint\",\"urlTemplate\":\"https:\\\/\\\/www.ucaldas.edu.co\\\/portal\\\/?s={search_term_string}\"},\"query-input\":{\"@type\":\"PropertyValueSpecification\",\"valueRequired\":true,\"valueName\":\"search_term_string\"}}],\"inLanguage\":\"es\"},{\"@type\":\"Organization\",\"@id\":\"https:\\\/\\\/www.ucaldas.edu.co\\\/portal\\\/#organization\",\"name\":\"Universidad de Caldas\",\"alternateName\":\"U. de Caldas\",\"url\":\"https:\\\/\\\/www.ucaldas.edu.co\\\/portal\\\/\",\"logo\":{\"@type\":\"ImageObject\",\"inLanguage\":\"es\",\"@id\":\"https:\\\/\\\/www.ucaldas.edu.co\\\/portal\\\/#\\\/schema\\\/logo\\\/image\\\/\",\"url\":\"https:\\\/\\\/www.ucaldas.edu.co\\\/portal\\\/wp-content\\\/uploads\\\/2023\\\/11\\\/Logo_horizontal_oscuroU-2023.png\",\"contentUrl\":\"https:\\\/\\\/www.ucaldas.edu.co\\\/portal\\\/wp-content\\\/uploads\\\/2023\\\/11\\\/Logo_horizontal_oscuroU-2023.png\",\"width\":263,\"height\":101,\"caption\":\"Universidad de Caldas\"},\"image\":{\"@id\":\"https:\\\/\\\/www.ucaldas.edu.co\\\/portal\\\/#\\\/schema\\\/logo\\\/image\\\/\"},\"sameAs\":[\"https:\\\/\\\/www.facebook.com\\\/udecaldas\",\"https:\\\/\\\/x.com\\\/udecaldas\",\"https:\\\/\\\/www.youtube.com\\\/universidadcaldas\",\"https:\\\/\\\/www.instagram.com\\\/udecaldas\\\/\"]},{\"@type\":\"Person\",\"@id\":\"https:\\\/\\\/www.ucaldas.edu.co\\\/portal\\\/#\\\/schema\\\/person\\\/a1b482e23449158b4bc319926c074fdf\",\"name\":\"ofiprensa\",\"image\":{\"@type\":\"ImageObject\",\"inLanguage\":\"es\",\"@id\":\"https:\\\/\\\/www.ucaldas.edu.co\\\/portal\\\/wp-content\\\/litespeed\\\/avatar\\\/09ea5085e600095a7a811142c6944527.jpg?ver=1777497608\",\"url\":\"https:\\\/\\\/www.ucaldas.edu.co\\\/portal\\\/wp-content\\\/litespeed\\\/avatar\\\/09ea5085e600095a7a811142c6944527.jpg?ver=1777497608\",\"contentUrl\":\"https:\\\/\\\/www.ucaldas.edu.co\\\/portal\\\/wp-content\\\/litespeed\\\/avatar\\\/09ea5085e600095a7a811142c6944527.jpg?ver=1777497608\",\"caption\":\"ofiprensa\"},\"url\":\"https:\\\/\\\/www.ucaldas.edu.co\\\/portal\\\/author\\\/ofiprensa\\\/\"}]}<\/script>\n<!-- \/ Yoast SEO plugin. -->","yoast_head_json":{"title":"Periodo de vacaciones de docentes, personal administrativo y trabajadores oficiales durante Semana Santa .","robots":{"index":"index","follow":"follow","max-snippet":"max-snippet:-1","max-image-preview":"max-image-preview:large","max-video-preview":"max-video-preview:-1"},"canonical":"https:\/\/www.ucaldas.edu.co\/portal\/periodo-de-vacaciones-de-docentes-personal-administrativo-y-trabajadores-oficiales-durante-semana-santa\/","schema":{"@context":"https:\/\/schema.org","@graph":[{"@type":"Article","@id":"https:\/\/www.ucaldas.edu.co\/portal\/periodo-de-vacaciones-de-docentes-personal-administrativo-y-trabajadores-oficiales-durante-semana-santa\/#article","isPartOf":{"@id":"https:\/\/www.ucaldas.edu.co\/portal\/periodo-de-vacaciones-de-docentes-personal-administrativo-y-trabajadores-oficiales-durante-semana-santa\/"},"author":{"name":"ofiprensa","@id":"https:\/\/www.ucaldas.edu.co\/portal\/#\/schema\/person\/a1b482e23449158b4bc319926c074fdf"},"headline":"Periodo de vacaciones de docentes, personal administrativo y trabajadores oficiales durante Semana Santa","datePublished":"2023-03-06T18:57:39+00:00","mainEntityOfPage":{"@id":"https:\/\/www.ucaldas.edu.co\/portal\/periodo-de-vacaciones-de-docentes-personal-administrativo-y-trabajadores-oficiales-durante-semana-santa\/"},"wordCount":228,"publisher":{"@id":"https:\/\/www.ucaldas.edu.co\/portal\/#organization"},"image":{"@id":"https:\/\/www.ucaldas.edu.co\/portal\/periodo-de-vacaciones-de-docentes-personal-administrativo-y-trabajadores-oficiales-durante-semana-santa\/#primaryimage"},"thumbnailUrl":"https:\/\/www.ucaldas.edu.co\/portal\/wp-content\/uploads\/2023\/03\/semana-santa.jpg","articleSection":["Actualidad","Universidad al D\u00eda"],"inLanguage":"es"},{"@type":"WebPage","@id":"https:\/\/www.ucaldas.edu.co\/portal\/periodo-de-vacaciones-de-docentes-personal-administrativo-y-trabajadores-oficiales-durante-semana-santa\/","url":"https:\/\/www.ucaldas.edu.co\/portal\/periodo-de-vacaciones-de-docentes-personal-administrativo-y-trabajadores-oficiales-durante-semana-santa\/","name":"Periodo de vacaciones de docentes, personal administrativo y trabajadores oficiales durante Semana Santa .","isPartOf":{"@id":"https:\/\/www.ucaldas.edu.co\/portal\/#website"},"primaryImageOfPage":{"@id":"https:\/\/www.ucaldas.edu.co\/portal\/periodo-de-vacaciones-de-docentes-personal-administrativo-y-trabajadores-oficiales-durante-semana-santa\/#primaryimage"},"image":{"@id":"https:\/\/www.ucaldas.edu.co\/portal\/periodo-de-vacaciones-de-docentes-personal-administrativo-y-trabajadores-oficiales-durante-semana-santa\/#primaryimage"},"thumbnailUrl":"https:\/\/www.ucaldas.edu.co\/portal\/wp-content\/uploads\/2023\/03\/semana-santa.jpg","datePublished":"2023-03-06T18:57:39+00:00","breadcrumb":{"@id":"https:\/\/www.ucaldas.edu.co\/portal\/periodo-de-vacaciones-de-docentes-personal-administrativo-y-trabajadores-oficiales-durante-semana-santa\/#breadcrumb"},"inLanguage":"es","potentialAction":[{"@type":"ReadAction","target":["https:\/\/www.ucaldas.edu.co\/portal\/periodo-de-vacaciones-de-docentes-personal-administrativo-y-trabajadores-oficiales-durante-semana-santa\/"]}]},{"@type":"ImageObject","inLanguage":"es","@id":"https:\/\/www.ucaldas.edu.co\/portal\/periodo-de-vacaciones-de-docentes-personal-administrativo-y-trabajadores-oficiales-durante-semana-santa\/#primaryimage","url":"https:\/\/www.ucaldas.edu.co\/portal\/wp-content\/uploads\/2023\/03\/semana-santa.jpg","contentUrl":"https:\/\/www.ucaldas.edu.co\/portal\/wp-content\/uploads\/2023\/03\/semana-santa.jpg","width":900,"height":510,"caption":"semana santa"},{"@type":"BreadcrumbList","@id":"https:\/\/www.ucaldas.edu.co\/portal\/periodo-de-vacaciones-de-docentes-personal-administrativo-y-trabajadores-oficiales-durante-semana-santa\/#breadcrumb","itemListElement":[{"@type":"ListItem","position":1,"name":"Portada","item":"https:\/\/www.ucaldas.edu.co\/portal\/"},{"@type":"ListItem","position":2,"name":"Periodo de vacaciones de docentes, personal administrativo y trabajadores oficiales durante Semana Santa"}]},{"@type":"WebSite","@id":"https:\/\/www.ucaldas.edu.co\/portal\/#website","url":"https:\/\/www.ucaldas.edu.co\/portal\/","name":"Universidad de Caldas","description":"","publisher":{"@id":"https:\/\/www.ucaldas.edu.co\/portal\/#organization"},"alternateName":"U. de Caldas","potentialAction":[{"@type":"SearchAction","target":{"@type":"EntryPoint","urlTemplate":"https:\/\/www.ucaldas.edu.co\/portal\/?s={search_term_string}"},"query-input":{"@type":"PropertyValueSpecification","valueRequired":true,"valueName":"search_term_string"}}],"inLanguage":"es"},{"@type":"Organization","@id":"https:\/\/www.ucaldas.edu.co\/portal\/#organization","name":"Universidad de Caldas","alternateName":"U. de Caldas","url":"https:\/\/www.ucaldas.edu.co\/portal\/","logo":{"@type":"ImageObject","inLanguage":"es","@id":"https:\/\/www.ucaldas.edu.co\/portal\/#\/schema\/logo\/image\/","url":"https:\/\/www.ucaldas.edu.co\/portal\/wp-content\/uploads\/2023\/11\/Logo_horizontal_oscuroU-2023.png","contentUrl":"https:\/\/www.ucaldas.edu.co\/portal\/wp-content\/uploads\/2023\/11\/Logo_horizontal_oscuroU-2023.png","width":263,"height":101,"caption":"Universidad de Caldas"},"image":{"@id":"https:\/\/www.ucaldas.edu.co\/portal\/#\/schema\/logo\/image\/"},"sameAs":["https:\/\/www.facebook.com\/udecaldas","https:\/\/x.com\/udecaldas","https:\/\/www.youtube.com\/universidadcaldas","https:\/\/www.instagram.com\/udecaldas\/"]},{"@type":"Person","@id":"https:\/\/www.ucaldas.edu.co\/portal\/#\/schema\/person\/a1b482e23449158b4bc319926c074fdf","name":"ofiprensa","image":{"@type":"ImageObject","inLanguage":"es","@id":"https:\/\/www.ucaldas.edu.co\/portal\/wp-content\/litespeed\/avatar\/09ea5085e600095a7a811142c6944527.jpg?ver=1777497608","url":"https:\/\/www.ucaldas.edu.co\/portal\/wp-content\/litespeed\/avatar\/09ea5085e600095a7a811142c6944527.jpg?ver=1777497608","contentUrl":"https:\/\/www.ucaldas.edu.co\/portal\/wp-content\/litespeed\/avatar\/09ea5085e600095a7a811142c6944527.jpg?ver=1777497608","caption":"ofiprensa"},"url":"https:\/\/www.ucaldas.edu.co\/portal\/author\/ofiprensa\/"}]}},"_links":{"self":[{"href":"https:\/\/www.ucaldas.edu.co\/portal\/wp-json\/wp\/v2\/posts\/75078","targetHints":{"allow":["GET"]}}],"collection":[{"href":"https:\/\/www.ucaldas.edu.co\/portal\/wp-json\/wp\/v2\/posts"}],"about":[{"href":"https:\/\/www.ucaldas.edu.co\/portal\/wp-json\/wp\/v2\/types\/post"}],"author":[{"embeddable":true,"href":"https:\/\/www.ucaldas.edu.co\/portal\/wp-json\/wp\/v2\/users\/2"}],"replies":[{"embeddable":true,"href":"https:\/\/www.ucaldas.edu.co\/portal\/wp-json\/wp\/v2\/comments?post=75078"}],"version-history":[{"count":0,"href":"https:\/\/www.ucaldas.edu.co\/portal\/wp-json\/wp\/v2\/posts\/75078\/revisions"}],"wp:featuredmedia":[{"embeddable":true,"href":"https:\/\/www.ucaldas.edu.co\/portal\/wp-json\/wp\/v2\/media\/75079"}],"wp:attachment":[{"href":"https:\/\/www.ucaldas.edu.co\/portal\/wp-json\/wp\/v2\/media?parent=75078"}],"wp:term":[{"taxonomy":"category","embeddable":true,"href":"https:\/\/www.ucaldas.edu.co\/portal\/wp-json\/wp\/v2\/categories?post=75078"},{"taxonomy":"post_tag","embeddable":true,"href":"https:\/\/www.ucaldas.edu.co\/portal\/wp-json\/wp\/v2\/tags?post=75078"}],"curies":[{"name":"wp","href":"https:\/\/api.w.org\/{rel}","templated":true}]}}