{"id":75072,"date":"2023-03-06T16:31:18","date_gmt":"2023-03-06T16:31:18","guid":{"rendered":"https:\/\/www.ucaldas.edu.co\/portal\/?p=75072"},"modified":"2023-03-06T16:31:18","modified_gmt":"2023-03-06T16:31:18","slug":"universidad-de-caldas-sera-el-operador-del-centro-agroindustrial-en-anserma","status":"publish","type":"post","link":"https:\/\/www.ucaldas.edu.co\/portal\/universidad-de-caldas-sera-el-operador-del-centro-agroindustrial-en-anserma\/","title":{"rendered":"Universidad de Caldas ser\u00e1 el operador del centro Agroindustrial en Anserma"},"content":{"rendered":"<p><img loading=\"lazy\" decoding=\"async\" class=\"aligncenter size-full wp-image-75073\" src=\"https:\/\/www.ucaldas.edu.co\/portal\/wp-content\/uploads\/2023\/03\/anserma.jpg\" alt=\"nueva sede anserma\" width=\"900\" height=\"510\" srcset=\"https:\/\/www.ucaldas.edu.co\/portal\/wp-content\/uploads\/2023\/03\/anserma.jpg 900w, https:\/\/www.ucaldas.edu.co\/portal\/wp-content\/uploads\/2023\/03\/anserma-300x170.jpg 300w, https:\/\/www.ucaldas.edu.co\/portal\/wp-content\/uploads\/2023\/03\/anserma-768x435.jpg 768w\" sizes=\"auto, (max-width: 900px) 100vw, 900px\" \/><\/p>\n<p>En encuentro con la Universidad Nacional, la Gobernaci\u00f3n de Caldas a trav\u00e9s de la Secretar\u00eda de Desarrollo, empleo e innovaci\u00f3n y la Alcald\u00eda de Anserma se apreci\u00f3 el avance de los estudios y dise\u00f1os del proyecto del Centro Agroindustrial y sede de la Universidad de Caldas en Anserma y la regi\u00f3n occidente del Departamento.<!--more--><\/p>\n<p>En el encuentro la Universidad Nacional, encargada del dise\u00f1o de la obra con recursos de la Gobernaci\u00f3n de Caldas, mostr\u00f3 algunos ajustes teniendo en cuenta que la Universidad de Caldas ser\u00e1 el operador del proyecto y tendr\u00e1 dentro del Centro Agroindustrial espacios acad\u00e9micos y de formaci\u00f3n para los j\u00f3venes de la regi\u00f3n, como lo hace en el municipio de La Dorada.<\/p>\n<p>El Rector de la Universidad de Caldas, Fabio Hernando Arias Orozco, mencion\u00f3 que la idea es presentar el proyecto en el mes de mayo por un valor de 33 mil millones de pesos del Sistema General de Regal\u00eda, proyecto que contempla el edificio principal con laboratorios, docencia, parte administrativa, plazoleta principal, v\u00eda de acceso, equipamiento y desde la parte investigativa lo agroindustrial del caf\u00e9, aguacate, entre otros. Para esto el municipio debe entregar las escrituras del predio a la Universidad como formulador del proyecto.<\/p>\n<p>Igualmente agrego: \u201cEsperamos que lo que hoy estamos formando en La Dorada con el Centro de Innovaci\u00f3n en Guarinocito con cerca de 500 estudiantes matriculados, tambi\u00e9n se tenga la posibilidad de hacer en Anserma con el que tenemos 450 j\u00f3venes en nuestros programas\u201d<\/p>\n<p>Entre tanto el Alcalde de Anserma, expres\u00f3 que La Universidad de Caldas le est\u00e1 dando un gran empuje al proyecto como operador, cuyo impacto es abrir espacios para la formaci\u00f3n complementaria a los j\u00f3venes y en el sector productivo encontrar escenarios de investigaci\u00f3n para implementar nuevas tecnol\u00f3gicas e impulsar la regi\u00f3n, a\u00f1adi\u00f3 que adicional a esto los escenarios deportivos cercanos al Centro Agroindustrial y Sede de la Universidad de Caldas tambi\u00e9n est\u00e1n incluidos en otros proyectos de mejoramiento con la Gobernaci\u00f3n de Caldas y el Ministerio de Deporte, por lo que este ser\u00e1 un entorno vital en el municipio.<\/p>\n<p>Por su parte desde la Secretar\u00eda de Desarrollo, empleo e innovaci\u00f3n de la Gobernaci\u00f3n de Caldas se han realizado socializaciones a la comunidad y contin\u00faa el compromiso de acompa\u00f1ar el proceso, inicialmente con los recursos para estudios y dise\u00f1os y posteriormente en la presentaci\u00f3n del proyecto para que la fuente de financiaci\u00f3n sea el SGP. Para esto cada 15 d\u00edas se tendr\u00e1n reuniones de seguimiento con el fin terminar de formular el proyecto y poderlo presentar sin contratiempos en las convocatorias del mes de mayo.<\/p>\n<p><strong>Anexo:<\/strong><\/p>\n<p><a href=\"https:\/\/go.ivoox.com\/rf\/104118111\"><strong>Audio Rector de la Universidad de Caldas, Fabio Hernando Arias Orozco.<\/strong><\/a><\/p>\n<p><strong><iframe loading=\"lazy\" src=\"https:\/\/www.ivoox.com\/player_ej_104118111_6_1.html\" width=\"50%\" height=\"200\" frameborder=\"0\" scrolling=\"no\" allowfullscreen=\"allowfullscreen\"><\/iframe><\/strong><\/p>\n<p><a href=\"https:\/\/go.ivoox.com\/rf\/104117965\"><strong>Audio Alcalde de Anserma, John Alejandro Londo\u00f1o Medina.<\/strong><\/a><\/p>\n<p><strong><iframe loading=\"lazy\" src=\"https:\/\/www.ivoox.com\/player_ej_104117965_6_1.html\" width=\"50%\" height=\"200\" frameborder=\"0\" scrolling=\"no\" allowfullscreen=\"allowfullscreen\"><\/iframe><\/strong><\/p>\n<p><a href=\"https:\/\/go.ivoox.com\/rf\/104118160\"><strong>Audio Secretaria de Desarrollo, empleo e innovaci\u00f3n, Valentina Carvajal.<\/strong><\/a><\/p>\n<p><strong><iframe loading=\"lazy\" src=\"https:\/\/www.ivoox.com\/player_ej_104118160_6_1.html\" width=\"50%\" height=\"200\" frameborder=\"0\" scrolling=\"no\" allowfullscreen=\"allowfullscreen\"><\/iframe>\u00a0<\/strong><\/p>\n<p><a href=\"https:\/\/go.ivoox.com\/rf\/104118083\"><strong>Audio Arquitecto Universidad Nacional, Edison Henao Carvajal.<\/strong><\/a><\/p>\n<p><strong><iframe loading=\"lazy\" src=\"https:\/\/www.ivoox.com\/player_ej_104118083_6_1.html\" width=\"50%\" height=\"200\" frameborder=\"0\" scrolling=\"no\" allowfullscreen=\"allowfullscreen\"><\/iframe><\/strong><\/p>\n","protected":false},"excerpt":{"rendered":"<p>En encuentro con la Universidad Nacional, la Gobernaci\u00f3n de Caldas a trav\u00e9s de la Secretar\u00eda de Desarrollo, empleo e innovaci\u00f3n y la Alcald\u00eda de Anserma se apreci\u00f3 el avance de los estudios y dise\u00f1os del proyecto del Centro Agroindustrial y sede de la Universidad de Caldas en Anserma y la regi\u00f3n occidente del Departamento.<\/p>\n","protected":false},"author":2,"featured_media":75073,"comment_status":"closed","ping_status":"open","sticky":false,"template":"","format":"standard","meta":{"footnotes":""},"categories":[53,600,48],"tags":[9650],"class_list":["post-75072","post","type-post","status-publish","format-standard","has-post-thumbnail","hentry","category-universidad-al-dia","category-ucaldas-regional","category-actualidad","tag-sede-anserma"],"yoast_head":"<!-- This site is optimized with the Yoast SEO plugin v27.5 - https:\/\/yoast.com\/product\/yoast-seo-wordpress\/ -->\n<title>Universidad de Caldas ser\u00e1 el operador del centro Agroindustrial en Anserma .<\/title>\n<meta name=\"robots\" content=\"index, follow, max-snippet:-1, max-image-preview:large, max-video-preview:-1\" \/>\n<link rel=\"canonical\" href=\"https:\/\/www.ucaldas.edu.co\/portal\/universidad-de-caldas-sera-el-operador-del-centro-agroindustrial-en-anserma\/\" \/>\n<script type=\"application\/ld+json\" class=\"yoast-schema-graph\">{\"@context\":\"https:\\\/\\\/schema.org\",\"@graph\":[{\"@type\":\"Article\",\"@id\":\"https:\\\/\\\/www.ucaldas.edu.co\\\/portal\\\/universidad-de-caldas-sera-el-operador-del-centro-agroindustrial-en-anserma\\\/#article\",\"isPartOf\":{\"@id\":\"https:\\\/\\\/www.ucaldas.edu.co\\\/portal\\\/universidad-de-caldas-sera-el-operador-del-centro-agroindustrial-en-anserma\\\/\"},\"author\":{\"name\":\"ofiprensa\",\"@id\":\"https:\\\/\\\/www.ucaldas.edu.co\\\/portal\\\/#\\\/schema\\\/person\\\/a1b482e23449158b4bc319926c074fdf\"},\"headline\":\"Universidad de Caldas ser\u00e1 el operador del centro Agroindustrial en Anserma\",\"datePublished\":\"2023-03-06T16:31:18+00:00\",\"mainEntityOfPage\":{\"@id\":\"https:\\\/\\\/www.ucaldas.edu.co\\\/portal\\\/universidad-de-caldas-sera-el-operador-del-centro-agroindustrial-en-anserma\\\/\"},\"wordCount\":508,\"publisher\":{\"@id\":\"https:\\\/\\\/www.ucaldas.edu.co\\\/portal\\\/#organization\"},\"image\":{\"@id\":\"https:\\\/\\\/www.ucaldas.edu.co\\\/portal\\\/universidad-de-caldas-sera-el-operador-del-centro-agroindustrial-en-anserma\\\/#primaryimage\"},\"thumbnailUrl\":\"https:\\\/\\\/www.ucaldas.edu.co\\\/portal\\\/wp-content\\\/uploads\\\/2023\\\/03\\\/anserma.jpg\",\"keywords\":[\"sede Anserma\"],\"articleSection\":[\"Universidad al D\u00eda\",\"UCaldas Regional\",\"Actualidad\"],\"inLanguage\":\"es\"},{\"@type\":\"WebPage\",\"@id\":\"https:\\\/\\\/www.ucaldas.edu.co\\\/portal\\\/universidad-de-caldas-sera-el-operador-del-centro-agroindustrial-en-anserma\\\/\",\"url\":\"https:\\\/\\\/www.ucaldas.edu.co\\\/portal\\\/universidad-de-caldas-sera-el-operador-del-centro-agroindustrial-en-anserma\\\/\",\"name\":\"Universidad de Caldas ser\u00e1 el operador del centro Agroindustrial en Anserma .\",\"isPartOf\":{\"@id\":\"https:\\\/\\\/www.ucaldas.edu.co\\\/portal\\\/#website\"},\"primaryImageOfPage\":{\"@id\":\"https:\\\/\\\/www.ucaldas.edu.co\\\/portal\\\/universidad-de-caldas-sera-el-operador-del-centro-agroindustrial-en-anserma\\\/#primaryimage\"},\"image\":{\"@id\":\"https:\\\/\\\/www.ucaldas.edu.co\\\/portal\\\/universidad-de-caldas-sera-el-operador-del-centro-agroindustrial-en-anserma\\\/#primaryimage\"},\"thumbnailUrl\":\"https:\\\/\\\/www.ucaldas.edu.co\\\/portal\\\/wp-content\\\/uploads\\\/2023\\\/03\\\/anserma.jpg\",\"datePublished\":\"2023-03-06T16:31:18+00:00\",\"breadcrumb\":{\"@id\":\"https:\\\/\\\/www.ucaldas.edu.co\\\/portal\\\/universidad-de-caldas-sera-el-operador-del-centro-agroindustrial-en-anserma\\\/#breadcrumb\"},\"inLanguage\":\"es\",\"potentialAction\":[{\"@type\":\"ReadAction\",\"target\":[\"https:\\\/\\\/www.ucaldas.edu.co\\\/portal\\\/universidad-de-caldas-sera-el-operador-del-centro-agroindustrial-en-anserma\\\/\"]}]},{\"@type\":\"ImageObject\",\"inLanguage\":\"es\",\"@id\":\"https:\\\/\\\/www.ucaldas.edu.co\\\/portal\\\/universidad-de-caldas-sera-el-operador-del-centro-agroindustrial-en-anserma\\\/#primaryimage\",\"url\":\"https:\\\/\\\/www.ucaldas.edu.co\\\/portal\\\/wp-content\\\/uploads\\\/2023\\\/03\\\/anserma.jpg\",\"contentUrl\":\"https:\\\/\\\/www.ucaldas.edu.co\\\/portal\\\/wp-content\\\/uploads\\\/2023\\\/03\\\/anserma.jpg\",\"width\":900,\"height\":510,\"caption\":\"nueva sede anserma\"},{\"@type\":\"BreadcrumbList\",\"@id\":\"https:\\\/\\\/www.ucaldas.edu.co\\\/portal\\\/universidad-de-caldas-sera-el-operador-del-centro-agroindustrial-en-anserma\\\/#breadcrumb\",\"itemListElement\":[{\"@type\":\"ListItem\",\"position\":1,\"name\":\"Portada\",\"item\":\"https:\\\/\\\/www.ucaldas.edu.co\\\/portal\\\/\"},{\"@type\":\"ListItem\",\"position\":2,\"name\":\"Universidad de Caldas ser\u00e1 el operador del centro Agroindustrial en Anserma\"}]},{\"@type\":\"WebSite\",\"@id\":\"https:\\\/\\\/www.ucaldas.edu.co\\\/portal\\\/#website\",\"url\":\"https:\\\/\\\/www.ucaldas.edu.co\\\/portal\\\/\",\"name\":\"Universidad de Caldas\",\"description\":\"\",\"publisher\":{\"@id\":\"https:\\\/\\\/www.ucaldas.edu.co\\\/portal\\\/#organization\"},\"alternateName\":\"U. de Caldas\",\"potentialAction\":[{\"@type\":\"SearchAction\",\"target\":{\"@type\":\"EntryPoint\",\"urlTemplate\":\"https:\\\/\\\/www.ucaldas.edu.co\\\/portal\\\/?s={search_term_string}\"},\"query-input\":{\"@type\":\"PropertyValueSpecification\",\"valueRequired\":true,\"valueName\":\"search_term_string\"}}],\"inLanguage\":\"es\"},{\"@type\":\"Organization\",\"@id\":\"https:\\\/\\\/www.ucaldas.edu.co\\\/portal\\\/#organization\",\"name\":\"Universidad de Caldas\",\"alternateName\":\"U. de Caldas\",\"url\":\"https:\\\/\\\/www.ucaldas.edu.co\\\/portal\\\/\",\"logo\":{\"@type\":\"ImageObject\",\"inLanguage\":\"es\",\"@id\":\"https:\\\/\\\/www.ucaldas.edu.co\\\/portal\\\/#\\\/schema\\\/logo\\\/image\\\/\",\"url\":\"https:\\\/\\\/www.ucaldas.edu.co\\\/portal\\\/wp-content\\\/uploads\\\/2023\\\/11\\\/Logo_horizontal_oscuroU-2023.png\",\"contentUrl\":\"https:\\\/\\\/www.ucaldas.edu.co\\\/portal\\\/wp-content\\\/uploads\\\/2023\\\/11\\\/Logo_horizontal_oscuroU-2023.png\",\"width\":263,\"height\":101,\"caption\":\"Universidad de Caldas\"},\"image\":{\"@id\":\"https:\\\/\\\/www.ucaldas.edu.co\\\/portal\\\/#\\\/schema\\\/logo\\\/image\\\/\"},\"sameAs\":[\"https:\\\/\\\/www.facebook.com\\\/udecaldas\",\"https:\\\/\\\/x.com\\\/udecaldas\",\"https:\\\/\\\/www.youtube.com\\\/universidadcaldas\",\"https:\\\/\\\/www.instagram.com\\\/udecaldas\\\/\"]},{\"@type\":\"Person\",\"@id\":\"https:\\\/\\\/www.ucaldas.edu.co\\\/portal\\\/#\\\/schema\\\/person\\\/a1b482e23449158b4bc319926c074fdf\",\"name\":\"ofiprensa\",\"image\":{\"@type\":\"ImageObject\",\"inLanguage\":\"es\",\"@id\":\"https:\\\/\\\/www.ucaldas.edu.co\\\/portal\\\/wp-content\\\/litespeed\\\/avatar\\\/09ea5085e600095a7a811142c6944527.jpg?ver=1777497608\",\"url\":\"https:\\\/\\\/www.ucaldas.edu.co\\\/portal\\\/wp-content\\\/litespeed\\\/avatar\\\/09ea5085e600095a7a811142c6944527.jpg?ver=1777497608\",\"contentUrl\":\"https:\\\/\\\/www.ucaldas.edu.co\\\/portal\\\/wp-content\\\/litespeed\\\/avatar\\\/09ea5085e600095a7a811142c6944527.jpg?ver=1777497608\",\"caption\":\"ofiprensa\"},\"url\":\"https:\\\/\\\/www.ucaldas.edu.co\\\/portal\\\/author\\\/ofiprensa\\\/\"}]}<\/script>\n<!-- \/ Yoast SEO plugin. -->","yoast_head_json":{"title":"Universidad de Caldas ser\u00e1 el operador del centro Agroindustrial en Anserma .","robots":{"index":"index","follow":"follow","max-snippet":"max-snippet:-1","max-image-preview":"max-image-preview:large","max-video-preview":"max-video-preview:-1"},"canonical":"https:\/\/www.ucaldas.edu.co\/portal\/universidad-de-caldas-sera-el-operador-del-centro-agroindustrial-en-anserma\/","schema":{"@context":"https:\/\/schema.org","@graph":[{"@type":"Article","@id":"https:\/\/www.ucaldas.edu.co\/portal\/universidad-de-caldas-sera-el-operador-del-centro-agroindustrial-en-anserma\/#article","isPartOf":{"@id":"https:\/\/www.ucaldas.edu.co\/portal\/universidad-de-caldas-sera-el-operador-del-centro-agroindustrial-en-anserma\/"},"author":{"name":"ofiprensa","@id":"https:\/\/www.ucaldas.edu.co\/portal\/#\/schema\/person\/a1b482e23449158b4bc319926c074fdf"},"headline":"Universidad de Caldas ser\u00e1 el operador del centro Agroindustrial en Anserma","datePublished":"2023-03-06T16:31:18+00:00","mainEntityOfPage":{"@id":"https:\/\/www.ucaldas.edu.co\/portal\/universidad-de-caldas-sera-el-operador-del-centro-agroindustrial-en-anserma\/"},"wordCount":508,"publisher":{"@id":"https:\/\/www.ucaldas.edu.co\/portal\/#organization"},"image":{"@id":"https:\/\/www.ucaldas.edu.co\/portal\/universidad-de-caldas-sera-el-operador-del-centro-agroindustrial-en-anserma\/#primaryimage"},"thumbnailUrl":"https:\/\/www.ucaldas.edu.co\/portal\/wp-content\/uploads\/2023\/03\/anserma.jpg","keywords":["sede Anserma"],"articleSection":["Universidad al D\u00eda","UCaldas Regional","Actualidad"],"inLanguage":"es"},{"@type":"WebPage","@id":"https:\/\/www.ucaldas.edu.co\/portal\/universidad-de-caldas-sera-el-operador-del-centro-agroindustrial-en-anserma\/","url":"https:\/\/www.ucaldas.edu.co\/portal\/universidad-de-caldas-sera-el-operador-del-centro-agroindustrial-en-anserma\/","name":"Universidad de Caldas ser\u00e1 el operador del centro Agroindustrial en Anserma .","isPartOf":{"@id":"https:\/\/www.ucaldas.edu.co\/portal\/#website"},"primaryImageOfPage":{"@id":"https:\/\/www.ucaldas.edu.co\/portal\/universidad-de-caldas-sera-el-operador-del-centro-agroindustrial-en-anserma\/#primaryimage"},"image":{"@id":"https:\/\/www.ucaldas.edu.co\/portal\/universidad-de-caldas-sera-el-operador-del-centro-agroindustrial-en-anserma\/#primaryimage"},"thumbnailUrl":"https:\/\/www.ucaldas.edu.co\/portal\/wp-content\/uploads\/2023\/03\/anserma.jpg","datePublished":"2023-03-06T16:31:18+00:00","breadcrumb":{"@id":"https:\/\/www.ucaldas.edu.co\/portal\/universidad-de-caldas-sera-el-operador-del-centro-agroindustrial-en-anserma\/#breadcrumb"},"inLanguage":"es","potentialAction":[{"@type":"ReadAction","target":["https:\/\/www.ucaldas.edu.co\/portal\/universidad-de-caldas-sera-el-operador-del-centro-agroindustrial-en-anserma\/"]}]},{"@type":"ImageObject","inLanguage":"es","@id":"https:\/\/www.ucaldas.edu.co\/portal\/universidad-de-caldas-sera-el-operador-del-centro-agroindustrial-en-anserma\/#primaryimage","url":"https:\/\/www.ucaldas.edu.co\/portal\/wp-content\/uploads\/2023\/03\/anserma.jpg","contentUrl":"https:\/\/www.ucaldas.edu.co\/portal\/wp-content\/uploads\/2023\/03\/anserma.jpg","width":900,"height":510,"caption":"nueva sede anserma"},{"@type":"BreadcrumbList","@id":"https:\/\/www.ucaldas.edu.co\/portal\/universidad-de-caldas-sera-el-operador-del-centro-agroindustrial-en-anserma\/#breadcrumb","itemListElement":[{"@type":"ListItem","position":1,"name":"Portada","item":"https:\/\/www.ucaldas.edu.co\/portal\/"},{"@type":"ListItem","position":2,"name":"Universidad de Caldas ser\u00e1 el operador del centro Agroindustrial en Anserma"}]},{"@type":"WebSite","@id":"https:\/\/www.ucaldas.edu.co\/portal\/#website","url":"https:\/\/www.ucaldas.edu.co\/portal\/","name":"Universidad de Caldas","description":"","publisher":{"@id":"https:\/\/www.ucaldas.edu.co\/portal\/#organization"},"alternateName":"U. de Caldas","potentialAction":[{"@type":"SearchAction","target":{"@type":"EntryPoint","urlTemplate":"https:\/\/www.ucaldas.edu.co\/portal\/?s={search_term_string}"},"query-input":{"@type":"PropertyValueSpecification","valueRequired":true,"valueName":"search_term_string"}}],"inLanguage":"es"},{"@type":"Organization","@id":"https:\/\/www.ucaldas.edu.co\/portal\/#organization","name":"Universidad de Caldas","alternateName":"U. de Caldas","url":"https:\/\/www.ucaldas.edu.co\/portal\/","logo":{"@type":"ImageObject","inLanguage":"es","@id":"https:\/\/www.ucaldas.edu.co\/portal\/#\/schema\/logo\/image\/","url":"https:\/\/www.ucaldas.edu.co\/portal\/wp-content\/uploads\/2023\/11\/Logo_horizontal_oscuroU-2023.png","contentUrl":"https:\/\/www.ucaldas.edu.co\/portal\/wp-content\/uploads\/2023\/11\/Logo_horizontal_oscuroU-2023.png","width":263,"height":101,"caption":"Universidad de Caldas"},"image":{"@id":"https:\/\/www.ucaldas.edu.co\/portal\/#\/schema\/logo\/image\/"},"sameAs":["https:\/\/www.facebook.com\/udecaldas","https:\/\/x.com\/udecaldas","https:\/\/www.youtube.com\/universidadcaldas","https:\/\/www.instagram.com\/udecaldas\/"]},{"@type":"Person","@id":"https:\/\/www.ucaldas.edu.co\/portal\/#\/schema\/person\/a1b482e23449158b4bc319926c074fdf","name":"ofiprensa","image":{"@type":"ImageObject","inLanguage":"es","@id":"https:\/\/www.ucaldas.edu.co\/portal\/wp-content\/litespeed\/avatar\/09ea5085e600095a7a811142c6944527.jpg?ver=1777497608","url":"https:\/\/www.ucaldas.edu.co\/portal\/wp-content\/litespeed\/avatar\/09ea5085e600095a7a811142c6944527.jpg?ver=1777497608","contentUrl":"https:\/\/www.ucaldas.edu.co\/portal\/wp-content\/litespeed\/avatar\/09ea5085e600095a7a811142c6944527.jpg?ver=1777497608","caption":"ofiprensa"},"url":"https:\/\/www.ucaldas.edu.co\/portal\/author\/ofiprensa\/"}]}},"_links":{"self":[{"href":"https:\/\/www.ucaldas.edu.co\/portal\/wp-json\/wp\/v2\/posts\/75072","targetHints":{"allow":["GET"]}}],"collection":[{"href":"https:\/\/www.ucaldas.edu.co\/portal\/wp-json\/wp\/v2\/posts"}],"about":[{"href":"https:\/\/www.ucaldas.edu.co\/portal\/wp-json\/wp\/v2\/types\/post"}],"author":[{"embeddable":true,"href":"https:\/\/www.ucaldas.edu.co\/portal\/wp-json\/wp\/v2\/users\/2"}],"replies":[{"embeddable":true,"href":"https:\/\/www.ucaldas.edu.co\/portal\/wp-json\/wp\/v2\/comments?post=75072"}],"version-history":[{"count":0,"href":"https:\/\/www.ucaldas.edu.co\/portal\/wp-json\/wp\/v2\/posts\/75072\/revisions"}],"wp:featuredmedia":[{"embeddable":true,"href":"https:\/\/www.ucaldas.edu.co\/portal\/wp-json\/wp\/v2\/media\/75073"}],"wp:attachment":[{"href":"https:\/\/www.ucaldas.edu.co\/portal\/wp-json\/wp\/v2\/media?parent=75072"}],"wp:term":[{"taxonomy":"category","embeddable":true,"href":"https:\/\/www.ucaldas.edu.co\/portal\/wp-json\/wp\/v2\/categories?post=75072"},{"taxonomy":"post_tag","embeddable":true,"href":"https:\/\/www.ucaldas.edu.co\/portal\/wp-json\/wp\/v2\/tags?post=75072"}],"curies":[{"name":"wp","href":"https:\/\/api.w.org\/{rel}","templated":true}]}}