{"id":75049,"date":"2023-03-03T17:27:34","date_gmt":"2023-03-03T17:27:34","guid":{"rendered":"https:\/\/www.ucaldas.edu.co\/portal\/?p=75049"},"modified":"2023-03-03T17:27:34","modified_gmt":"2023-03-03T17:27:34","slug":"la-universidad-de-caldas-hace-parte-de-la-alianza-por-el-cambio-climatico-en-el-departamento","status":"publish","type":"post","link":"https:\/\/www.ucaldas.edu.co\/portal\/la-universidad-de-caldas-hace-parte-de-la-alianza-por-el-cambio-climatico-en-el-departamento\/","title":{"rendered":"La Universidad de Caldas hace parte de la alianza por el cambio clim\u00e1tico en el departamento"},"content":{"rendered":"<p><img loading=\"lazy\" decoding=\"async\" class=\"aligncenter size-full wp-image-75050\" src=\"https:\/\/www.ucaldas.edu.co\/portal\/wp-content\/uploads\/2023\/03\/IMAGEN-BOLE-1.jpg\" alt=\"cambio clim\u00e1tico\" width=\"900\" height=\"510\" srcset=\"https:\/\/www.ucaldas.edu.co\/portal\/wp-content\/uploads\/2023\/03\/IMAGEN-BOLE-1.jpg 900w, https:\/\/www.ucaldas.edu.co\/portal\/wp-content\/uploads\/2023\/03\/IMAGEN-BOLE-1-300x170.jpg 300w, https:\/\/www.ucaldas.edu.co\/portal\/wp-content\/uploads\/2023\/03\/IMAGEN-BOLE-1-768x435.jpg 768w\" sizes=\"auto, (max-width: 900px) 100vw, 900px\" \/><\/p>\n<p>La Minicumbre por la Acci\u00f3n Clim\u00e1tica fue el evento central del lanzamiento de la alianza \u201cCambio Clim\u00e1tico \u2013 Acciones por la vida\u201d.<!--more--><\/p>\n<p>En la cumbre estuvieron presentes gremios de la ciudad, academia, empresas p\u00fablicas y privadas, y asistentes en general, quienes ratificaron su su apoyo para poner en el primer lugar de la agenda p\u00fablica el cambio clim\u00e1tico en Caldas.<\/p>\n<p>El objetivo de esta minicumbre fue generar un espacio de di\u00e1logo, con el fin de crear conciencia y propuestas que aporten al conocimiento de la acci\u00f3n clim\u00e1tica y que desde los m\u00e1s peque\u00f1os comiencen a tejer actos positivos en beneficio del medio ambiente.<\/p>\n<p>Ivonne Paola Mendoza, gerente del Centro Cultural del Banco de la Rep\u00fablica sede Manizales afirm\u00f3 que esta alianza de m\u00e1s de 15 instituciones p\u00fablicas y privadas de nuestra regi\u00f3n, busca poner en el centro del debate los asuntos del cambio clim\u00e1tico. \u201cQueremos posicionar a Caldas como un territorio que trabaja por el planeta bajo la voz de los ni\u00f1os y ni\u00f1as de colegios de la regi\u00f3n\u201d afirm\u00f3.<\/p>\n<p>Por otra parte la Vicerrectora de Proyecci\u00f3n Universitaria de la Universidad de Caldas, Sandra Montoya Barreto, explic\u00f3 que el punto central de este espacio es que fue dise\u00f1ado para las nuevas generaciones que son los ni\u00f1os y ni\u00f1as, quienes tendr\u00e1n que enfrentar un planeta con m\u00e1s dificultades, por lo que debemos generar acciones que permitan afrontar el cambio clim\u00e1tico y mitigar el impacto ambiental que todos generamos.<\/p>\n<p>Durante el encuentro se realiz\u00f3 una charla con \u201cS\u00faper Josu\u00e9\u00bb, un ni\u00f1o de 9 a\u00f1os de edad, que convoca a preservar los p\u00e1ramos y frailejones de Colombia. \u201cEn mi conversatorio hablo sobro como existen personas que pueden ser villanos ambientales, pero que pueden ser superh\u00e9roes para cuidar el medio ambiente\u201d dijo Josu\u00e9 Arias Calder\u00f3n.<\/p>\n<p>Acciones por la vida es una estrategia interinstitucional que busca posicionar a Caldas como un territorio l\u00edder en acci\u00f3n clim\u00e1tica, desde donde se desarrollan iniciativas orientadas al conocimiento del cambio clim\u00e1tico y a la reducci\u00f3n de sus impactos.<\/p>\n<p>Durante el 2023 las entidades que hacen parte de esta alianza potenciar\u00e1n las actividades que desarrollan para mitigar, educar y aprender sobre cambio clim\u00e1tico. Adem\u00e1s de 18 al 22 de septiembre se llevar\u00e1n a cabo actividades en colegios, ecoparques, universidades, centros comerciales y escenarios de Caldas para visibilizar las potencialidades del territorio y las acciones que se pueden realizar conjuntamente.<\/p>\n<p>La alianza \u201cCambio Clim\u00e1tico &#8211; Acciones por la vida\u201d es liderada por el Banco de la Rep\u00fablica y la Universidad de Manizales, en la que se han unido entidades y empresas como: Universidad de Caldas; CHEC Grupo EPM, FENALCO Caldas; Aguas de Manizales; Alcald\u00eda de Manizales; Corpocaldas; Universidad Cat\u00f3lica de Manizales; Emas by Veolia, Gobernaci\u00f3n de Caldas, La Patria, Cumbres Blancas y la plataforma global para el cambio social 2811, todo para desarrollar estrategias y adaptar medidas orientadas a combatir el cambio clim\u00e1tico y sus efectos.<\/p>\n<p>La invitaci\u00f3n es para que los medios de comunicaci\u00f3n, el sector educativo y las empresas de Caldas desarrollen de ahora en adelante una red que posibilite implementar estrategias para mejorar las condiciones ambientales de nuestro departamento.<\/p>\n<p>&nbsp;<\/p>\n<p><strong>Anexo:<\/strong><\/p>\n<p><strong><a href=\"https:\/\/go.ivoox.com\/rf\/104016940\">Audio Sandra Montoya Barreto \u2013 Vicerrectora de Proyecci\u00f3n Universitaria.<\/a><\/strong><\/p>\n<p><iframe loading=\"lazy\" src=\"https:\/\/www.ivoox.com\/player_ej_104016940_6_1.html\" width=\"50%\" height=\"200\" frameborder=\"0\" scrolling=\"no\" allowfullscreen=\"allowfullscreen\"><\/iframe><\/p>\n","protected":false},"excerpt":{"rendered":"<p>La Minicumbre por la Acci\u00f3n Clim\u00e1tica fue el evento central del lanzamiento de la alianza \u201cCambio Clim\u00e1tico \u2013 Acciones por la vida\u201d.<\/p>\n","protected":false},"author":2,"featured_media":75050,"comment_status":"closed","ping_status":"open","sticky":false,"template":"","format":"standard","meta":{"footnotes":""},"categories":[48,53,756],"tags":[1632,9649],"class_list":["post-75049","post","type-post","status-publish","format-standard","has-post-thumbnail","hentry","category-actualidad","category-universidad-al-dia","category-ucaldas-verde","tag-cambio-climatico","tag-accion-por-la-vida"],"yoast_head":"<!-- This site is optimized with the Yoast SEO plugin v27.5 - https:\/\/yoast.com\/product\/yoast-seo-wordpress\/ -->\n<title>La Universidad de Caldas hace parte de la alianza por el cambio clim\u00e1tico en el departamento .<\/title>\n<meta name=\"robots\" content=\"index, follow, max-snippet:-1, max-image-preview:large, max-video-preview:-1\" \/>\n<link rel=\"canonical\" href=\"https:\/\/www.ucaldas.edu.co\/portal\/la-universidad-de-caldas-hace-parte-de-la-alianza-por-el-cambio-climatico-en-el-departamento\/\" \/>\n<script type=\"application\/ld+json\" class=\"yoast-schema-graph\">{\"@context\":\"https:\\\/\\\/schema.org\",\"@graph\":[{\"@type\":\"Article\",\"@id\":\"https:\\\/\\\/www.ucaldas.edu.co\\\/portal\\\/la-universidad-de-caldas-hace-parte-de-la-alianza-por-el-cambio-climatico-en-el-departamento\\\/#article\",\"isPartOf\":{\"@id\":\"https:\\\/\\\/www.ucaldas.edu.co\\\/portal\\\/la-universidad-de-caldas-hace-parte-de-la-alianza-por-el-cambio-climatico-en-el-departamento\\\/\"},\"author\":{\"name\":\"ofiprensa\",\"@id\":\"https:\\\/\\\/www.ucaldas.edu.co\\\/portal\\\/#\\\/schema\\\/person\\\/a1b482e23449158b4bc319926c074fdf\"},\"headline\":\"La Universidad de Caldas hace parte de la alianza por el cambio clim\u00e1tico en el departamento\",\"datePublished\":\"2023-03-03T17:27:34+00:00\",\"mainEntityOfPage\":{\"@id\":\"https:\\\/\\\/www.ucaldas.edu.co\\\/portal\\\/la-universidad-de-caldas-hace-parte-de-la-alianza-por-el-cambio-climatico-en-el-departamento\\\/\"},\"wordCount\":581,\"publisher\":{\"@id\":\"https:\\\/\\\/www.ucaldas.edu.co\\\/portal\\\/#organization\"},\"image\":{\"@id\":\"https:\\\/\\\/www.ucaldas.edu.co\\\/portal\\\/la-universidad-de-caldas-hace-parte-de-la-alianza-por-el-cambio-climatico-en-el-departamento\\\/#primaryimage\"},\"thumbnailUrl\":\"https:\\\/\\\/www.ucaldas.edu.co\\\/portal\\\/wp-content\\\/uploads\\\/2023\\\/03\\\/IMAGEN-BOLE-1.jpg\",\"keywords\":[\"Cambio Clim\u00e1tico\",\"acci\u00f3n por la vida\"],\"articleSection\":[\"Actualidad\",\"Universidad al D\u00eda\",\"UCaldas Verde\"],\"inLanguage\":\"es\"},{\"@type\":\"WebPage\",\"@id\":\"https:\\\/\\\/www.ucaldas.edu.co\\\/portal\\\/la-universidad-de-caldas-hace-parte-de-la-alianza-por-el-cambio-climatico-en-el-departamento\\\/\",\"url\":\"https:\\\/\\\/www.ucaldas.edu.co\\\/portal\\\/la-universidad-de-caldas-hace-parte-de-la-alianza-por-el-cambio-climatico-en-el-departamento\\\/\",\"name\":\"La Universidad de Caldas hace parte de la alianza por el cambio clim\u00e1tico en el departamento .\",\"isPartOf\":{\"@id\":\"https:\\\/\\\/www.ucaldas.edu.co\\\/portal\\\/#website\"},\"primaryImageOfPage\":{\"@id\":\"https:\\\/\\\/www.ucaldas.edu.co\\\/portal\\\/la-universidad-de-caldas-hace-parte-de-la-alianza-por-el-cambio-climatico-en-el-departamento\\\/#primaryimage\"},\"image\":{\"@id\":\"https:\\\/\\\/www.ucaldas.edu.co\\\/portal\\\/la-universidad-de-caldas-hace-parte-de-la-alianza-por-el-cambio-climatico-en-el-departamento\\\/#primaryimage\"},\"thumbnailUrl\":\"https:\\\/\\\/www.ucaldas.edu.co\\\/portal\\\/wp-content\\\/uploads\\\/2023\\\/03\\\/IMAGEN-BOLE-1.jpg\",\"datePublished\":\"2023-03-03T17:27:34+00:00\",\"breadcrumb\":{\"@id\":\"https:\\\/\\\/www.ucaldas.edu.co\\\/portal\\\/la-universidad-de-caldas-hace-parte-de-la-alianza-por-el-cambio-climatico-en-el-departamento\\\/#breadcrumb\"},\"inLanguage\":\"es\",\"potentialAction\":[{\"@type\":\"ReadAction\",\"target\":[\"https:\\\/\\\/www.ucaldas.edu.co\\\/portal\\\/la-universidad-de-caldas-hace-parte-de-la-alianza-por-el-cambio-climatico-en-el-departamento\\\/\"]}]},{\"@type\":\"ImageObject\",\"inLanguage\":\"es\",\"@id\":\"https:\\\/\\\/www.ucaldas.edu.co\\\/portal\\\/la-universidad-de-caldas-hace-parte-de-la-alianza-por-el-cambio-climatico-en-el-departamento\\\/#primaryimage\",\"url\":\"https:\\\/\\\/www.ucaldas.edu.co\\\/portal\\\/wp-content\\\/uploads\\\/2023\\\/03\\\/IMAGEN-BOLE-1.jpg\",\"contentUrl\":\"https:\\\/\\\/www.ucaldas.edu.co\\\/portal\\\/wp-content\\\/uploads\\\/2023\\\/03\\\/IMAGEN-BOLE-1.jpg\",\"width\":900,\"height\":510,\"caption\":\"cambio clim\u00e1tico\"},{\"@type\":\"BreadcrumbList\",\"@id\":\"https:\\\/\\\/www.ucaldas.edu.co\\\/portal\\\/la-universidad-de-caldas-hace-parte-de-la-alianza-por-el-cambio-climatico-en-el-departamento\\\/#breadcrumb\",\"itemListElement\":[{\"@type\":\"ListItem\",\"position\":1,\"name\":\"Portada\",\"item\":\"https:\\\/\\\/www.ucaldas.edu.co\\\/portal\\\/\"},{\"@type\":\"ListItem\",\"position\":2,\"name\":\"La Universidad de Caldas hace parte de la alianza por el cambio clim\u00e1tico en el departamento\"}]},{\"@type\":\"WebSite\",\"@id\":\"https:\\\/\\\/www.ucaldas.edu.co\\\/portal\\\/#website\",\"url\":\"https:\\\/\\\/www.ucaldas.edu.co\\\/portal\\\/\",\"name\":\"Universidad de Caldas\",\"description\":\"\",\"publisher\":{\"@id\":\"https:\\\/\\\/www.ucaldas.edu.co\\\/portal\\\/#organization\"},\"alternateName\":\"U. de Caldas\",\"potentialAction\":[{\"@type\":\"SearchAction\",\"target\":{\"@type\":\"EntryPoint\",\"urlTemplate\":\"https:\\\/\\\/www.ucaldas.edu.co\\\/portal\\\/?s={search_term_string}\"},\"query-input\":{\"@type\":\"PropertyValueSpecification\",\"valueRequired\":true,\"valueName\":\"search_term_string\"}}],\"inLanguage\":\"es\"},{\"@type\":\"Organization\",\"@id\":\"https:\\\/\\\/www.ucaldas.edu.co\\\/portal\\\/#organization\",\"name\":\"Universidad de Caldas\",\"alternateName\":\"U. de Caldas\",\"url\":\"https:\\\/\\\/www.ucaldas.edu.co\\\/portal\\\/\",\"logo\":{\"@type\":\"ImageObject\",\"inLanguage\":\"es\",\"@id\":\"https:\\\/\\\/www.ucaldas.edu.co\\\/portal\\\/#\\\/schema\\\/logo\\\/image\\\/\",\"url\":\"https:\\\/\\\/www.ucaldas.edu.co\\\/portal\\\/wp-content\\\/uploads\\\/2023\\\/11\\\/Logo_horizontal_oscuroU-2023.png\",\"contentUrl\":\"https:\\\/\\\/www.ucaldas.edu.co\\\/portal\\\/wp-content\\\/uploads\\\/2023\\\/11\\\/Logo_horizontal_oscuroU-2023.png\",\"width\":263,\"height\":101,\"caption\":\"Universidad de Caldas\"},\"image\":{\"@id\":\"https:\\\/\\\/www.ucaldas.edu.co\\\/portal\\\/#\\\/schema\\\/logo\\\/image\\\/\"},\"sameAs\":[\"https:\\\/\\\/www.facebook.com\\\/udecaldas\",\"https:\\\/\\\/x.com\\\/udecaldas\",\"https:\\\/\\\/www.youtube.com\\\/universidadcaldas\",\"https:\\\/\\\/www.instagram.com\\\/udecaldas\\\/\"]},{\"@type\":\"Person\",\"@id\":\"https:\\\/\\\/www.ucaldas.edu.co\\\/portal\\\/#\\\/schema\\\/person\\\/a1b482e23449158b4bc319926c074fdf\",\"name\":\"ofiprensa\",\"image\":{\"@type\":\"ImageObject\",\"inLanguage\":\"es\",\"@id\":\"https:\\\/\\\/www.ucaldas.edu.co\\\/portal\\\/wp-content\\\/litespeed\\\/avatar\\\/09ea5085e600095a7a811142c6944527.jpg?ver=1777497608\",\"url\":\"https:\\\/\\\/www.ucaldas.edu.co\\\/portal\\\/wp-content\\\/litespeed\\\/avatar\\\/09ea5085e600095a7a811142c6944527.jpg?ver=1777497608\",\"contentUrl\":\"https:\\\/\\\/www.ucaldas.edu.co\\\/portal\\\/wp-content\\\/litespeed\\\/avatar\\\/09ea5085e600095a7a811142c6944527.jpg?ver=1777497608\",\"caption\":\"ofiprensa\"},\"url\":\"https:\\\/\\\/www.ucaldas.edu.co\\\/portal\\\/author\\\/ofiprensa\\\/\"}]}<\/script>\n<!-- \/ Yoast SEO plugin. -->","yoast_head_json":{"title":"La Universidad de Caldas hace parte de la alianza por el cambio clim\u00e1tico en el departamento .","robots":{"index":"index","follow":"follow","max-snippet":"max-snippet:-1","max-image-preview":"max-image-preview:large","max-video-preview":"max-video-preview:-1"},"canonical":"https:\/\/www.ucaldas.edu.co\/portal\/la-universidad-de-caldas-hace-parte-de-la-alianza-por-el-cambio-climatico-en-el-departamento\/","schema":{"@context":"https:\/\/schema.org","@graph":[{"@type":"Article","@id":"https:\/\/www.ucaldas.edu.co\/portal\/la-universidad-de-caldas-hace-parte-de-la-alianza-por-el-cambio-climatico-en-el-departamento\/#article","isPartOf":{"@id":"https:\/\/www.ucaldas.edu.co\/portal\/la-universidad-de-caldas-hace-parte-de-la-alianza-por-el-cambio-climatico-en-el-departamento\/"},"author":{"name":"ofiprensa","@id":"https:\/\/www.ucaldas.edu.co\/portal\/#\/schema\/person\/a1b482e23449158b4bc319926c074fdf"},"headline":"La Universidad de Caldas hace parte de la alianza por el cambio clim\u00e1tico en el departamento","datePublished":"2023-03-03T17:27:34+00:00","mainEntityOfPage":{"@id":"https:\/\/www.ucaldas.edu.co\/portal\/la-universidad-de-caldas-hace-parte-de-la-alianza-por-el-cambio-climatico-en-el-departamento\/"},"wordCount":581,"publisher":{"@id":"https:\/\/www.ucaldas.edu.co\/portal\/#organization"},"image":{"@id":"https:\/\/www.ucaldas.edu.co\/portal\/la-universidad-de-caldas-hace-parte-de-la-alianza-por-el-cambio-climatico-en-el-departamento\/#primaryimage"},"thumbnailUrl":"https:\/\/www.ucaldas.edu.co\/portal\/wp-content\/uploads\/2023\/03\/IMAGEN-BOLE-1.jpg","keywords":["Cambio Clim\u00e1tico","acci\u00f3n por la vida"],"articleSection":["Actualidad","Universidad al D\u00eda","UCaldas Verde"],"inLanguage":"es"},{"@type":"WebPage","@id":"https:\/\/www.ucaldas.edu.co\/portal\/la-universidad-de-caldas-hace-parte-de-la-alianza-por-el-cambio-climatico-en-el-departamento\/","url":"https:\/\/www.ucaldas.edu.co\/portal\/la-universidad-de-caldas-hace-parte-de-la-alianza-por-el-cambio-climatico-en-el-departamento\/","name":"La Universidad de Caldas hace parte de la alianza por el cambio clim\u00e1tico en el departamento .","isPartOf":{"@id":"https:\/\/www.ucaldas.edu.co\/portal\/#website"},"primaryImageOfPage":{"@id":"https:\/\/www.ucaldas.edu.co\/portal\/la-universidad-de-caldas-hace-parte-de-la-alianza-por-el-cambio-climatico-en-el-departamento\/#primaryimage"},"image":{"@id":"https:\/\/www.ucaldas.edu.co\/portal\/la-universidad-de-caldas-hace-parte-de-la-alianza-por-el-cambio-climatico-en-el-departamento\/#primaryimage"},"thumbnailUrl":"https:\/\/www.ucaldas.edu.co\/portal\/wp-content\/uploads\/2023\/03\/IMAGEN-BOLE-1.jpg","datePublished":"2023-03-03T17:27:34+00:00","breadcrumb":{"@id":"https:\/\/www.ucaldas.edu.co\/portal\/la-universidad-de-caldas-hace-parte-de-la-alianza-por-el-cambio-climatico-en-el-departamento\/#breadcrumb"},"inLanguage":"es","potentialAction":[{"@type":"ReadAction","target":["https:\/\/www.ucaldas.edu.co\/portal\/la-universidad-de-caldas-hace-parte-de-la-alianza-por-el-cambio-climatico-en-el-departamento\/"]}]},{"@type":"ImageObject","inLanguage":"es","@id":"https:\/\/www.ucaldas.edu.co\/portal\/la-universidad-de-caldas-hace-parte-de-la-alianza-por-el-cambio-climatico-en-el-departamento\/#primaryimage","url":"https:\/\/www.ucaldas.edu.co\/portal\/wp-content\/uploads\/2023\/03\/IMAGEN-BOLE-1.jpg","contentUrl":"https:\/\/www.ucaldas.edu.co\/portal\/wp-content\/uploads\/2023\/03\/IMAGEN-BOLE-1.jpg","width":900,"height":510,"caption":"cambio clim\u00e1tico"},{"@type":"BreadcrumbList","@id":"https:\/\/www.ucaldas.edu.co\/portal\/la-universidad-de-caldas-hace-parte-de-la-alianza-por-el-cambio-climatico-en-el-departamento\/#breadcrumb","itemListElement":[{"@type":"ListItem","position":1,"name":"Portada","item":"https:\/\/www.ucaldas.edu.co\/portal\/"},{"@type":"ListItem","position":2,"name":"La Universidad de Caldas hace parte de la alianza por el cambio clim\u00e1tico en el departamento"}]},{"@type":"WebSite","@id":"https:\/\/www.ucaldas.edu.co\/portal\/#website","url":"https:\/\/www.ucaldas.edu.co\/portal\/","name":"Universidad de Caldas","description":"","publisher":{"@id":"https:\/\/www.ucaldas.edu.co\/portal\/#organization"},"alternateName":"U. de Caldas","potentialAction":[{"@type":"SearchAction","target":{"@type":"EntryPoint","urlTemplate":"https:\/\/www.ucaldas.edu.co\/portal\/?s={search_term_string}"},"query-input":{"@type":"PropertyValueSpecification","valueRequired":true,"valueName":"search_term_string"}}],"inLanguage":"es"},{"@type":"Organization","@id":"https:\/\/www.ucaldas.edu.co\/portal\/#organization","name":"Universidad de Caldas","alternateName":"U. de Caldas","url":"https:\/\/www.ucaldas.edu.co\/portal\/","logo":{"@type":"ImageObject","inLanguage":"es","@id":"https:\/\/www.ucaldas.edu.co\/portal\/#\/schema\/logo\/image\/","url":"https:\/\/www.ucaldas.edu.co\/portal\/wp-content\/uploads\/2023\/11\/Logo_horizontal_oscuroU-2023.png","contentUrl":"https:\/\/www.ucaldas.edu.co\/portal\/wp-content\/uploads\/2023\/11\/Logo_horizontal_oscuroU-2023.png","width":263,"height":101,"caption":"Universidad de Caldas"},"image":{"@id":"https:\/\/www.ucaldas.edu.co\/portal\/#\/schema\/logo\/image\/"},"sameAs":["https:\/\/www.facebook.com\/udecaldas","https:\/\/x.com\/udecaldas","https:\/\/www.youtube.com\/universidadcaldas","https:\/\/www.instagram.com\/udecaldas\/"]},{"@type":"Person","@id":"https:\/\/www.ucaldas.edu.co\/portal\/#\/schema\/person\/a1b482e23449158b4bc319926c074fdf","name":"ofiprensa","image":{"@type":"ImageObject","inLanguage":"es","@id":"https:\/\/www.ucaldas.edu.co\/portal\/wp-content\/litespeed\/avatar\/09ea5085e600095a7a811142c6944527.jpg?ver=1777497608","url":"https:\/\/www.ucaldas.edu.co\/portal\/wp-content\/litespeed\/avatar\/09ea5085e600095a7a811142c6944527.jpg?ver=1777497608","contentUrl":"https:\/\/www.ucaldas.edu.co\/portal\/wp-content\/litespeed\/avatar\/09ea5085e600095a7a811142c6944527.jpg?ver=1777497608","caption":"ofiprensa"},"url":"https:\/\/www.ucaldas.edu.co\/portal\/author\/ofiprensa\/"}]}},"_links":{"self":[{"href":"https:\/\/www.ucaldas.edu.co\/portal\/wp-json\/wp\/v2\/posts\/75049","targetHints":{"allow":["GET"]}}],"collection":[{"href":"https:\/\/www.ucaldas.edu.co\/portal\/wp-json\/wp\/v2\/posts"}],"about":[{"href":"https:\/\/www.ucaldas.edu.co\/portal\/wp-json\/wp\/v2\/types\/post"}],"author":[{"embeddable":true,"href":"https:\/\/www.ucaldas.edu.co\/portal\/wp-json\/wp\/v2\/users\/2"}],"replies":[{"embeddable":true,"href":"https:\/\/www.ucaldas.edu.co\/portal\/wp-json\/wp\/v2\/comments?post=75049"}],"version-history":[{"count":0,"href":"https:\/\/www.ucaldas.edu.co\/portal\/wp-json\/wp\/v2\/posts\/75049\/revisions"}],"wp:featuredmedia":[{"embeddable":true,"href":"https:\/\/www.ucaldas.edu.co\/portal\/wp-json\/wp\/v2\/media\/75050"}],"wp:attachment":[{"href":"https:\/\/www.ucaldas.edu.co\/portal\/wp-json\/wp\/v2\/media?parent=75049"}],"wp:term":[{"taxonomy":"category","embeddable":true,"href":"https:\/\/www.ucaldas.edu.co\/portal\/wp-json\/wp\/v2\/categories?post=75049"},{"taxonomy":"post_tag","embeddable":true,"href":"https:\/\/www.ucaldas.edu.co\/portal\/wp-json\/wp\/v2\/tags?post=75049"}],"curies":[{"name":"wp","href":"https:\/\/api.w.org\/{rel}","templated":true}]}}