{"id":75019,"date":"2023-02-28T21:13:29","date_gmt":"2023-02-28T21:13:29","guid":{"rendered":"https:\/\/www.ucaldas.edu.co\/portal\/?p=75019"},"modified":"2023-02-28T21:13:29","modified_gmt":"2023-02-28T21:13:29","slug":"continuan-dialogos-sobre-implementacion-de-ampliacion-de-cobertura-en-universidades-publicas","status":"publish","type":"post","link":"https:\/\/www.ucaldas.edu.co\/portal\/continuan-dialogos-sobre-implementacion-de-ampliacion-de-cobertura-en-universidades-publicas\/","title":{"rendered":"Contin\u00faan di\u00e1logos sobre implementaci\u00f3n de Ampliaci\u00f3n de Cobertura en Universidades P\u00fablicas"},"content":{"rendered":"<p><img loading=\"lazy\" decoding=\"async\" class=\"aligncenter size-full wp-image-75020\" src=\"https:\/\/www.ucaldas.edu.co\/portal\/wp-content\/uploads\/2023\/02\/rector.jpg\" alt=\"reuni\u00f3n rectores\" width=\"900\" height=\"510\" srcset=\"https:\/\/www.ucaldas.edu.co\/portal\/wp-content\/uploads\/2023\/02\/rector.jpg 900w, https:\/\/www.ucaldas.edu.co\/portal\/wp-content\/uploads\/2023\/02\/rector-300x170.jpg 300w, https:\/\/www.ucaldas.edu.co\/portal\/wp-content\/uploads\/2023\/02\/rector-768x435.jpg 768w\" sizes=\"auto, (max-width: 900px) 100vw, 900px\" \/><\/p>\n<p>Con el objetivo de avanzar en la construcci\u00f3n de la Pol\u00edtica de Ampliaci\u00f3n de Cobertura en las Instituciones de Educaci\u00f3n Superior p\u00fablicas del pa\u00eds, sesion\u00f3 el Nodo del Eje Cafetero m\u00e1s Antioquia del Sistema Universitario Estatal (SUE).<!--more--><\/p>\n<p>En la jornada de trabajo particip\u00f3 el rector de la Universidad de Caldas, Fabio Hernando Arias Orozco, juntos con los directivos de la Universidad Tecnol\u00f3gica de Pereira, Universidad del Quind\u00edo y la Universidad de Antioquia. Tambi\u00e9n estuvieron los funcionarios Ricardo Moreno Pati\u00f1o, asesor de despacho del Ministerio de Educaci\u00f3n Nacional (MEN); Jos\u00e9 Ignacio Morales Huetio, director de calidad del MEN; y Edgar Hern\u00e1n Rodr\u00edguez Ariza, coordinador del Grupo de Est\u00edmulo a la Demanda de Educaci\u00f3n Superior.<\/p>\n<p>En este espacio los delegados del MEN presentaron la Pol\u00edtica de Ampliaci\u00f3n de Cobertura y sus pilares, seguido de los avances en la reconceptualizaci\u00f3n del Sistema de Aseguramiento de la Calidad. Finalmente, todos los presentes plantearon las apuestas de las universidades del nodo para la ampliaci\u00f3n de cobertura, cuyo alcance a nivel nacional es de 500 mil nuevos cupos en el cuatrienio.<\/p>\n<p>Para esto las Universidades est\u00e1n trabajando en diferentes estrategias como \u00e9l fortaleciendo de la oferta acad\u00e9mica en distintos lugares de los territorios, con el fin que el pr\u00f3ximo semestre se empiece a contribuir con esta meta del gobierno para llevar una educaci\u00f3n superior de alta calidad a los colombianos.<\/p>\n<p>De ah\u00ed que actualmente se trabaje en iniciativas con los gobiernos departamentales y municipales para unir esfuerzos de cara a este gran reto, en los pr\u00f3ximos d\u00edas esta comisi\u00f3n del Ministerio de Educaci\u00f3n Nacional visitar\u00e1 la Universidad de Caldas para escuchar y guiar la apuesta de acceso a la educaci\u00f3n superior.<\/p>\n","protected":false},"excerpt":{"rendered":"<p>Con el objetivo de avanzar en la construcci\u00f3n de la Pol\u00edtica de Ampliaci\u00f3n de Cobertura en las Instituciones de Educaci\u00f3n Superior p\u00fablicas del pa\u00eds, sesion\u00f3 el Nodo del Eje Cafetero m\u00e1s Antioquia del Sistema Universitario Estatal (SUE).<\/p>\n","protected":false},"author":2,"featured_media":75020,"comment_status":"closed","ping_status":"open","sticky":false,"template":"","format":"standard","meta":{"footnotes":""},"categories":[600,48,53],"tags":[2450],"class_list":["post-75019","post","type-post","status-publish","format-standard","has-post-thumbnail","hentry","category-ucaldas-regional","category-actualidad","category-universidad-al-dia","tag-universidades-publicas"],"yoast_head":"<!-- This site is optimized with the Yoast SEO plugin v27.5 - https:\/\/yoast.com\/product\/yoast-seo-wordpress\/ -->\n<title>Contin\u00faan di\u00e1logos sobre implementaci\u00f3n de Ampliaci\u00f3n de Cobertura en Universidades P\u00fablicas .<\/title>\n<meta name=\"robots\" content=\"index, follow, max-snippet:-1, max-image-preview:large, max-video-preview:-1\" \/>\n<link rel=\"canonical\" href=\"https:\/\/www.ucaldas.edu.co\/portal\/continuan-dialogos-sobre-implementacion-de-ampliacion-de-cobertura-en-universidades-publicas\/\" \/>\n<script type=\"application\/ld+json\" class=\"yoast-schema-graph\">{\"@context\":\"https:\\\/\\\/schema.org\",\"@graph\":[{\"@type\":\"Article\",\"@id\":\"https:\\\/\\\/www.ucaldas.edu.co\\\/portal\\\/continuan-dialogos-sobre-implementacion-de-ampliacion-de-cobertura-en-universidades-publicas\\\/#article\",\"isPartOf\":{\"@id\":\"https:\\\/\\\/www.ucaldas.edu.co\\\/portal\\\/continuan-dialogos-sobre-implementacion-de-ampliacion-de-cobertura-en-universidades-publicas\\\/\"},\"author\":{\"name\":\"ofiprensa\",\"@id\":\"https:\\\/\\\/www.ucaldas.edu.co\\\/portal\\\/#\\\/schema\\\/person\\\/a1b482e23449158b4bc319926c074fdf\"},\"headline\":\"Contin\u00faan di\u00e1logos sobre implementaci\u00f3n de Ampliaci\u00f3n de Cobertura en Universidades P\u00fablicas\",\"datePublished\":\"2023-02-28T21:13:29+00:00\",\"mainEntityOfPage\":{\"@id\":\"https:\\\/\\\/www.ucaldas.edu.co\\\/portal\\\/continuan-dialogos-sobre-implementacion-de-ampliacion-de-cobertura-en-universidades-publicas\\\/\"},\"wordCount\":319,\"publisher\":{\"@id\":\"https:\\\/\\\/www.ucaldas.edu.co\\\/portal\\\/#organization\"},\"image\":{\"@id\":\"https:\\\/\\\/www.ucaldas.edu.co\\\/portal\\\/continuan-dialogos-sobre-implementacion-de-ampliacion-de-cobertura-en-universidades-publicas\\\/#primaryimage\"},\"thumbnailUrl\":\"https:\\\/\\\/www.ucaldas.edu.co\\\/portal\\\/wp-content\\\/uploads\\\/2023\\\/02\\\/rector.jpg\",\"keywords\":[\"universidades p\u00fablicas\"],\"articleSection\":[\"UCaldas Regional\",\"Actualidad\",\"Universidad al D\u00eda\"],\"inLanguage\":\"es\"},{\"@type\":\"WebPage\",\"@id\":\"https:\\\/\\\/www.ucaldas.edu.co\\\/portal\\\/continuan-dialogos-sobre-implementacion-de-ampliacion-de-cobertura-en-universidades-publicas\\\/\",\"url\":\"https:\\\/\\\/www.ucaldas.edu.co\\\/portal\\\/continuan-dialogos-sobre-implementacion-de-ampliacion-de-cobertura-en-universidades-publicas\\\/\",\"name\":\"Contin\u00faan di\u00e1logos sobre implementaci\u00f3n de Ampliaci\u00f3n de Cobertura en Universidades P\u00fablicas .\",\"isPartOf\":{\"@id\":\"https:\\\/\\\/www.ucaldas.edu.co\\\/portal\\\/#website\"},\"primaryImageOfPage\":{\"@id\":\"https:\\\/\\\/www.ucaldas.edu.co\\\/portal\\\/continuan-dialogos-sobre-implementacion-de-ampliacion-de-cobertura-en-universidades-publicas\\\/#primaryimage\"},\"image\":{\"@id\":\"https:\\\/\\\/www.ucaldas.edu.co\\\/portal\\\/continuan-dialogos-sobre-implementacion-de-ampliacion-de-cobertura-en-universidades-publicas\\\/#primaryimage\"},\"thumbnailUrl\":\"https:\\\/\\\/www.ucaldas.edu.co\\\/portal\\\/wp-content\\\/uploads\\\/2023\\\/02\\\/rector.jpg\",\"datePublished\":\"2023-02-28T21:13:29+00:00\",\"breadcrumb\":{\"@id\":\"https:\\\/\\\/www.ucaldas.edu.co\\\/portal\\\/continuan-dialogos-sobre-implementacion-de-ampliacion-de-cobertura-en-universidades-publicas\\\/#breadcrumb\"},\"inLanguage\":\"es\",\"potentialAction\":[{\"@type\":\"ReadAction\",\"target\":[\"https:\\\/\\\/www.ucaldas.edu.co\\\/portal\\\/continuan-dialogos-sobre-implementacion-de-ampliacion-de-cobertura-en-universidades-publicas\\\/\"]}]},{\"@type\":\"ImageObject\",\"inLanguage\":\"es\",\"@id\":\"https:\\\/\\\/www.ucaldas.edu.co\\\/portal\\\/continuan-dialogos-sobre-implementacion-de-ampliacion-de-cobertura-en-universidades-publicas\\\/#primaryimage\",\"url\":\"https:\\\/\\\/www.ucaldas.edu.co\\\/portal\\\/wp-content\\\/uploads\\\/2023\\\/02\\\/rector.jpg\",\"contentUrl\":\"https:\\\/\\\/www.ucaldas.edu.co\\\/portal\\\/wp-content\\\/uploads\\\/2023\\\/02\\\/rector.jpg\",\"width\":900,\"height\":510,\"caption\":\"reuni\u00f3n rectores\"},{\"@type\":\"BreadcrumbList\",\"@id\":\"https:\\\/\\\/www.ucaldas.edu.co\\\/portal\\\/continuan-dialogos-sobre-implementacion-de-ampliacion-de-cobertura-en-universidades-publicas\\\/#breadcrumb\",\"itemListElement\":[{\"@type\":\"ListItem\",\"position\":1,\"name\":\"Portada\",\"item\":\"https:\\\/\\\/www.ucaldas.edu.co\\\/portal\\\/\"},{\"@type\":\"ListItem\",\"position\":2,\"name\":\"Contin\u00faan di\u00e1logos sobre implementaci\u00f3n de Ampliaci\u00f3n de Cobertura en Universidades P\u00fablicas\"}]},{\"@type\":\"WebSite\",\"@id\":\"https:\\\/\\\/www.ucaldas.edu.co\\\/portal\\\/#website\",\"url\":\"https:\\\/\\\/www.ucaldas.edu.co\\\/portal\\\/\",\"name\":\"Universidad de Caldas\",\"description\":\"\",\"publisher\":{\"@id\":\"https:\\\/\\\/www.ucaldas.edu.co\\\/portal\\\/#organization\"},\"alternateName\":\"U. de Caldas\",\"potentialAction\":[{\"@type\":\"SearchAction\",\"target\":{\"@type\":\"EntryPoint\",\"urlTemplate\":\"https:\\\/\\\/www.ucaldas.edu.co\\\/portal\\\/?s={search_term_string}\"},\"query-input\":{\"@type\":\"PropertyValueSpecification\",\"valueRequired\":true,\"valueName\":\"search_term_string\"}}],\"inLanguage\":\"es\"},{\"@type\":\"Organization\",\"@id\":\"https:\\\/\\\/www.ucaldas.edu.co\\\/portal\\\/#organization\",\"name\":\"Universidad de Caldas\",\"alternateName\":\"U. de Caldas\",\"url\":\"https:\\\/\\\/www.ucaldas.edu.co\\\/portal\\\/\",\"logo\":{\"@type\":\"ImageObject\",\"inLanguage\":\"es\",\"@id\":\"https:\\\/\\\/www.ucaldas.edu.co\\\/portal\\\/#\\\/schema\\\/logo\\\/image\\\/\",\"url\":\"https:\\\/\\\/www.ucaldas.edu.co\\\/portal\\\/wp-content\\\/uploads\\\/2023\\\/11\\\/Logo_horizontal_oscuroU-2023.png\",\"contentUrl\":\"https:\\\/\\\/www.ucaldas.edu.co\\\/portal\\\/wp-content\\\/uploads\\\/2023\\\/11\\\/Logo_horizontal_oscuroU-2023.png\",\"width\":263,\"height\":101,\"caption\":\"Universidad de Caldas\"},\"image\":{\"@id\":\"https:\\\/\\\/www.ucaldas.edu.co\\\/portal\\\/#\\\/schema\\\/logo\\\/image\\\/\"},\"sameAs\":[\"https:\\\/\\\/www.facebook.com\\\/udecaldas\",\"https:\\\/\\\/x.com\\\/udecaldas\",\"https:\\\/\\\/www.youtube.com\\\/universidadcaldas\",\"https:\\\/\\\/www.instagram.com\\\/udecaldas\\\/\"]},{\"@type\":\"Person\",\"@id\":\"https:\\\/\\\/www.ucaldas.edu.co\\\/portal\\\/#\\\/schema\\\/person\\\/a1b482e23449158b4bc319926c074fdf\",\"name\":\"ofiprensa\",\"image\":{\"@type\":\"ImageObject\",\"inLanguage\":\"es\",\"@id\":\"https:\\\/\\\/www.ucaldas.edu.co\\\/portal\\\/wp-content\\\/litespeed\\\/avatar\\\/09ea5085e600095a7a811142c6944527.jpg?ver=1777497608\",\"url\":\"https:\\\/\\\/www.ucaldas.edu.co\\\/portal\\\/wp-content\\\/litespeed\\\/avatar\\\/09ea5085e600095a7a811142c6944527.jpg?ver=1777497608\",\"contentUrl\":\"https:\\\/\\\/www.ucaldas.edu.co\\\/portal\\\/wp-content\\\/litespeed\\\/avatar\\\/09ea5085e600095a7a811142c6944527.jpg?ver=1777497608\",\"caption\":\"ofiprensa\"},\"url\":\"https:\\\/\\\/www.ucaldas.edu.co\\\/portal\\\/author\\\/ofiprensa\\\/\"}]}<\/script>\n<!-- \/ Yoast SEO plugin. -->","yoast_head_json":{"title":"Contin\u00faan di\u00e1logos sobre implementaci\u00f3n de Ampliaci\u00f3n de Cobertura en Universidades P\u00fablicas .","robots":{"index":"index","follow":"follow","max-snippet":"max-snippet:-1","max-image-preview":"max-image-preview:large","max-video-preview":"max-video-preview:-1"},"canonical":"https:\/\/www.ucaldas.edu.co\/portal\/continuan-dialogos-sobre-implementacion-de-ampliacion-de-cobertura-en-universidades-publicas\/","schema":{"@context":"https:\/\/schema.org","@graph":[{"@type":"Article","@id":"https:\/\/www.ucaldas.edu.co\/portal\/continuan-dialogos-sobre-implementacion-de-ampliacion-de-cobertura-en-universidades-publicas\/#article","isPartOf":{"@id":"https:\/\/www.ucaldas.edu.co\/portal\/continuan-dialogos-sobre-implementacion-de-ampliacion-de-cobertura-en-universidades-publicas\/"},"author":{"name":"ofiprensa","@id":"https:\/\/www.ucaldas.edu.co\/portal\/#\/schema\/person\/a1b482e23449158b4bc319926c074fdf"},"headline":"Contin\u00faan di\u00e1logos sobre implementaci\u00f3n de Ampliaci\u00f3n de Cobertura en Universidades P\u00fablicas","datePublished":"2023-02-28T21:13:29+00:00","mainEntityOfPage":{"@id":"https:\/\/www.ucaldas.edu.co\/portal\/continuan-dialogos-sobre-implementacion-de-ampliacion-de-cobertura-en-universidades-publicas\/"},"wordCount":319,"publisher":{"@id":"https:\/\/www.ucaldas.edu.co\/portal\/#organization"},"image":{"@id":"https:\/\/www.ucaldas.edu.co\/portal\/continuan-dialogos-sobre-implementacion-de-ampliacion-de-cobertura-en-universidades-publicas\/#primaryimage"},"thumbnailUrl":"https:\/\/www.ucaldas.edu.co\/portal\/wp-content\/uploads\/2023\/02\/rector.jpg","keywords":["universidades p\u00fablicas"],"articleSection":["UCaldas Regional","Actualidad","Universidad al D\u00eda"],"inLanguage":"es"},{"@type":"WebPage","@id":"https:\/\/www.ucaldas.edu.co\/portal\/continuan-dialogos-sobre-implementacion-de-ampliacion-de-cobertura-en-universidades-publicas\/","url":"https:\/\/www.ucaldas.edu.co\/portal\/continuan-dialogos-sobre-implementacion-de-ampliacion-de-cobertura-en-universidades-publicas\/","name":"Contin\u00faan di\u00e1logos sobre implementaci\u00f3n de Ampliaci\u00f3n de Cobertura en Universidades P\u00fablicas .","isPartOf":{"@id":"https:\/\/www.ucaldas.edu.co\/portal\/#website"},"primaryImageOfPage":{"@id":"https:\/\/www.ucaldas.edu.co\/portal\/continuan-dialogos-sobre-implementacion-de-ampliacion-de-cobertura-en-universidades-publicas\/#primaryimage"},"image":{"@id":"https:\/\/www.ucaldas.edu.co\/portal\/continuan-dialogos-sobre-implementacion-de-ampliacion-de-cobertura-en-universidades-publicas\/#primaryimage"},"thumbnailUrl":"https:\/\/www.ucaldas.edu.co\/portal\/wp-content\/uploads\/2023\/02\/rector.jpg","datePublished":"2023-02-28T21:13:29+00:00","breadcrumb":{"@id":"https:\/\/www.ucaldas.edu.co\/portal\/continuan-dialogos-sobre-implementacion-de-ampliacion-de-cobertura-en-universidades-publicas\/#breadcrumb"},"inLanguage":"es","potentialAction":[{"@type":"ReadAction","target":["https:\/\/www.ucaldas.edu.co\/portal\/continuan-dialogos-sobre-implementacion-de-ampliacion-de-cobertura-en-universidades-publicas\/"]}]},{"@type":"ImageObject","inLanguage":"es","@id":"https:\/\/www.ucaldas.edu.co\/portal\/continuan-dialogos-sobre-implementacion-de-ampliacion-de-cobertura-en-universidades-publicas\/#primaryimage","url":"https:\/\/www.ucaldas.edu.co\/portal\/wp-content\/uploads\/2023\/02\/rector.jpg","contentUrl":"https:\/\/www.ucaldas.edu.co\/portal\/wp-content\/uploads\/2023\/02\/rector.jpg","width":900,"height":510,"caption":"reuni\u00f3n rectores"},{"@type":"BreadcrumbList","@id":"https:\/\/www.ucaldas.edu.co\/portal\/continuan-dialogos-sobre-implementacion-de-ampliacion-de-cobertura-en-universidades-publicas\/#breadcrumb","itemListElement":[{"@type":"ListItem","position":1,"name":"Portada","item":"https:\/\/www.ucaldas.edu.co\/portal\/"},{"@type":"ListItem","position":2,"name":"Contin\u00faan di\u00e1logos sobre implementaci\u00f3n de Ampliaci\u00f3n de Cobertura en Universidades P\u00fablicas"}]},{"@type":"WebSite","@id":"https:\/\/www.ucaldas.edu.co\/portal\/#website","url":"https:\/\/www.ucaldas.edu.co\/portal\/","name":"Universidad de Caldas","description":"","publisher":{"@id":"https:\/\/www.ucaldas.edu.co\/portal\/#organization"},"alternateName":"U. de Caldas","potentialAction":[{"@type":"SearchAction","target":{"@type":"EntryPoint","urlTemplate":"https:\/\/www.ucaldas.edu.co\/portal\/?s={search_term_string}"},"query-input":{"@type":"PropertyValueSpecification","valueRequired":true,"valueName":"search_term_string"}}],"inLanguage":"es"},{"@type":"Organization","@id":"https:\/\/www.ucaldas.edu.co\/portal\/#organization","name":"Universidad de Caldas","alternateName":"U. de Caldas","url":"https:\/\/www.ucaldas.edu.co\/portal\/","logo":{"@type":"ImageObject","inLanguage":"es","@id":"https:\/\/www.ucaldas.edu.co\/portal\/#\/schema\/logo\/image\/","url":"https:\/\/www.ucaldas.edu.co\/portal\/wp-content\/uploads\/2023\/11\/Logo_horizontal_oscuroU-2023.png","contentUrl":"https:\/\/www.ucaldas.edu.co\/portal\/wp-content\/uploads\/2023\/11\/Logo_horizontal_oscuroU-2023.png","width":263,"height":101,"caption":"Universidad de Caldas"},"image":{"@id":"https:\/\/www.ucaldas.edu.co\/portal\/#\/schema\/logo\/image\/"},"sameAs":["https:\/\/www.facebook.com\/udecaldas","https:\/\/x.com\/udecaldas","https:\/\/www.youtube.com\/universidadcaldas","https:\/\/www.instagram.com\/udecaldas\/"]},{"@type":"Person","@id":"https:\/\/www.ucaldas.edu.co\/portal\/#\/schema\/person\/a1b482e23449158b4bc319926c074fdf","name":"ofiprensa","image":{"@type":"ImageObject","inLanguage":"es","@id":"https:\/\/www.ucaldas.edu.co\/portal\/wp-content\/litespeed\/avatar\/09ea5085e600095a7a811142c6944527.jpg?ver=1777497608","url":"https:\/\/www.ucaldas.edu.co\/portal\/wp-content\/litespeed\/avatar\/09ea5085e600095a7a811142c6944527.jpg?ver=1777497608","contentUrl":"https:\/\/www.ucaldas.edu.co\/portal\/wp-content\/litespeed\/avatar\/09ea5085e600095a7a811142c6944527.jpg?ver=1777497608","caption":"ofiprensa"},"url":"https:\/\/www.ucaldas.edu.co\/portal\/author\/ofiprensa\/"}]}},"_links":{"self":[{"href":"https:\/\/www.ucaldas.edu.co\/portal\/wp-json\/wp\/v2\/posts\/75019","targetHints":{"allow":["GET"]}}],"collection":[{"href":"https:\/\/www.ucaldas.edu.co\/portal\/wp-json\/wp\/v2\/posts"}],"about":[{"href":"https:\/\/www.ucaldas.edu.co\/portal\/wp-json\/wp\/v2\/types\/post"}],"author":[{"embeddable":true,"href":"https:\/\/www.ucaldas.edu.co\/portal\/wp-json\/wp\/v2\/users\/2"}],"replies":[{"embeddable":true,"href":"https:\/\/www.ucaldas.edu.co\/portal\/wp-json\/wp\/v2\/comments?post=75019"}],"version-history":[{"count":0,"href":"https:\/\/www.ucaldas.edu.co\/portal\/wp-json\/wp\/v2\/posts\/75019\/revisions"}],"wp:featuredmedia":[{"embeddable":true,"href":"https:\/\/www.ucaldas.edu.co\/portal\/wp-json\/wp\/v2\/media\/75020"}],"wp:attachment":[{"href":"https:\/\/www.ucaldas.edu.co\/portal\/wp-json\/wp\/v2\/media?parent=75019"}],"wp:term":[{"taxonomy":"category","embeddable":true,"href":"https:\/\/www.ucaldas.edu.co\/portal\/wp-json\/wp\/v2\/categories?post=75019"},{"taxonomy":"post_tag","embeddable":true,"href":"https:\/\/www.ucaldas.edu.co\/portal\/wp-json\/wp\/v2\/tags?post=75019"}],"curies":[{"name":"wp","href":"https:\/\/api.w.org\/{rel}","templated":true}]}}