{"id":75016,"date":"2023-02-28T21:12:03","date_gmt":"2023-02-28T21:12:03","guid":{"rendered":"https:\/\/www.ucaldas.edu.co\/portal\/?p=75016"},"modified":"2023-02-28T21:12:03","modified_gmt":"2023-02-28T21:12:03","slug":"universidades-y-bios-colombia-buscan-entender-la-relacion-entre-el-sistema-de-salud-y-la-enfermedad-en-caldas","status":"publish","type":"post","link":"https:\/\/www.ucaldas.edu.co\/portal\/universidades-y-bios-colombia-buscan-entender-la-relacion-entre-el-sistema-de-salud-y-la-enfermedad-en-caldas\/","title":{"rendered":"Universidades y BIOS Colombia buscan entender la relaci\u00f3n entre el sistema de salud y la enfermedad en Caldas"},"content":{"rendered":"<p><img loading=\"lazy\" decoding=\"async\" class=\"aligncenter size-full wp-image-75017\" src=\"https:\/\/www.ucaldas.edu.co\/portal\/wp-content\/uploads\/2023\/02\/origen.jpg\" alt=\"BIOS\" width=\"900\" height=\"510\" srcset=\"https:\/\/www.ucaldas.edu.co\/portal\/wp-content\/uploads\/2023\/02\/origen.jpg 900w, https:\/\/www.ucaldas.edu.co\/portal\/wp-content\/uploads\/2023\/02\/origen-300x170.jpg 300w, https:\/\/www.ucaldas.edu.co\/portal\/wp-content\/uploads\/2023\/02\/origen-768x435.jpg 768w\" sizes=\"auto, (max-width: 900px) 100vw, 900px\" \/><\/p>\n<p>Universidad de Caldas es una de las Instituciones de Educaci\u00f3n superior p\u00fablica que hace parte del programa El Origen &#8211; Genoma Humano Colombiano, definido en BIOS Colombia por el impacto social, econ\u00f3mico y cient\u00edfico que representa para el pa\u00eds, ya que, se puede determinar cu\u00e1les son las enfermedades registradas en el ADN y c\u00f3mo prevenirlas o tratarlas de mejor manera.<!--more--><\/p>\n<p>El proyecto cap\u00edtulo Caldas inici\u00f3 en el 2022 con recursos de regal\u00edas, en el que las Universidades de Caldas, de Manizales, Nacional de Colombia sede Manizales, Aut\u00f3noma de Manizales, y Cat\u00f3lica de Manizales se articularon para fortalecer el impacto en la regi\u00f3n.<\/p>\n<p>Este proyecto contempla un importante componente de apropiaci\u00f3n social de conocimiento, buscando que la comunidad tenga suficiente informaci\u00f3n para comprender la relaci\u00f3n entre el sistema de salud y la enfermedad.<\/p>\n<p>Seg\u00fan el Docente de la Universidad de Caldas, Edwin David Morales \u00c1lvarez, Origen pretende dise\u00f1ar estrategias para optimizar el costo de atenci\u00f3n, mejorar los tratamientos m\u00e9dicos, disminuir la expresi\u00f3n de enfermedades y fortalecer el sistema de salud, entre muchos beneficios m\u00e1s, pues est\u00e1 basado en la prevenci\u00f3n.<\/p>\n<p>Entre tanto Narmer Galeano, investigador principal del proyecto, explic\u00f3 que una parte fundamental de la iniciativa es llevar este conocimiento a las universidades, a estudiantes y profesionales de la salud por medio de estrategias de educaci\u00f3n continuada que les otorguen las herramientas, para que, en su pr\u00e1ctica profesional, puedan implementarlas en beneficio de los colombianos.<\/p>\n<p>Por tal motivo en los pr\u00f3ximos meses las universidades aliadas comenzar\u00e1n a ofertar varios cursos, virtuales y presenciales, para diferentes p\u00fablicos, que les permitir\u00e1 estar m\u00e1s cercanos a El Origen.<\/p>\n<p><strong>Audio <\/strong><\/p>\n<p><a href=\"https:\/\/go.ivoox.com\/rf\/103835836\"><strong>Narmer Galeano Investigador principal del proyecto.<\/strong><\/a><\/p>\n<p><iframe loading=\"lazy\" src=\"https:\/\/www.ivoox.com\/player_ej_103835836_6_1.html\" width=\"100%\" height=\"200\" frameborder=\"0\" scrolling=\"no\" allowfullscreen=\"allowfullscreen\"><\/iframe><\/p>\n<p><a href=\"https:\/\/go.ivoox.com\/rf\/103835885\"><strong>Docente Universidad de Caldas, <\/strong><strong>Edwin David Morales \u00c1lvarez<\/strong><\/a><\/p>\n<p><iframe loading=\"lazy\" src=\"https:\/\/www.ivoox.com\/player_ej_103835885_6_1.html\" width=\"100%\" height=\"200\" frameborder=\"0\" scrolling=\"no\" allowfullscreen=\"allowfullscreen\"><\/iframe><\/p>\n","protected":false},"excerpt":{"rendered":"<p>Universidad de Caldas es una de las Instituciones de Educaci\u00f3n superior p\u00fablica que hace parte del programa El Origen &#8211; Genoma Humano Colombiano, definido en BIOS Colombia por el impacto social, econ\u00f3mico y cient\u00edfico que representa para el pa\u00eds, ya que, se puede determinar cu\u00e1les son las enfermedades registradas en el ADN y c\u00f3mo prevenirlas [&hellip;]<\/p>\n","protected":false},"author":2,"featured_media":75017,"comment_status":"closed","ping_status":"open","sticky":false,"template":"","format":"standard","meta":{"footnotes":""},"categories":[48,53,617],"tags":[9646],"class_list":["post-75016","post","type-post","status-publish","format-standard","has-post-thumbnail","hentry","category-actualidad","category-universidad-al-dia","category-ucaldas-colaborativa","tag-proyecto-origen"],"yoast_head":"<!-- This site is optimized with the Yoast SEO plugin v27.5 - https:\/\/yoast.com\/product\/yoast-seo-wordpress\/ -->\n<title>Universidades y BIOS Colombia buscan entender la relaci\u00f3n entre el sistema de salud y la enfermedad en Caldas .<\/title>\n<meta name=\"robots\" content=\"index, follow, max-snippet:-1, max-image-preview:large, max-video-preview:-1\" \/>\n<link rel=\"canonical\" href=\"https:\/\/www.ucaldas.edu.co\/portal\/universidades-y-bios-colombia-buscan-entender-la-relacion-entre-el-sistema-de-salud-y-la-enfermedad-en-caldas\/\" \/>\n<script type=\"application\/ld+json\" class=\"yoast-schema-graph\">{\"@context\":\"https:\\\/\\\/schema.org\",\"@graph\":[{\"@type\":\"Article\",\"@id\":\"https:\\\/\\\/www.ucaldas.edu.co\\\/portal\\\/universidades-y-bios-colombia-buscan-entender-la-relacion-entre-el-sistema-de-salud-y-la-enfermedad-en-caldas\\\/#article\",\"isPartOf\":{\"@id\":\"https:\\\/\\\/www.ucaldas.edu.co\\\/portal\\\/universidades-y-bios-colombia-buscan-entender-la-relacion-entre-el-sistema-de-salud-y-la-enfermedad-en-caldas\\\/\"},\"author\":{\"name\":\"ofiprensa\",\"@id\":\"https:\\\/\\\/www.ucaldas.edu.co\\\/portal\\\/#\\\/schema\\\/person\\\/a1b482e23449158b4bc319926c074fdf\"},\"headline\":\"Universidades y BIOS Colombia buscan entender la relaci\u00f3n entre el sistema de salud y la enfermedad en Caldas\",\"datePublished\":\"2023-02-28T21:12:03+00:00\",\"mainEntityOfPage\":{\"@id\":\"https:\\\/\\\/www.ucaldas.edu.co\\\/portal\\\/universidades-y-bios-colombia-buscan-entender-la-relacion-entre-el-sistema-de-salud-y-la-enfermedad-en-caldas\\\/\"},\"wordCount\":325,\"publisher\":{\"@id\":\"https:\\\/\\\/www.ucaldas.edu.co\\\/portal\\\/#organization\"},\"image\":{\"@id\":\"https:\\\/\\\/www.ucaldas.edu.co\\\/portal\\\/universidades-y-bios-colombia-buscan-entender-la-relacion-entre-el-sistema-de-salud-y-la-enfermedad-en-caldas\\\/#primaryimage\"},\"thumbnailUrl\":\"https:\\\/\\\/www.ucaldas.edu.co\\\/portal\\\/wp-content\\\/uploads\\\/2023\\\/02\\\/origen.jpg\",\"keywords\":[\"Proyecto Origen\"],\"articleSection\":[\"Actualidad\",\"Universidad al D\u00eda\",\"UCaldas Colaborativa\"],\"inLanguage\":\"es\"},{\"@type\":\"WebPage\",\"@id\":\"https:\\\/\\\/www.ucaldas.edu.co\\\/portal\\\/universidades-y-bios-colombia-buscan-entender-la-relacion-entre-el-sistema-de-salud-y-la-enfermedad-en-caldas\\\/\",\"url\":\"https:\\\/\\\/www.ucaldas.edu.co\\\/portal\\\/universidades-y-bios-colombia-buscan-entender-la-relacion-entre-el-sistema-de-salud-y-la-enfermedad-en-caldas\\\/\",\"name\":\"Universidades y BIOS Colombia buscan entender la relaci\u00f3n entre el sistema de salud y la enfermedad en Caldas .\",\"isPartOf\":{\"@id\":\"https:\\\/\\\/www.ucaldas.edu.co\\\/portal\\\/#website\"},\"primaryImageOfPage\":{\"@id\":\"https:\\\/\\\/www.ucaldas.edu.co\\\/portal\\\/universidades-y-bios-colombia-buscan-entender-la-relacion-entre-el-sistema-de-salud-y-la-enfermedad-en-caldas\\\/#primaryimage\"},\"image\":{\"@id\":\"https:\\\/\\\/www.ucaldas.edu.co\\\/portal\\\/universidades-y-bios-colombia-buscan-entender-la-relacion-entre-el-sistema-de-salud-y-la-enfermedad-en-caldas\\\/#primaryimage\"},\"thumbnailUrl\":\"https:\\\/\\\/www.ucaldas.edu.co\\\/portal\\\/wp-content\\\/uploads\\\/2023\\\/02\\\/origen.jpg\",\"datePublished\":\"2023-02-28T21:12:03+00:00\",\"breadcrumb\":{\"@id\":\"https:\\\/\\\/www.ucaldas.edu.co\\\/portal\\\/universidades-y-bios-colombia-buscan-entender-la-relacion-entre-el-sistema-de-salud-y-la-enfermedad-en-caldas\\\/#breadcrumb\"},\"inLanguage\":\"es\",\"potentialAction\":[{\"@type\":\"ReadAction\",\"target\":[\"https:\\\/\\\/www.ucaldas.edu.co\\\/portal\\\/universidades-y-bios-colombia-buscan-entender-la-relacion-entre-el-sistema-de-salud-y-la-enfermedad-en-caldas\\\/\"]}]},{\"@type\":\"ImageObject\",\"inLanguage\":\"es\",\"@id\":\"https:\\\/\\\/www.ucaldas.edu.co\\\/portal\\\/universidades-y-bios-colombia-buscan-entender-la-relacion-entre-el-sistema-de-salud-y-la-enfermedad-en-caldas\\\/#primaryimage\",\"url\":\"https:\\\/\\\/www.ucaldas.edu.co\\\/portal\\\/wp-content\\\/uploads\\\/2023\\\/02\\\/origen.jpg\",\"contentUrl\":\"https:\\\/\\\/www.ucaldas.edu.co\\\/portal\\\/wp-content\\\/uploads\\\/2023\\\/02\\\/origen.jpg\",\"width\":900,\"height\":510,\"caption\":\"BIOS\"},{\"@type\":\"BreadcrumbList\",\"@id\":\"https:\\\/\\\/www.ucaldas.edu.co\\\/portal\\\/universidades-y-bios-colombia-buscan-entender-la-relacion-entre-el-sistema-de-salud-y-la-enfermedad-en-caldas\\\/#breadcrumb\",\"itemListElement\":[{\"@type\":\"ListItem\",\"position\":1,\"name\":\"Portada\",\"item\":\"https:\\\/\\\/www.ucaldas.edu.co\\\/portal\\\/\"},{\"@type\":\"ListItem\",\"position\":2,\"name\":\"Universidades y BIOS Colombia buscan entender la relaci\u00f3n entre el sistema de salud y la enfermedad en Caldas\"}]},{\"@type\":\"WebSite\",\"@id\":\"https:\\\/\\\/www.ucaldas.edu.co\\\/portal\\\/#website\",\"url\":\"https:\\\/\\\/www.ucaldas.edu.co\\\/portal\\\/\",\"name\":\"Universidad de Caldas\",\"description\":\"\",\"publisher\":{\"@id\":\"https:\\\/\\\/www.ucaldas.edu.co\\\/portal\\\/#organization\"},\"alternateName\":\"U. de Caldas\",\"potentialAction\":[{\"@type\":\"SearchAction\",\"target\":{\"@type\":\"EntryPoint\",\"urlTemplate\":\"https:\\\/\\\/www.ucaldas.edu.co\\\/portal\\\/?s={search_term_string}\"},\"query-input\":{\"@type\":\"PropertyValueSpecification\",\"valueRequired\":true,\"valueName\":\"search_term_string\"}}],\"inLanguage\":\"es\"},{\"@type\":\"Organization\",\"@id\":\"https:\\\/\\\/www.ucaldas.edu.co\\\/portal\\\/#organization\",\"name\":\"Universidad de Caldas\",\"alternateName\":\"U. de Caldas\",\"url\":\"https:\\\/\\\/www.ucaldas.edu.co\\\/portal\\\/\",\"logo\":{\"@type\":\"ImageObject\",\"inLanguage\":\"es\",\"@id\":\"https:\\\/\\\/www.ucaldas.edu.co\\\/portal\\\/#\\\/schema\\\/logo\\\/image\\\/\",\"url\":\"https:\\\/\\\/www.ucaldas.edu.co\\\/portal\\\/wp-content\\\/uploads\\\/2023\\\/11\\\/Logo_horizontal_oscuroU-2023.png\",\"contentUrl\":\"https:\\\/\\\/www.ucaldas.edu.co\\\/portal\\\/wp-content\\\/uploads\\\/2023\\\/11\\\/Logo_horizontal_oscuroU-2023.png\",\"width\":263,\"height\":101,\"caption\":\"Universidad de Caldas\"},\"image\":{\"@id\":\"https:\\\/\\\/www.ucaldas.edu.co\\\/portal\\\/#\\\/schema\\\/logo\\\/image\\\/\"},\"sameAs\":[\"https:\\\/\\\/www.facebook.com\\\/udecaldas\",\"https:\\\/\\\/x.com\\\/udecaldas\",\"https:\\\/\\\/www.youtube.com\\\/universidadcaldas\",\"https:\\\/\\\/www.instagram.com\\\/udecaldas\\\/\"]},{\"@type\":\"Person\",\"@id\":\"https:\\\/\\\/www.ucaldas.edu.co\\\/portal\\\/#\\\/schema\\\/person\\\/a1b482e23449158b4bc319926c074fdf\",\"name\":\"ofiprensa\",\"image\":{\"@type\":\"ImageObject\",\"inLanguage\":\"es\",\"@id\":\"https:\\\/\\\/www.ucaldas.edu.co\\\/portal\\\/wp-content\\\/litespeed\\\/avatar\\\/09ea5085e600095a7a811142c6944527.jpg?ver=1777497608\",\"url\":\"https:\\\/\\\/www.ucaldas.edu.co\\\/portal\\\/wp-content\\\/litespeed\\\/avatar\\\/09ea5085e600095a7a811142c6944527.jpg?ver=1777497608\",\"contentUrl\":\"https:\\\/\\\/www.ucaldas.edu.co\\\/portal\\\/wp-content\\\/litespeed\\\/avatar\\\/09ea5085e600095a7a811142c6944527.jpg?ver=1777497608\",\"caption\":\"ofiprensa\"},\"url\":\"https:\\\/\\\/www.ucaldas.edu.co\\\/portal\\\/author\\\/ofiprensa\\\/\"}]}<\/script>\n<!-- \/ Yoast SEO plugin. -->","yoast_head_json":{"title":"Universidades y BIOS Colombia buscan entender la relaci\u00f3n entre el sistema de salud y la enfermedad en Caldas .","robots":{"index":"index","follow":"follow","max-snippet":"max-snippet:-1","max-image-preview":"max-image-preview:large","max-video-preview":"max-video-preview:-1"},"canonical":"https:\/\/www.ucaldas.edu.co\/portal\/universidades-y-bios-colombia-buscan-entender-la-relacion-entre-el-sistema-de-salud-y-la-enfermedad-en-caldas\/","schema":{"@context":"https:\/\/schema.org","@graph":[{"@type":"Article","@id":"https:\/\/www.ucaldas.edu.co\/portal\/universidades-y-bios-colombia-buscan-entender-la-relacion-entre-el-sistema-de-salud-y-la-enfermedad-en-caldas\/#article","isPartOf":{"@id":"https:\/\/www.ucaldas.edu.co\/portal\/universidades-y-bios-colombia-buscan-entender-la-relacion-entre-el-sistema-de-salud-y-la-enfermedad-en-caldas\/"},"author":{"name":"ofiprensa","@id":"https:\/\/www.ucaldas.edu.co\/portal\/#\/schema\/person\/a1b482e23449158b4bc319926c074fdf"},"headline":"Universidades y BIOS Colombia buscan entender la relaci\u00f3n entre el sistema de salud y la enfermedad en Caldas","datePublished":"2023-02-28T21:12:03+00:00","mainEntityOfPage":{"@id":"https:\/\/www.ucaldas.edu.co\/portal\/universidades-y-bios-colombia-buscan-entender-la-relacion-entre-el-sistema-de-salud-y-la-enfermedad-en-caldas\/"},"wordCount":325,"publisher":{"@id":"https:\/\/www.ucaldas.edu.co\/portal\/#organization"},"image":{"@id":"https:\/\/www.ucaldas.edu.co\/portal\/universidades-y-bios-colombia-buscan-entender-la-relacion-entre-el-sistema-de-salud-y-la-enfermedad-en-caldas\/#primaryimage"},"thumbnailUrl":"https:\/\/www.ucaldas.edu.co\/portal\/wp-content\/uploads\/2023\/02\/origen.jpg","keywords":["Proyecto Origen"],"articleSection":["Actualidad","Universidad al D\u00eda","UCaldas Colaborativa"],"inLanguage":"es"},{"@type":"WebPage","@id":"https:\/\/www.ucaldas.edu.co\/portal\/universidades-y-bios-colombia-buscan-entender-la-relacion-entre-el-sistema-de-salud-y-la-enfermedad-en-caldas\/","url":"https:\/\/www.ucaldas.edu.co\/portal\/universidades-y-bios-colombia-buscan-entender-la-relacion-entre-el-sistema-de-salud-y-la-enfermedad-en-caldas\/","name":"Universidades y BIOS Colombia buscan entender la relaci\u00f3n entre el sistema de salud y la enfermedad en Caldas .","isPartOf":{"@id":"https:\/\/www.ucaldas.edu.co\/portal\/#website"},"primaryImageOfPage":{"@id":"https:\/\/www.ucaldas.edu.co\/portal\/universidades-y-bios-colombia-buscan-entender-la-relacion-entre-el-sistema-de-salud-y-la-enfermedad-en-caldas\/#primaryimage"},"image":{"@id":"https:\/\/www.ucaldas.edu.co\/portal\/universidades-y-bios-colombia-buscan-entender-la-relacion-entre-el-sistema-de-salud-y-la-enfermedad-en-caldas\/#primaryimage"},"thumbnailUrl":"https:\/\/www.ucaldas.edu.co\/portal\/wp-content\/uploads\/2023\/02\/origen.jpg","datePublished":"2023-02-28T21:12:03+00:00","breadcrumb":{"@id":"https:\/\/www.ucaldas.edu.co\/portal\/universidades-y-bios-colombia-buscan-entender-la-relacion-entre-el-sistema-de-salud-y-la-enfermedad-en-caldas\/#breadcrumb"},"inLanguage":"es","potentialAction":[{"@type":"ReadAction","target":["https:\/\/www.ucaldas.edu.co\/portal\/universidades-y-bios-colombia-buscan-entender-la-relacion-entre-el-sistema-de-salud-y-la-enfermedad-en-caldas\/"]}]},{"@type":"ImageObject","inLanguage":"es","@id":"https:\/\/www.ucaldas.edu.co\/portal\/universidades-y-bios-colombia-buscan-entender-la-relacion-entre-el-sistema-de-salud-y-la-enfermedad-en-caldas\/#primaryimage","url":"https:\/\/www.ucaldas.edu.co\/portal\/wp-content\/uploads\/2023\/02\/origen.jpg","contentUrl":"https:\/\/www.ucaldas.edu.co\/portal\/wp-content\/uploads\/2023\/02\/origen.jpg","width":900,"height":510,"caption":"BIOS"},{"@type":"BreadcrumbList","@id":"https:\/\/www.ucaldas.edu.co\/portal\/universidades-y-bios-colombia-buscan-entender-la-relacion-entre-el-sistema-de-salud-y-la-enfermedad-en-caldas\/#breadcrumb","itemListElement":[{"@type":"ListItem","position":1,"name":"Portada","item":"https:\/\/www.ucaldas.edu.co\/portal\/"},{"@type":"ListItem","position":2,"name":"Universidades y BIOS Colombia buscan entender la relaci\u00f3n entre el sistema de salud y la enfermedad en Caldas"}]},{"@type":"WebSite","@id":"https:\/\/www.ucaldas.edu.co\/portal\/#website","url":"https:\/\/www.ucaldas.edu.co\/portal\/","name":"Universidad de Caldas","description":"","publisher":{"@id":"https:\/\/www.ucaldas.edu.co\/portal\/#organization"},"alternateName":"U. de Caldas","potentialAction":[{"@type":"SearchAction","target":{"@type":"EntryPoint","urlTemplate":"https:\/\/www.ucaldas.edu.co\/portal\/?s={search_term_string}"},"query-input":{"@type":"PropertyValueSpecification","valueRequired":true,"valueName":"search_term_string"}}],"inLanguage":"es"},{"@type":"Organization","@id":"https:\/\/www.ucaldas.edu.co\/portal\/#organization","name":"Universidad de Caldas","alternateName":"U. de Caldas","url":"https:\/\/www.ucaldas.edu.co\/portal\/","logo":{"@type":"ImageObject","inLanguage":"es","@id":"https:\/\/www.ucaldas.edu.co\/portal\/#\/schema\/logo\/image\/","url":"https:\/\/www.ucaldas.edu.co\/portal\/wp-content\/uploads\/2023\/11\/Logo_horizontal_oscuroU-2023.png","contentUrl":"https:\/\/www.ucaldas.edu.co\/portal\/wp-content\/uploads\/2023\/11\/Logo_horizontal_oscuroU-2023.png","width":263,"height":101,"caption":"Universidad de Caldas"},"image":{"@id":"https:\/\/www.ucaldas.edu.co\/portal\/#\/schema\/logo\/image\/"},"sameAs":["https:\/\/www.facebook.com\/udecaldas","https:\/\/x.com\/udecaldas","https:\/\/www.youtube.com\/universidadcaldas","https:\/\/www.instagram.com\/udecaldas\/"]},{"@type":"Person","@id":"https:\/\/www.ucaldas.edu.co\/portal\/#\/schema\/person\/a1b482e23449158b4bc319926c074fdf","name":"ofiprensa","image":{"@type":"ImageObject","inLanguage":"es","@id":"https:\/\/www.ucaldas.edu.co\/portal\/wp-content\/litespeed\/avatar\/09ea5085e600095a7a811142c6944527.jpg?ver=1777497608","url":"https:\/\/www.ucaldas.edu.co\/portal\/wp-content\/litespeed\/avatar\/09ea5085e600095a7a811142c6944527.jpg?ver=1777497608","contentUrl":"https:\/\/www.ucaldas.edu.co\/portal\/wp-content\/litespeed\/avatar\/09ea5085e600095a7a811142c6944527.jpg?ver=1777497608","caption":"ofiprensa"},"url":"https:\/\/www.ucaldas.edu.co\/portal\/author\/ofiprensa\/"}]}},"_links":{"self":[{"href":"https:\/\/www.ucaldas.edu.co\/portal\/wp-json\/wp\/v2\/posts\/75016","targetHints":{"allow":["GET"]}}],"collection":[{"href":"https:\/\/www.ucaldas.edu.co\/portal\/wp-json\/wp\/v2\/posts"}],"about":[{"href":"https:\/\/www.ucaldas.edu.co\/portal\/wp-json\/wp\/v2\/types\/post"}],"author":[{"embeddable":true,"href":"https:\/\/www.ucaldas.edu.co\/portal\/wp-json\/wp\/v2\/users\/2"}],"replies":[{"embeddable":true,"href":"https:\/\/www.ucaldas.edu.co\/portal\/wp-json\/wp\/v2\/comments?post=75016"}],"version-history":[{"count":0,"href":"https:\/\/www.ucaldas.edu.co\/portal\/wp-json\/wp\/v2\/posts\/75016\/revisions"}],"wp:featuredmedia":[{"embeddable":true,"href":"https:\/\/www.ucaldas.edu.co\/portal\/wp-json\/wp\/v2\/media\/75017"}],"wp:attachment":[{"href":"https:\/\/www.ucaldas.edu.co\/portal\/wp-json\/wp\/v2\/media?parent=75016"}],"wp:term":[{"taxonomy":"category","embeddable":true,"href":"https:\/\/www.ucaldas.edu.co\/portal\/wp-json\/wp\/v2\/categories?post=75016"},{"taxonomy":"post_tag","embeddable":true,"href":"https:\/\/www.ucaldas.edu.co\/portal\/wp-json\/wp\/v2\/tags?post=75016"}],"curies":[{"name":"wp","href":"https:\/\/api.w.org\/{rel}","templated":true}]}}