{"id":74960,"date":"2023-02-23T20:23:24","date_gmt":"2023-02-23T20:23:24","guid":{"rendered":"https:\/\/www.ucaldas.edu.co\/portal\/?p=74960"},"modified":"2023-02-23T20:23:24","modified_gmt":"2023-02-23T20:23:24","slug":"ministerio-de-educacion-renovo-acreditacion-en-alta-calidad-a-la-licenciatura-en-artes-escenicas-de-la-universidad-de-caldas","status":"publish","type":"post","link":"https:\/\/www.ucaldas.edu.co\/portal\/ministerio-de-educacion-renovo-acreditacion-en-alta-calidad-a-la-licenciatura-en-artes-escenicas-de-la-universidad-de-caldas\/","title":{"rendered":"Ministerio de Educaci\u00f3n renov\u00f3 Acreditaci\u00f3n en Alta Calidad a la Licenciatura en Artes Esc\u00e9nicas de la Universidad de Caldas"},"content":{"rendered":"<p><img loading=\"lazy\" decoding=\"async\" class=\"aligncenter size-full wp-image-74961\" src=\"https:\/\/www.ucaldas.edu.co\/portal\/wp-content\/uploads\/2023\/02\/acreditacion.jpg\" alt=\"acreditaci\u00f3n\" width=\"900\" height=\"510\" srcset=\"https:\/\/www.ucaldas.edu.co\/portal\/wp-content\/uploads\/2023\/02\/acreditacion.jpg 900w, https:\/\/www.ucaldas.edu.co\/portal\/wp-content\/uploads\/2023\/02\/acreditacion-300x170.jpg 300w, https:\/\/www.ucaldas.edu.co\/portal\/wp-content\/uploads\/2023\/02\/acreditacion-768x435.jpg 768w\" sizes=\"auto, (max-width: 900px) 100vw, 900px\" \/><\/p>\n<p>El programa de Licenciatura en Artes Esc\u00e9nicas de la Universidad de Caldas recibi\u00f3 por parte del Ministerio de Educaci\u00f3n Nacional la renovaci\u00f3n de la Acreditaci\u00f3n en Alta Calidad por el t\u00e9rmino de 8 a\u00f1os.<!--more--><\/p>\n<p>Este reconocimiento se otorga gracias al cumplimiento de las condiciones de calidad establecidas por el Gobierno Nacional a entidades e instituciones que ofertan programas acad\u00e9micos en el pa\u00eds.<\/p>\n<p>El documento expedido por el Consejo Nacional de Acreditaci\u00f3n resalta la pertinencia y reconocimiento que posee el programa a nivel regional, con caracter\u00edsticas \u00fanicas en el pa\u00eds en cuanto a la formaci\u00f3n acad\u00e9mica y la proyecci\u00f3n nacional e internacional.<\/p>\n<p>Cabe resaltar que esta reacreditaci\u00f3n se da en el contexto de la pasada conmemoraci\u00f3n de los 20 a\u00f1os del programa en la instituci\u00f3n, donde se desarrollaron diversas actividades con estudiantes, docentes y egresados que permitieron el fortalecimiento del pregrado.<\/p>\n<p>Actualmente el programa se encuentra en una transformaci\u00f3n para vincular m\u00e1s pr\u00e1cticas art\u00edsticas al curr\u00edculum como la danza y las artes circenses. Adem\u00e1s, gracias a su acercamiento con la Maestr\u00eda en Artes, est\u00e1 en proceso un proyecto para la creaci\u00f3n de una maestr\u00eda en escrituras creativas, la cual estar\u00e1 directamente relacionada con la Licenciatura.<\/p>\n<p><a href=\"https:\/\/www.ucaldas.edu.co\/portal\/wp-content\/uploads\/2023\/02\/RRAC-024847-30-12-2022-1.pdf\"><strong>Conozca aqu\u00ed la Resoluci\u00f3n del MEN.<\/strong><\/a><\/p>\n","protected":false},"excerpt":{"rendered":"<p>El programa de Licenciatura en Artes Esc\u00e9nicas de la Universidad de Caldas recibi\u00f3 por parte del Ministerio de Educaci\u00f3n Nacional la renovaci\u00f3n de la Acreditaci\u00f3n en Alta Calidad por el t\u00e9rmino de 8 a\u00f1os.<\/p>\n","protected":false},"author":2,"featured_media":74961,"comment_status":"closed","ping_status":"open","sticky":false,"template":"","format":"standard","meta":{"footnotes":""},"categories":[48,53,243],"tags":[2609],"class_list":["post-74960","post","type-post","status-publish","format-standard","has-post-thumbnail","hentry","category-actualidad","category-universidad-al-dia","category-ucaldas-acreditada","tag-acreditacion-alta-calidad"],"yoast_head":"<!-- This site is optimized with the Yoast SEO plugin v27.5 - https:\/\/yoast.com\/product\/yoast-seo-wordpress\/ -->\n<title>Ministerio de Educaci\u00f3n renov\u00f3 Acreditaci\u00f3n en Alta Calidad a la Licenciatura en Artes Esc\u00e9nicas de la Universidad de Caldas .<\/title>\n<meta name=\"robots\" content=\"index, follow, max-snippet:-1, max-image-preview:large, max-video-preview:-1\" \/>\n<link rel=\"canonical\" href=\"https:\/\/www.ucaldas.edu.co\/portal\/ministerio-de-educacion-renovo-acreditacion-en-alta-calidad-a-la-licenciatura-en-artes-escenicas-de-la-universidad-de-caldas\/\" \/>\n<script type=\"application\/ld+json\" class=\"yoast-schema-graph\">{\"@context\":\"https:\\\/\\\/schema.org\",\"@graph\":[{\"@type\":\"Article\",\"@id\":\"https:\\\/\\\/www.ucaldas.edu.co\\\/portal\\\/ministerio-de-educacion-renovo-acreditacion-en-alta-calidad-a-la-licenciatura-en-artes-escenicas-de-la-universidad-de-caldas\\\/#article\",\"isPartOf\":{\"@id\":\"https:\\\/\\\/www.ucaldas.edu.co\\\/portal\\\/ministerio-de-educacion-renovo-acreditacion-en-alta-calidad-a-la-licenciatura-en-artes-escenicas-de-la-universidad-de-caldas\\\/\"},\"author\":{\"name\":\"ofiprensa\",\"@id\":\"https:\\\/\\\/www.ucaldas.edu.co\\\/portal\\\/#\\\/schema\\\/person\\\/a1b482e23449158b4bc319926c074fdf\"},\"headline\":\"Ministerio de Educaci\u00f3n renov\u00f3 Acreditaci\u00f3n en Alta Calidad a la Licenciatura en Artes Esc\u00e9nicas de la Universidad de Caldas\",\"datePublished\":\"2023-02-23T20:23:24+00:00\",\"mainEntityOfPage\":{\"@id\":\"https:\\\/\\\/www.ucaldas.edu.co\\\/portal\\\/ministerio-de-educacion-renovo-acreditacion-en-alta-calidad-a-la-licenciatura-en-artes-escenicas-de-la-universidad-de-caldas\\\/\"},\"wordCount\":248,\"publisher\":{\"@id\":\"https:\\\/\\\/www.ucaldas.edu.co\\\/portal\\\/#organization\"},\"image\":{\"@id\":\"https:\\\/\\\/www.ucaldas.edu.co\\\/portal\\\/ministerio-de-educacion-renovo-acreditacion-en-alta-calidad-a-la-licenciatura-en-artes-escenicas-de-la-universidad-de-caldas\\\/#primaryimage\"},\"thumbnailUrl\":\"https:\\\/\\\/www.ucaldas.edu.co\\\/portal\\\/wp-content\\\/uploads\\\/2023\\\/02\\\/acreditacion.jpg\",\"keywords\":[\"Acreditaci\u00f3n Alta Calidad\"],\"articleSection\":[\"Actualidad\",\"Universidad al D\u00eda\",\"Ucaldas Acreditada\"],\"inLanguage\":\"es\"},{\"@type\":\"WebPage\",\"@id\":\"https:\\\/\\\/www.ucaldas.edu.co\\\/portal\\\/ministerio-de-educacion-renovo-acreditacion-en-alta-calidad-a-la-licenciatura-en-artes-escenicas-de-la-universidad-de-caldas\\\/\",\"url\":\"https:\\\/\\\/www.ucaldas.edu.co\\\/portal\\\/ministerio-de-educacion-renovo-acreditacion-en-alta-calidad-a-la-licenciatura-en-artes-escenicas-de-la-universidad-de-caldas\\\/\",\"name\":\"Ministerio de Educaci\u00f3n renov\u00f3 Acreditaci\u00f3n en Alta Calidad a la Licenciatura en Artes Esc\u00e9nicas de la Universidad de Caldas .\",\"isPartOf\":{\"@id\":\"https:\\\/\\\/www.ucaldas.edu.co\\\/portal\\\/#website\"},\"primaryImageOfPage\":{\"@id\":\"https:\\\/\\\/www.ucaldas.edu.co\\\/portal\\\/ministerio-de-educacion-renovo-acreditacion-en-alta-calidad-a-la-licenciatura-en-artes-escenicas-de-la-universidad-de-caldas\\\/#primaryimage\"},\"image\":{\"@id\":\"https:\\\/\\\/www.ucaldas.edu.co\\\/portal\\\/ministerio-de-educacion-renovo-acreditacion-en-alta-calidad-a-la-licenciatura-en-artes-escenicas-de-la-universidad-de-caldas\\\/#primaryimage\"},\"thumbnailUrl\":\"https:\\\/\\\/www.ucaldas.edu.co\\\/portal\\\/wp-content\\\/uploads\\\/2023\\\/02\\\/acreditacion.jpg\",\"datePublished\":\"2023-02-23T20:23:24+00:00\",\"breadcrumb\":{\"@id\":\"https:\\\/\\\/www.ucaldas.edu.co\\\/portal\\\/ministerio-de-educacion-renovo-acreditacion-en-alta-calidad-a-la-licenciatura-en-artes-escenicas-de-la-universidad-de-caldas\\\/#breadcrumb\"},\"inLanguage\":\"es\",\"potentialAction\":[{\"@type\":\"ReadAction\",\"target\":[\"https:\\\/\\\/www.ucaldas.edu.co\\\/portal\\\/ministerio-de-educacion-renovo-acreditacion-en-alta-calidad-a-la-licenciatura-en-artes-escenicas-de-la-universidad-de-caldas\\\/\"]}]},{\"@type\":\"ImageObject\",\"inLanguage\":\"es\",\"@id\":\"https:\\\/\\\/www.ucaldas.edu.co\\\/portal\\\/ministerio-de-educacion-renovo-acreditacion-en-alta-calidad-a-la-licenciatura-en-artes-escenicas-de-la-universidad-de-caldas\\\/#primaryimage\",\"url\":\"https:\\\/\\\/www.ucaldas.edu.co\\\/portal\\\/wp-content\\\/uploads\\\/2023\\\/02\\\/acreditacion.jpg\",\"contentUrl\":\"https:\\\/\\\/www.ucaldas.edu.co\\\/portal\\\/wp-content\\\/uploads\\\/2023\\\/02\\\/acreditacion.jpg\",\"width\":900,\"height\":510,\"caption\":\"acreditaci\u00f3n\"},{\"@type\":\"BreadcrumbList\",\"@id\":\"https:\\\/\\\/www.ucaldas.edu.co\\\/portal\\\/ministerio-de-educacion-renovo-acreditacion-en-alta-calidad-a-la-licenciatura-en-artes-escenicas-de-la-universidad-de-caldas\\\/#breadcrumb\",\"itemListElement\":[{\"@type\":\"ListItem\",\"position\":1,\"name\":\"Portada\",\"item\":\"https:\\\/\\\/www.ucaldas.edu.co\\\/portal\\\/\"},{\"@type\":\"ListItem\",\"position\":2,\"name\":\"Ministerio de Educaci\u00f3n renov\u00f3 Acreditaci\u00f3n en Alta Calidad a la Licenciatura en Artes Esc\u00e9nicas de la Universidad de Caldas\"}]},{\"@type\":\"WebSite\",\"@id\":\"https:\\\/\\\/www.ucaldas.edu.co\\\/portal\\\/#website\",\"url\":\"https:\\\/\\\/www.ucaldas.edu.co\\\/portal\\\/\",\"name\":\"Universidad de Caldas\",\"description\":\"\",\"publisher\":{\"@id\":\"https:\\\/\\\/www.ucaldas.edu.co\\\/portal\\\/#organization\"},\"alternateName\":\"U. de Caldas\",\"potentialAction\":[{\"@type\":\"SearchAction\",\"target\":{\"@type\":\"EntryPoint\",\"urlTemplate\":\"https:\\\/\\\/www.ucaldas.edu.co\\\/portal\\\/?s={search_term_string}\"},\"query-input\":{\"@type\":\"PropertyValueSpecification\",\"valueRequired\":true,\"valueName\":\"search_term_string\"}}],\"inLanguage\":\"es\"},{\"@type\":\"Organization\",\"@id\":\"https:\\\/\\\/www.ucaldas.edu.co\\\/portal\\\/#organization\",\"name\":\"Universidad de Caldas\",\"alternateName\":\"U. de Caldas\",\"url\":\"https:\\\/\\\/www.ucaldas.edu.co\\\/portal\\\/\",\"logo\":{\"@type\":\"ImageObject\",\"inLanguage\":\"es\",\"@id\":\"https:\\\/\\\/www.ucaldas.edu.co\\\/portal\\\/#\\\/schema\\\/logo\\\/image\\\/\",\"url\":\"https:\\\/\\\/www.ucaldas.edu.co\\\/portal\\\/wp-content\\\/uploads\\\/2023\\\/11\\\/Logo_horizontal_oscuroU-2023.png\",\"contentUrl\":\"https:\\\/\\\/www.ucaldas.edu.co\\\/portal\\\/wp-content\\\/uploads\\\/2023\\\/11\\\/Logo_horizontal_oscuroU-2023.png\",\"width\":263,\"height\":101,\"caption\":\"Universidad de Caldas\"},\"image\":{\"@id\":\"https:\\\/\\\/www.ucaldas.edu.co\\\/portal\\\/#\\\/schema\\\/logo\\\/image\\\/\"},\"sameAs\":[\"https:\\\/\\\/www.facebook.com\\\/udecaldas\",\"https:\\\/\\\/x.com\\\/udecaldas\",\"https:\\\/\\\/www.youtube.com\\\/universidadcaldas\",\"https:\\\/\\\/www.instagram.com\\\/udecaldas\\\/\"]},{\"@type\":\"Person\",\"@id\":\"https:\\\/\\\/www.ucaldas.edu.co\\\/portal\\\/#\\\/schema\\\/person\\\/a1b482e23449158b4bc319926c074fdf\",\"name\":\"ofiprensa\",\"image\":{\"@type\":\"ImageObject\",\"inLanguage\":\"es\",\"@id\":\"https:\\\/\\\/www.ucaldas.edu.co\\\/portal\\\/wp-content\\\/litespeed\\\/avatar\\\/09ea5085e600095a7a811142c6944527.jpg?ver=1777497608\",\"url\":\"https:\\\/\\\/www.ucaldas.edu.co\\\/portal\\\/wp-content\\\/litespeed\\\/avatar\\\/09ea5085e600095a7a811142c6944527.jpg?ver=1777497608\",\"contentUrl\":\"https:\\\/\\\/www.ucaldas.edu.co\\\/portal\\\/wp-content\\\/litespeed\\\/avatar\\\/09ea5085e600095a7a811142c6944527.jpg?ver=1777497608\",\"caption\":\"ofiprensa\"},\"url\":\"https:\\\/\\\/www.ucaldas.edu.co\\\/portal\\\/author\\\/ofiprensa\\\/\"}]}<\/script>\n<!-- \/ Yoast SEO plugin. -->","yoast_head_json":{"title":"Ministerio de Educaci\u00f3n renov\u00f3 Acreditaci\u00f3n en Alta Calidad a la Licenciatura en Artes Esc\u00e9nicas de la Universidad de Caldas .","robots":{"index":"index","follow":"follow","max-snippet":"max-snippet:-1","max-image-preview":"max-image-preview:large","max-video-preview":"max-video-preview:-1"},"canonical":"https:\/\/www.ucaldas.edu.co\/portal\/ministerio-de-educacion-renovo-acreditacion-en-alta-calidad-a-la-licenciatura-en-artes-escenicas-de-la-universidad-de-caldas\/","schema":{"@context":"https:\/\/schema.org","@graph":[{"@type":"Article","@id":"https:\/\/www.ucaldas.edu.co\/portal\/ministerio-de-educacion-renovo-acreditacion-en-alta-calidad-a-la-licenciatura-en-artes-escenicas-de-la-universidad-de-caldas\/#article","isPartOf":{"@id":"https:\/\/www.ucaldas.edu.co\/portal\/ministerio-de-educacion-renovo-acreditacion-en-alta-calidad-a-la-licenciatura-en-artes-escenicas-de-la-universidad-de-caldas\/"},"author":{"name":"ofiprensa","@id":"https:\/\/www.ucaldas.edu.co\/portal\/#\/schema\/person\/a1b482e23449158b4bc319926c074fdf"},"headline":"Ministerio de Educaci\u00f3n renov\u00f3 Acreditaci\u00f3n en Alta Calidad a la Licenciatura en Artes Esc\u00e9nicas de la Universidad de Caldas","datePublished":"2023-02-23T20:23:24+00:00","mainEntityOfPage":{"@id":"https:\/\/www.ucaldas.edu.co\/portal\/ministerio-de-educacion-renovo-acreditacion-en-alta-calidad-a-la-licenciatura-en-artes-escenicas-de-la-universidad-de-caldas\/"},"wordCount":248,"publisher":{"@id":"https:\/\/www.ucaldas.edu.co\/portal\/#organization"},"image":{"@id":"https:\/\/www.ucaldas.edu.co\/portal\/ministerio-de-educacion-renovo-acreditacion-en-alta-calidad-a-la-licenciatura-en-artes-escenicas-de-la-universidad-de-caldas\/#primaryimage"},"thumbnailUrl":"https:\/\/www.ucaldas.edu.co\/portal\/wp-content\/uploads\/2023\/02\/acreditacion.jpg","keywords":["Acreditaci\u00f3n Alta Calidad"],"articleSection":["Actualidad","Universidad al D\u00eda","Ucaldas Acreditada"],"inLanguage":"es"},{"@type":"WebPage","@id":"https:\/\/www.ucaldas.edu.co\/portal\/ministerio-de-educacion-renovo-acreditacion-en-alta-calidad-a-la-licenciatura-en-artes-escenicas-de-la-universidad-de-caldas\/","url":"https:\/\/www.ucaldas.edu.co\/portal\/ministerio-de-educacion-renovo-acreditacion-en-alta-calidad-a-la-licenciatura-en-artes-escenicas-de-la-universidad-de-caldas\/","name":"Ministerio de Educaci\u00f3n renov\u00f3 Acreditaci\u00f3n en Alta Calidad a la Licenciatura en Artes Esc\u00e9nicas de la Universidad de Caldas .","isPartOf":{"@id":"https:\/\/www.ucaldas.edu.co\/portal\/#website"},"primaryImageOfPage":{"@id":"https:\/\/www.ucaldas.edu.co\/portal\/ministerio-de-educacion-renovo-acreditacion-en-alta-calidad-a-la-licenciatura-en-artes-escenicas-de-la-universidad-de-caldas\/#primaryimage"},"image":{"@id":"https:\/\/www.ucaldas.edu.co\/portal\/ministerio-de-educacion-renovo-acreditacion-en-alta-calidad-a-la-licenciatura-en-artes-escenicas-de-la-universidad-de-caldas\/#primaryimage"},"thumbnailUrl":"https:\/\/www.ucaldas.edu.co\/portal\/wp-content\/uploads\/2023\/02\/acreditacion.jpg","datePublished":"2023-02-23T20:23:24+00:00","breadcrumb":{"@id":"https:\/\/www.ucaldas.edu.co\/portal\/ministerio-de-educacion-renovo-acreditacion-en-alta-calidad-a-la-licenciatura-en-artes-escenicas-de-la-universidad-de-caldas\/#breadcrumb"},"inLanguage":"es","potentialAction":[{"@type":"ReadAction","target":["https:\/\/www.ucaldas.edu.co\/portal\/ministerio-de-educacion-renovo-acreditacion-en-alta-calidad-a-la-licenciatura-en-artes-escenicas-de-la-universidad-de-caldas\/"]}]},{"@type":"ImageObject","inLanguage":"es","@id":"https:\/\/www.ucaldas.edu.co\/portal\/ministerio-de-educacion-renovo-acreditacion-en-alta-calidad-a-la-licenciatura-en-artes-escenicas-de-la-universidad-de-caldas\/#primaryimage","url":"https:\/\/www.ucaldas.edu.co\/portal\/wp-content\/uploads\/2023\/02\/acreditacion.jpg","contentUrl":"https:\/\/www.ucaldas.edu.co\/portal\/wp-content\/uploads\/2023\/02\/acreditacion.jpg","width":900,"height":510,"caption":"acreditaci\u00f3n"},{"@type":"BreadcrumbList","@id":"https:\/\/www.ucaldas.edu.co\/portal\/ministerio-de-educacion-renovo-acreditacion-en-alta-calidad-a-la-licenciatura-en-artes-escenicas-de-la-universidad-de-caldas\/#breadcrumb","itemListElement":[{"@type":"ListItem","position":1,"name":"Portada","item":"https:\/\/www.ucaldas.edu.co\/portal\/"},{"@type":"ListItem","position":2,"name":"Ministerio de Educaci\u00f3n renov\u00f3 Acreditaci\u00f3n en Alta Calidad a la Licenciatura en Artes Esc\u00e9nicas de la Universidad de Caldas"}]},{"@type":"WebSite","@id":"https:\/\/www.ucaldas.edu.co\/portal\/#website","url":"https:\/\/www.ucaldas.edu.co\/portal\/","name":"Universidad de Caldas","description":"","publisher":{"@id":"https:\/\/www.ucaldas.edu.co\/portal\/#organization"},"alternateName":"U. de Caldas","potentialAction":[{"@type":"SearchAction","target":{"@type":"EntryPoint","urlTemplate":"https:\/\/www.ucaldas.edu.co\/portal\/?s={search_term_string}"},"query-input":{"@type":"PropertyValueSpecification","valueRequired":true,"valueName":"search_term_string"}}],"inLanguage":"es"},{"@type":"Organization","@id":"https:\/\/www.ucaldas.edu.co\/portal\/#organization","name":"Universidad de Caldas","alternateName":"U. de Caldas","url":"https:\/\/www.ucaldas.edu.co\/portal\/","logo":{"@type":"ImageObject","inLanguage":"es","@id":"https:\/\/www.ucaldas.edu.co\/portal\/#\/schema\/logo\/image\/","url":"https:\/\/www.ucaldas.edu.co\/portal\/wp-content\/uploads\/2023\/11\/Logo_horizontal_oscuroU-2023.png","contentUrl":"https:\/\/www.ucaldas.edu.co\/portal\/wp-content\/uploads\/2023\/11\/Logo_horizontal_oscuroU-2023.png","width":263,"height":101,"caption":"Universidad de Caldas"},"image":{"@id":"https:\/\/www.ucaldas.edu.co\/portal\/#\/schema\/logo\/image\/"},"sameAs":["https:\/\/www.facebook.com\/udecaldas","https:\/\/x.com\/udecaldas","https:\/\/www.youtube.com\/universidadcaldas","https:\/\/www.instagram.com\/udecaldas\/"]},{"@type":"Person","@id":"https:\/\/www.ucaldas.edu.co\/portal\/#\/schema\/person\/a1b482e23449158b4bc319926c074fdf","name":"ofiprensa","image":{"@type":"ImageObject","inLanguage":"es","@id":"https:\/\/www.ucaldas.edu.co\/portal\/wp-content\/litespeed\/avatar\/09ea5085e600095a7a811142c6944527.jpg?ver=1777497608","url":"https:\/\/www.ucaldas.edu.co\/portal\/wp-content\/litespeed\/avatar\/09ea5085e600095a7a811142c6944527.jpg?ver=1777497608","contentUrl":"https:\/\/www.ucaldas.edu.co\/portal\/wp-content\/litespeed\/avatar\/09ea5085e600095a7a811142c6944527.jpg?ver=1777497608","caption":"ofiprensa"},"url":"https:\/\/www.ucaldas.edu.co\/portal\/author\/ofiprensa\/"}]}},"_links":{"self":[{"href":"https:\/\/www.ucaldas.edu.co\/portal\/wp-json\/wp\/v2\/posts\/74960","targetHints":{"allow":["GET"]}}],"collection":[{"href":"https:\/\/www.ucaldas.edu.co\/portal\/wp-json\/wp\/v2\/posts"}],"about":[{"href":"https:\/\/www.ucaldas.edu.co\/portal\/wp-json\/wp\/v2\/types\/post"}],"author":[{"embeddable":true,"href":"https:\/\/www.ucaldas.edu.co\/portal\/wp-json\/wp\/v2\/users\/2"}],"replies":[{"embeddable":true,"href":"https:\/\/www.ucaldas.edu.co\/portal\/wp-json\/wp\/v2\/comments?post=74960"}],"version-history":[{"count":0,"href":"https:\/\/www.ucaldas.edu.co\/portal\/wp-json\/wp\/v2\/posts\/74960\/revisions"}],"wp:featuredmedia":[{"embeddable":true,"href":"https:\/\/www.ucaldas.edu.co\/portal\/wp-json\/wp\/v2\/media\/74961"}],"wp:attachment":[{"href":"https:\/\/www.ucaldas.edu.co\/portal\/wp-json\/wp\/v2\/media?parent=74960"}],"wp:term":[{"taxonomy":"category","embeddable":true,"href":"https:\/\/www.ucaldas.edu.co\/portal\/wp-json\/wp\/v2\/categories?post=74960"},{"taxonomy":"post_tag","embeddable":true,"href":"https:\/\/www.ucaldas.edu.co\/portal\/wp-json\/wp\/v2\/tags?post=74960"}],"curies":[{"name":"wp","href":"https:\/\/api.w.org\/{rel}","templated":true}]}}