{"id":7482,"date":"2011-03-29T11:10:45","date_gmt":"2011-03-29T16:10:45","guid":{"rendered":"https:\/\/www.ucaldas.edu.co\/portal\/?p=7482"},"modified":"2011-03-29T11:10:45","modified_gmt":"2011-03-29T16:10:45","slug":"academias-premiaran-obra-integral-de-un-cientifico-y-labor-de-cientificos-jovenes-colombianos","status":"publish","type":"post","link":"https:\/\/www.ucaldas.edu.co\/portal\/academias-premiaran-obra-integral-de-un-cientifico-y-labor-de-cientificos-jovenes-colombianos\/","title":{"rendered":"Academias premiar\u00e1n Obra Integral de un Cient\u00edfico y labor de Cient\u00edficos J\u00f3venes Colombianos"},"content":{"rendered":"<p>Ya est\u00e1n abiertas las inscripciones<\/p>\n<hr \/>\n<p align=\"center\">\n<p align=\"right\"><b>29\/03\/2011<\/b><\/p>\n<p><b>\u00a0<\/b><\/p>\n<table border=\"0\">\n<tbody>\n<tr>\n<td><img loading=\"lazy\" decoding=\"async\" style=\"border: 0px\" alt=\"Obra integral\" src=\"http:\/\/www.ucaldas.edu.co\/images\/tmp\/Obra_Integral_Cientifico.JPG\" width=\"240\" height=\"150\" border=\"0\" \/><\/td>\n<td>Ya est\u00e1n <b>abiertas<\/b> las <b>inscripciones <\/b>para el <b>Premio a la Obra Integral de un Cient\u00edfico<\/b>, de la <b>Academia Colombiana<\/b><b> de Ciencias Exactas, F\u00edsicas y Naturales (ACCEFYN)<\/b>, y para el <b>Premio Cient\u00edficos J\u00f3venes Colombianos<\/b>, de la <b>Academia<\/b><b> de Ciencias para el Mundo en Desarrollo (TWAS).<\/b><\/p>\n<p>&nbsp;<\/p>\n<p>Las<b> inscripciones<\/b> ser\u00e1n hasta el <b>31 <\/b>de <b>mayo <\/b>del 2011 y la <b>entrega<\/b> de los <b>premios<\/b> ser\u00e1 durante la <b>sesi\u00f3n solemne estatutaria<\/b>, el <b>17 <\/b>de<b> agosto<\/b> del 2011.<\/td>\n<\/tr>\n<\/tbody>\n<\/table>\n<p>&nbsp;<\/p>\n<p>&nbsp;<\/p>\n<p>El monto del <b>premio <\/b>de la <b>ACCEFYN<\/b><b> <\/b>ser\u00e1 de <b>$8 millones<\/b>, y el de la<b> TWAS<\/b>, de <b>$2 mil d\u00f3lares.<\/b><\/p>\n<p>&nbsp;<\/p>\n<p>La ACCEFYN tiene por objeto el desarrollo de las ciencias exactas, f\u00edsicas y naturales, y para cumplir uno de sus objetivos, reconoce a los cient\u00edficos que se han destacado por sus aportes a las ciencias exactas, f\u00edsicas y naturales.<\/p>\n<p>&nbsp;<\/p>\n<p>Para conocer el reglamento de los premios haga clic <a href=\"http:\/\/desarrollo.ucaldas.edu.co\/archivo\/docs\/prensa\/tmp\/Convocatorias_Academia_Colombiana_Ciencias_Exactas_Fisicas_Naturales_ACCEFYN.pdf\" target=\"_blank\">aqu\u00ed.<\/a><\/p>\n<p>&nbsp;<\/p>\n<p><b>Informes: <\/b>en la ACCEFYN en el tel\u00e9fono: 244 31 86 (Bogot\u00e1), en el correo electr\u00f3nico <a href=\"mailto:accefyn@accefyn.org.co\" target=\"_blank\">accefyn@accefyn.org.co<\/a>. Tambi\u00e9n en la Vicerrector\u00eda de Investigaciones y Postgrados de la U. de Caldas. Tel\u00e9fono: 878 15 00, extensi\u00f3n 11 215.<\/p>\n","protected":false},"excerpt":{"rendered":"<p>Ya est\u00e1n abiertas las inscripciones 29\/03\/2011 \u00a0 Ya est\u00e1n abiertas las inscripciones para el Premio a la Obra Integral de un Cient\u00edfico, de la Academia Colombiana de Ciencias Exactas, F\u00edsicas y Naturales (ACCEFYN), y para el Premio Cient\u00edficos J\u00f3venes Colombianos, de la Academia de Ciencias para el Mundo en Desarrollo (TWAS). &nbsp; Las inscripciones ser\u00e1n [&hellip;]<\/p>\n","protected":false},"author":2,"featured_media":0,"comment_status":"closed","ping_status":"closed","sticky":false,"template":"","format":"standard","meta":{"footnotes":""},"categories":[48,53],"tags":[],"class_list":["post-7482","post","type-post","status-publish","format-standard","hentry","category-actualidad","category-universidad-al-dia"],"yoast_head":"<!-- This site is optimized with the Yoast SEO plugin v27.5 - https:\/\/yoast.com\/product\/yoast-seo-wordpress\/ -->\n<title>Academias premiar\u00e1n Obra Integral de un Cient\u00edfico y labor de Cient\u00edficos J\u00f3venes Colombianos .<\/title>\n<meta name=\"robots\" content=\"index, follow, max-snippet:-1, max-image-preview:large, max-video-preview:-1\" \/>\n<link rel=\"canonical\" href=\"https:\/\/www.ucaldas.edu.co\/portal\/academias-premiaran-obra-integral-de-un-cientifico-y-labor-de-cientificos-jovenes-colombianos\/\" \/>\n<script type=\"application\/ld+json\" class=\"yoast-schema-graph\">{\"@context\":\"https:\\\/\\\/schema.org\",\"@graph\":[{\"@type\":\"Article\",\"@id\":\"https:\\\/\\\/www.ucaldas.edu.co\\\/portal\\\/academias-premiaran-obra-integral-de-un-cientifico-y-labor-de-cientificos-jovenes-colombianos\\\/#article\",\"isPartOf\":{\"@id\":\"https:\\\/\\\/www.ucaldas.edu.co\\\/portal\\\/academias-premiaran-obra-integral-de-un-cientifico-y-labor-de-cientificos-jovenes-colombianos\\\/\"},\"author\":{\"name\":\"ofiprensa\",\"@id\":\"https:\\\/\\\/www.ucaldas.edu.co\\\/portal\\\/#\\\/schema\\\/person\\\/a1b482e23449158b4bc319926c074fdf\"},\"headline\":\"Academias premiar\u00e1n Obra Integral de un Cient\u00edfico y labor de Cient\u00edficos J\u00f3venes Colombianos\",\"datePublished\":\"2011-03-29T16:10:45+00:00\",\"mainEntityOfPage\":{\"@id\":\"https:\\\/\\\/www.ucaldas.edu.co\\\/portal\\\/academias-premiaran-obra-integral-de-un-cientifico-y-labor-de-cientificos-jovenes-colombianos\\\/\"},\"wordCount\":212,\"publisher\":{\"@id\":\"https:\\\/\\\/www.ucaldas.edu.co\\\/portal\\\/#organization\"},\"image\":{\"@id\":\"https:\\\/\\\/www.ucaldas.edu.co\\\/portal\\\/academias-premiaran-obra-integral-de-un-cientifico-y-labor-de-cientificos-jovenes-colombianos\\\/#primaryimage\"},\"thumbnailUrl\":\"http:\\\/\\\/www.ucaldas.edu.co\\\/images\\\/tmp\\\/Obra_Integral_Cientifico.JPG\",\"articleSection\":[\"Actualidad\",\"Universidad al D\u00eda\"],\"inLanguage\":\"es\"},{\"@type\":\"WebPage\",\"@id\":\"https:\\\/\\\/www.ucaldas.edu.co\\\/portal\\\/academias-premiaran-obra-integral-de-un-cientifico-y-labor-de-cientificos-jovenes-colombianos\\\/\",\"url\":\"https:\\\/\\\/www.ucaldas.edu.co\\\/portal\\\/academias-premiaran-obra-integral-de-un-cientifico-y-labor-de-cientificos-jovenes-colombianos\\\/\",\"name\":\"Academias premiar\u00e1n Obra Integral de un Cient\u00edfico y labor de Cient\u00edficos J\u00f3venes Colombianos .\",\"isPartOf\":{\"@id\":\"https:\\\/\\\/www.ucaldas.edu.co\\\/portal\\\/#website\"},\"primaryImageOfPage\":{\"@id\":\"https:\\\/\\\/www.ucaldas.edu.co\\\/portal\\\/academias-premiaran-obra-integral-de-un-cientifico-y-labor-de-cientificos-jovenes-colombianos\\\/#primaryimage\"},\"image\":{\"@id\":\"https:\\\/\\\/www.ucaldas.edu.co\\\/portal\\\/academias-premiaran-obra-integral-de-un-cientifico-y-labor-de-cientificos-jovenes-colombianos\\\/#primaryimage\"},\"thumbnailUrl\":\"http:\\\/\\\/www.ucaldas.edu.co\\\/images\\\/tmp\\\/Obra_Integral_Cientifico.JPG\",\"datePublished\":\"2011-03-29T16:10:45+00:00\",\"breadcrumb\":{\"@id\":\"https:\\\/\\\/www.ucaldas.edu.co\\\/portal\\\/academias-premiaran-obra-integral-de-un-cientifico-y-labor-de-cientificos-jovenes-colombianos\\\/#breadcrumb\"},\"inLanguage\":\"es\",\"potentialAction\":[{\"@type\":\"ReadAction\",\"target\":[\"https:\\\/\\\/www.ucaldas.edu.co\\\/portal\\\/academias-premiaran-obra-integral-de-un-cientifico-y-labor-de-cientificos-jovenes-colombianos\\\/\"]}]},{\"@type\":\"ImageObject\",\"inLanguage\":\"es\",\"@id\":\"https:\\\/\\\/www.ucaldas.edu.co\\\/portal\\\/academias-premiaran-obra-integral-de-un-cientifico-y-labor-de-cientificos-jovenes-colombianos\\\/#primaryimage\",\"url\":\"http:\\\/\\\/www.ucaldas.edu.co\\\/images\\\/tmp\\\/Obra_Integral_Cientifico.JPG\",\"contentUrl\":\"http:\\\/\\\/www.ucaldas.edu.co\\\/images\\\/tmp\\\/Obra_Integral_Cientifico.JPG\"},{\"@type\":\"BreadcrumbList\",\"@id\":\"https:\\\/\\\/www.ucaldas.edu.co\\\/portal\\\/academias-premiaran-obra-integral-de-un-cientifico-y-labor-de-cientificos-jovenes-colombianos\\\/#breadcrumb\",\"itemListElement\":[{\"@type\":\"ListItem\",\"position\":1,\"name\":\"Portada\",\"item\":\"https:\\\/\\\/www.ucaldas.edu.co\\\/portal\\\/\"},{\"@type\":\"ListItem\",\"position\":2,\"name\":\"Academias premiar\u00e1n Obra Integral de un Cient\u00edfico y labor de Cient\u00edficos J\u00f3venes Colombianos\"}]},{\"@type\":\"WebSite\",\"@id\":\"https:\\\/\\\/www.ucaldas.edu.co\\\/portal\\\/#website\",\"url\":\"https:\\\/\\\/www.ucaldas.edu.co\\\/portal\\\/\",\"name\":\"Universidad de Caldas\",\"description\":\"\",\"publisher\":{\"@id\":\"https:\\\/\\\/www.ucaldas.edu.co\\\/portal\\\/#organization\"},\"alternateName\":\"U. de Caldas\",\"potentialAction\":[{\"@type\":\"SearchAction\",\"target\":{\"@type\":\"EntryPoint\",\"urlTemplate\":\"https:\\\/\\\/www.ucaldas.edu.co\\\/portal\\\/?s={search_term_string}\"},\"query-input\":{\"@type\":\"PropertyValueSpecification\",\"valueRequired\":true,\"valueName\":\"search_term_string\"}}],\"inLanguage\":\"es\"},{\"@type\":\"Organization\",\"@id\":\"https:\\\/\\\/www.ucaldas.edu.co\\\/portal\\\/#organization\",\"name\":\"Universidad de Caldas\",\"alternateName\":\"U. de Caldas\",\"url\":\"https:\\\/\\\/www.ucaldas.edu.co\\\/portal\\\/\",\"logo\":{\"@type\":\"ImageObject\",\"inLanguage\":\"es\",\"@id\":\"https:\\\/\\\/www.ucaldas.edu.co\\\/portal\\\/#\\\/schema\\\/logo\\\/image\\\/\",\"url\":\"https:\\\/\\\/www.ucaldas.edu.co\\\/portal\\\/wp-content\\\/uploads\\\/2023\\\/11\\\/Logo_horizontal_oscuroU-2023.png\",\"contentUrl\":\"https:\\\/\\\/www.ucaldas.edu.co\\\/portal\\\/wp-content\\\/uploads\\\/2023\\\/11\\\/Logo_horizontal_oscuroU-2023.png\",\"width\":263,\"height\":101,\"caption\":\"Universidad de Caldas\"},\"image\":{\"@id\":\"https:\\\/\\\/www.ucaldas.edu.co\\\/portal\\\/#\\\/schema\\\/logo\\\/image\\\/\"},\"sameAs\":[\"https:\\\/\\\/www.facebook.com\\\/udecaldas\",\"https:\\\/\\\/x.com\\\/udecaldas\",\"https:\\\/\\\/www.youtube.com\\\/universidadcaldas\",\"https:\\\/\\\/www.instagram.com\\\/udecaldas\\\/\"]},{\"@type\":\"Person\",\"@id\":\"https:\\\/\\\/www.ucaldas.edu.co\\\/portal\\\/#\\\/schema\\\/person\\\/a1b482e23449158b4bc319926c074fdf\",\"name\":\"ofiprensa\",\"image\":{\"@type\":\"ImageObject\",\"inLanguage\":\"es\",\"@id\":\"https:\\\/\\\/www.ucaldas.edu.co\\\/portal\\\/wp-content\\\/litespeed\\\/avatar\\\/09ea5085e600095a7a811142c6944527.jpg?ver=1777497608\",\"url\":\"https:\\\/\\\/www.ucaldas.edu.co\\\/portal\\\/wp-content\\\/litespeed\\\/avatar\\\/09ea5085e600095a7a811142c6944527.jpg?ver=1777497608\",\"contentUrl\":\"https:\\\/\\\/www.ucaldas.edu.co\\\/portal\\\/wp-content\\\/litespeed\\\/avatar\\\/09ea5085e600095a7a811142c6944527.jpg?ver=1777497608\",\"caption\":\"ofiprensa\"},\"url\":\"https:\\\/\\\/www.ucaldas.edu.co\\\/portal\\\/author\\\/ofiprensa\\\/\"}]}<\/script>\n<!-- \/ Yoast SEO plugin. -->","yoast_head_json":{"title":"Academias premiar\u00e1n Obra Integral de un Cient\u00edfico y labor de Cient\u00edficos J\u00f3venes Colombianos .","robots":{"index":"index","follow":"follow","max-snippet":"max-snippet:-1","max-image-preview":"max-image-preview:large","max-video-preview":"max-video-preview:-1"},"canonical":"https:\/\/www.ucaldas.edu.co\/portal\/academias-premiaran-obra-integral-de-un-cientifico-y-labor-de-cientificos-jovenes-colombianos\/","schema":{"@context":"https:\/\/schema.org","@graph":[{"@type":"Article","@id":"https:\/\/www.ucaldas.edu.co\/portal\/academias-premiaran-obra-integral-de-un-cientifico-y-labor-de-cientificos-jovenes-colombianos\/#article","isPartOf":{"@id":"https:\/\/www.ucaldas.edu.co\/portal\/academias-premiaran-obra-integral-de-un-cientifico-y-labor-de-cientificos-jovenes-colombianos\/"},"author":{"name":"ofiprensa","@id":"https:\/\/www.ucaldas.edu.co\/portal\/#\/schema\/person\/a1b482e23449158b4bc319926c074fdf"},"headline":"Academias premiar\u00e1n Obra Integral de un Cient\u00edfico y labor de Cient\u00edficos J\u00f3venes Colombianos","datePublished":"2011-03-29T16:10:45+00:00","mainEntityOfPage":{"@id":"https:\/\/www.ucaldas.edu.co\/portal\/academias-premiaran-obra-integral-de-un-cientifico-y-labor-de-cientificos-jovenes-colombianos\/"},"wordCount":212,"publisher":{"@id":"https:\/\/www.ucaldas.edu.co\/portal\/#organization"},"image":{"@id":"https:\/\/www.ucaldas.edu.co\/portal\/academias-premiaran-obra-integral-de-un-cientifico-y-labor-de-cientificos-jovenes-colombianos\/#primaryimage"},"thumbnailUrl":"http:\/\/www.ucaldas.edu.co\/images\/tmp\/Obra_Integral_Cientifico.JPG","articleSection":["Actualidad","Universidad al D\u00eda"],"inLanguage":"es"},{"@type":"WebPage","@id":"https:\/\/www.ucaldas.edu.co\/portal\/academias-premiaran-obra-integral-de-un-cientifico-y-labor-de-cientificos-jovenes-colombianos\/","url":"https:\/\/www.ucaldas.edu.co\/portal\/academias-premiaran-obra-integral-de-un-cientifico-y-labor-de-cientificos-jovenes-colombianos\/","name":"Academias premiar\u00e1n Obra Integral de un Cient\u00edfico y labor de Cient\u00edficos J\u00f3venes Colombianos .","isPartOf":{"@id":"https:\/\/www.ucaldas.edu.co\/portal\/#website"},"primaryImageOfPage":{"@id":"https:\/\/www.ucaldas.edu.co\/portal\/academias-premiaran-obra-integral-de-un-cientifico-y-labor-de-cientificos-jovenes-colombianos\/#primaryimage"},"image":{"@id":"https:\/\/www.ucaldas.edu.co\/portal\/academias-premiaran-obra-integral-de-un-cientifico-y-labor-de-cientificos-jovenes-colombianos\/#primaryimage"},"thumbnailUrl":"http:\/\/www.ucaldas.edu.co\/images\/tmp\/Obra_Integral_Cientifico.JPG","datePublished":"2011-03-29T16:10:45+00:00","breadcrumb":{"@id":"https:\/\/www.ucaldas.edu.co\/portal\/academias-premiaran-obra-integral-de-un-cientifico-y-labor-de-cientificos-jovenes-colombianos\/#breadcrumb"},"inLanguage":"es","potentialAction":[{"@type":"ReadAction","target":["https:\/\/www.ucaldas.edu.co\/portal\/academias-premiaran-obra-integral-de-un-cientifico-y-labor-de-cientificos-jovenes-colombianos\/"]}]},{"@type":"ImageObject","inLanguage":"es","@id":"https:\/\/www.ucaldas.edu.co\/portal\/academias-premiaran-obra-integral-de-un-cientifico-y-labor-de-cientificos-jovenes-colombianos\/#primaryimage","url":"http:\/\/www.ucaldas.edu.co\/images\/tmp\/Obra_Integral_Cientifico.JPG","contentUrl":"http:\/\/www.ucaldas.edu.co\/images\/tmp\/Obra_Integral_Cientifico.JPG"},{"@type":"BreadcrumbList","@id":"https:\/\/www.ucaldas.edu.co\/portal\/academias-premiaran-obra-integral-de-un-cientifico-y-labor-de-cientificos-jovenes-colombianos\/#breadcrumb","itemListElement":[{"@type":"ListItem","position":1,"name":"Portada","item":"https:\/\/www.ucaldas.edu.co\/portal\/"},{"@type":"ListItem","position":2,"name":"Academias premiar\u00e1n Obra Integral de un Cient\u00edfico y labor de Cient\u00edficos J\u00f3venes Colombianos"}]},{"@type":"WebSite","@id":"https:\/\/www.ucaldas.edu.co\/portal\/#website","url":"https:\/\/www.ucaldas.edu.co\/portal\/","name":"Universidad de Caldas","description":"","publisher":{"@id":"https:\/\/www.ucaldas.edu.co\/portal\/#organization"},"alternateName":"U. de Caldas","potentialAction":[{"@type":"SearchAction","target":{"@type":"EntryPoint","urlTemplate":"https:\/\/www.ucaldas.edu.co\/portal\/?s={search_term_string}"},"query-input":{"@type":"PropertyValueSpecification","valueRequired":true,"valueName":"search_term_string"}}],"inLanguage":"es"},{"@type":"Organization","@id":"https:\/\/www.ucaldas.edu.co\/portal\/#organization","name":"Universidad de Caldas","alternateName":"U. de Caldas","url":"https:\/\/www.ucaldas.edu.co\/portal\/","logo":{"@type":"ImageObject","inLanguage":"es","@id":"https:\/\/www.ucaldas.edu.co\/portal\/#\/schema\/logo\/image\/","url":"https:\/\/www.ucaldas.edu.co\/portal\/wp-content\/uploads\/2023\/11\/Logo_horizontal_oscuroU-2023.png","contentUrl":"https:\/\/www.ucaldas.edu.co\/portal\/wp-content\/uploads\/2023\/11\/Logo_horizontal_oscuroU-2023.png","width":263,"height":101,"caption":"Universidad de Caldas"},"image":{"@id":"https:\/\/www.ucaldas.edu.co\/portal\/#\/schema\/logo\/image\/"},"sameAs":["https:\/\/www.facebook.com\/udecaldas","https:\/\/x.com\/udecaldas","https:\/\/www.youtube.com\/universidadcaldas","https:\/\/www.instagram.com\/udecaldas\/"]},{"@type":"Person","@id":"https:\/\/www.ucaldas.edu.co\/portal\/#\/schema\/person\/a1b482e23449158b4bc319926c074fdf","name":"ofiprensa","image":{"@type":"ImageObject","inLanguage":"es","@id":"https:\/\/www.ucaldas.edu.co\/portal\/wp-content\/litespeed\/avatar\/09ea5085e600095a7a811142c6944527.jpg?ver=1777497608","url":"https:\/\/www.ucaldas.edu.co\/portal\/wp-content\/litespeed\/avatar\/09ea5085e600095a7a811142c6944527.jpg?ver=1777497608","contentUrl":"https:\/\/www.ucaldas.edu.co\/portal\/wp-content\/litespeed\/avatar\/09ea5085e600095a7a811142c6944527.jpg?ver=1777497608","caption":"ofiprensa"},"url":"https:\/\/www.ucaldas.edu.co\/portal\/author\/ofiprensa\/"}]}},"_links":{"self":[{"href":"https:\/\/www.ucaldas.edu.co\/portal\/wp-json\/wp\/v2\/posts\/7482","targetHints":{"allow":["GET"]}}],"collection":[{"href":"https:\/\/www.ucaldas.edu.co\/portal\/wp-json\/wp\/v2\/posts"}],"about":[{"href":"https:\/\/www.ucaldas.edu.co\/portal\/wp-json\/wp\/v2\/types\/post"}],"author":[{"embeddable":true,"href":"https:\/\/www.ucaldas.edu.co\/portal\/wp-json\/wp\/v2\/users\/2"}],"replies":[{"embeddable":true,"href":"https:\/\/www.ucaldas.edu.co\/portal\/wp-json\/wp\/v2\/comments?post=7482"}],"version-history":[{"count":0,"href":"https:\/\/www.ucaldas.edu.co\/portal\/wp-json\/wp\/v2\/posts\/7482\/revisions"}],"wp:attachment":[{"href":"https:\/\/www.ucaldas.edu.co\/portal\/wp-json\/wp\/v2\/media?parent=7482"}],"wp:term":[{"taxonomy":"category","embeddable":true,"href":"https:\/\/www.ucaldas.edu.co\/portal\/wp-json\/wp\/v2\/categories?post=7482"},{"taxonomy":"post_tag","embeddable":true,"href":"https:\/\/www.ucaldas.edu.co\/portal\/wp-json\/wp\/v2\/tags?post=7482"}],"curies":[{"name":"wp","href":"https:\/\/api.w.org\/{rel}","templated":true}]}}