{"id":74801,"date":"2023-02-14T19:16:18","date_gmt":"2023-02-14T19:16:18","guid":{"rendered":"https:\/\/www.ucaldas.edu.co\/portal\/?p=74801"},"modified":"2023-02-14T19:16:18","modified_gmt":"2023-02-14T19:16:18","slug":"consejo-academico-de-la-universidad-de-caldas-extendio-el-plazo-para-el-pago-oportuno-de-derechos-academicos","status":"publish","type":"post","link":"https:\/\/www.ucaldas.edu.co\/portal\/consejo-academico-de-la-universidad-de-caldas-extendio-el-plazo-para-el-pago-oportuno-de-derechos-academicos\/","title":{"rendered":"Consejo Acad\u00e9mico de la Universidad de Caldas extendi\u00f3 el plazo para el pago oportuno de Derechos Acad\u00e9micos"},"content":{"rendered":"<p><img loading=\"lazy\" decoding=\"async\" class=\"aligncenter size-full wp-image-74802\" src=\"https:\/\/www.ucaldas.edu.co\/portal\/wp-content\/uploads\/2023\/02\/alendario.jpg\" alt=\"calendario acad\u00e9mico\" width=\"900\" height=\"510\" srcset=\"https:\/\/www.ucaldas.edu.co\/portal\/wp-content\/uploads\/2023\/02\/alendario.jpg 900w, https:\/\/www.ucaldas.edu.co\/portal\/wp-content\/uploads\/2023\/02\/alendario-300x170.jpg 300w, https:\/\/www.ucaldas.edu.co\/portal\/wp-content\/uploads\/2023\/02\/alendario-768x435.jpg 768w\" sizes=\"auto, (max-width: 900px) 100vw, 900px\" \/><\/p>\n<p>Se informa a estudiantes de pregrados presenciales de la Universidad de Caldas, que hasta el lunes 6 de marzo el Consejo Acad\u00e9mico de la instituci\u00f3n extendi\u00f3 el plazo para el pago oportuno de Derechos Acad\u00e9micos.<!--more--><\/p>\n<p>La modificaci\u00f3n est\u00e1 sustentada en la solicitud de estudiantes que por diversos motivos no les ha sido posible realizar el pago oportuno en la fecha establecida en el calendario.<\/p>\n<p>Tanto la Vicerrector\u00eda Acad\u00e9mica como la Oficina Asesora de Planeaci\u00f3n de la Instituci\u00f3n, consideraron que la fecha propuesta ser\u00eda la m\u00e1s oportuna, teniendo en cuenta que el 10 de marzo es el l\u00edmite establecido por el Ministerio de Educaci\u00f3n Nacional para pasar los reportes de estudiantes inscritos.<\/p>\n<p><a href=\"https:\/\/www.ucaldas.edu.co\/portal\/wp-content\/uploads\/2022\/11\/Acuerdo_33_2022_Calendario-Academico-2023-pregrado-1.pdf\"><strong>Conozca aqu\u00ed el calendario completo.<\/strong><\/a><\/p>\n<p><a href=\"https:\/\/www.ucaldas.edu.co\/portal\/wp-content\/uploads\/2023\/02\/Acuerdo-02-8-febrero-2023-CA_Mod.-calendario-academico-2023.pdf\"><strong>Modificaci\u00f3n del calendario aqu\u00ed.<\/strong><\/a><\/p>\n","protected":false},"excerpt":{"rendered":"<p>Se informa a estudiantes de pregrados presenciales de la Universidad de Caldas, que hasta el lunes 6 de marzo el Consejo Acad\u00e9mico de la instituci\u00f3n extendi\u00f3 el plazo para el pago oportuno de Derechos Acad\u00e9micos.<\/p>\n","protected":false},"author":2,"featured_media":74802,"comment_status":"closed","ping_status":"open","sticky":false,"template":"","format":"standard","meta":{"footnotes":""},"categories":[48,53],"tags":[1797],"class_list":["post-74801","post","type-post","status-publish","format-standard","has-post-thumbnail","hentry","category-actualidad","category-universidad-al-dia","tag-calendario-academico"],"yoast_head":"<!-- This site is optimized with the Yoast SEO plugin v27.5 - https:\/\/yoast.com\/product\/yoast-seo-wordpress\/ -->\n<title>Consejo Acad\u00e9mico de la Universidad de Caldas extendi\u00f3 el plazo para el pago oportuno de Derechos Acad\u00e9micos .<\/title>\n<meta name=\"robots\" content=\"index, follow, max-snippet:-1, max-image-preview:large, max-video-preview:-1\" \/>\n<link rel=\"canonical\" href=\"https:\/\/www.ucaldas.edu.co\/portal\/consejo-academico-de-la-universidad-de-caldas-extendio-el-plazo-para-el-pago-oportuno-de-derechos-academicos\/\" \/>\n<script type=\"application\/ld+json\" class=\"yoast-schema-graph\">{\"@context\":\"https:\\\/\\\/schema.org\",\"@graph\":[{\"@type\":\"Article\",\"@id\":\"https:\\\/\\\/www.ucaldas.edu.co\\\/portal\\\/consejo-academico-de-la-universidad-de-caldas-extendio-el-plazo-para-el-pago-oportuno-de-derechos-academicos\\\/#article\",\"isPartOf\":{\"@id\":\"https:\\\/\\\/www.ucaldas.edu.co\\\/portal\\\/consejo-academico-de-la-universidad-de-caldas-extendio-el-plazo-para-el-pago-oportuno-de-derechos-academicos\\\/\"},\"author\":{\"name\":\"ofiprensa\",\"@id\":\"https:\\\/\\\/www.ucaldas.edu.co\\\/portal\\\/#\\\/schema\\\/person\\\/a1b482e23449158b4bc319926c074fdf\"},\"headline\":\"Consejo Acad\u00e9mico de la Universidad de Caldas extendi\u00f3 el plazo para el pago oportuno de Derechos Acad\u00e9micos\",\"datePublished\":\"2023-02-14T19:16:18+00:00\",\"mainEntityOfPage\":{\"@id\":\"https:\\\/\\\/www.ucaldas.edu.co\\\/portal\\\/consejo-academico-de-la-universidad-de-caldas-extendio-el-plazo-para-el-pago-oportuno-de-derechos-academicos\\\/\"},\"wordCount\":150,\"publisher\":{\"@id\":\"https:\\\/\\\/www.ucaldas.edu.co\\\/portal\\\/#organization\"},\"image\":{\"@id\":\"https:\\\/\\\/www.ucaldas.edu.co\\\/portal\\\/consejo-academico-de-la-universidad-de-caldas-extendio-el-plazo-para-el-pago-oportuno-de-derechos-academicos\\\/#primaryimage\"},\"thumbnailUrl\":\"https:\\\/\\\/www.ucaldas.edu.co\\\/portal\\\/wp-content\\\/uploads\\\/2023\\\/02\\\/alendario.jpg\",\"keywords\":[\"calendario acad\u00e9mico\"],\"articleSection\":[\"Actualidad\",\"Universidad al D\u00eda\"],\"inLanguage\":\"es\"},{\"@type\":\"WebPage\",\"@id\":\"https:\\\/\\\/www.ucaldas.edu.co\\\/portal\\\/consejo-academico-de-la-universidad-de-caldas-extendio-el-plazo-para-el-pago-oportuno-de-derechos-academicos\\\/\",\"url\":\"https:\\\/\\\/www.ucaldas.edu.co\\\/portal\\\/consejo-academico-de-la-universidad-de-caldas-extendio-el-plazo-para-el-pago-oportuno-de-derechos-academicos\\\/\",\"name\":\"Consejo Acad\u00e9mico de la Universidad de Caldas extendi\u00f3 el plazo para el pago oportuno de Derechos Acad\u00e9micos .\",\"isPartOf\":{\"@id\":\"https:\\\/\\\/www.ucaldas.edu.co\\\/portal\\\/#website\"},\"primaryImageOfPage\":{\"@id\":\"https:\\\/\\\/www.ucaldas.edu.co\\\/portal\\\/consejo-academico-de-la-universidad-de-caldas-extendio-el-plazo-para-el-pago-oportuno-de-derechos-academicos\\\/#primaryimage\"},\"image\":{\"@id\":\"https:\\\/\\\/www.ucaldas.edu.co\\\/portal\\\/consejo-academico-de-la-universidad-de-caldas-extendio-el-plazo-para-el-pago-oportuno-de-derechos-academicos\\\/#primaryimage\"},\"thumbnailUrl\":\"https:\\\/\\\/www.ucaldas.edu.co\\\/portal\\\/wp-content\\\/uploads\\\/2023\\\/02\\\/alendario.jpg\",\"datePublished\":\"2023-02-14T19:16:18+00:00\",\"breadcrumb\":{\"@id\":\"https:\\\/\\\/www.ucaldas.edu.co\\\/portal\\\/consejo-academico-de-la-universidad-de-caldas-extendio-el-plazo-para-el-pago-oportuno-de-derechos-academicos\\\/#breadcrumb\"},\"inLanguage\":\"es\",\"potentialAction\":[{\"@type\":\"ReadAction\",\"target\":[\"https:\\\/\\\/www.ucaldas.edu.co\\\/portal\\\/consejo-academico-de-la-universidad-de-caldas-extendio-el-plazo-para-el-pago-oportuno-de-derechos-academicos\\\/\"]}]},{\"@type\":\"ImageObject\",\"inLanguage\":\"es\",\"@id\":\"https:\\\/\\\/www.ucaldas.edu.co\\\/portal\\\/consejo-academico-de-la-universidad-de-caldas-extendio-el-plazo-para-el-pago-oportuno-de-derechos-academicos\\\/#primaryimage\",\"url\":\"https:\\\/\\\/www.ucaldas.edu.co\\\/portal\\\/wp-content\\\/uploads\\\/2023\\\/02\\\/alendario.jpg\",\"contentUrl\":\"https:\\\/\\\/www.ucaldas.edu.co\\\/portal\\\/wp-content\\\/uploads\\\/2023\\\/02\\\/alendario.jpg\",\"width\":900,\"height\":510,\"caption\":\"calendario acad\u00e9mico\"},{\"@type\":\"BreadcrumbList\",\"@id\":\"https:\\\/\\\/www.ucaldas.edu.co\\\/portal\\\/consejo-academico-de-la-universidad-de-caldas-extendio-el-plazo-para-el-pago-oportuno-de-derechos-academicos\\\/#breadcrumb\",\"itemListElement\":[{\"@type\":\"ListItem\",\"position\":1,\"name\":\"Portada\",\"item\":\"https:\\\/\\\/www.ucaldas.edu.co\\\/portal\\\/\"},{\"@type\":\"ListItem\",\"position\":2,\"name\":\"Consejo Acad\u00e9mico de la Universidad de Caldas extendi\u00f3 el plazo para el pago oportuno de Derechos Acad\u00e9micos\"}]},{\"@type\":\"WebSite\",\"@id\":\"https:\\\/\\\/www.ucaldas.edu.co\\\/portal\\\/#website\",\"url\":\"https:\\\/\\\/www.ucaldas.edu.co\\\/portal\\\/\",\"name\":\"Universidad de Caldas\",\"description\":\"\",\"publisher\":{\"@id\":\"https:\\\/\\\/www.ucaldas.edu.co\\\/portal\\\/#organization\"},\"alternateName\":\"U. de Caldas\",\"potentialAction\":[{\"@type\":\"SearchAction\",\"target\":{\"@type\":\"EntryPoint\",\"urlTemplate\":\"https:\\\/\\\/www.ucaldas.edu.co\\\/portal\\\/?s={search_term_string}\"},\"query-input\":{\"@type\":\"PropertyValueSpecification\",\"valueRequired\":true,\"valueName\":\"search_term_string\"}}],\"inLanguage\":\"es\"},{\"@type\":\"Organization\",\"@id\":\"https:\\\/\\\/www.ucaldas.edu.co\\\/portal\\\/#organization\",\"name\":\"Universidad de Caldas\",\"alternateName\":\"U. de Caldas\",\"url\":\"https:\\\/\\\/www.ucaldas.edu.co\\\/portal\\\/\",\"logo\":{\"@type\":\"ImageObject\",\"inLanguage\":\"es\",\"@id\":\"https:\\\/\\\/www.ucaldas.edu.co\\\/portal\\\/#\\\/schema\\\/logo\\\/image\\\/\",\"url\":\"https:\\\/\\\/www.ucaldas.edu.co\\\/portal\\\/wp-content\\\/uploads\\\/2023\\\/11\\\/Logo_horizontal_oscuroU-2023.png\",\"contentUrl\":\"https:\\\/\\\/www.ucaldas.edu.co\\\/portal\\\/wp-content\\\/uploads\\\/2023\\\/11\\\/Logo_horizontal_oscuroU-2023.png\",\"width\":263,\"height\":101,\"caption\":\"Universidad de Caldas\"},\"image\":{\"@id\":\"https:\\\/\\\/www.ucaldas.edu.co\\\/portal\\\/#\\\/schema\\\/logo\\\/image\\\/\"},\"sameAs\":[\"https:\\\/\\\/www.facebook.com\\\/udecaldas\",\"https:\\\/\\\/x.com\\\/udecaldas\",\"https:\\\/\\\/www.youtube.com\\\/universidadcaldas\",\"https:\\\/\\\/www.instagram.com\\\/udecaldas\\\/\"]},{\"@type\":\"Person\",\"@id\":\"https:\\\/\\\/www.ucaldas.edu.co\\\/portal\\\/#\\\/schema\\\/person\\\/a1b482e23449158b4bc319926c074fdf\",\"name\":\"ofiprensa\",\"image\":{\"@type\":\"ImageObject\",\"inLanguage\":\"es\",\"@id\":\"https:\\\/\\\/www.ucaldas.edu.co\\\/portal\\\/wp-content\\\/litespeed\\\/avatar\\\/09ea5085e600095a7a811142c6944527.jpg?ver=1777497608\",\"url\":\"https:\\\/\\\/www.ucaldas.edu.co\\\/portal\\\/wp-content\\\/litespeed\\\/avatar\\\/09ea5085e600095a7a811142c6944527.jpg?ver=1777497608\",\"contentUrl\":\"https:\\\/\\\/www.ucaldas.edu.co\\\/portal\\\/wp-content\\\/litespeed\\\/avatar\\\/09ea5085e600095a7a811142c6944527.jpg?ver=1777497608\",\"caption\":\"ofiprensa\"},\"url\":\"https:\\\/\\\/www.ucaldas.edu.co\\\/portal\\\/author\\\/ofiprensa\\\/\"}]}<\/script>\n<!-- \/ Yoast SEO plugin. -->","yoast_head_json":{"title":"Consejo Acad\u00e9mico de la Universidad de Caldas extendi\u00f3 el plazo para el pago oportuno de Derechos Acad\u00e9micos .","robots":{"index":"index","follow":"follow","max-snippet":"max-snippet:-1","max-image-preview":"max-image-preview:large","max-video-preview":"max-video-preview:-1"},"canonical":"https:\/\/www.ucaldas.edu.co\/portal\/consejo-academico-de-la-universidad-de-caldas-extendio-el-plazo-para-el-pago-oportuno-de-derechos-academicos\/","schema":{"@context":"https:\/\/schema.org","@graph":[{"@type":"Article","@id":"https:\/\/www.ucaldas.edu.co\/portal\/consejo-academico-de-la-universidad-de-caldas-extendio-el-plazo-para-el-pago-oportuno-de-derechos-academicos\/#article","isPartOf":{"@id":"https:\/\/www.ucaldas.edu.co\/portal\/consejo-academico-de-la-universidad-de-caldas-extendio-el-plazo-para-el-pago-oportuno-de-derechos-academicos\/"},"author":{"name":"ofiprensa","@id":"https:\/\/www.ucaldas.edu.co\/portal\/#\/schema\/person\/a1b482e23449158b4bc319926c074fdf"},"headline":"Consejo Acad\u00e9mico de la Universidad de Caldas extendi\u00f3 el plazo para el pago oportuno de Derechos Acad\u00e9micos","datePublished":"2023-02-14T19:16:18+00:00","mainEntityOfPage":{"@id":"https:\/\/www.ucaldas.edu.co\/portal\/consejo-academico-de-la-universidad-de-caldas-extendio-el-plazo-para-el-pago-oportuno-de-derechos-academicos\/"},"wordCount":150,"publisher":{"@id":"https:\/\/www.ucaldas.edu.co\/portal\/#organization"},"image":{"@id":"https:\/\/www.ucaldas.edu.co\/portal\/consejo-academico-de-la-universidad-de-caldas-extendio-el-plazo-para-el-pago-oportuno-de-derechos-academicos\/#primaryimage"},"thumbnailUrl":"https:\/\/www.ucaldas.edu.co\/portal\/wp-content\/uploads\/2023\/02\/alendario.jpg","keywords":["calendario acad\u00e9mico"],"articleSection":["Actualidad","Universidad al D\u00eda"],"inLanguage":"es"},{"@type":"WebPage","@id":"https:\/\/www.ucaldas.edu.co\/portal\/consejo-academico-de-la-universidad-de-caldas-extendio-el-plazo-para-el-pago-oportuno-de-derechos-academicos\/","url":"https:\/\/www.ucaldas.edu.co\/portal\/consejo-academico-de-la-universidad-de-caldas-extendio-el-plazo-para-el-pago-oportuno-de-derechos-academicos\/","name":"Consejo Acad\u00e9mico de la Universidad de Caldas extendi\u00f3 el plazo para el pago oportuno de Derechos Acad\u00e9micos .","isPartOf":{"@id":"https:\/\/www.ucaldas.edu.co\/portal\/#website"},"primaryImageOfPage":{"@id":"https:\/\/www.ucaldas.edu.co\/portal\/consejo-academico-de-la-universidad-de-caldas-extendio-el-plazo-para-el-pago-oportuno-de-derechos-academicos\/#primaryimage"},"image":{"@id":"https:\/\/www.ucaldas.edu.co\/portal\/consejo-academico-de-la-universidad-de-caldas-extendio-el-plazo-para-el-pago-oportuno-de-derechos-academicos\/#primaryimage"},"thumbnailUrl":"https:\/\/www.ucaldas.edu.co\/portal\/wp-content\/uploads\/2023\/02\/alendario.jpg","datePublished":"2023-02-14T19:16:18+00:00","breadcrumb":{"@id":"https:\/\/www.ucaldas.edu.co\/portal\/consejo-academico-de-la-universidad-de-caldas-extendio-el-plazo-para-el-pago-oportuno-de-derechos-academicos\/#breadcrumb"},"inLanguage":"es","potentialAction":[{"@type":"ReadAction","target":["https:\/\/www.ucaldas.edu.co\/portal\/consejo-academico-de-la-universidad-de-caldas-extendio-el-plazo-para-el-pago-oportuno-de-derechos-academicos\/"]}]},{"@type":"ImageObject","inLanguage":"es","@id":"https:\/\/www.ucaldas.edu.co\/portal\/consejo-academico-de-la-universidad-de-caldas-extendio-el-plazo-para-el-pago-oportuno-de-derechos-academicos\/#primaryimage","url":"https:\/\/www.ucaldas.edu.co\/portal\/wp-content\/uploads\/2023\/02\/alendario.jpg","contentUrl":"https:\/\/www.ucaldas.edu.co\/portal\/wp-content\/uploads\/2023\/02\/alendario.jpg","width":900,"height":510,"caption":"calendario acad\u00e9mico"},{"@type":"BreadcrumbList","@id":"https:\/\/www.ucaldas.edu.co\/portal\/consejo-academico-de-la-universidad-de-caldas-extendio-el-plazo-para-el-pago-oportuno-de-derechos-academicos\/#breadcrumb","itemListElement":[{"@type":"ListItem","position":1,"name":"Portada","item":"https:\/\/www.ucaldas.edu.co\/portal\/"},{"@type":"ListItem","position":2,"name":"Consejo Acad\u00e9mico de la Universidad de Caldas extendi\u00f3 el plazo para el pago oportuno de Derechos Acad\u00e9micos"}]},{"@type":"WebSite","@id":"https:\/\/www.ucaldas.edu.co\/portal\/#website","url":"https:\/\/www.ucaldas.edu.co\/portal\/","name":"Universidad de Caldas","description":"","publisher":{"@id":"https:\/\/www.ucaldas.edu.co\/portal\/#organization"},"alternateName":"U. de Caldas","potentialAction":[{"@type":"SearchAction","target":{"@type":"EntryPoint","urlTemplate":"https:\/\/www.ucaldas.edu.co\/portal\/?s={search_term_string}"},"query-input":{"@type":"PropertyValueSpecification","valueRequired":true,"valueName":"search_term_string"}}],"inLanguage":"es"},{"@type":"Organization","@id":"https:\/\/www.ucaldas.edu.co\/portal\/#organization","name":"Universidad de Caldas","alternateName":"U. de Caldas","url":"https:\/\/www.ucaldas.edu.co\/portal\/","logo":{"@type":"ImageObject","inLanguage":"es","@id":"https:\/\/www.ucaldas.edu.co\/portal\/#\/schema\/logo\/image\/","url":"https:\/\/www.ucaldas.edu.co\/portal\/wp-content\/uploads\/2023\/11\/Logo_horizontal_oscuroU-2023.png","contentUrl":"https:\/\/www.ucaldas.edu.co\/portal\/wp-content\/uploads\/2023\/11\/Logo_horizontal_oscuroU-2023.png","width":263,"height":101,"caption":"Universidad de Caldas"},"image":{"@id":"https:\/\/www.ucaldas.edu.co\/portal\/#\/schema\/logo\/image\/"},"sameAs":["https:\/\/www.facebook.com\/udecaldas","https:\/\/x.com\/udecaldas","https:\/\/www.youtube.com\/universidadcaldas","https:\/\/www.instagram.com\/udecaldas\/"]},{"@type":"Person","@id":"https:\/\/www.ucaldas.edu.co\/portal\/#\/schema\/person\/a1b482e23449158b4bc319926c074fdf","name":"ofiprensa","image":{"@type":"ImageObject","inLanguage":"es","@id":"https:\/\/www.ucaldas.edu.co\/portal\/wp-content\/litespeed\/avatar\/09ea5085e600095a7a811142c6944527.jpg?ver=1777497608","url":"https:\/\/www.ucaldas.edu.co\/portal\/wp-content\/litespeed\/avatar\/09ea5085e600095a7a811142c6944527.jpg?ver=1777497608","contentUrl":"https:\/\/www.ucaldas.edu.co\/portal\/wp-content\/litespeed\/avatar\/09ea5085e600095a7a811142c6944527.jpg?ver=1777497608","caption":"ofiprensa"},"url":"https:\/\/www.ucaldas.edu.co\/portal\/author\/ofiprensa\/"}]}},"_links":{"self":[{"href":"https:\/\/www.ucaldas.edu.co\/portal\/wp-json\/wp\/v2\/posts\/74801","targetHints":{"allow":["GET"]}}],"collection":[{"href":"https:\/\/www.ucaldas.edu.co\/portal\/wp-json\/wp\/v2\/posts"}],"about":[{"href":"https:\/\/www.ucaldas.edu.co\/portal\/wp-json\/wp\/v2\/types\/post"}],"author":[{"embeddable":true,"href":"https:\/\/www.ucaldas.edu.co\/portal\/wp-json\/wp\/v2\/users\/2"}],"replies":[{"embeddable":true,"href":"https:\/\/www.ucaldas.edu.co\/portal\/wp-json\/wp\/v2\/comments?post=74801"}],"version-history":[{"count":0,"href":"https:\/\/www.ucaldas.edu.co\/portal\/wp-json\/wp\/v2\/posts\/74801\/revisions"}],"wp:featuredmedia":[{"embeddable":true,"href":"https:\/\/www.ucaldas.edu.co\/portal\/wp-json\/wp\/v2\/media\/74802"}],"wp:attachment":[{"href":"https:\/\/www.ucaldas.edu.co\/portal\/wp-json\/wp\/v2\/media?parent=74801"}],"wp:term":[{"taxonomy":"category","embeddable":true,"href":"https:\/\/www.ucaldas.edu.co\/portal\/wp-json\/wp\/v2\/categories?post=74801"},{"taxonomy":"post_tag","embeddable":true,"href":"https:\/\/www.ucaldas.edu.co\/portal\/wp-json\/wp\/v2\/tags?post=74801"}],"curies":[{"name":"wp","href":"https:\/\/api.w.org\/{rel}","templated":true}]}}