{"id":74793,"date":"2023-02-14T19:02:42","date_gmt":"2023-02-14T19:02:42","guid":{"rendered":"https:\/\/www.ucaldas.edu.co\/portal\/?p=74793"},"modified":"2023-02-14T19:02:42","modified_gmt":"2023-02-14T19:02:42","slug":"consultorio-juridico-daniel-restrepo-escobar-abre-convocatoria-para-asistentes-docentes","status":"publish","type":"post","link":"https:\/\/www.ucaldas.edu.co\/portal\/consultorio-juridico-daniel-restrepo-escobar-abre-convocatoria-para-asistentes-docentes\/","title":{"rendered":"Consultorio Jur\u00eddico Daniel Restrepo Escobar abre convocatoria para asistentes docentes"},"content":{"rendered":"<p><img loading=\"lazy\" decoding=\"async\" class=\"aligncenter size-full wp-image-74794\" src=\"https:\/\/www.ucaldas.edu.co\/portal\/wp-content\/uploads\/2023\/02\/consultoirio.jpg\" alt=\"consultorio jur\u00eddico\" width=\"900\" height=\"510\" srcset=\"https:\/\/www.ucaldas.edu.co\/portal\/wp-content\/uploads\/2023\/02\/consultoirio.jpg 900w, https:\/\/www.ucaldas.edu.co\/portal\/wp-content\/uploads\/2023\/02\/consultoirio-300x170.jpg 300w, https:\/\/www.ucaldas.edu.co\/portal\/wp-content\/uploads\/2023\/02\/consultoirio-768x435.jpg 768w\" sizes=\"auto, (max-width: 900px) 100vw, 900px\" \/><\/p>\n<p>Se encuentra abierta la convocatoria para la designaci\u00f3n de asistentes docentes en las \u00e1reas de Derecho Privado y Derecho Penal del Consultorio Jur\u00eddico Daniel Restrepo Escobar, dirigida a egresados no graduados del programa de Derecho de la Facultad de Ciencias Jur\u00eddicas y Sociales de la Universidad de Caldas.<!--more--><\/p>\n<p>Los egresados no graduados seleccionados realizar\u00e1n su pr\u00e1ctica jur\u00eddica en el Consultorio Daniel Restrepo Escobar y en el Centro de Conciliaci\u00f3n Fanny Gonz\u00e1lez Franco, con miras a cumplir con el requisito de la judicatura por el tiempo y durante el horario que determine la ley y los reglamentos de la Universidad.<\/p>\n<p>Requisitos de participaci\u00f3n:<\/p>\n<ul>\n<li>Tener licencia temporal de abogado vigente durante la permanencia en el cargo.<\/li>\n<li>Acreditar la calidad de Conciliador.<\/li>\n<li>Haber participado en el proceso de selecci\u00f3n o concurso de conformidad con las normas legales establecida por la Universidad.<\/li>\n<li>No haber sido sancionado por faltas disciplinarias dentro de la Universidad o fuera de ella.<\/li>\n<\/ul>\n<p>Las inscripciones se realizan a trav\u00e9s del correo electr\u00f3nico <a href=\"mailto:consjuridico@ucaldas.edu.co\">consjuridico@ucaldas.edu.co<\/a>, los d\u00edas del 16, 17 y 20 de febrero hasta las 6:00 p.m. del \u00faltimo d\u00eda. Los interesados deber\u00e1n anexar los siguientes documentos digitalizados en un soplo archivo PDF:<\/p>\n<ul>\n<li>Formato de Inscripci\u00f3n para convocatorias o procesos de selecci\u00f3n de Personal Administrativo de la Universidad de Caldas.<\/li>\n<li>Certificados que acrediten la formaci\u00f3n acad\u00e9mica expedido por la oficina de Registro Acad\u00e9mico: Certificado de terminaci\u00f3n de actividades acad\u00e9micas y certificado promedio de notas de carrera.<\/li>\n<li>Constancia de promedio de notas de \u00e1rea para la cual concursa expedido por la direcci\u00f3n del programa de Derecho.<\/li>\n<li>Constancia del programa de Derecho de no haber sido sancionado por faltas disciplinarias dentro de la Universidad.<\/li>\n<li>La licencia temporal vigente, o el certificado del Consejo Seccional de la Judicatura que conozca del tr\u00e1mite de solicitud de la misma.<\/li>\n<li>Proyecto o plan de trabajo del aspirante.<\/li>\n<li>Hoja de vida del aspirante.<\/li>\n<\/ul>\n<p><a href=\"https:\/\/www.ucaldas.edu.co\/portal\/wp-content\/uploads\/2023\/02\/CONVOCATORIA-2023-1.pdf\"><strong>Convocatoria completa.<\/strong><\/a><\/p>\n","protected":false},"excerpt":{"rendered":"<p>Se encuentra abierta la convocatoria para la designaci\u00f3n de asistentes docentes en las \u00e1reas de Derecho Privado y Derecho Penal del Consultorio Jur\u00eddico Daniel Restrepo Escobar, dirigida a egresados no graduados del programa de Derecho de la Facultad de Ciencias Jur\u00eddicas y Sociales de la Universidad de Caldas.<\/p>\n","protected":false},"author":2,"featured_media":74794,"comment_status":"closed","ping_status":"open","sticky":false,"template":"","format":"standard","meta":{"footnotes":""},"categories":[48,53],"tags":[1523,9635],"class_list":["post-74793","post","type-post","status-publish","format-standard","has-post-thumbnail","hentry","category-actualidad","category-universidad-al-dia","tag-consultorio-juridico","tag-asistente-docente"],"yoast_head":"<!-- This site is optimized with the Yoast SEO plugin v27.5 - https:\/\/yoast.com\/product\/yoast-seo-wordpress\/ -->\n<title>Consultorio Jur\u00eddico Daniel Restrepo Escobar abre convocatoria para asistentes docentes .<\/title>\n<meta name=\"robots\" content=\"index, follow, max-snippet:-1, max-image-preview:large, max-video-preview:-1\" \/>\n<link rel=\"canonical\" href=\"https:\/\/www.ucaldas.edu.co\/portal\/consultorio-juridico-daniel-restrepo-escobar-abre-convocatoria-para-asistentes-docentes\/\" \/>\n<script type=\"application\/ld+json\" class=\"yoast-schema-graph\">{\"@context\":\"https:\\\/\\\/schema.org\",\"@graph\":[{\"@type\":\"Article\",\"@id\":\"https:\\\/\\\/www.ucaldas.edu.co\\\/portal\\\/consultorio-juridico-daniel-restrepo-escobar-abre-convocatoria-para-asistentes-docentes\\\/#article\",\"isPartOf\":{\"@id\":\"https:\\\/\\\/www.ucaldas.edu.co\\\/portal\\\/consultorio-juridico-daniel-restrepo-escobar-abre-convocatoria-para-asistentes-docentes\\\/\"},\"author\":{\"name\":\"ofiprensa\",\"@id\":\"https:\\\/\\\/www.ucaldas.edu.co\\\/portal\\\/#\\\/schema\\\/person\\\/a1b482e23449158b4bc319926c074fdf\"},\"headline\":\"Consultorio Jur\u00eddico Daniel Restrepo Escobar abre convocatoria para asistentes docentes\",\"datePublished\":\"2023-02-14T19:02:42+00:00\",\"mainEntityOfPage\":{\"@id\":\"https:\\\/\\\/www.ucaldas.edu.co\\\/portal\\\/consultorio-juridico-daniel-restrepo-escobar-abre-convocatoria-para-asistentes-docentes\\\/\"},\"wordCount\":342,\"publisher\":{\"@id\":\"https:\\\/\\\/www.ucaldas.edu.co\\\/portal\\\/#organization\"},\"image\":{\"@id\":\"https:\\\/\\\/www.ucaldas.edu.co\\\/portal\\\/consultorio-juridico-daniel-restrepo-escobar-abre-convocatoria-para-asistentes-docentes\\\/#primaryimage\"},\"thumbnailUrl\":\"https:\\\/\\\/www.ucaldas.edu.co\\\/portal\\\/wp-content\\\/uploads\\\/2023\\\/02\\\/consultoirio.jpg\",\"keywords\":[\"Consultorio jur\u00eddico\",\"asistente docente\"],\"articleSection\":[\"Actualidad\",\"Universidad al D\u00eda\"],\"inLanguage\":\"es\"},{\"@type\":\"WebPage\",\"@id\":\"https:\\\/\\\/www.ucaldas.edu.co\\\/portal\\\/consultorio-juridico-daniel-restrepo-escobar-abre-convocatoria-para-asistentes-docentes\\\/\",\"url\":\"https:\\\/\\\/www.ucaldas.edu.co\\\/portal\\\/consultorio-juridico-daniel-restrepo-escobar-abre-convocatoria-para-asistentes-docentes\\\/\",\"name\":\"Consultorio Jur\u00eddico Daniel Restrepo Escobar abre convocatoria para asistentes docentes .\",\"isPartOf\":{\"@id\":\"https:\\\/\\\/www.ucaldas.edu.co\\\/portal\\\/#website\"},\"primaryImageOfPage\":{\"@id\":\"https:\\\/\\\/www.ucaldas.edu.co\\\/portal\\\/consultorio-juridico-daniel-restrepo-escobar-abre-convocatoria-para-asistentes-docentes\\\/#primaryimage\"},\"image\":{\"@id\":\"https:\\\/\\\/www.ucaldas.edu.co\\\/portal\\\/consultorio-juridico-daniel-restrepo-escobar-abre-convocatoria-para-asistentes-docentes\\\/#primaryimage\"},\"thumbnailUrl\":\"https:\\\/\\\/www.ucaldas.edu.co\\\/portal\\\/wp-content\\\/uploads\\\/2023\\\/02\\\/consultoirio.jpg\",\"datePublished\":\"2023-02-14T19:02:42+00:00\",\"breadcrumb\":{\"@id\":\"https:\\\/\\\/www.ucaldas.edu.co\\\/portal\\\/consultorio-juridico-daniel-restrepo-escobar-abre-convocatoria-para-asistentes-docentes\\\/#breadcrumb\"},\"inLanguage\":\"es\",\"potentialAction\":[{\"@type\":\"ReadAction\",\"target\":[\"https:\\\/\\\/www.ucaldas.edu.co\\\/portal\\\/consultorio-juridico-daniel-restrepo-escobar-abre-convocatoria-para-asistentes-docentes\\\/\"]}]},{\"@type\":\"ImageObject\",\"inLanguage\":\"es\",\"@id\":\"https:\\\/\\\/www.ucaldas.edu.co\\\/portal\\\/consultorio-juridico-daniel-restrepo-escobar-abre-convocatoria-para-asistentes-docentes\\\/#primaryimage\",\"url\":\"https:\\\/\\\/www.ucaldas.edu.co\\\/portal\\\/wp-content\\\/uploads\\\/2023\\\/02\\\/consultoirio.jpg\",\"contentUrl\":\"https:\\\/\\\/www.ucaldas.edu.co\\\/portal\\\/wp-content\\\/uploads\\\/2023\\\/02\\\/consultoirio.jpg\",\"width\":900,\"height\":510,\"caption\":\"consultorio jur\u00eddico\"},{\"@type\":\"BreadcrumbList\",\"@id\":\"https:\\\/\\\/www.ucaldas.edu.co\\\/portal\\\/consultorio-juridico-daniel-restrepo-escobar-abre-convocatoria-para-asistentes-docentes\\\/#breadcrumb\",\"itemListElement\":[{\"@type\":\"ListItem\",\"position\":1,\"name\":\"Portada\",\"item\":\"https:\\\/\\\/www.ucaldas.edu.co\\\/portal\\\/\"},{\"@type\":\"ListItem\",\"position\":2,\"name\":\"Consultorio Jur\u00eddico Daniel Restrepo Escobar abre convocatoria para asistentes docentes\"}]},{\"@type\":\"WebSite\",\"@id\":\"https:\\\/\\\/www.ucaldas.edu.co\\\/portal\\\/#website\",\"url\":\"https:\\\/\\\/www.ucaldas.edu.co\\\/portal\\\/\",\"name\":\"Universidad de Caldas\",\"description\":\"\",\"publisher\":{\"@id\":\"https:\\\/\\\/www.ucaldas.edu.co\\\/portal\\\/#organization\"},\"alternateName\":\"U. de Caldas\",\"potentialAction\":[{\"@type\":\"SearchAction\",\"target\":{\"@type\":\"EntryPoint\",\"urlTemplate\":\"https:\\\/\\\/www.ucaldas.edu.co\\\/portal\\\/?s={search_term_string}\"},\"query-input\":{\"@type\":\"PropertyValueSpecification\",\"valueRequired\":true,\"valueName\":\"search_term_string\"}}],\"inLanguage\":\"es\"},{\"@type\":\"Organization\",\"@id\":\"https:\\\/\\\/www.ucaldas.edu.co\\\/portal\\\/#organization\",\"name\":\"Universidad de Caldas\",\"alternateName\":\"U. de Caldas\",\"url\":\"https:\\\/\\\/www.ucaldas.edu.co\\\/portal\\\/\",\"logo\":{\"@type\":\"ImageObject\",\"inLanguage\":\"es\",\"@id\":\"https:\\\/\\\/www.ucaldas.edu.co\\\/portal\\\/#\\\/schema\\\/logo\\\/image\\\/\",\"url\":\"https:\\\/\\\/www.ucaldas.edu.co\\\/portal\\\/wp-content\\\/uploads\\\/2023\\\/11\\\/Logo_horizontal_oscuroU-2023.png\",\"contentUrl\":\"https:\\\/\\\/www.ucaldas.edu.co\\\/portal\\\/wp-content\\\/uploads\\\/2023\\\/11\\\/Logo_horizontal_oscuroU-2023.png\",\"width\":263,\"height\":101,\"caption\":\"Universidad de Caldas\"},\"image\":{\"@id\":\"https:\\\/\\\/www.ucaldas.edu.co\\\/portal\\\/#\\\/schema\\\/logo\\\/image\\\/\"},\"sameAs\":[\"https:\\\/\\\/www.facebook.com\\\/udecaldas\",\"https:\\\/\\\/x.com\\\/udecaldas\",\"https:\\\/\\\/www.youtube.com\\\/universidadcaldas\",\"https:\\\/\\\/www.instagram.com\\\/udecaldas\\\/\"]},{\"@type\":\"Person\",\"@id\":\"https:\\\/\\\/www.ucaldas.edu.co\\\/portal\\\/#\\\/schema\\\/person\\\/a1b482e23449158b4bc319926c074fdf\",\"name\":\"ofiprensa\",\"image\":{\"@type\":\"ImageObject\",\"inLanguage\":\"es\",\"@id\":\"https:\\\/\\\/www.ucaldas.edu.co\\\/portal\\\/wp-content\\\/litespeed\\\/avatar\\\/09ea5085e600095a7a811142c6944527.jpg?ver=1776892805\",\"url\":\"https:\\\/\\\/www.ucaldas.edu.co\\\/portal\\\/wp-content\\\/litespeed\\\/avatar\\\/09ea5085e600095a7a811142c6944527.jpg?ver=1776892805\",\"contentUrl\":\"https:\\\/\\\/www.ucaldas.edu.co\\\/portal\\\/wp-content\\\/litespeed\\\/avatar\\\/09ea5085e600095a7a811142c6944527.jpg?ver=1776892805\",\"caption\":\"ofiprensa\"},\"url\":\"https:\\\/\\\/www.ucaldas.edu.co\\\/portal\\\/author\\\/ofiprensa\\\/\"}]}<\/script>\n<!-- \/ Yoast SEO plugin. -->","yoast_head_json":{"title":"Consultorio Jur\u00eddico Daniel Restrepo Escobar abre convocatoria para asistentes docentes .","robots":{"index":"index","follow":"follow","max-snippet":"max-snippet:-1","max-image-preview":"max-image-preview:large","max-video-preview":"max-video-preview:-1"},"canonical":"https:\/\/www.ucaldas.edu.co\/portal\/consultorio-juridico-daniel-restrepo-escobar-abre-convocatoria-para-asistentes-docentes\/","schema":{"@context":"https:\/\/schema.org","@graph":[{"@type":"Article","@id":"https:\/\/www.ucaldas.edu.co\/portal\/consultorio-juridico-daniel-restrepo-escobar-abre-convocatoria-para-asistentes-docentes\/#article","isPartOf":{"@id":"https:\/\/www.ucaldas.edu.co\/portal\/consultorio-juridico-daniel-restrepo-escobar-abre-convocatoria-para-asistentes-docentes\/"},"author":{"name":"ofiprensa","@id":"https:\/\/www.ucaldas.edu.co\/portal\/#\/schema\/person\/a1b482e23449158b4bc319926c074fdf"},"headline":"Consultorio Jur\u00eddico Daniel Restrepo Escobar abre convocatoria para asistentes docentes","datePublished":"2023-02-14T19:02:42+00:00","mainEntityOfPage":{"@id":"https:\/\/www.ucaldas.edu.co\/portal\/consultorio-juridico-daniel-restrepo-escobar-abre-convocatoria-para-asistentes-docentes\/"},"wordCount":342,"publisher":{"@id":"https:\/\/www.ucaldas.edu.co\/portal\/#organization"},"image":{"@id":"https:\/\/www.ucaldas.edu.co\/portal\/consultorio-juridico-daniel-restrepo-escobar-abre-convocatoria-para-asistentes-docentes\/#primaryimage"},"thumbnailUrl":"https:\/\/www.ucaldas.edu.co\/portal\/wp-content\/uploads\/2023\/02\/consultoirio.jpg","keywords":["Consultorio jur\u00eddico","asistente docente"],"articleSection":["Actualidad","Universidad al D\u00eda"],"inLanguage":"es"},{"@type":"WebPage","@id":"https:\/\/www.ucaldas.edu.co\/portal\/consultorio-juridico-daniel-restrepo-escobar-abre-convocatoria-para-asistentes-docentes\/","url":"https:\/\/www.ucaldas.edu.co\/portal\/consultorio-juridico-daniel-restrepo-escobar-abre-convocatoria-para-asistentes-docentes\/","name":"Consultorio Jur\u00eddico Daniel Restrepo Escobar abre convocatoria para asistentes docentes .","isPartOf":{"@id":"https:\/\/www.ucaldas.edu.co\/portal\/#website"},"primaryImageOfPage":{"@id":"https:\/\/www.ucaldas.edu.co\/portal\/consultorio-juridico-daniel-restrepo-escobar-abre-convocatoria-para-asistentes-docentes\/#primaryimage"},"image":{"@id":"https:\/\/www.ucaldas.edu.co\/portal\/consultorio-juridico-daniel-restrepo-escobar-abre-convocatoria-para-asistentes-docentes\/#primaryimage"},"thumbnailUrl":"https:\/\/www.ucaldas.edu.co\/portal\/wp-content\/uploads\/2023\/02\/consultoirio.jpg","datePublished":"2023-02-14T19:02:42+00:00","breadcrumb":{"@id":"https:\/\/www.ucaldas.edu.co\/portal\/consultorio-juridico-daniel-restrepo-escobar-abre-convocatoria-para-asistentes-docentes\/#breadcrumb"},"inLanguage":"es","potentialAction":[{"@type":"ReadAction","target":["https:\/\/www.ucaldas.edu.co\/portal\/consultorio-juridico-daniel-restrepo-escobar-abre-convocatoria-para-asistentes-docentes\/"]}]},{"@type":"ImageObject","inLanguage":"es","@id":"https:\/\/www.ucaldas.edu.co\/portal\/consultorio-juridico-daniel-restrepo-escobar-abre-convocatoria-para-asistentes-docentes\/#primaryimage","url":"https:\/\/www.ucaldas.edu.co\/portal\/wp-content\/uploads\/2023\/02\/consultoirio.jpg","contentUrl":"https:\/\/www.ucaldas.edu.co\/portal\/wp-content\/uploads\/2023\/02\/consultoirio.jpg","width":900,"height":510,"caption":"consultorio jur\u00eddico"},{"@type":"BreadcrumbList","@id":"https:\/\/www.ucaldas.edu.co\/portal\/consultorio-juridico-daniel-restrepo-escobar-abre-convocatoria-para-asistentes-docentes\/#breadcrumb","itemListElement":[{"@type":"ListItem","position":1,"name":"Portada","item":"https:\/\/www.ucaldas.edu.co\/portal\/"},{"@type":"ListItem","position":2,"name":"Consultorio Jur\u00eddico Daniel Restrepo Escobar abre convocatoria para asistentes docentes"}]},{"@type":"WebSite","@id":"https:\/\/www.ucaldas.edu.co\/portal\/#website","url":"https:\/\/www.ucaldas.edu.co\/portal\/","name":"Universidad de Caldas","description":"","publisher":{"@id":"https:\/\/www.ucaldas.edu.co\/portal\/#organization"},"alternateName":"U. de Caldas","potentialAction":[{"@type":"SearchAction","target":{"@type":"EntryPoint","urlTemplate":"https:\/\/www.ucaldas.edu.co\/portal\/?s={search_term_string}"},"query-input":{"@type":"PropertyValueSpecification","valueRequired":true,"valueName":"search_term_string"}}],"inLanguage":"es"},{"@type":"Organization","@id":"https:\/\/www.ucaldas.edu.co\/portal\/#organization","name":"Universidad de Caldas","alternateName":"U. de Caldas","url":"https:\/\/www.ucaldas.edu.co\/portal\/","logo":{"@type":"ImageObject","inLanguage":"es","@id":"https:\/\/www.ucaldas.edu.co\/portal\/#\/schema\/logo\/image\/","url":"https:\/\/www.ucaldas.edu.co\/portal\/wp-content\/uploads\/2023\/11\/Logo_horizontal_oscuroU-2023.png","contentUrl":"https:\/\/www.ucaldas.edu.co\/portal\/wp-content\/uploads\/2023\/11\/Logo_horizontal_oscuroU-2023.png","width":263,"height":101,"caption":"Universidad de Caldas"},"image":{"@id":"https:\/\/www.ucaldas.edu.co\/portal\/#\/schema\/logo\/image\/"},"sameAs":["https:\/\/www.facebook.com\/udecaldas","https:\/\/x.com\/udecaldas","https:\/\/www.youtube.com\/universidadcaldas","https:\/\/www.instagram.com\/udecaldas\/"]},{"@type":"Person","@id":"https:\/\/www.ucaldas.edu.co\/portal\/#\/schema\/person\/a1b482e23449158b4bc319926c074fdf","name":"ofiprensa","image":{"@type":"ImageObject","inLanguage":"es","@id":"https:\/\/www.ucaldas.edu.co\/portal\/wp-content\/litespeed\/avatar\/09ea5085e600095a7a811142c6944527.jpg?ver=1776892805","url":"https:\/\/www.ucaldas.edu.co\/portal\/wp-content\/litespeed\/avatar\/09ea5085e600095a7a811142c6944527.jpg?ver=1776892805","contentUrl":"https:\/\/www.ucaldas.edu.co\/portal\/wp-content\/litespeed\/avatar\/09ea5085e600095a7a811142c6944527.jpg?ver=1776892805","caption":"ofiprensa"},"url":"https:\/\/www.ucaldas.edu.co\/portal\/author\/ofiprensa\/"}]}},"_links":{"self":[{"href":"https:\/\/www.ucaldas.edu.co\/portal\/wp-json\/wp\/v2\/posts\/74793","targetHints":{"allow":["GET"]}}],"collection":[{"href":"https:\/\/www.ucaldas.edu.co\/portal\/wp-json\/wp\/v2\/posts"}],"about":[{"href":"https:\/\/www.ucaldas.edu.co\/portal\/wp-json\/wp\/v2\/types\/post"}],"author":[{"embeddable":true,"href":"https:\/\/www.ucaldas.edu.co\/portal\/wp-json\/wp\/v2\/users\/2"}],"replies":[{"embeddable":true,"href":"https:\/\/www.ucaldas.edu.co\/portal\/wp-json\/wp\/v2\/comments?post=74793"}],"version-history":[{"count":0,"href":"https:\/\/www.ucaldas.edu.co\/portal\/wp-json\/wp\/v2\/posts\/74793\/revisions"}],"wp:featuredmedia":[{"embeddable":true,"href":"https:\/\/www.ucaldas.edu.co\/portal\/wp-json\/wp\/v2\/media\/74794"}],"wp:attachment":[{"href":"https:\/\/www.ucaldas.edu.co\/portal\/wp-json\/wp\/v2\/media?parent=74793"}],"wp:term":[{"taxonomy":"category","embeddable":true,"href":"https:\/\/www.ucaldas.edu.co\/portal\/wp-json\/wp\/v2\/categories?post=74793"},{"taxonomy":"post_tag","embeddable":true,"href":"https:\/\/www.ucaldas.edu.co\/portal\/wp-json\/wp\/v2\/tags?post=74793"}],"curies":[{"name":"wp","href":"https:\/\/api.w.org\/{rel}","templated":true}]}}