{"id":74781,"date":"2023-02-13T19:57:00","date_gmt":"2023-02-13T19:57:00","guid":{"rendered":"https:\/\/www.ucaldas.edu.co\/portal\/?p=74781"},"modified":"2023-02-13T19:57:00","modified_gmt":"2023-02-13T19:57:00","slug":"telemedicina-llega-a-carceles-de-caldas-gracias-a-la-ips-universitaria-y-telesalud-universidad-de-caldas-en-alianza-con-premier-salud","status":"publish","type":"post","link":"https:\/\/www.ucaldas.edu.co\/portal\/telemedicina-llega-a-carceles-de-caldas-gracias-a-la-ips-universitaria-y-telesalud-universidad-de-caldas-en-alianza-con-premier-salud\/","title":{"rendered":"Telemedicina llega a c\u00e1rceles de Caldas gracias  a la IPS Universitaria y Telesalud Universidad de Caldas en alianza con Premier Salud"},"content":{"rendered":"<p><img loading=\"lazy\" decoding=\"async\" class=\"aligncenter size-full wp-image-74782\" src=\"https:\/\/www.ucaldas.edu.co\/portal\/wp-content\/uploads\/2023\/02\/telesalud.jpg\" alt=\"Telesalud\" width=\"900\" height=\"510\" srcset=\"https:\/\/www.ucaldas.edu.co\/portal\/wp-content\/uploads\/2023\/02\/telesalud.jpg 900w, https:\/\/www.ucaldas.edu.co\/portal\/wp-content\/uploads\/2023\/02\/telesalud-300x170.jpg 300w, https:\/\/www.ucaldas.edu.co\/portal\/wp-content\/uploads\/2023\/02\/telesalud-768x435.jpg 768w\" sizes=\"auto, (max-width: 900px) 100vw, 900px\" \/><\/p>\n<p>La poblaci\u00f3n privada de la libertad recluida en centros penitenciarios de Caldas podr\u00e1 beneficiarse con atenci\u00f3n especializada por telemedicina, gracias al convenio de Telesalud Colombia de la Universidad de Caldas y la IPS Universitaria en alianza con Premier Salud.<!--more--><\/p>\n<p>El pasado nueve de febrero el equipo de Telesalud visit\u00f3 la c\u00e1rcel de La Dorada para hacer ajustes tecnol\u00f3gicos con el fin de iniciar la atenci\u00f3n por telemedicina, aunque se beneficiar\u00e1n pacientes de los diferentes centros penitenciarios del departamento de Caldas.<\/p>\n<p>\u00abEsta poblaci\u00f3n que tiene dificultad de acceso a servicios especializados por su condici\u00f3n, ya puede agendar y recibir atenci\u00f3n por diferentes especialidades\u00bb, indic\u00f3 Esteban Granada Aguirre, Director de Telesalud.<\/p>\n<p>Granada agreg\u00f3 que con el inicio de este proyecto se aportar\u00e1 en el control de patolog\u00edas, ajuste de tratamientos y lo m\u00e1s importante, mejorar la calidad de vida de la poblaci\u00f3n m\u00e1s vulnerable.<\/p>\n<p><strong>Anexo:<\/strong><\/p>\n<p><a href=\"https:\/\/go.ivoox.com\/rf\/102993010\"><strong>Audio Esteban Granada Aguirre &#8211; Director de Telesalud.<\/strong><\/a><\/p>\n<p><iframe loading=\"lazy\" src=\"https:\/\/www.ivoox.com\/player_ej_102993010_6_1.html\" width=\"50%\" height=\"200\" frameborder=\"0\" scrolling=\"no\" allowfullscreen=\"allowfullscreen\"><\/iframe><\/p>\n","protected":false},"excerpt":{"rendered":"<p>La poblaci\u00f3n privada de la libertad recluida en centros penitenciarios de Caldas podr\u00e1 beneficiarse con atenci\u00f3n especializada por telemedicina, gracias al convenio de Telesalud Colombia de la Universidad de Caldas y la IPS Universitaria en alianza con Premier Salud.<\/p>\n","protected":false},"author":2,"featured_media":74782,"comment_status":"closed","ping_status":"open","sticky":false,"template":"","format":"standard","meta":{"footnotes":""},"categories":[48,53,617],"tags":[275],"class_list":["post-74781","post","type-post","status-publish","format-standard","has-post-thumbnail","hentry","category-actualidad","category-universidad-al-dia","category-ucaldas-colaborativa","tag-telesalud"],"yoast_head":"<!-- This site is optimized with the Yoast SEO plugin v27.5 - https:\/\/yoast.com\/product\/yoast-seo-wordpress\/ -->\n<title>Telemedicina llega a c\u00e1rceles de Caldas gracias a la IPS Universitaria y Telesalud Universidad de Caldas en alianza con Premier Salud .<\/title>\n<meta name=\"robots\" content=\"index, follow, max-snippet:-1, max-image-preview:large, max-video-preview:-1\" \/>\n<link rel=\"canonical\" href=\"https:\/\/www.ucaldas.edu.co\/portal\/telemedicina-llega-a-carceles-de-caldas-gracias-a-la-ips-universitaria-y-telesalud-universidad-de-caldas-en-alianza-con-premier-salud\/\" \/>\n<script type=\"application\/ld+json\" class=\"yoast-schema-graph\">{\"@context\":\"https:\\\/\\\/schema.org\",\"@graph\":[{\"@type\":\"Article\",\"@id\":\"https:\\\/\\\/www.ucaldas.edu.co\\\/portal\\\/telemedicina-llega-a-carceles-de-caldas-gracias-a-la-ips-universitaria-y-telesalud-universidad-de-caldas-en-alianza-con-premier-salud\\\/#article\",\"isPartOf\":{\"@id\":\"https:\\\/\\\/www.ucaldas.edu.co\\\/portal\\\/telemedicina-llega-a-carceles-de-caldas-gracias-a-la-ips-universitaria-y-telesalud-universidad-de-caldas-en-alianza-con-premier-salud\\\/\"},\"author\":{\"name\":\"ofiprensa\",\"@id\":\"https:\\\/\\\/www.ucaldas.edu.co\\\/portal\\\/#\\\/schema\\\/person\\\/a1b482e23449158b4bc319926c074fdf\"},\"headline\":\"Telemedicina llega a c\u00e1rceles de Caldas gracias a la IPS Universitaria y Telesalud Universidad de Caldas en alianza con Premier Salud\",\"datePublished\":\"2023-02-13T19:57:00+00:00\",\"mainEntityOfPage\":{\"@id\":\"https:\\\/\\\/www.ucaldas.edu.co\\\/portal\\\/telemedicina-llega-a-carceles-de-caldas-gracias-a-la-ips-universitaria-y-telesalud-universidad-de-caldas-en-alianza-con-premier-salud\\\/\"},\"wordCount\":186,\"publisher\":{\"@id\":\"https:\\\/\\\/www.ucaldas.edu.co\\\/portal\\\/#organization\"},\"image\":{\"@id\":\"https:\\\/\\\/www.ucaldas.edu.co\\\/portal\\\/telemedicina-llega-a-carceles-de-caldas-gracias-a-la-ips-universitaria-y-telesalud-universidad-de-caldas-en-alianza-con-premier-salud\\\/#primaryimage\"},\"thumbnailUrl\":\"https:\\\/\\\/www.ucaldas.edu.co\\\/portal\\\/wp-content\\\/uploads\\\/2023\\\/02\\\/telesalud.jpg\",\"keywords\":[\"Telesalud\"],\"articleSection\":[\"Actualidad\",\"Universidad al D\u00eda\",\"UCaldas Colaborativa\"],\"inLanguage\":\"es\"},{\"@type\":\"WebPage\",\"@id\":\"https:\\\/\\\/www.ucaldas.edu.co\\\/portal\\\/telemedicina-llega-a-carceles-de-caldas-gracias-a-la-ips-universitaria-y-telesalud-universidad-de-caldas-en-alianza-con-premier-salud\\\/\",\"url\":\"https:\\\/\\\/www.ucaldas.edu.co\\\/portal\\\/telemedicina-llega-a-carceles-de-caldas-gracias-a-la-ips-universitaria-y-telesalud-universidad-de-caldas-en-alianza-con-premier-salud\\\/\",\"name\":\"Telemedicina llega a c\u00e1rceles de Caldas gracias a la IPS Universitaria y Telesalud Universidad de Caldas en alianza con Premier Salud .\",\"isPartOf\":{\"@id\":\"https:\\\/\\\/www.ucaldas.edu.co\\\/portal\\\/#website\"},\"primaryImageOfPage\":{\"@id\":\"https:\\\/\\\/www.ucaldas.edu.co\\\/portal\\\/telemedicina-llega-a-carceles-de-caldas-gracias-a-la-ips-universitaria-y-telesalud-universidad-de-caldas-en-alianza-con-premier-salud\\\/#primaryimage\"},\"image\":{\"@id\":\"https:\\\/\\\/www.ucaldas.edu.co\\\/portal\\\/telemedicina-llega-a-carceles-de-caldas-gracias-a-la-ips-universitaria-y-telesalud-universidad-de-caldas-en-alianza-con-premier-salud\\\/#primaryimage\"},\"thumbnailUrl\":\"https:\\\/\\\/www.ucaldas.edu.co\\\/portal\\\/wp-content\\\/uploads\\\/2023\\\/02\\\/telesalud.jpg\",\"datePublished\":\"2023-02-13T19:57:00+00:00\",\"breadcrumb\":{\"@id\":\"https:\\\/\\\/www.ucaldas.edu.co\\\/portal\\\/telemedicina-llega-a-carceles-de-caldas-gracias-a-la-ips-universitaria-y-telesalud-universidad-de-caldas-en-alianza-con-premier-salud\\\/#breadcrumb\"},\"inLanguage\":\"es\",\"potentialAction\":[{\"@type\":\"ReadAction\",\"target\":[\"https:\\\/\\\/www.ucaldas.edu.co\\\/portal\\\/telemedicina-llega-a-carceles-de-caldas-gracias-a-la-ips-universitaria-y-telesalud-universidad-de-caldas-en-alianza-con-premier-salud\\\/\"]}]},{\"@type\":\"ImageObject\",\"inLanguage\":\"es\",\"@id\":\"https:\\\/\\\/www.ucaldas.edu.co\\\/portal\\\/telemedicina-llega-a-carceles-de-caldas-gracias-a-la-ips-universitaria-y-telesalud-universidad-de-caldas-en-alianza-con-premier-salud\\\/#primaryimage\",\"url\":\"https:\\\/\\\/www.ucaldas.edu.co\\\/portal\\\/wp-content\\\/uploads\\\/2023\\\/02\\\/telesalud.jpg\",\"contentUrl\":\"https:\\\/\\\/www.ucaldas.edu.co\\\/portal\\\/wp-content\\\/uploads\\\/2023\\\/02\\\/telesalud.jpg\",\"width\":900,\"height\":510,\"caption\":\"Telesalud\"},{\"@type\":\"BreadcrumbList\",\"@id\":\"https:\\\/\\\/www.ucaldas.edu.co\\\/portal\\\/telemedicina-llega-a-carceles-de-caldas-gracias-a-la-ips-universitaria-y-telesalud-universidad-de-caldas-en-alianza-con-premier-salud\\\/#breadcrumb\",\"itemListElement\":[{\"@type\":\"ListItem\",\"position\":1,\"name\":\"Portada\",\"item\":\"https:\\\/\\\/www.ucaldas.edu.co\\\/portal\\\/\"},{\"@type\":\"ListItem\",\"position\":2,\"name\":\"Telemedicina llega a c\u00e1rceles de Caldas gracias a la IPS Universitaria y Telesalud Universidad de Caldas en alianza con Premier Salud\"}]},{\"@type\":\"WebSite\",\"@id\":\"https:\\\/\\\/www.ucaldas.edu.co\\\/portal\\\/#website\",\"url\":\"https:\\\/\\\/www.ucaldas.edu.co\\\/portal\\\/\",\"name\":\"Universidad de Caldas\",\"description\":\"\",\"publisher\":{\"@id\":\"https:\\\/\\\/www.ucaldas.edu.co\\\/portal\\\/#organization\"},\"alternateName\":\"U. de Caldas\",\"potentialAction\":[{\"@type\":\"SearchAction\",\"target\":{\"@type\":\"EntryPoint\",\"urlTemplate\":\"https:\\\/\\\/www.ucaldas.edu.co\\\/portal\\\/?s={search_term_string}\"},\"query-input\":{\"@type\":\"PropertyValueSpecification\",\"valueRequired\":true,\"valueName\":\"search_term_string\"}}],\"inLanguage\":\"es\"},{\"@type\":\"Organization\",\"@id\":\"https:\\\/\\\/www.ucaldas.edu.co\\\/portal\\\/#organization\",\"name\":\"Universidad de Caldas\",\"alternateName\":\"U. de Caldas\",\"url\":\"https:\\\/\\\/www.ucaldas.edu.co\\\/portal\\\/\",\"logo\":{\"@type\":\"ImageObject\",\"inLanguage\":\"es\",\"@id\":\"https:\\\/\\\/www.ucaldas.edu.co\\\/portal\\\/#\\\/schema\\\/logo\\\/image\\\/\",\"url\":\"https:\\\/\\\/www.ucaldas.edu.co\\\/portal\\\/wp-content\\\/uploads\\\/2023\\\/11\\\/Logo_horizontal_oscuroU-2023.png\",\"contentUrl\":\"https:\\\/\\\/www.ucaldas.edu.co\\\/portal\\\/wp-content\\\/uploads\\\/2023\\\/11\\\/Logo_horizontal_oscuroU-2023.png\",\"width\":263,\"height\":101,\"caption\":\"Universidad de Caldas\"},\"image\":{\"@id\":\"https:\\\/\\\/www.ucaldas.edu.co\\\/portal\\\/#\\\/schema\\\/logo\\\/image\\\/\"},\"sameAs\":[\"https:\\\/\\\/www.facebook.com\\\/udecaldas\",\"https:\\\/\\\/x.com\\\/udecaldas\",\"https:\\\/\\\/www.youtube.com\\\/universidadcaldas\",\"https:\\\/\\\/www.instagram.com\\\/udecaldas\\\/\"]},{\"@type\":\"Person\",\"@id\":\"https:\\\/\\\/www.ucaldas.edu.co\\\/portal\\\/#\\\/schema\\\/person\\\/a1b482e23449158b4bc319926c074fdf\",\"name\":\"ofiprensa\",\"image\":{\"@type\":\"ImageObject\",\"inLanguage\":\"es\",\"@id\":\"https:\\\/\\\/www.ucaldas.edu.co\\\/portal\\\/wp-content\\\/litespeed\\\/avatar\\\/09ea5085e600095a7a811142c6944527.jpg?ver=1776892805\",\"url\":\"https:\\\/\\\/www.ucaldas.edu.co\\\/portal\\\/wp-content\\\/litespeed\\\/avatar\\\/09ea5085e600095a7a811142c6944527.jpg?ver=1776892805\",\"contentUrl\":\"https:\\\/\\\/www.ucaldas.edu.co\\\/portal\\\/wp-content\\\/litespeed\\\/avatar\\\/09ea5085e600095a7a811142c6944527.jpg?ver=1776892805\",\"caption\":\"ofiprensa\"},\"url\":\"https:\\\/\\\/www.ucaldas.edu.co\\\/portal\\\/author\\\/ofiprensa\\\/\"}]}<\/script>\n<!-- \/ Yoast SEO plugin. -->","yoast_head_json":{"title":"Telemedicina llega a c\u00e1rceles de Caldas gracias a la IPS Universitaria y Telesalud Universidad de Caldas en alianza con Premier Salud .","robots":{"index":"index","follow":"follow","max-snippet":"max-snippet:-1","max-image-preview":"max-image-preview:large","max-video-preview":"max-video-preview:-1"},"canonical":"https:\/\/www.ucaldas.edu.co\/portal\/telemedicina-llega-a-carceles-de-caldas-gracias-a-la-ips-universitaria-y-telesalud-universidad-de-caldas-en-alianza-con-premier-salud\/","schema":{"@context":"https:\/\/schema.org","@graph":[{"@type":"Article","@id":"https:\/\/www.ucaldas.edu.co\/portal\/telemedicina-llega-a-carceles-de-caldas-gracias-a-la-ips-universitaria-y-telesalud-universidad-de-caldas-en-alianza-con-premier-salud\/#article","isPartOf":{"@id":"https:\/\/www.ucaldas.edu.co\/portal\/telemedicina-llega-a-carceles-de-caldas-gracias-a-la-ips-universitaria-y-telesalud-universidad-de-caldas-en-alianza-con-premier-salud\/"},"author":{"name":"ofiprensa","@id":"https:\/\/www.ucaldas.edu.co\/portal\/#\/schema\/person\/a1b482e23449158b4bc319926c074fdf"},"headline":"Telemedicina llega a c\u00e1rceles de Caldas gracias a la IPS Universitaria y Telesalud Universidad de Caldas en alianza con Premier Salud","datePublished":"2023-02-13T19:57:00+00:00","mainEntityOfPage":{"@id":"https:\/\/www.ucaldas.edu.co\/portal\/telemedicina-llega-a-carceles-de-caldas-gracias-a-la-ips-universitaria-y-telesalud-universidad-de-caldas-en-alianza-con-premier-salud\/"},"wordCount":186,"publisher":{"@id":"https:\/\/www.ucaldas.edu.co\/portal\/#organization"},"image":{"@id":"https:\/\/www.ucaldas.edu.co\/portal\/telemedicina-llega-a-carceles-de-caldas-gracias-a-la-ips-universitaria-y-telesalud-universidad-de-caldas-en-alianza-con-premier-salud\/#primaryimage"},"thumbnailUrl":"https:\/\/www.ucaldas.edu.co\/portal\/wp-content\/uploads\/2023\/02\/telesalud.jpg","keywords":["Telesalud"],"articleSection":["Actualidad","Universidad al D\u00eda","UCaldas Colaborativa"],"inLanguage":"es"},{"@type":"WebPage","@id":"https:\/\/www.ucaldas.edu.co\/portal\/telemedicina-llega-a-carceles-de-caldas-gracias-a-la-ips-universitaria-y-telesalud-universidad-de-caldas-en-alianza-con-premier-salud\/","url":"https:\/\/www.ucaldas.edu.co\/portal\/telemedicina-llega-a-carceles-de-caldas-gracias-a-la-ips-universitaria-y-telesalud-universidad-de-caldas-en-alianza-con-premier-salud\/","name":"Telemedicina llega a c\u00e1rceles de Caldas gracias a la IPS Universitaria y Telesalud Universidad de Caldas en alianza con Premier Salud .","isPartOf":{"@id":"https:\/\/www.ucaldas.edu.co\/portal\/#website"},"primaryImageOfPage":{"@id":"https:\/\/www.ucaldas.edu.co\/portal\/telemedicina-llega-a-carceles-de-caldas-gracias-a-la-ips-universitaria-y-telesalud-universidad-de-caldas-en-alianza-con-premier-salud\/#primaryimage"},"image":{"@id":"https:\/\/www.ucaldas.edu.co\/portal\/telemedicina-llega-a-carceles-de-caldas-gracias-a-la-ips-universitaria-y-telesalud-universidad-de-caldas-en-alianza-con-premier-salud\/#primaryimage"},"thumbnailUrl":"https:\/\/www.ucaldas.edu.co\/portal\/wp-content\/uploads\/2023\/02\/telesalud.jpg","datePublished":"2023-02-13T19:57:00+00:00","breadcrumb":{"@id":"https:\/\/www.ucaldas.edu.co\/portal\/telemedicina-llega-a-carceles-de-caldas-gracias-a-la-ips-universitaria-y-telesalud-universidad-de-caldas-en-alianza-con-premier-salud\/#breadcrumb"},"inLanguage":"es","potentialAction":[{"@type":"ReadAction","target":["https:\/\/www.ucaldas.edu.co\/portal\/telemedicina-llega-a-carceles-de-caldas-gracias-a-la-ips-universitaria-y-telesalud-universidad-de-caldas-en-alianza-con-premier-salud\/"]}]},{"@type":"ImageObject","inLanguage":"es","@id":"https:\/\/www.ucaldas.edu.co\/portal\/telemedicina-llega-a-carceles-de-caldas-gracias-a-la-ips-universitaria-y-telesalud-universidad-de-caldas-en-alianza-con-premier-salud\/#primaryimage","url":"https:\/\/www.ucaldas.edu.co\/portal\/wp-content\/uploads\/2023\/02\/telesalud.jpg","contentUrl":"https:\/\/www.ucaldas.edu.co\/portal\/wp-content\/uploads\/2023\/02\/telesalud.jpg","width":900,"height":510,"caption":"Telesalud"},{"@type":"BreadcrumbList","@id":"https:\/\/www.ucaldas.edu.co\/portal\/telemedicina-llega-a-carceles-de-caldas-gracias-a-la-ips-universitaria-y-telesalud-universidad-de-caldas-en-alianza-con-premier-salud\/#breadcrumb","itemListElement":[{"@type":"ListItem","position":1,"name":"Portada","item":"https:\/\/www.ucaldas.edu.co\/portal\/"},{"@type":"ListItem","position":2,"name":"Telemedicina llega a c\u00e1rceles de Caldas gracias a la IPS Universitaria y Telesalud Universidad de Caldas en alianza con Premier Salud"}]},{"@type":"WebSite","@id":"https:\/\/www.ucaldas.edu.co\/portal\/#website","url":"https:\/\/www.ucaldas.edu.co\/portal\/","name":"Universidad de Caldas","description":"","publisher":{"@id":"https:\/\/www.ucaldas.edu.co\/portal\/#organization"},"alternateName":"U. de Caldas","potentialAction":[{"@type":"SearchAction","target":{"@type":"EntryPoint","urlTemplate":"https:\/\/www.ucaldas.edu.co\/portal\/?s={search_term_string}"},"query-input":{"@type":"PropertyValueSpecification","valueRequired":true,"valueName":"search_term_string"}}],"inLanguage":"es"},{"@type":"Organization","@id":"https:\/\/www.ucaldas.edu.co\/portal\/#organization","name":"Universidad de Caldas","alternateName":"U. de Caldas","url":"https:\/\/www.ucaldas.edu.co\/portal\/","logo":{"@type":"ImageObject","inLanguage":"es","@id":"https:\/\/www.ucaldas.edu.co\/portal\/#\/schema\/logo\/image\/","url":"https:\/\/www.ucaldas.edu.co\/portal\/wp-content\/uploads\/2023\/11\/Logo_horizontal_oscuroU-2023.png","contentUrl":"https:\/\/www.ucaldas.edu.co\/portal\/wp-content\/uploads\/2023\/11\/Logo_horizontal_oscuroU-2023.png","width":263,"height":101,"caption":"Universidad de Caldas"},"image":{"@id":"https:\/\/www.ucaldas.edu.co\/portal\/#\/schema\/logo\/image\/"},"sameAs":["https:\/\/www.facebook.com\/udecaldas","https:\/\/x.com\/udecaldas","https:\/\/www.youtube.com\/universidadcaldas","https:\/\/www.instagram.com\/udecaldas\/"]},{"@type":"Person","@id":"https:\/\/www.ucaldas.edu.co\/portal\/#\/schema\/person\/a1b482e23449158b4bc319926c074fdf","name":"ofiprensa","image":{"@type":"ImageObject","inLanguage":"es","@id":"https:\/\/www.ucaldas.edu.co\/portal\/wp-content\/litespeed\/avatar\/09ea5085e600095a7a811142c6944527.jpg?ver=1776892805","url":"https:\/\/www.ucaldas.edu.co\/portal\/wp-content\/litespeed\/avatar\/09ea5085e600095a7a811142c6944527.jpg?ver=1776892805","contentUrl":"https:\/\/www.ucaldas.edu.co\/portal\/wp-content\/litespeed\/avatar\/09ea5085e600095a7a811142c6944527.jpg?ver=1776892805","caption":"ofiprensa"},"url":"https:\/\/www.ucaldas.edu.co\/portal\/author\/ofiprensa\/"}]}},"_links":{"self":[{"href":"https:\/\/www.ucaldas.edu.co\/portal\/wp-json\/wp\/v2\/posts\/74781","targetHints":{"allow":["GET"]}}],"collection":[{"href":"https:\/\/www.ucaldas.edu.co\/portal\/wp-json\/wp\/v2\/posts"}],"about":[{"href":"https:\/\/www.ucaldas.edu.co\/portal\/wp-json\/wp\/v2\/types\/post"}],"author":[{"embeddable":true,"href":"https:\/\/www.ucaldas.edu.co\/portal\/wp-json\/wp\/v2\/users\/2"}],"replies":[{"embeddable":true,"href":"https:\/\/www.ucaldas.edu.co\/portal\/wp-json\/wp\/v2\/comments?post=74781"}],"version-history":[{"count":0,"href":"https:\/\/www.ucaldas.edu.co\/portal\/wp-json\/wp\/v2\/posts\/74781\/revisions"}],"wp:featuredmedia":[{"embeddable":true,"href":"https:\/\/www.ucaldas.edu.co\/portal\/wp-json\/wp\/v2\/media\/74782"}],"wp:attachment":[{"href":"https:\/\/www.ucaldas.edu.co\/portal\/wp-json\/wp\/v2\/media?parent=74781"}],"wp:term":[{"taxonomy":"category","embeddable":true,"href":"https:\/\/www.ucaldas.edu.co\/portal\/wp-json\/wp\/v2\/categories?post=74781"},{"taxonomy":"post_tag","embeddable":true,"href":"https:\/\/www.ucaldas.edu.co\/portal\/wp-json\/wp\/v2\/tags?post=74781"}],"curies":[{"name":"wp","href":"https:\/\/api.w.org\/{rel}","templated":true}]}}