{"id":7478,"date":"2011-03-28T11:07:53","date_gmt":"2011-03-28T16:07:53","guid":{"rendered":"https:\/\/www.ucaldas.edu.co\/portal\/?p=7478"},"modified":"2011-03-28T11:07:53","modified_gmt":"2011-03-28T16:07:53","slug":"u-de-caldas-lidero-reflexion-sobre-restauracion-ecologica-y-cambio-climatico","status":"publish","type":"post","link":"https:\/\/www.ucaldas.edu.co\/portal\/u-de-caldas-lidero-reflexion-sobre-restauracion-ecologica-y-cambio-climatico\/","title":{"rendered":"U. de Caldas lider\u00f3 reflexi\u00f3n sobre restauraci\u00f3n ecol\u00f3gica y cambio clim\u00e1tico"},"content":{"rendered":"<p>En la instituci\u00f3n se realiz\u00f3 seminario internacional sobre el tema<\/p>\n<hr \/>\n<p align=\"center\">\n<p align=\"right\"><b>28\/03\/2011<\/b><\/p>\n<p>&nbsp;<\/p>\n<table border=\"0\">\n<tbody>\n<tr>\n<td>\u00a0<img loading=\"lazy\" decoding=\"async\" style=\"border: 0px\" alt=\"Seminario\" src=\"http:\/\/www.ucaldas.edu.co\/images\/tmp\/Seminario_Internacional_Restauracion_Ecologica.JPG\" width=\"240\" height=\"150\" border=\"0\" \/><\/td>\n<td>Con el <b>objetivo <\/b>de <b>formular <\/b>las<b> preguntas <\/b>necesarias para <b>avanzar<\/b> en <b>acuerdos interinstitucionales <\/b>en la identificaci\u00f3n de alternativas para la <b>problem\u00e1tica<\/b> del <b>cambio clim\u00e1tico,<\/b> se realiz\u00f3 este <b>lunes 28<\/b> de <b>marzo<\/b> en la <b>Universidad<\/b><b> de Caldas<\/b>, el <b><i>Seminario Internacional Restauraci\u00f3n Ecol\u00f3gica y Soberan\u00eda Alimentaria para Enfrentar el Cambio Clim\u00e1tico.<\/i><\/b><\/p>\n<p><i>\u00a0<\/i><\/p>\n<p>Este evento fue organizado por la Universidad de Caldas, Corpocaldas, la Chec, la C\u00e1mara de Comercio de Manizales, la Universidad Aut\u00f3noma de Manizales, Onward Colombia, la Fundaci\u00f3n Pangea, Asoeje y Condesan.<\/td>\n<\/tr>\n<\/tbody>\n<\/table>\n<p>&nbsp;<\/p>\n<p>&nbsp;<\/p>\n<p>\u201cEste encuentro se realiz\u00f3 en Pasto la semana pasada, as\u00ed que aprovechamos la visita de los expertos para realizarlo en Manizales\u201d, coment\u00f3 Henry Gonz\u00e1lez Gonz\u00e1lez, Coordinador del Grupo Interno de Sostenibilidad Ambiental de la U. de Caldas.<\/p>\n<p>&nbsp;<\/p>\n<p>Adem\u00e1s, Gonz\u00e1lez Gonz\u00e1lez dijo: \u201cel evento surge de la necesidad de avanzar y afianzar en temas de investigaci\u00f3n y acci\u00f3n sobre cambio clim\u00e1tico y soberan\u00eda alimentaria\u201d.<\/p>\n<p>&nbsp;<\/p>\n<p>En total, se orientaron seis conferencias de cortes investigativos y aplicativos sobre restauraci\u00f3n ecol\u00f3gica y soberan\u00eda alimentaria. Adem\u00e1s, al final del seminario se instal\u00f3 la Mesa Regional de Cambio Clim\u00e1tico.<\/p>\n<p>&nbsp;<\/p>\n<p>\u201cLa U. de Caldas se une al proceso porque ha venido avanzando hace un par de a\u00f1os, desde el Observatorio de Cambio Clim\u00e1tico, adscrito a la Facultad de Ciencias Exactas y Naturales de la Instituci\u00f3n. Esta es una oportunidad para catapultar las acciones que la U. de Caldas lidera\u201d, inform\u00f3 Gonz\u00e1lez Gonz\u00e1lez.<\/p>\n<p>&nbsp;<\/p>\n<p><b>Invitados nacionales e internacionales<\/b><\/p>\n<p>El colombiano N\u00e9stor Hern\u00e1ndez Iglesias orient\u00f3 la conferencia central del seminario, sobre el <i>Sector agropecuario colombiano y cambio clim\u00e1tico.<\/i><\/p>\n<p><i>\u00a0<\/i><\/p>\n<p>\u201cEl concepto de cambio clim\u00e1tico ser\u00e1 tomado bajo el concepto de Panel Intergubernamental del Cambio Clim\u00e1tico de la Convenci\u00f3n de las Naciones Unidas (IPCC) y se refiere al aumento de la temperatura atmosf\u00e9rica, que genera una cantidad de procesos en el clima. Adem\u00e1s, se debe a la intervenci\u00f3n del hombre en los diferentes sistemas productivos\u201d, coment\u00f3 Hern\u00e1ndez Iglesias.<\/p>\n<p>Respecto a la situaci\u00f3n colombiana, Hern\u00e1ndez Iglesias dijo: \u201cColombia est\u00e1 muy bien dotada en cuanto a leyes sobre el tema, a\u00fan as\u00ed, el sector agropecuario es de los m\u00e1s afectados por el tema del cambio clim\u00e1tico, pero tambi\u00e9n es de los mayores responsables en el caso colombiano\u201d.<\/p>\n<p>&nbsp;<\/p>\n<p>Por otra parte, el mexicano Karim Musalem disert\u00f3 sobre la <i>Restauraci\u00f3n<\/i><i> hidrol\u00f3gica forestal: retos sociales y ambientales ante el cambio clim\u00e1tico.<\/i><\/p>\n<p><i>\u00a0<\/i><\/p>\n<p>\u201cEl cuello de botella en la restauraci\u00f3n forestal es el largo plazo y el tema cultural y social. Por la experiencia que hemos tenido en otros proyectos, financiar un proyecto de varios a\u00f1os para realizar restauraci\u00f3n forestal es muy dif\u00edcil, pues \u00bfcu\u00e1ntos a\u00f1os puede llevar restaurar un bosque? y \u00bfcu\u00e1l es el papel de la academia?\u201d, expres\u00f3 Musalem.<\/p>\n<p>&nbsp;<\/p>\n<p>Adem\u00e1s, el evento cont\u00f3 con la participaci\u00f3n de Nina Duarte (Brasil), quien disert\u00f3 sobre la <i>Recuperaci\u00f3n<\/i><i> de especies nativas para la restauraci\u00f3n ecol\u00f3gica. Procesos de restauraci\u00f3n para la conservaci\u00f3n del suelo, <\/i>y de Rafael Mar\u00eda Laino (Paraguay), quien orient\u00f3 una conferencia sobre <i>Pago por servicios ambientales como instrumento de apoyo a la conservaci\u00f3n.<\/i><\/p>\n<p><i>\u00a0<\/i><\/p>\n<p>Tambi\u00e9n participaron Juan David Arango Gartner (Colombia), con la ponencia titulada <i>Cambio clim\u00e1tico y prevenci\u00f3n de desastres, <\/i>e Inty Arcos (Ecuador), con la conferencia <i>Manejo integrado de cuencas h\u00eddricas, como estrategia de adaptaci\u00f3n al cambio clim\u00e1tico: uso sustentable y conservaci\u00f3n. <\/i><\/p>\n<p>&nbsp;<\/p>\n<p>Debido a la situaci\u00f3n de la U. de Caldas la programaci\u00f3n de la tarde se realiz\u00f3 en el Auditorio de Confamiliares.<\/p>\n<p>&nbsp;<\/p>\n<p><b>Informes: <\/b>en el tel\u00e9fono: 884 18 40, extensi\u00f3n 503 o 505, o en el correo electr\u00f3nico: <a href=\"mailto:ventanillas@ccm.org.co\" target=\"_blank\">ventanillas@ccm.org.co<\/a> o con Henry Gonz\u00e1lez Gonz\u00e1lez, Coordinador del Grupo Interno de Sostenibilidad Ambiental de la U. de Caldas. Tel\u00e9fono: 878 15 00, extensi\u00f3n 13 446.<\/p>\n","protected":false},"excerpt":{"rendered":"<p>En la instituci\u00f3n se realiz\u00f3 seminario internacional sobre el tema 28\/03\/2011 &nbsp; \u00a0 Con el objetivo de formular las preguntas necesarias para avanzar en acuerdos interinstitucionales en la identificaci\u00f3n de alternativas para la problem\u00e1tica del cambio clim\u00e1tico, se realiz\u00f3 este lunes 28 de marzo en la Universidad de Caldas, el Seminario Internacional Restauraci\u00f3n Ecol\u00f3gica y [&hellip;]<\/p>\n","protected":false},"author":2,"featured_media":0,"comment_status":"closed","ping_status":"closed","sticky":false,"template":"","format":"standard","meta":{"footnotes":""},"categories":[48,53],"tags":[],"class_list":["post-7478","post","type-post","status-publish","format-standard","hentry","category-actualidad","category-universidad-al-dia"],"yoast_head":"<!-- This site is optimized with the Yoast SEO plugin v27.5 - https:\/\/yoast.com\/product\/yoast-seo-wordpress\/ -->\n<title>U. de Caldas lider\u00f3 reflexi\u00f3n sobre restauraci\u00f3n ecol\u00f3gica y cambio clim\u00e1tico .<\/title>\n<meta name=\"robots\" content=\"index, follow, max-snippet:-1, max-image-preview:large, max-video-preview:-1\" \/>\n<link rel=\"canonical\" href=\"https:\/\/www.ucaldas.edu.co\/portal\/u-de-caldas-lidero-reflexion-sobre-restauracion-ecologica-y-cambio-climatico\/\" \/>\n<script type=\"application\/ld+json\" class=\"yoast-schema-graph\">{\"@context\":\"https:\\\/\\\/schema.org\",\"@graph\":[{\"@type\":\"Article\",\"@id\":\"https:\\\/\\\/www.ucaldas.edu.co\\\/portal\\\/u-de-caldas-lidero-reflexion-sobre-restauracion-ecologica-y-cambio-climatico\\\/#article\",\"isPartOf\":{\"@id\":\"https:\\\/\\\/www.ucaldas.edu.co\\\/portal\\\/u-de-caldas-lidero-reflexion-sobre-restauracion-ecologica-y-cambio-climatico\\\/\"},\"author\":{\"name\":\"ofiprensa\",\"@id\":\"https:\\\/\\\/www.ucaldas.edu.co\\\/portal\\\/#\\\/schema\\\/person\\\/a1b482e23449158b4bc319926c074fdf\"},\"headline\":\"U. de Caldas lider\u00f3 reflexi\u00f3n sobre restauraci\u00f3n ecol\u00f3gica y cambio clim\u00e1tico\",\"datePublished\":\"2011-03-28T16:07:53+00:00\",\"mainEntityOfPage\":{\"@id\":\"https:\\\/\\\/www.ucaldas.edu.co\\\/portal\\\/u-de-caldas-lidero-reflexion-sobre-restauracion-ecologica-y-cambio-climatico\\\/\"},\"wordCount\":696,\"publisher\":{\"@id\":\"https:\\\/\\\/www.ucaldas.edu.co\\\/portal\\\/#organization\"},\"image\":{\"@id\":\"https:\\\/\\\/www.ucaldas.edu.co\\\/portal\\\/u-de-caldas-lidero-reflexion-sobre-restauracion-ecologica-y-cambio-climatico\\\/#primaryimage\"},\"thumbnailUrl\":\"http:\\\/\\\/www.ucaldas.edu.co\\\/images\\\/tmp\\\/Seminario_Internacional_Restauracion_Ecologica.JPG\",\"articleSection\":[\"Actualidad\",\"Universidad al D\u00eda\"],\"inLanguage\":\"es\"},{\"@type\":\"WebPage\",\"@id\":\"https:\\\/\\\/www.ucaldas.edu.co\\\/portal\\\/u-de-caldas-lidero-reflexion-sobre-restauracion-ecologica-y-cambio-climatico\\\/\",\"url\":\"https:\\\/\\\/www.ucaldas.edu.co\\\/portal\\\/u-de-caldas-lidero-reflexion-sobre-restauracion-ecologica-y-cambio-climatico\\\/\",\"name\":\"U. de Caldas lider\u00f3 reflexi\u00f3n sobre restauraci\u00f3n ecol\u00f3gica y cambio clim\u00e1tico .\",\"isPartOf\":{\"@id\":\"https:\\\/\\\/www.ucaldas.edu.co\\\/portal\\\/#website\"},\"primaryImageOfPage\":{\"@id\":\"https:\\\/\\\/www.ucaldas.edu.co\\\/portal\\\/u-de-caldas-lidero-reflexion-sobre-restauracion-ecologica-y-cambio-climatico\\\/#primaryimage\"},\"image\":{\"@id\":\"https:\\\/\\\/www.ucaldas.edu.co\\\/portal\\\/u-de-caldas-lidero-reflexion-sobre-restauracion-ecologica-y-cambio-climatico\\\/#primaryimage\"},\"thumbnailUrl\":\"http:\\\/\\\/www.ucaldas.edu.co\\\/images\\\/tmp\\\/Seminario_Internacional_Restauracion_Ecologica.JPG\",\"datePublished\":\"2011-03-28T16:07:53+00:00\",\"breadcrumb\":{\"@id\":\"https:\\\/\\\/www.ucaldas.edu.co\\\/portal\\\/u-de-caldas-lidero-reflexion-sobre-restauracion-ecologica-y-cambio-climatico\\\/#breadcrumb\"},\"inLanguage\":\"es\",\"potentialAction\":[{\"@type\":\"ReadAction\",\"target\":[\"https:\\\/\\\/www.ucaldas.edu.co\\\/portal\\\/u-de-caldas-lidero-reflexion-sobre-restauracion-ecologica-y-cambio-climatico\\\/\"]}]},{\"@type\":\"ImageObject\",\"inLanguage\":\"es\",\"@id\":\"https:\\\/\\\/www.ucaldas.edu.co\\\/portal\\\/u-de-caldas-lidero-reflexion-sobre-restauracion-ecologica-y-cambio-climatico\\\/#primaryimage\",\"url\":\"http:\\\/\\\/www.ucaldas.edu.co\\\/images\\\/tmp\\\/Seminario_Internacional_Restauracion_Ecologica.JPG\",\"contentUrl\":\"http:\\\/\\\/www.ucaldas.edu.co\\\/images\\\/tmp\\\/Seminario_Internacional_Restauracion_Ecologica.JPG\"},{\"@type\":\"BreadcrumbList\",\"@id\":\"https:\\\/\\\/www.ucaldas.edu.co\\\/portal\\\/u-de-caldas-lidero-reflexion-sobre-restauracion-ecologica-y-cambio-climatico\\\/#breadcrumb\",\"itemListElement\":[{\"@type\":\"ListItem\",\"position\":1,\"name\":\"Portada\",\"item\":\"https:\\\/\\\/www.ucaldas.edu.co\\\/portal\\\/\"},{\"@type\":\"ListItem\",\"position\":2,\"name\":\"U. de Caldas lider\u00f3 reflexi\u00f3n sobre restauraci\u00f3n ecol\u00f3gica y cambio clim\u00e1tico\"}]},{\"@type\":\"WebSite\",\"@id\":\"https:\\\/\\\/www.ucaldas.edu.co\\\/portal\\\/#website\",\"url\":\"https:\\\/\\\/www.ucaldas.edu.co\\\/portal\\\/\",\"name\":\"Universidad de Caldas\",\"description\":\"\",\"publisher\":{\"@id\":\"https:\\\/\\\/www.ucaldas.edu.co\\\/portal\\\/#organization\"},\"alternateName\":\"U. de Caldas\",\"potentialAction\":[{\"@type\":\"SearchAction\",\"target\":{\"@type\":\"EntryPoint\",\"urlTemplate\":\"https:\\\/\\\/www.ucaldas.edu.co\\\/portal\\\/?s={search_term_string}\"},\"query-input\":{\"@type\":\"PropertyValueSpecification\",\"valueRequired\":true,\"valueName\":\"search_term_string\"}}],\"inLanguage\":\"es\"},{\"@type\":\"Organization\",\"@id\":\"https:\\\/\\\/www.ucaldas.edu.co\\\/portal\\\/#organization\",\"name\":\"Universidad de Caldas\",\"alternateName\":\"U. de Caldas\",\"url\":\"https:\\\/\\\/www.ucaldas.edu.co\\\/portal\\\/\",\"logo\":{\"@type\":\"ImageObject\",\"inLanguage\":\"es\",\"@id\":\"https:\\\/\\\/www.ucaldas.edu.co\\\/portal\\\/#\\\/schema\\\/logo\\\/image\\\/\",\"url\":\"https:\\\/\\\/www.ucaldas.edu.co\\\/portal\\\/wp-content\\\/uploads\\\/2023\\\/11\\\/Logo_horizontal_oscuroU-2023.png\",\"contentUrl\":\"https:\\\/\\\/www.ucaldas.edu.co\\\/portal\\\/wp-content\\\/uploads\\\/2023\\\/11\\\/Logo_horizontal_oscuroU-2023.png\",\"width\":263,\"height\":101,\"caption\":\"Universidad de Caldas\"},\"image\":{\"@id\":\"https:\\\/\\\/www.ucaldas.edu.co\\\/portal\\\/#\\\/schema\\\/logo\\\/image\\\/\"},\"sameAs\":[\"https:\\\/\\\/www.facebook.com\\\/udecaldas\",\"https:\\\/\\\/x.com\\\/udecaldas\",\"https:\\\/\\\/www.youtube.com\\\/universidadcaldas\",\"https:\\\/\\\/www.instagram.com\\\/udecaldas\\\/\"]},{\"@type\":\"Person\",\"@id\":\"https:\\\/\\\/www.ucaldas.edu.co\\\/portal\\\/#\\\/schema\\\/person\\\/a1b482e23449158b4bc319926c074fdf\",\"name\":\"ofiprensa\",\"image\":{\"@type\":\"ImageObject\",\"inLanguage\":\"es\",\"@id\":\"https:\\\/\\\/www.ucaldas.edu.co\\\/portal\\\/wp-content\\\/litespeed\\\/avatar\\\/09ea5085e600095a7a811142c6944527.jpg?ver=1777497608\",\"url\":\"https:\\\/\\\/www.ucaldas.edu.co\\\/portal\\\/wp-content\\\/litespeed\\\/avatar\\\/09ea5085e600095a7a811142c6944527.jpg?ver=1777497608\",\"contentUrl\":\"https:\\\/\\\/www.ucaldas.edu.co\\\/portal\\\/wp-content\\\/litespeed\\\/avatar\\\/09ea5085e600095a7a811142c6944527.jpg?ver=1777497608\",\"caption\":\"ofiprensa\"},\"url\":\"https:\\\/\\\/www.ucaldas.edu.co\\\/portal\\\/author\\\/ofiprensa\\\/\"}]}<\/script>\n<!-- \/ Yoast SEO plugin. -->","yoast_head_json":{"title":"U. de Caldas lider\u00f3 reflexi\u00f3n sobre restauraci\u00f3n ecol\u00f3gica y cambio clim\u00e1tico .","robots":{"index":"index","follow":"follow","max-snippet":"max-snippet:-1","max-image-preview":"max-image-preview:large","max-video-preview":"max-video-preview:-1"},"canonical":"https:\/\/www.ucaldas.edu.co\/portal\/u-de-caldas-lidero-reflexion-sobre-restauracion-ecologica-y-cambio-climatico\/","schema":{"@context":"https:\/\/schema.org","@graph":[{"@type":"Article","@id":"https:\/\/www.ucaldas.edu.co\/portal\/u-de-caldas-lidero-reflexion-sobre-restauracion-ecologica-y-cambio-climatico\/#article","isPartOf":{"@id":"https:\/\/www.ucaldas.edu.co\/portal\/u-de-caldas-lidero-reflexion-sobre-restauracion-ecologica-y-cambio-climatico\/"},"author":{"name":"ofiprensa","@id":"https:\/\/www.ucaldas.edu.co\/portal\/#\/schema\/person\/a1b482e23449158b4bc319926c074fdf"},"headline":"U. de Caldas lider\u00f3 reflexi\u00f3n sobre restauraci\u00f3n ecol\u00f3gica y cambio clim\u00e1tico","datePublished":"2011-03-28T16:07:53+00:00","mainEntityOfPage":{"@id":"https:\/\/www.ucaldas.edu.co\/portal\/u-de-caldas-lidero-reflexion-sobre-restauracion-ecologica-y-cambio-climatico\/"},"wordCount":696,"publisher":{"@id":"https:\/\/www.ucaldas.edu.co\/portal\/#organization"},"image":{"@id":"https:\/\/www.ucaldas.edu.co\/portal\/u-de-caldas-lidero-reflexion-sobre-restauracion-ecologica-y-cambio-climatico\/#primaryimage"},"thumbnailUrl":"http:\/\/www.ucaldas.edu.co\/images\/tmp\/Seminario_Internacional_Restauracion_Ecologica.JPG","articleSection":["Actualidad","Universidad al D\u00eda"],"inLanguage":"es"},{"@type":"WebPage","@id":"https:\/\/www.ucaldas.edu.co\/portal\/u-de-caldas-lidero-reflexion-sobre-restauracion-ecologica-y-cambio-climatico\/","url":"https:\/\/www.ucaldas.edu.co\/portal\/u-de-caldas-lidero-reflexion-sobre-restauracion-ecologica-y-cambio-climatico\/","name":"U. de Caldas lider\u00f3 reflexi\u00f3n sobre restauraci\u00f3n ecol\u00f3gica y cambio clim\u00e1tico .","isPartOf":{"@id":"https:\/\/www.ucaldas.edu.co\/portal\/#website"},"primaryImageOfPage":{"@id":"https:\/\/www.ucaldas.edu.co\/portal\/u-de-caldas-lidero-reflexion-sobre-restauracion-ecologica-y-cambio-climatico\/#primaryimage"},"image":{"@id":"https:\/\/www.ucaldas.edu.co\/portal\/u-de-caldas-lidero-reflexion-sobre-restauracion-ecologica-y-cambio-climatico\/#primaryimage"},"thumbnailUrl":"http:\/\/www.ucaldas.edu.co\/images\/tmp\/Seminario_Internacional_Restauracion_Ecologica.JPG","datePublished":"2011-03-28T16:07:53+00:00","breadcrumb":{"@id":"https:\/\/www.ucaldas.edu.co\/portal\/u-de-caldas-lidero-reflexion-sobre-restauracion-ecologica-y-cambio-climatico\/#breadcrumb"},"inLanguage":"es","potentialAction":[{"@type":"ReadAction","target":["https:\/\/www.ucaldas.edu.co\/portal\/u-de-caldas-lidero-reflexion-sobre-restauracion-ecologica-y-cambio-climatico\/"]}]},{"@type":"ImageObject","inLanguage":"es","@id":"https:\/\/www.ucaldas.edu.co\/portal\/u-de-caldas-lidero-reflexion-sobre-restauracion-ecologica-y-cambio-climatico\/#primaryimage","url":"http:\/\/www.ucaldas.edu.co\/images\/tmp\/Seminario_Internacional_Restauracion_Ecologica.JPG","contentUrl":"http:\/\/www.ucaldas.edu.co\/images\/tmp\/Seminario_Internacional_Restauracion_Ecologica.JPG"},{"@type":"BreadcrumbList","@id":"https:\/\/www.ucaldas.edu.co\/portal\/u-de-caldas-lidero-reflexion-sobre-restauracion-ecologica-y-cambio-climatico\/#breadcrumb","itemListElement":[{"@type":"ListItem","position":1,"name":"Portada","item":"https:\/\/www.ucaldas.edu.co\/portal\/"},{"@type":"ListItem","position":2,"name":"U. de Caldas lider\u00f3 reflexi\u00f3n sobre restauraci\u00f3n ecol\u00f3gica y cambio clim\u00e1tico"}]},{"@type":"WebSite","@id":"https:\/\/www.ucaldas.edu.co\/portal\/#website","url":"https:\/\/www.ucaldas.edu.co\/portal\/","name":"Universidad de Caldas","description":"","publisher":{"@id":"https:\/\/www.ucaldas.edu.co\/portal\/#organization"},"alternateName":"U. de Caldas","potentialAction":[{"@type":"SearchAction","target":{"@type":"EntryPoint","urlTemplate":"https:\/\/www.ucaldas.edu.co\/portal\/?s={search_term_string}"},"query-input":{"@type":"PropertyValueSpecification","valueRequired":true,"valueName":"search_term_string"}}],"inLanguage":"es"},{"@type":"Organization","@id":"https:\/\/www.ucaldas.edu.co\/portal\/#organization","name":"Universidad de Caldas","alternateName":"U. de Caldas","url":"https:\/\/www.ucaldas.edu.co\/portal\/","logo":{"@type":"ImageObject","inLanguage":"es","@id":"https:\/\/www.ucaldas.edu.co\/portal\/#\/schema\/logo\/image\/","url":"https:\/\/www.ucaldas.edu.co\/portal\/wp-content\/uploads\/2023\/11\/Logo_horizontal_oscuroU-2023.png","contentUrl":"https:\/\/www.ucaldas.edu.co\/portal\/wp-content\/uploads\/2023\/11\/Logo_horizontal_oscuroU-2023.png","width":263,"height":101,"caption":"Universidad de Caldas"},"image":{"@id":"https:\/\/www.ucaldas.edu.co\/portal\/#\/schema\/logo\/image\/"},"sameAs":["https:\/\/www.facebook.com\/udecaldas","https:\/\/x.com\/udecaldas","https:\/\/www.youtube.com\/universidadcaldas","https:\/\/www.instagram.com\/udecaldas\/"]},{"@type":"Person","@id":"https:\/\/www.ucaldas.edu.co\/portal\/#\/schema\/person\/a1b482e23449158b4bc319926c074fdf","name":"ofiprensa","image":{"@type":"ImageObject","inLanguage":"es","@id":"https:\/\/www.ucaldas.edu.co\/portal\/wp-content\/litespeed\/avatar\/09ea5085e600095a7a811142c6944527.jpg?ver=1777497608","url":"https:\/\/www.ucaldas.edu.co\/portal\/wp-content\/litespeed\/avatar\/09ea5085e600095a7a811142c6944527.jpg?ver=1777497608","contentUrl":"https:\/\/www.ucaldas.edu.co\/portal\/wp-content\/litespeed\/avatar\/09ea5085e600095a7a811142c6944527.jpg?ver=1777497608","caption":"ofiprensa"},"url":"https:\/\/www.ucaldas.edu.co\/portal\/author\/ofiprensa\/"}]}},"_links":{"self":[{"href":"https:\/\/www.ucaldas.edu.co\/portal\/wp-json\/wp\/v2\/posts\/7478","targetHints":{"allow":["GET"]}}],"collection":[{"href":"https:\/\/www.ucaldas.edu.co\/portal\/wp-json\/wp\/v2\/posts"}],"about":[{"href":"https:\/\/www.ucaldas.edu.co\/portal\/wp-json\/wp\/v2\/types\/post"}],"author":[{"embeddable":true,"href":"https:\/\/www.ucaldas.edu.co\/portal\/wp-json\/wp\/v2\/users\/2"}],"replies":[{"embeddable":true,"href":"https:\/\/www.ucaldas.edu.co\/portal\/wp-json\/wp\/v2\/comments?post=7478"}],"version-history":[{"count":0,"href":"https:\/\/www.ucaldas.edu.co\/portal\/wp-json\/wp\/v2\/posts\/7478\/revisions"}],"wp:attachment":[{"href":"https:\/\/www.ucaldas.edu.co\/portal\/wp-json\/wp\/v2\/media?parent=7478"}],"wp:term":[{"taxonomy":"category","embeddable":true,"href":"https:\/\/www.ucaldas.edu.co\/portal\/wp-json\/wp\/v2\/categories?post=7478"},{"taxonomy":"post_tag","embeddable":true,"href":"https:\/\/www.ucaldas.edu.co\/portal\/wp-json\/wp\/v2\/tags?post=7478"}],"curies":[{"name":"wp","href":"https:\/\/api.w.org\/{rel}","templated":true}]}}