{"id":7476,"date":"2011-03-28T11:06:41","date_gmt":"2011-03-28T16:06:41","guid":{"rendered":"https:\/\/www.ucaldas.edu.co\/portal\/?p=7476"},"modified":"2011-03-28T11:06:41","modified_gmt":"2011-03-28T16:06:41","slug":"cuota-academica-del-x-festival-internacional-de-la-imagen","status":"publish","type":"post","link":"https:\/\/www.ucaldas.edu.co\/portal\/cuota-academica-del-x-festival-internacional-de-la-imagen\/","title":{"rendered":"Cuota acad\u00e9mica del X Festival Internacional de la Imagen"},"content":{"rendered":"<p>M\u00e1s de 30 acad\u00e9micos entre investigadores e historiadores<\/p>\n<hr \/>\n<p align=\"center\">\n<p align=\"right\"><b>28\/03\/2011<\/b><\/p>\n<p align=\"center\">\n<table border=\"0\">\n<tbody>\n<tr>\n<td><img loading=\"lazy\" decoding=\"async\" style=\"border: 0px\" alt=\"Festival de la Imagen\" src=\"http:\/\/www.ucaldas.edu.co\/images\/tmp\/Festival_Imagen_10.jpg\" width=\"240\" height=\"150\" border=\"0\" \/><\/td>\n<td>En <b>2011<\/b> el <b>Festival Internacional de la Imagen<\/b> ser\u00e1 el <b>escenario <\/b>de las m\u00e1s <b>diversas miradas<\/b> en temas de <b>dise\u00f1o, arte, ciencia<\/b> y <b>tecnolog\u00eda.<\/b><\/p>\n<p>&nbsp;<\/p>\n<p>M\u00e1s de 30 acad\u00e9micos entre investigadores e historiadores procedentes de las diferentes latitudes estar\u00e1n compartiendo sus conocimientos a los asistentes de la d\u00e9cima versi\u00f3n del festival.<\/td>\n<\/tr>\n<\/tbody>\n<\/table>\n<p>&nbsp;<\/p>\n<p>&nbsp;<\/p>\n<p>Entre los estudiosos m\u00e1s reconocidos est\u00e1n:<\/p>\n<p>&nbsp;<\/p>\n<p><b>&#8211; V\u00edctor Margolin:<\/b> uno de los historiadores del dise\u00f1o m\u00e1s importantes en la actualidad y profesor em\u00e9rito del Departamento de Historia del Arte y la Arquitectura en la Universidad\u00a0\u00a0de\u00a0\u00a0Illinois en Chicago. Es editor fundador del peri\u00f3dico de dise\u00f1o Design Issues, la primera publicaci\u00f3n acad\u00e9mica en Am\u00e9rica sobre historia, teor\u00eda y cr\u00edtica del dise\u00f1o.<\/p>\n<p>&nbsp;<\/p>\n<p><b>&#8211; Anna Calvera:<\/b> dise\u00f1adora gr\u00e1fica y Doctora en Filosof\u00eda de la Universidad de Barcelona. Conferencista internacional y autora de importantes libros de investigaci\u00f3n como La formaci\u00f3n del pensamiento de William Morris (1992). Ha escrito art\u00edculos relativos a la experiencia de las Arts and Crafts publicados en importantes revistas de este campo.<\/p>\n<p>&nbsp;<\/p>\n<p><b>&#8211; Eduardo Russo:<\/b> cr\u00edtico, docente e investigador de cine y artes audiovisuales. Doctor en Psicolog\u00eda Social. Dirige el Doctorado en Artes de la Facultad de Bellas Artes en la Universidad Nacional de La Plata (Argentina).<\/p>\n<p><b>\u00a0<\/b><\/p>\n<p><b>&#8211; Gonzalo Bifarella:<\/b> compositor de la Escuela de Artes de la Universidad Nacional de C\u00f3rdoba, Argentina; en esta misma instituci\u00f3n ejerce como docente del Seminario de Composici\u00f3n con Nuevas Tecnolog\u00edas, as\u00ed mismo es profesor invitado en universidades de Espa\u00f1a, Francia, Italia, Alemania y Colombia.<\/p>\n<p>&nbsp;<\/p>\n<p><b>&#8211; Jorge La Ferla:<\/b> investigador en Medios Audiovisuales. Licenciado por la Universidad de Paris VIII-Vincennes en Francia y mag\u00edster en Arte de la Universidad de Pittsburgh en Estados Unidos. Coordinador de las muestras Euroamericanas de cine, video, arte y digital, as\u00ed como curador en festivales y\u00a0\u00a0muestras de cine, video y multimedia.<\/p>\n<p>&nbsp;<\/p>\n<p><b>&#8211; Oliver Vodeb:<\/b> soci\u00f3logo, director creativo y te\u00f3rico de la comunicaci\u00f3n y el dise\u00f1o. En 2006 cofund\u00f3 el Poper Studio, una empresa de interacciones creativas y t\u00e1cticas. En los \u00faltimos a\u00f1os, su investigaci\u00f3n te\u00f3rica y pr\u00e1ctica se han centrado principalmente en la comunicaci\u00f3n cr\u00edtica y socialmente responsable enfocada a la alfabetizaci\u00f3n, la educaci\u00f3n t\u00e1ctica, los entornos de red, el activismo de los medios de comunicaci\u00f3n, la publicidad y el dise\u00f1o. Oliver fundo el Memefest en 2002 y es facilitador, curador, editor y su principal organizador desde el inicio del proyecto.<\/p>\n<p>&nbsp;<\/p>\n<p><b>&#8211; Rodrigo Zu\u0301n\u0303iga:<\/b> Doctor en filosof\u00eda con menci\u00f3n en Est\u00e9tica y Teor\u00eda del Arte. Acad\u00e9mico\u00a0\u00a0y subdirector del Departamento de Teor\u00eda de las Artes en la Universidad de Chile. Ha publicado numerosos art\u00edculos y ensayos sobre filosof\u00eda, arte chileno y latinoamericano y est\u00e9tica contempor\u00e1nea.<\/p>\n<p>&nbsp;<\/p>\n<p><b>&#8211; Annelie Franke:<\/b> dise\u00f1adora\u00a0\u00a0en Comunicaci\u00f3n Visual Digital de la Universidad de las Artes de Berl\u00edn. Su obra recalca el manejo de la imagen, abord\u00e1ndolo desde las diversas perspectivas medi\u00e1ticas como la fotograf\u00eda e ilugraf\u00eda, el dise\u00f1o y la animaci\u00f3n.<\/p>\n<p>&nbsp;<\/p>\n<p><b>&#8211; Roberto Cuervo<\/b>, dise\u00f1ador industrial y mag\u00edster en Planeaci\u00f3n Urbana y Regional con \u00e9nfasis en Dise\u00f1o Urbano de la Pontificia Universidad Javeriana. En esta misma instituci\u00f3n ejerce como director del programa de Dise\u00f1o Industrial de la Facultad de Arquitectura y Dise\u00f1o.<\/p>\n<p><b>-Jos\u00e9 Falconi:<\/b> Profesor de la Universidad de Harvard. Es curador y dirige un centro de arte latinoamericano. Realiza coloquios de arte chileno.<\/p>\n<p>&nbsp;<\/p>\n<p><b>Informes:<\/b> en la Oficina de Prensa del Festival Internacional de la Imagen. Tel\u00e9fono: 878 15 00, extensi\u00f3n 12 606 o 12 107, tambi\u00e9n en el celular: 312 778 8959, o en el correo electr\u00f3nico: <a href=\"mailto:prensa@festivaldelaimagen.com\" target=\"_blank\">prensa@festivaldelaimagen.com<\/a><\/p>\n","protected":false},"excerpt":{"rendered":"<p>M\u00e1s de 30 acad\u00e9micos entre investigadores e historiadores 28\/03\/2011 En 2011 el Festival Internacional de la Imagen ser\u00e1 el escenario de las m\u00e1s diversas miradas en temas de dise\u00f1o, arte, ciencia y tecnolog\u00eda. &nbsp; M\u00e1s de 30 acad\u00e9micos entre investigadores e historiadores procedentes de las diferentes latitudes estar\u00e1n compartiendo sus conocimientos a los asistentes de [&hellip;]<\/p>\n","protected":false},"author":2,"featured_media":0,"comment_status":"closed","ping_status":"closed","sticky":false,"template":"","format":"standard","meta":{"footnotes":""},"categories":[48,53],"tags":[],"class_list":["post-7476","post","type-post","status-publish","format-standard","hentry","category-actualidad","category-universidad-al-dia"],"yoast_head":"<!-- This site is optimized with the Yoast SEO plugin v27.5 - https:\/\/yoast.com\/product\/yoast-seo-wordpress\/ -->\n<title>Cuota acad\u00e9mica del X Festival Internacional de la Imagen .<\/title>\n<meta name=\"robots\" content=\"index, follow, max-snippet:-1, max-image-preview:large, max-video-preview:-1\" \/>\n<link rel=\"canonical\" href=\"https:\/\/www.ucaldas.edu.co\/portal\/cuota-academica-del-x-festival-internacional-de-la-imagen\/\" \/>\n<script type=\"application\/ld+json\" class=\"yoast-schema-graph\">{\"@context\":\"https:\\\/\\\/schema.org\",\"@graph\":[{\"@type\":\"Article\",\"@id\":\"https:\\\/\\\/www.ucaldas.edu.co\\\/portal\\\/cuota-academica-del-x-festival-internacional-de-la-imagen\\\/#article\",\"isPartOf\":{\"@id\":\"https:\\\/\\\/www.ucaldas.edu.co\\\/portal\\\/cuota-academica-del-x-festival-internacional-de-la-imagen\\\/\"},\"author\":{\"name\":\"ofiprensa\",\"@id\":\"https:\\\/\\\/www.ucaldas.edu.co\\\/portal\\\/#\\\/schema\\\/person\\\/a1b482e23449158b4bc319926c074fdf\"},\"headline\":\"Cuota acad\u00e9mica del X Festival Internacional de la Imagen\",\"datePublished\":\"2011-03-28T16:06:41+00:00\",\"mainEntityOfPage\":{\"@id\":\"https:\\\/\\\/www.ucaldas.edu.co\\\/portal\\\/cuota-academica-del-x-festival-internacional-de-la-imagen\\\/\"},\"wordCount\":667,\"publisher\":{\"@id\":\"https:\\\/\\\/www.ucaldas.edu.co\\\/portal\\\/#organization\"},\"image\":{\"@id\":\"https:\\\/\\\/www.ucaldas.edu.co\\\/portal\\\/cuota-academica-del-x-festival-internacional-de-la-imagen\\\/#primaryimage\"},\"thumbnailUrl\":\"http:\\\/\\\/www.ucaldas.edu.co\\\/images\\\/tmp\\\/Festival_Imagen_10.jpg\",\"articleSection\":[\"Actualidad\",\"Universidad al D\u00eda\"],\"inLanguage\":\"es\"},{\"@type\":\"WebPage\",\"@id\":\"https:\\\/\\\/www.ucaldas.edu.co\\\/portal\\\/cuota-academica-del-x-festival-internacional-de-la-imagen\\\/\",\"url\":\"https:\\\/\\\/www.ucaldas.edu.co\\\/portal\\\/cuota-academica-del-x-festival-internacional-de-la-imagen\\\/\",\"name\":\"Cuota acad\u00e9mica del X Festival Internacional de la Imagen .\",\"isPartOf\":{\"@id\":\"https:\\\/\\\/www.ucaldas.edu.co\\\/portal\\\/#website\"},\"primaryImageOfPage\":{\"@id\":\"https:\\\/\\\/www.ucaldas.edu.co\\\/portal\\\/cuota-academica-del-x-festival-internacional-de-la-imagen\\\/#primaryimage\"},\"image\":{\"@id\":\"https:\\\/\\\/www.ucaldas.edu.co\\\/portal\\\/cuota-academica-del-x-festival-internacional-de-la-imagen\\\/#primaryimage\"},\"thumbnailUrl\":\"http:\\\/\\\/www.ucaldas.edu.co\\\/images\\\/tmp\\\/Festival_Imagen_10.jpg\",\"datePublished\":\"2011-03-28T16:06:41+00:00\",\"breadcrumb\":{\"@id\":\"https:\\\/\\\/www.ucaldas.edu.co\\\/portal\\\/cuota-academica-del-x-festival-internacional-de-la-imagen\\\/#breadcrumb\"},\"inLanguage\":\"es\",\"potentialAction\":[{\"@type\":\"ReadAction\",\"target\":[\"https:\\\/\\\/www.ucaldas.edu.co\\\/portal\\\/cuota-academica-del-x-festival-internacional-de-la-imagen\\\/\"]}]},{\"@type\":\"ImageObject\",\"inLanguage\":\"es\",\"@id\":\"https:\\\/\\\/www.ucaldas.edu.co\\\/portal\\\/cuota-academica-del-x-festival-internacional-de-la-imagen\\\/#primaryimage\",\"url\":\"http:\\\/\\\/www.ucaldas.edu.co\\\/images\\\/tmp\\\/Festival_Imagen_10.jpg\",\"contentUrl\":\"http:\\\/\\\/www.ucaldas.edu.co\\\/images\\\/tmp\\\/Festival_Imagen_10.jpg\"},{\"@type\":\"BreadcrumbList\",\"@id\":\"https:\\\/\\\/www.ucaldas.edu.co\\\/portal\\\/cuota-academica-del-x-festival-internacional-de-la-imagen\\\/#breadcrumb\",\"itemListElement\":[{\"@type\":\"ListItem\",\"position\":1,\"name\":\"Portada\",\"item\":\"https:\\\/\\\/www.ucaldas.edu.co\\\/portal\\\/\"},{\"@type\":\"ListItem\",\"position\":2,\"name\":\"Cuota acad\u00e9mica del X Festival Internacional de la Imagen\"}]},{\"@type\":\"WebSite\",\"@id\":\"https:\\\/\\\/www.ucaldas.edu.co\\\/portal\\\/#website\",\"url\":\"https:\\\/\\\/www.ucaldas.edu.co\\\/portal\\\/\",\"name\":\"Universidad de Caldas\",\"description\":\"\",\"publisher\":{\"@id\":\"https:\\\/\\\/www.ucaldas.edu.co\\\/portal\\\/#organization\"},\"alternateName\":\"U. de Caldas\",\"potentialAction\":[{\"@type\":\"SearchAction\",\"target\":{\"@type\":\"EntryPoint\",\"urlTemplate\":\"https:\\\/\\\/www.ucaldas.edu.co\\\/portal\\\/?s={search_term_string}\"},\"query-input\":{\"@type\":\"PropertyValueSpecification\",\"valueRequired\":true,\"valueName\":\"search_term_string\"}}],\"inLanguage\":\"es\"},{\"@type\":\"Organization\",\"@id\":\"https:\\\/\\\/www.ucaldas.edu.co\\\/portal\\\/#organization\",\"name\":\"Universidad de Caldas\",\"alternateName\":\"U. de Caldas\",\"url\":\"https:\\\/\\\/www.ucaldas.edu.co\\\/portal\\\/\",\"logo\":{\"@type\":\"ImageObject\",\"inLanguage\":\"es\",\"@id\":\"https:\\\/\\\/www.ucaldas.edu.co\\\/portal\\\/#\\\/schema\\\/logo\\\/image\\\/\",\"url\":\"https:\\\/\\\/www.ucaldas.edu.co\\\/portal\\\/wp-content\\\/uploads\\\/2023\\\/11\\\/Logo_horizontal_oscuroU-2023.png\",\"contentUrl\":\"https:\\\/\\\/www.ucaldas.edu.co\\\/portal\\\/wp-content\\\/uploads\\\/2023\\\/11\\\/Logo_horizontal_oscuroU-2023.png\",\"width\":263,\"height\":101,\"caption\":\"Universidad de Caldas\"},\"image\":{\"@id\":\"https:\\\/\\\/www.ucaldas.edu.co\\\/portal\\\/#\\\/schema\\\/logo\\\/image\\\/\"},\"sameAs\":[\"https:\\\/\\\/www.facebook.com\\\/udecaldas\",\"https:\\\/\\\/x.com\\\/udecaldas\",\"https:\\\/\\\/www.youtube.com\\\/universidadcaldas\",\"https:\\\/\\\/www.instagram.com\\\/udecaldas\\\/\"]},{\"@type\":\"Person\",\"@id\":\"https:\\\/\\\/www.ucaldas.edu.co\\\/portal\\\/#\\\/schema\\\/person\\\/a1b482e23449158b4bc319926c074fdf\",\"name\":\"ofiprensa\",\"image\":{\"@type\":\"ImageObject\",\"inLanguage\":\"es\",\"@id\":\"https:\\\/\\\/www.ucaldas.edu.co\\\/portal\\\/wp-content\\\/litespeed\\\/avatar\\\/09ea5085e600095a7a811142c6944527.jpg?ver=1777497608\",\"url\":\"https:\\\/\\\/www.ucaldas.edu.co\\\/portal\\\/wp-content\\\/litespeed\\\/avatar\\\/09ea5085e600095a7a811142c6944527.jpg?ver=1777497608\",\"contentUrl\":\"https:\\\/\\\/www.ucaldas.edu.co\\\/portal\\\/wp-content\\\/litespeed\\\/avatar\\\/09ea5085e600095a7a811142c6944527.jpg?ver=1777497608\",\"caption\":\"ofiprensa\"},\"url\":\"https:\\\/\\\/www.ucaldas.edu.co\\\/portal\\\/author\\\/ofiprensa\\\/\"}]}<\/script>\n<!-- \/ Yoast SEO plugin. -->","yoast_head_json":{"title":"Cuota acad\u00e9mica del X Festival Internacional de la Imagen .","robots":{"index":"index","follow":"follow","max-snippet":"max-snippet:-1","max-image-preview":"max-image-preview:large","max-video-preview":"max-video-preview:-1"},"canonical":"https:\/\/www.ucaldas.edu.co\/portal\/cuota-academica-del-x-festival-internacional-de-la-imagen\/","schema":{"@context":"https:\/\/schema.org","@graph":[{"@type":"Article","@id":"https:\/\/www.ucaldas.edu.co\/portal\/cuota-academica-del-x-festival-internacional-de-la-imagen\/#article","isPartOf":{"@id":"https:\/\/www.ucaldas.edu.co\/portal\/cuota-academica-del-x-festival-internacional-de-la-imagen\/"},"author":{"name":"ofiprensa","@id":"https:\/\/www.ucaldas.edu.co\/portal\/#\/schema\/person\/a1b482e23449158b4bc319926c074fdf"},"headline":"Cuota acad\u00e9mica del X Festival Internacional de la Imagen","datePublished":"2011-03-28T16:06:41+00:00","mainEntityOfPage":{"@id":"https:\/\/www.ucaldas.edu.co\/portal\/cuota-academica-del-x-festival-internacional-de-la-imagen\/"},"wordCount":667,"publisher":{"@id":"https:\/\/www.ucaldas.edu.co\/portal\/#organization"},"image":{"@id":"https:\/\/www.ucaldas.edu.co\/portal\/cuota-academica-del-x-festival-internacional-de-la-imagen\/#primaryimage"},"thumbnailUrl":"http:\/\/www.ucaldas.edu.co\/images\/tmp\/Festival_Imagen_10.jpg","articleSection":["Actualidad","Universidad al D\u00eda"],"inLanguage":"es"},{"@type":"WebPage","@id":"https:\/\/www.ucaldas.edu.co\/portal\/cuota-academica-del-x-festival-internacional-de-la-imagen\/","url":"https:\/\/www.ucaldas.edu.co\/portal\/cuota-academica-del-x-festival-internacional-de-la-imagen\/","name":"Cuota acad\u00e9mica del X Festival Internacional de la Imagen .","isPartOf":{"@id":"https:\/\/www.ucaldas.edu.co\/portal\/#website"},"primaryImageOfPage":{"@id":"https:\/\/www.ucaldas.edu.co\/portal\/cuota-academica-del-x-festival-internacional-de-la-imagen\/#primaryimage"},"image":{"@id":"https:\/\/www.ucaldas.edu.co\/portal\/cuota-academica-del-x-festival-internacional-de-la-imagen\/#primaryimage"},"thumbnailUrl":"http:\/\/www.ucaldas.edu.co\/images\/tmp\/Festival_Imagen_10.jpg","datePublished":"2011-03-28T16:06:41+00:00","breadcrumb":{"@id":"https:\/\/www.ucaldas.edu.co\/portal\/cuota-academica-del-x-festival-internacional-de-la-imagen\/#breadcrumb"},"inLanguage":"es","potentialAction":[{"@type":"ReadAction","target":["https:\/\/www.ucaldas.edu.co\/portal\/cuota-academica-del-x-festival-internacional-de-la-imagen\/"]}]},{"@type":"ImageObject","inLanguage":"es","@id":"https:\/\/www.ucaldas.edu.co\/portal\/cuota-academica-del-x-festival-internacional-de-la-imagen\/#primaryimage","url":"http:\/\/www.ucaldas.edu.co\/images\/tmp\/Festival_Imagen_10.jpg","contentUrl":"http:\/\/www.ucaldas.edu.co\/images\/tmp\/Festival_Imagen_10.jpg"},{"@type":"BreadcrumbList","@id":"https:\/\/www.ucaldas.edu.co\/portal\/cuota-academica-del-x-festival-internacional-de-la-imagen\/#breadcrumb","itemListElement":[{"@type":"ListItem","position":1,"name":"Portada","item":"https:\/\/www.ucaldas.edu.co\/portal\/"},{"@type":"ListItem","position":2,"name":"Cuota acad\u00e9mica del X Festival Internacional de la Imagen"}]},{"@type":"WebSite","@id":"https:\/\/www.ucaldas.edu.co\/portal\/#website","url":"https:\/\/www.ucaldas.edu.co\/portal\/","name":"Universidad de Caldas","description":"","publisher":{"@id":"https:\/\/www.ucaldas.edu.co\/portal\/#organization"},"alternateName":"U. de Caldas","potentialAction":[{"@type":"SearchAction","target":{"@type":"EntryPoint","urlTemplate":"https:\/\/www.ucaldas.edu.co\/portal\/?s={search_term_string}"},"query-input":{"@type":"PropertyValueSpecification","valueRequired":true,"valueName":"search_term_string"}}],"inLanguage":"es"},{"@type":"Organization","@id":"https:\/\/www.ucaldas.edu.co\/portal\/#organization","name":"Universidad de Caldas","alternateName":"U. de Caldas","url":"https:\/\/www.ucaldas.edu.co\/portal\/","logo":{"@type":"ImageObject","inLanguage":"es","@id":"https:\/\/www.ucaldas.edu.co\/portal\/#\/schema\/logo\/image\/","url":"https:\/\/www.ucaldas.edu.co\/portal\/wp-content\/uploads\/2023\/11\/Logo_horizontal_oscuroU-2023.png","contentUrl":"https:\/\/www.ucaldas.edu.co\/portal\/wp-content\/uploads\/2023\/11\/Logo_horizontal_oscuroU-2023.png","width":263,"height":101,"caption":"Universidad de Caldas"},"image":{"@id":"https:\/\/www.ucaldas.edu.co\/portal\/#\/schema\/logo\/image\/"},"sameAs":["https:\/\/www.facebook.com\/udecaldas","https:\/\/x.com\/udecaldas","https:\/\/www.youtube.com\/universidadcaldas","https:\/\/www.instagram.com\/udecaldas\/"]},{"@type":"Person","@id":"https:\/\/www.ucaldas.edu.co\/portal\/#\/schema\/person\/a1b482e23449158b4bc319926c074fdf","name":"ofiprensa","image":{"@type":"ImageObject","inLanguage":"es","@id":"https:\/\/www.ucaldas.edu.co\/portal\/wp-content\/litespeed\/avatar\/09ea5085e600095a7a811142c6944527.jpg?ver=1777497608","url":"https:\/\/www.ucaldas.edu.co\/portal\/wp-content\/litespeed\/avatar\/09ea5085e600095a7a811142c6944527.jpg?ver=1777497608","contentUrl":"https:\/\/www.ucaldas.edu.co\/portal\/wp-content\/litespeed\/avatar\/09ea5085e600095a7a811142c6944527.jpg?ver=1777497608","caption":"ofiprensa"},"url":"https:\/\/www.ucaldas.edu.co\/portal\/author\/ofiprensa\/"}]}},"_links":{"self":[{"href":"https:\/\/www.ucaldas.edu.co\/portal\/wp-json\/wp\/v2\/posts\/7476","targetHints":{"allow":["GET"]}}],"collection":[{"href":"https:\/\/www.ucaldas.edu.co\/portal\/wp-json\/wp\/v2\/posts"}],"about":[{"href":"https:\/\/www.ucaldas.edu.co\/portal\/wp-json\/wp\/v2\/types\/post"}],"author":[{"embeddable":true,"href":"https:\/\/www.ucaldas.edu.co\/portal\/wp-json\/wp\/v2\/users\/2"}],"replies":[{"embeddable":true,"href":"https:\/\/www.ucaldas.edu.co\/portal\/wp-json\/wp\/v2\/comments?post=7476"}],"version-history":[{"count":0,"href":"https:\/\/www.ucaldas.edu.co\/portal\/wp-json\/wp\/v2\/posts\/7476\/revisions"}],"wp:attachment":[{"href":"https:\/\/www.ucaldas.edu.co\/portal\/wp-json\/wp\/v2\/media?parent=7476"}],"wp:term":[{"taxonomy":"category","embeddable":true,"href":"https:\/\/www.ucaldas.edu.co\/portal\/wp-json\/wp\/v2\/categories?post=7476"},{"taxonomy":"post_tag","embeddable":true,"href":"https:\/\/www.ucaldas.edu.co\/portal\/wp-json\/wp\/v2\/tags?post=7476"}],"curies":[{"name":"wp","href":"https:\/\/api.w.org\/{rel}","templated":true}]}}