{"id":74752,"date":"2023-02-09T20:09:02","date_gmt":"2023-02-09T20:09:02","guid":{"rendered":"https:\/\/www.ucaldas.edu.co\/portal\/?p=74752"},"modified":"2023-02-09T20:09:02","modified_gmt":"2023-02-09T20:09:02","slug":"capacitaciones-para-bases-de-datos-de-la-biblioteca-del-centro-cultural-universitario-rogelio-salmona","status":"publish","type":"post","link":"https:\/\/www.ucaldas.edu.co\/portal\/capacitaciones-para-bases-de-datos-de-la-biblioteca-del-centro-cultural-universitario-rogelio-salmona\/","title":{"rendered":"Capacitaciones para bases de datos de la Biblioteca del Centro Cultural Universitario Rogelio Salmona"},"content":{"rendered":"<p><img loading=\"lazy\" decoding=\"async\" class=\"aligncenter size-full wp-image-74753\" src=\"https:\/\/www.ucaldas.edu.co\/portal\/wp-content\/uploads\/2023\/02\/capacitaciones.jpg\" alt=\"capacitaciones\" width=\"900\" height=\"510\" srcset=\"https:\/\/www.ucaldas.edu.co\/portal\/wp-content\/uploads\/2023\/02\/capacitaciones.jpg 900w, https:\/\/www.ucaldas.edu.co\/portal\/wp-content\/uploads\/2023\/02\/capacitaciones-300x170.jpg 300w, https:\/\/www.ucaldas.edu.co\/portal\/wp-content\/uploads\/2023\/02\/capacitaciones-768x435.jpg 768w\" sizes=\"auto, (max-width: 900px) 100vw, 900px\" \/><\/p>\n<p>La Biblioteca del Centro Cultural Universitario Rogelio Salmona de la Universidad de Caldas, invita a estudiantes, docentes e investigadores a participar en las sesiones de capacitaci\u00f3n virtual sobre bases de datos suscritas a la instituci\u00f3n y que hacen parte del Consorcio Nacional de Colombia.<!--more--><\/p>\n<p>Las capacitaciones que se dictar\u00e1n durante febrero y marzo ser\u00e1n sobre las siguientes bases de datos: Elsevier (ScienceDirect &#8211; Scopus &#8211; Mendeley) y\u00a0 Springer \u2013 Nature.<\/p>\n<p>A continuaci\u00f3n la agenda de capacitaciones para el mes de febrero:<\/p>\n<ul>\n<li>Febrero 10 a la 1:00 p.m.: Springer, entrenamiento de la plataforma SpringerLink \u2013 LAC.<\/li>\n<\/ul>\n<p><a href=\"bit.ly\/3l8xD64\"><strong>Link de conexi\u00f3n<\/strong><\/a><\/p>\n<ul>\n<li>Febrero 16 a las 10:00 p.m.: Springer Nature, capacitaci\u00f3n de la plataforma SpringerLink para Consorcio Colombia.<\/li>\n<\/ul>\n<p><a href=\"bit.ly\/3XKbKrY\"><strong>Link de conexi\u00f3n.<\/strong><\/a><\/p>\n<ul>\n<li>Febrero 28 a las 3:00 p.m.: Nature, capacitaci\u00f3n de la Revista Nature para el Consorcio Colombia.<\/li>\n<\/ul>\n<p><a href=\"bit.ly\/3jg0iW3\"><strong>Link de conexi\u00f3n.<\/strong><\/a><\/p>\n<ul>\n<li>21 de febrero a las 11:00 a.m.: \u00bfC\u00f3mo te apoya Elsevier en tu proceso de investigaci\u00f3n?<\/li>\n<\/ul>\n<p><a href=\"https:\/\/elsevier.zoom.us\/webinar\/register\/WN_CaPzOe4URRKThAyRjaGuXg?fbclid=IwAR0jfS0yk5F7EyuuM3eZwM5kGSTzG-vVARduAUKhBb4I3qUiVpvPtvFsL4I\"><strong>Link de conexi\u00f3n.<\/strong><\/a><\/p>\n<ul>\n<li>28 de febrero a las 11:00 a.m.: Llega a otro nivel en tus trabajos acad\u00e9micos e investigaciones<\/li>\n<\/ul>\n<p><a href=\"https:\/\/elsevier.zoom.us\/webinar\/register\/WN_CaPzOe4URRKThAyRjaGuXg?fbclid=IwAR0jfS0yk5F7EyuuM3eZwM5kGSTzG-vVARduAUKhBb4I3qUiVpvPtvFsL4I\"><strong>Link de conexi\u00f3n.<\/strong><\/a><\/p>\n<p>Durante el mes de marzo, los interesados recibir\u00e1n capacitaciones sobre el an\u00e1lisis de datos para la investigaci\u00f3n; b\u00fasquedas especializadas; e investigaci\u00f3n relacionada con los ODS.<\/p>\n<p><a href=\"https:\/\/www.facebook.com\/UcaldasBiblio\"><strong>Encuentre aqu\u00ed m\u00e1s informaci\u00f3n.<\/strong><\/a><\/p>\n","protected":false},"excerpt":{"rendered":"<p>La Biblioteca del Centro Cultural Universitario Rogelio Salmona de la Universidad de Caldas, invita a estudiantes, docentes e investigadores a participar en las sesiones de capacitaci\u00f3n virtual sobre bases de datos suscritas a la instituci\u00f3n y que hacen parte del Consorcio Nacional de Colombia.<\/p>\n","protected":false},"author":2,"featured_media":74753,"comment_status":"closed","ping_status":"open","sticky":false,"template":"","format":"standard","meta":{"footnotes":""},"categories":[53,624,48],"tags":[9634],"class_list":["post-74752","post","type-post","status-publish","format-standard","has-post-thumbnail","hentry","category-universidad-al-dia","category-ucaldas-activa","category-actualidad","tag-capacitaciones-bases-de-datos"],"yoast_head":"<!-- This site is optimized with the Yoast SEO plugin v27.5 - https:\/\/yoast.com\/product\/yoast-seo-wordpress\/ -->\n<title>Capacitaciones para bases de datos de la Biblioteca del Centro Cultural Universitario Rogelio Salmona .<\/title>\n<meta name=\"robots\" content=\"index, follow, max-snippet:-1, max-image-preview:large, max-video-preview:-1\" \/>\n<link rel=\"canonical\" href=\"https:\/\/www.ucaldas.edu.co\/portal\/capacitaciones-para-bases-de-datos-de-la-biblioteca-del-centro-cultural-universitario-rogelio-salmona\/\" \/>\n<script type=\"application\/ld+json\" class=\"yoast-schema-graph\">{\"@context\":\"https:\\\/\\\/schema.org\",\"@graph\":[{\"@type\":\"Article\",\"@id\":\"https:\\\/\\\/www.ucaldas.edu.co\\\/portal\\\/capacitaciones-para-bases-de-datos-de-la-biblioteca-del-centro-cultural-universitario-rogelio-salmona\\\/#article\",\"isPartOf\":{\"@id\":\"https:\\\/\\\/www.ucaldas.edu.co\\\/portal\\\/capacitaciones-para-bases-de-datos-de-la-biblioteca-del-centro-cultural-universitario-rogelio-salmona\\\/\"},\"author\":{\"name\":\"ofiprensa\",\"@id\":\"https:\\\/\\\/www.ucaldas.edu.co\\\/portal\\\/#\\\/schema\\\/person\\\/a1b482e23449158b4bc319926c074fdf\"},\"headline\":\"Capacitaciones para bases de datos de la Biblioteca del Centro Cultural Universitario Rogelio Salmona\",\"datePublished\":\"2023-02-09T20:09:02+00:00\",\"mainEntityOfPage\":{\"@id\":\"https:\\\/\\\/www.ucaldas.edu.co\\\/portal\\\/capacitaciones-para-bases-de-datos-de-la-biblioteca-del-centro-cultural-universitario-rogelio-salmona\\\/\"},\"wordCount\":233,\"publisher\":{\"@id\":\"https:\\\/\\\/www.ucaldas.edu.co\\\/portal\\\/#organization\"},\"image\":{\"@id\":\"https:\\\/\\\/www.ucaldas.edu.co\\\/portal\\\/capacitaciones-para-bases-de-datos-de-la-biblioteca-del-centro-cultural-universitario-rogelio-salmona\\\/#primaryimage\"},\"thumbnailUrl\":\"https:\\\/\\\/www.ucaldas.edu.co\\\/portal\\\/wp-content\\\/uploads\\\/2023\\\/02\\\/capacitaciones.jpg\",\"keywords\":[\"capacitaciones bases de datos\"],\"articleSection\":[\"Universidad al D\u00eda\",\"UCaldas Activa\",\"Actualidad\"],\"inLanguage\":\"es\"},{\"@type\":\"WebPage\",\"@id\":\"https:\\\/\\\/www.ucaldas.edu.co\\\/portal\\\/capacitaciones-para-bases-de-datos-de-la-biblioteca-del-centro-cultural-universitario-rogelio-salmona\\\/\",\"url\":\"https:\\\/\\\/www.ucaldas.edu.co\\\/portal\\\/capacitaciones-para-bases-de-datos-de-la-biblioteca-del-centro-cultural-universitario-rogelio-salmona\\\/\",\"name\":\"Capacitaciones para bases de datos de la Biblioteca del Centro Cultural Universitario Rogelio Salmona .\",\"isPartOf\":{\"@id\":\"https:\\\/\\\/www.ucaldas.edu.co\\\/portal\\\/#website\"},\"primaryImageOfPage\":{\"@id\":\"https:\\\/\\\/www.ucaldas.edu.co\\\/portal\\\/capacitaciones-para-bases-de-datos-de-la-biblioteca-del-centro-cultural-universitario-rogelio-salmona\\\/#primaryimage\"},\"image\":{\"@id\":\"https:\\\/\\\/www.ucaldas.edu.co\\\/portal\\\/capacitaciones-para-bases-de-datos-de-la-biblioteca-del-centro-cultural-universitario-rogelio-salmona\\\/#primaryimage\"},\"thumbnailUrl\":\"https:\\\/\\\/www.ucaldas.edu.co\\\/portal\\\/wp-content\\\/uploads\\\/2023\\\/02\\\/capacitaciones.jpg\",\"datePublished\":\"2023-02-09T20:09:02+00:00\",\"breadcrumb\":{\"@id\":\"https:\\\/\\\/www.ucaldas.edu.co\\\/portal\\\/capacitaciones-para-bases-de-datos-de-la-biblioteca-del-centro-cultural-universitario-rogelio-salmona\\\/#breadcrumb\"},\"inLanguage\":\"es\",\"potentialAction\":[{\"@type\":\"ReadAction\",\"target\":[\"https:\\\/\\\/www.ucaldas.edu.co\\\/portal\\\/capacitaciones-para-bases-de-datos-de-la-biblioteca-del-centro-cultural-universitario-rogelio-salmona\\\/\"]}]},{\"@type\":\"ImageObject\",\"inLanguage\":\"es\",\"@id\":\"https:\\\/\\\/www.ucaldas.edu.co\\\/portal\\\/capacitaciones-para-bases-de-datos-de-la-biblioteca-del-centro-cultural-universitario-rogelio-salmona\\\/#primaryimage\",\"url\":\"https:\\\/\\\/www.ucaldas.edu.co\\\/portal\\\/wp-content\\\/uploads\\\/2023\\\/02\\\/capacitaciones.jpg\",\"contentUrl\":\"https:\\\/\\\/www.ucaldas.edu.co\\\/portal\\\/wp-content\\\/uploads\\\/2023\\\/02\\\/capacitaciones.jpg\",\"width\":900,\"height\":510,\"caption\":\"capacitaciones\"},{\"@type\":\"BreadcrumbList\",\"@id\":\"https:\\\/\\\/www.ucaldas.edu.co\\\/portal\\\/capacitaciones-para-bases-de-datos-de-la-biblioteca-del-centro-cultural-universitario-rogelio-salmona\\\/#breadcrumb\",\"itemListElement\":[{\"@type\":\"ListItem\",\"position\":1,\"name\":\"Portada\",\"item\":\"https:\\\/\\\/www.ucaldas.edu.co\\\/portal\\\/\"},{\"@type\":\"ListItem\",\"position\":2,\"name\":\"Capacitaciones para bases de datos de la Biblioteca del Centro Cultural Universitario Rogelio Salmona\"}]},{\"@type\":\"WebSite\",\"@id\":\"https:\\\/\\\/www.ucaldas.edu.co\\\/portal\\\/#website\",\"url\":\"https:\\\/\\\/www.ucaldas.edu.co\\\/portal\\\/\",\"name\":\"Universidad de Caldas\",\"description\":\"\",\"publisher\":{\"@id\":\"https:\\\/\\\/www.ucaldas.edu.co\\\/portal\\\/#organization\"},\"alternateName\":\"U. de Caldas\",\"potentialAction\":[{\"@type\":\"SearchAction\",\"target\":{\"@type\":\"EntryPoint\",\"urlTemplate\":\"https:\\\/\\\/www.ucaldas.edu.co\\\/portal\\\/?s={search_term_string}\"},\"query-input\":{\"@type\":\"PropertyValueSpecification\",\"valueRequired\":true,\"valueName\":\"search_term_string\"}}],\"inLanguage\":\"es\"},{\"@type\":\"Organization\",\"@id\":\"https:\\\/\\\/www.ucaldas.edu.co\\\/portal\\\/#organization\",\"name\":\"Universidad de Caldas\",\"alternateName\":\"U. de Caldas\",\"url\":\"https:\\\/\\\/www.ucaldas.edu.co\\\/portal\\\/\",\"logo\":{\"@type\":\"ImageObject\",\"inLanguage\":\"es\",\"@id\":\"https:\\\/\\\/www.ucaldas.edu.co\\\/portal\\\/#\\\/schema\\\/logo\\\/image\\\/\",\"url\":\"https:\\\/\\\/www.ucaldas.edu.co\\\/portal\\\/wp-content\\\/uploads\\\/2023\\\/11\\\/Logo_horizontal_oscuroU-2023.png\",\"contentUrl\":\"https:\\\/\\\/www.ucaldas.edu.co\\\/portal\\\/wp-content\\\/uploads\\\/2023\\\/11\\\/Logo_horizontal_oscuroU-2023.png\",\"width\":263,\"height\":101,\"caption\":\"Universidad de Caldas\"},\"image\":{\"@id\":\"https:\\\/\\\/www.ucaldas.edu.co\\\/portal\\\/#\\\/schema\\\/logo\\\/image\\\/\"},\"sameAs\":[\"https:\\\/\\\/www.facebook.com\\\/udecaldas\",\"https:\\\/\\\/x.com\\\/udecaldas\",\"https:\\\/\\\/www.youtube.com\\\/universidadcaldas\",\"https:\\\/\\\/www.instagram.com\\\/udecaldas\\\/\"]},{\"@type\":\"Person\",\"@id\":\"https:\\\/\\\/www.ucaldas.edu.co\\\/portal\\\/#\\\/schema\\\/person\\\/a1b482e23449158b4bc319926c074fdf\",\"name\":\"ofiprensa\",\"image\":{\"@type\":\"ImageObject\",\"inLanguage\":\"es\",\"@id\":\"https:\\\/\\\/www.ucaldas.edu.co\\\/portal\\\/wp-content\\\/litespeed\\\/avatar\\\/09ea5085e600095a7a811142c6944527.jpg?ver=1776892805\",\"url\":\"https:\\\/\\\/www.ucaldas.edu.co\\\/portal\\\/wp-content\\\/litespeed\\\/avatar\\\/09ea5085e600095a7a811142c6944527.jpg?ver=1776892805\",\"contentUrl\":\"https:\\\/\\\/www.ucaldas.edu.co\\\/portal\\\/wp-content\\\/litespeed\\\/avatar\\\/09ea5085e600095a7a811142c6944527.jpg?ver=1776892805\",\"caption\":\"ofiprensa\"},\"url\":\"https:\\\/\\\/www.ucaldas.edu.co\\\/portal\\\/author\\\/ofiprensa\\\/\"}]}<\/script>\n<!-- \/ Yoast SEO plugin. -->","yoast_head_json":{"title":"Capacitaciones para bases de datos de la Biblioteca del Centro Cultural Universitario Rogelio Salmona .","robots":{"index":"index","follow":"follow","max-snippet":"max-snippet:-1","max-image-preview":"max-image-preview:large","max-video-preview":"max-video-preview:-1"},"canonical":"https:\/\/www.ucaldas.edu.co\/portal\/capacitaciones-para-bases-de-datos-de-la-biblioteca-del-centro-cultural-universitario-rogelio-salmona\/","schema":{"@context":"https:\/\/schema.org","@graph":[{"@type":"Article","@id":"https:\/\/www.ucaldas.edu.co\/portal\/capacitaciones-para-bases-de-datos-de-la-biblioteca-del-centro-cultural-universitario-rogelio-salmona\/#article","isPartOf":{"@id":"https:\/\/www.ucaldas.edu.co\/portal\/capacitaciones-para-bases-de-datos-de-la-biblioteca-del-centro-cultural-universitario-rogelio-salmona\/"},"author":{"name":"ofiprensa","@id":"https:\/\/www.ucaldas.edu.co\/portal\/#\/schema\/person\/a1b482e23449158b4bc319926c074fdf"},"headline":"Capacitaciones para bases de datos de la Biblioteca del Centro Cultural Universitario Rogelio Salmona","datePublished":"2023-02-09T20:09:02+00:00","mainEntityOfPage":{"@id":"https:\/\/www.ucaldas.edu.co\/portal\/capacitaciones-para-bases-de-datos-de-la-biblioteca-del-centro-cultural-universitario-rogelio-salmona\/"},"wordCount":233,"publisher":{"@id":"https:\/\/www.ucaldas.edu.co\/portal\/#organization"},"image":{"@id":"https:\/\/www.ucaldas.edu.co\/portal\/capacitaciones-para-bases-de-datos-de-la-biblioteca-del-centro-cultural-universitario-rogelio-salmona\/#primaryimage"},"thumbnailUrl":"https:\/\/www.ucaldas.edu.co\/portal\/wp-content\/uploads\/2023\/02\/capacitaciones.jpg","keywords":["capacitaciones bases de datos"],"articleSection":["Universidad al D\u00eda","UCaldas Activa","Actualidad"],"inLanguage":"es"},{"@type":"WebPage","@id":"https:\/\/www.ucaldas.edu.co\/portal\/capacitaciones-para-bases-de-datos-de-la-biblioteca-del-centro-cultural-universitario-rogelio-salmona\/","url":"https:\/\/www.ucaldas.edu.co\/portal\/capacitaciones-para-bases-de-datos-de-la-biblioteca-del-centro-cultural-universitario-rogelio-salmona\/","name":"Capacitaciones para bases de datos de la Biblioteca del Centro Cultural Universitario Rogelio Salmona .","isPartOf":{"@id":"https:\/\/www.ucaldas.edu.co\/portal\/#website"},"primaryImageOfPage":{"@id":"https:\/\/www.ucaldas.edu.co\/portal\/capacitaciones-para-bases-de-datos-de-la-biblioteca-del-centro-cultural-universitario-rogelio-salmona\/#primaryimage"},"image":{"@id":"https:\/\/www.ucaldas.edu.co\/portal\/capacitaciones-para-bases-de-datos-de-la-biblioteca-del-centro-cultural-universitario-rogelio-salmona\/#primaryimage"},"thumbnailUrl":"https:\/\/www.ucaldas.edu.co\/portal\/wp-content\/uploads\/2023\/02\/capacitaciones.jpg","datePublished":"2023-02-09T20:09:02+00:00","breadcrumb":{"@id":"https:\/\/www.ucaldas.edu.co\/portal\/capacitaciones-para-bases-de-datos-de-la-biblioteca-del-centro-cultural-universitario-rogelio-salmona\/#breadcrumb"},"inLanguage":"es","potentialAction":[{"@type":"ReadAction","target":["https:\/\/www.ucaldas.edu.co\/portal\/capacitaciones-para-bases-de-datos-de-la-biblioteca-del-centro-cultural-universitario-rogelio-salmona\/"]}]},{"@type":"ImageObject","inLanguage":"es","@id":"https:\/\/www.ucaldas.edu.co\/portal\/capacitaciones-para-bases-de-datos-de-la-biblioteca-del-centro-cultural-universitario-rogelio-salmona\/#primaryimage","url":"https:\/\/www.ucaldas.edu.co\/portal\/wp-content\/uploads\/2023\/02\/capacitaciones.jpg","contentUrl":"https:\/\/www.ucaldas.edu.co\/portal\/wp-content\/uploads\/2023\/02\/capacitaciones.jpg","width":900,"height":510,"caption":"capacitaciones"},{"@type":"BreadcrumbList","@id":"https:\/\/www.ucaldas.edu.co\/portal\/capacitaciones-para-bases-de-datos-de-la-biblioteca-del-centro-cultural-universitario-rogelio-salmona\/#breadcrumb","itemListElement":[{"@type":"ListItem","position":1,"name":"Portada","item":"https:\/\/www.ucaldas.edu.co\/portal\/"},{"@type":"ListItem","position":2,"name":"Capacitaciones para bases de datos de la Biblioteca del Centro Cultural Universitario Rogelio Salmona"}]},{"@type":"WebSite","@id":"https:\/\/www.ucaldas.edu.co\/portal\/#website","url":"https:\/\/www.ucaldas.edu.co\/portal\/","name":"Universidad de Caldas","description":"","publisher":{"@id":"https:\/\/www.ucaldas.edu.co\/portal\/#organization"},"alternateName":"U. de Caldas","potentialAction":[{"@type":"SearchAction","target":{"@type":"EntryPoint","urlTemplate":"https:\/\/www.ucaldas.edu.co\/portal\/?s={search_term_string}"},"query-input":{"@type":"PropertyValueSpecification","valueRequired":true,"valueName":"search_term_string"}}],"inLanguage":"es"},{"@type":"Organization","@id":"https:\/\/www.ucaldas.edu.co\/portal\/#organization","name":"Universidad de Caldas","alternateName":"U. de Caldas","url":"https:\/\/www.ucaldas.edu.co\/portal\/","logo":{"@type":"ImageObject","inLanguage":"es","@id":"https:\/\/www.ucaldas.edu.co\/portal\/#\/schema\/logo\/image\/","url":"https:\/\/www.ucaldas.edu.co\/portal\/wp-content\/uploads\/2023\/11\/Logo_horizontal_oscuroU-2023.png","contentUrl":"https:\/\/www.ucaldas.edu.co\/portal\/wp-content\/uploads\/2023\/11\/Logo_horizontal_oscuroU-2023.png","width":263,"height":101,"caption":"Universidad de Caldas"},"image":{"@id":"https:\/\/www.ucaldas.edu.co\/portal\/#\/schema\/logo\/image\/"},"sameAs":["https:\/\/www.facebook.com\/udecaldas","https:\/\/x.com\/udecaldas","https:\/\/www.youtube.com\/universidadcaldas","https:\/\/www.instagram.com\/udecaldas\/"]},{"@type":"Person","@id":"https:\/\/www.ucaldas.edu.co\/portal\/#\/schema\/person\/a1b482e23449158b4bc319926c074fdf","name":"ofiprensa","image":{"@type":"ImageObject","inLanguage":"es","@id":"https:\/\/www.ucaldas.edu.co\/portal\/wp-content\/litespeed\/avatar\/09ea5085e600095a7a811142c6944527.jpg?ver=1776892805","url":"https:\/\/www.ucaldas.edu.co\/portal\/wp-content\/litespeed\/avatar\/09ea5085e600095a7a811142c6944527.jpg?ver=1776892805","contentUrl":"https:\/\/www.ucaldas.edu.co\/portal\/wp-content\/litespeed\/avatar\/09ea5085e600095a7a811142c6944527.jpg?ver=1776892805","caption":"ofiprensa"},"url":"https:\/\/www.ucaldas.edu.co\/portal\/author\/ofiprensa\/"}]}},"_links":{"self":[{"href":"https:\/\/www.ucaldas.edu.co\/portal\/wp-json\/wp\/v2\/posts\/74752","targetHints":{"allow":["GET"]}}],"collection":[{"href":"https:\/\/www.ucaldas.edu.co\/portal\/wp-json\/wp\/v2\/posts"}],"about":[{"href":"https:\/\/www.ucaldas.edu.co\/portal\/wp-json\/wp\/v2\/types\/post"}],"author":[{"embeddable":true,"href":"https:\/\/www.ucaldas.edu.co\/portal\/wp-json\/wp\/v2\/users\/2"}],"replies":[{"embeddable":true,"href":"https:\/\/www.ucaldas.edu.co\/portal\/wp-json\/wp\/v2\/comments?post=74752"}],"version-history":[{"count":0,"href":"https:\/\/www.ucaldas.edu.co\/portal\/wp-json\/wp\/v2\/posts\/74752\/revisions"}],"wp:featuredmedia":[{"embeddable":true,"href":"https:\/\/www.ucaldas.edu.co\/portal\/wp-json\/wp\/v2\/media\/74753"}],"wp:attachment":[{"href":"https:\/\/www.ucaldas.edu.co\/portal\/wp-json\/wp\/v2\/media?parent=74752"}],"wp:term":[{"taxonomy":"category","embeddable":true,"href":"https:\/\/www.ucaldas.edu.co\/portal\/wp-json\/wp\/v2\/categories?post=74752"},{"taxonomy":"post_tag","embeddable":true,"href":"https:\/\/www.ucaldas.edu.co\/portal\/wp-json\/wp\/v2\/tags?post=74752"}],"curies":[{"name":"wp","href":"https:\/\/api.w.org\/{rel}","templated":true}]}}