{"id":74746,"date":"2023-02-09T20:06:24","date_gmt":"2023-02-09T20:06:24","guid":{"rendered":"https:\/\/www.ucaldas.edu.co\/portal\/?p=74746"},"modified":"2023-02-09T20:06:24","modified_gmt":"2023-02-09T20:06:24","slug":"convocatorias-abiertas-para-monitorias-en-la-facultad-de-ingenierias-y-la-biblioteca-central-de-la-universidad-de-caldas","status":"publish","type":"post","link":"https:\/\/www.ucaldas.edu.co\/portal\/convocatorias-abiertas-para-monitorias-en-la-facultad-de-ingenierias-y-la-biblioteca-central-de-la-universidad-de-caldas\/","title":{"rendered":"Convocatorias abiertas para monitorias en la Facultad de Ingenier\u00edas y la Biblioteca central de la Universidad de Caldas"},"content":{"rendered":"<p><img loading=\"lazy\" decoding=\"async\" class=\"aligncenter size-full wp-image-74747\" src=\"https:\/\/www.ucaldas.edu.co\/portal\/wp-content\/uploads\/2023\/02\/monitorias.jpg\" alt=\"monitorias\" width=\"900\" height=\"510\" srcset=\"https:\/\/www.ucaldas.edu.co\/portal\/wp-content\/uploads\/2023\/02\/monitorias.jpg 900w, https:\/\/www.ucaldas.edu.co\/portal\/wp-content\/uploads\/2023\/02\/monitorias-300x170.jpg 300w, https:\/\/www.ucaldas.edu.co\/portal\/wp-content\/uploads\/2023\/02\/monitorias-768x435.jpg 768w\" sizes=\"auto, (max-width: 900px) 100vw, 900px\" \/><\/p>\n<p>Se informa a los estudiantes de la Universidad de Caldas que actualmente se encuentran abiertas las convocatorias para monitorias en la Facultad de Ingenier\u00edas y en la Biblioteca central de la instituci\u00f3n, incluyendo sus distintas bibliotecas sat\u00e9lites.<!--more--><\/p>\n<p>En cuanto a la Facultad de Ingenier\u00edas, los estudiantes podr\u00e1n aspirar a desempe\u00f1arse como monitores en docencia y salas de sistemas, por lo que deber\u00e1n cumplir con los siguientes requisitos:<\/p>\n<ul>\n<li>Ser estudiante regular de la Universidad de Caldas y tener activa su matr\u00edcula.<\/li>\n<li>Promedio acumulado igual o superior a 3.7.<\/li>\n<li>Promedio en la asignatura respectiva una nota definitiva igual o superior 4.0 para el caso de monitorias acad\u00e9micas.<\/li>\n<li>Que tenga aptitudes y competencias claramente demostradas en el \u00e1rea en la cual va a realizar su actividad, certificadas por el profesor y por el director de la dependencia a la que prestar\u00e1 sus servicios o por el coordinador de las propuestas de investigaci\u00f3n o proyecci\u00f3n.<\/li>\n<li>No tener sanciones disciplinarias.<\/li>\n<li>No haber presentado m\u00e1s de 2 memorandos durante el desarrollo de monitorias en el semestre inmediatamente anterior.<\/li>\n<li>Tener disponibilidad de 10 horas semanales.<\/li>\n<li>No ser beneficiario de apoyo de estudio socioecon\u00f3mico concedido por el Comit\u00e9 de Matr\u00edculas; tampoco podr\u00e1 ser beneficiario de ning\u00fan otro tipo de beca o subsidio otorgado por la Universidad. El estudiante que tenga asignada alg\u00fan beneficio no podr\u00e1 realizar la inscripci\u00f3n en el sistema.<\/li>\n<\/ul>\n<p>La convocatoria para monitorias en la Facultad de Ingenier\u00edas estar\u00e1 abierta hasta el 14 de febrero.<\/p>\n<p>Para el caso de las monitorias en la Biblioteca central y sus sedes sat\u00e9lites, los estudiantes interesados deben tener en cuenta los siguientes requisitos:<\/p>\n<ul>\n<li>Ser estudiante regular de la Universidad de Caldas y tener activa su matr\u00edcula.<\/li>\n<li>Haber obtenido un promedio acumulado igual o superior a 3,7.<\/li>\n<li>No tener sanciones disciplinarias.<\/li>\n<\/ul>\n<p>Al igual que en la convocatoria de la Facultad de Ingenier\u00edas, el estudiante no puede ser beneficiario de ning\u00fan descuento otorgado por el Comit\u00e9 de Matr\u00edculas. La fecha l\u00edmite de inscripci\u00f3n ser\u00e1 el pr\u00f3ximo jueves 16 de febrero.<\/p>\n<p><a href=\"https:\/\/biblio.ucaldas.edu.co\/convocatoria-becas-y-monitorias\/\"><strong>Convocatoria monitorias Biblioteca central aqu\u00ed.<\/strong><\/a><\/p>\n<p><a href=\"https:\/\/www.ucaldas.edu.co\/portal\/wp-content\/uploads\/2023\/02\/Resolucion-003-2023.-Convocatoria-Monitorias.pdf\"><strong>Convocatoria Facultad de Ingenier\u00edas aqu\u00ed.<\/strong><\/a><\/p>\n","protected":false},"excerpt":{"rendered":"<p>Se informa a los estudiantes de la Universidad de Caldas que actualmente se encuentran abiertas las convocatorias para monitorias en la Facultad de Ingenier\u00edas y en la Biblioteca central de la instituci\u00f3n, incluyendo sus distintas bibliotecas sat\u00e9lites.<\/p>\n","protected":false},"author":2,"featured_media":74747,"comment_status":"closed","ping_status":"open","sticky":false,"template":"","format":"standard","meta":{"footnotes":""},"categories":[48,53,617],"tags":[5456],"class_list":["post-74746","post","type-post","status-publish","format-standard","has-post-thumbnail","hentry","category-actualidad","category-universidad-al-dia","category-ucaldas-colaborativa","tag-monitorias-academicas"],"yoast_head":"<!-- This site is optimized with the Yoast SEO plugin v27.5 - https:\/\/yoast.com\/product\/yoast-seo-wordpress\/ -->\n<title>Convocatorias abiertas para monitorias en la Facultad de Ingenier\u00edas y la Biblioteca central de la Universidad de Caldas .<\/title>\n<meta name=\"robots\" content=\"index, follow, max-snippet:-1, max-image-preview:large, max-video-preview:-1\" \/>\n<link rel=\"canonical\" href=\"https:\/\/www.ucaldas.edu.co\/portal\/convocatorias-abiertas-para-monitorias-en-la-facultad-de-ingenierias-y-la-biblioteca-central-de-la-universidad-de-caldas\/\" \/>\n<script type=\"application\/ld+json\" class=\"yoast-schema-graph\">{\"@context\":\"https:\\\/\\\/schema.org\",\"@graph\":[{\"@type\":\"Article\",\"@id\":\"https:\\\/\\\/www.ucaldas.edu.co\\\/portal\\\/convocatorias-abiertas-para-monitorias-en-la-facultad-de-ingenierias-y-la-biblioteca-central-de-la-universidad-de-caldas\\\/#article\",\"isPartOf\":{\"@id\":\"https:\\\/\\\/www.ucaldas.edu.co\\\/portal\\\/convocatorias-abiertas-para-monitorias-en-la-facultad-de-ingenierias-y-la-biblioteca-central-de-la-universidad-de-caldas\\\/\"},\"author\":{\"name\":\"ofiprensa\",\"@id\":\"https:\\\/\\\/www.ucaldas.edu.co\\\/portal\\\/#\\\/schema\\\/person\\\/a1b482e23449158b4bc319926c074fdf\"},\"headline\":\"Convocatorias abiertas para monitorias en la Facultad de Ingenier\u00edas y la Biblioteca central de la Universidad de Caldas\",\"datePublished\":\"2023-02-09T20:06:24+00:00\",\"mainEntityOfPage\":{\"@id\":\"https:\\\/\\\/www.ucaldas.edu.co\\\/portal\\\/convocatorias-abiertas-para-monitorias-en-la-facultad-de-ingenierias-y-la-biblioteca-central-de-la-universidad-de-caldas\\\/\"},\"wordCount\":377,\"publisher\":{\"@id\":\"https:\\\/\\\/www.ucaldas.edu.co\\\/portal\\\/#organization\"},\"image\":{\"@id\":\"https:\\\/\\\/www.ucaldas.edu.co\\\/portal\\\/convocatorias-abiertas-para-monitorias-en-la-facultad-de-ingenierias-y-la-biblioteca-central-de-la-universidad-de-caldas\\\/#primaryimage\"},\"thumbnailUrl\":\"https:\\\/\\\/www.ucaldas.edu.co\\\/portal\\\/wp-content\\\/uploads\\\/2023\\\/02\\\/monitorias.jpg\",\"keywords\":[\"monitorias acad\u00e9micas\"],\"articleSection\":[\"Actualidad\",\"Universidad al D\u00eda\",\"UCaldas Colaborativa\"],\"inLanguage\":\"es\"},{\"@type\":\"WebPage\",\"@id\":\"https:\\\/\\\/www.ucaldas.edu.co\\\/portal\\\/convocatorias-abiertas-para-monitorias-en-la-facultad-de-ingenierias-y-la-biblioteca-central-de-la-universidad-de-caldas\\\/\",\"url\":\"https:\\\/\\\/www.ucaldas.edu.co\\\/portal\\\/convocatorias-abiertas-para-monitorias-en-la-facultad-de-ingenierias-y-la-biblioteca-central-de-la-universidad-de-caldas\\\/\",\"name\":\"Convocatorias abiertas para monitorias en la Facultad de Ingenier\u00edas y la Biblioteca central de la Universidad de Caldas .\",\"isPartOf\":{\"@id\":\"https:\\\/\\\/www.ucaldas.edu.co\\\/portal\\\/#website\"},\"primaryImageOfPage\":{\"@id\":\"https:\\\/\\\/www.ucaldas.edu.co\\\/portal\\\/convocatorias-abiertas-para-monitorias-en-la-facultad-de-ingenierias-y-la-biblioteca-central-de-la-universidad-de-caldas\\\/#primaryimage\"},\"image\":{\"@id\":\"https:\\\/\\\/www.ucaldas.edu.co\\\/portal\\\/convocatorias-abiertas-para-monitorias-en-la-facultad-de-ingenierias-y-la-biblioteca-central-de-la-universidad-de-caldas\\\/#primaryimage\"},\"thumbnailUrl\":\"https:\\\/\\\/www.ucaldas.edu.co\\\/portal\\\/wp-content\\\/uploads\\\/2023\\\/02\\\/monitorias.jpg\",\"datePublished\":\"2023-02-09T20:06:24+00:00\",\"breadcrumb\":{\"@id\":\"https:\\\/\\\/www.ucaldas.edu.co\\\/portal\\\/convocatorias-abiertas-para-monitorias-en-la-facultad-de-ingenierias-y-la-biblioteca-central-de-la-universidad-de-caldas\\\/#breadcrumb\"},\"inLanguage\":\"es\",\"potentialAction\":[{\"@type\":\"ReadAction\",\"target\":[\"https:\\\/\\\/www.ucaldas.edu.co\\\/portal\\\/convocatorias-abiertas-para-monitorias-en-la-facultad-de-ingenierias-y-la-biblioteca-central-de-la-universidad-de-caldas\\\/\"]}]},{\"@type\":\"ImageObject\",\"inLanguage\":\"es\",\"@id\":\"https:\\\/\\\/www.ucaldas.edu.co\\\/portal\\\/convocatorias-abiertas-para-monitorias-en-la-facultad-de-ingenierias-y-la-biblioteca-central-de-la-universidad-de-caldas\\\/#primaryimage\",\"url\":\"https:\\\/\\\/www.ucaldas.edu.co\\\/portal\\\/wp-content\\\/uploads\\\/2023\\\/02\\\/monitorias.jpg\",\"contentUrl\":\"https:\\\/\\\/www.ucaldas.edu.co\\\/portal\\\/wp-content\\\/uploads\\\/2023\\\/02\\\/monitorias.jpg\",\"width\":900,\"height\":510,\"caption\":\"Convocatoria monitorias acad\u00e9micas\"},{\"@type\":\"BreadcrumbList\",\"@id\":\"https:\\\/\\\/www.ucaldas.edu.co\\\/portal\\\/convocatorias-abiertas-para-monitorias-en-la-facultad-de-ingenierias-y-la-biblioteca-central-de-la-universidad-de-caldas\\\/#breadcrumb\",\"itemListElement\":[{\"@type\":\"ListItem\",\"position\":1,\"name\":\"Portada\",\"item\":\"https:\\\/\\\/www.ucaldas.edu.co\\\/portal\\\/\"},{\"@type\":\"ListItem\",\"position\":2,\"name\":\"Convocatorias abiertas para monitorias en la Facultad de Ingenier\u00edas y la Biblioteca central de la Universidad de Caldas\"}]},{\"@type\":\"WebSite\",\"@id\":\"https:\\\/\\\/www.ucaldas.edu.co\\\/portal\\\/#website\",\"url\":\"https:\\\/\\\/www.ucaldas.edu.co\\\/portal\\\/\",\"name\":\"Universidad de Caldas\",\"description\":\"\",\"publisher\":{\"@id\":\"https:\\\/\\\/www.ucaldas.edu.co\\\/portal\\\/#organization\"},\"alternateName\":\"U. de Caldas\",\"potentialAction\":[{\"@type\":\"SearchAction\",\"target\":{\"@type\":\"EntryPoint\",\"urlTemplate\":\"https:\\\/\\\/www.ucaldas.edu.co\\\/portal\\\/?s={search_term_string}\"},\"query-input\":{\"@type\":\"PropertyValueSpecification\",\"valueRequired\":true,\"valueName\":\"search_term_string\"}}],\"inLanguage\":\"es\"},{\"@type\":\"Organization\",\"@id\":\"https:\\\/\\\/www.ucaldas.edu.co\\\/portal\\\/#organization\",\"name\":\"Universidad de Caldas\",\"alternateName\":\"U. de Caldas\",\"url\":\"https:\\\/\\\/www.ucaldas.edu.co\\\/portal\\\/\",\"logo\":{\"@type\":\"ImageObject\",\"inLanguage\":\"es\",\"@id\":\"https:\\\/\\\/www.ucaldas.edu.co\\\/portal\\\/#\\\/schema\\\/logo\\\/image\\\/\",\"url\":\"https:\\\/\\\/www.ucaldas.edu.co\\\/portal\\\/wp-content\\\/uploads\\\/2023\\\/11\\\/Logo_horizontal_oscuroU-2023.png\",\"contentUrl\":\"https:\\\/\\\/www.ucaldas.edu.co\\\/portal\\\/wp-content\\\/uploads\\\/2023\\\/11\\\/Logo_horizontal_oscuroU-2023.png\",\"width\":263,\"height\":101,\"caption\":\"Universidad de Caldas\"},\"image\":{\"@id\":\"https:\\\/\\\/www.ucaldas.edu.co\\\/portal\\\/#\\\/schema\\\/logo\\\/image\\\/\"},\"sameAs\":[\"https:\\\/\\\/www.facebook.com\\\/udecaldas\",\"https:\\\/\\\/x.com\\\/udecaldas\",\"https:\\\/\\\/www.youtube.com\\\/universidadcaldas\",\"https:\\\/\\\/www.instagram.com\\\/udecaldas\\\/\"]},{\"@type\":\"Person\",\"@id\":\"https:\\\/\\\/www.ucaldas.edu.co\\\/portal\\\/#\\\/schema\\\/person\\\/a1b482e23449158b4bc319926c074fdf\",\"name\":\"ofiprensa\",\"image\":{\"@type\":\"ImageObject\",\"inLanguage\":\"es\",\"@id\":\"https:\\\/\\\/www.ucaldas.edu.co\\\/portal\\\/wp-content\\\/litespeed\\\/avatar\\\/09ea5085e600095a7a811142c6944527.jpg?ver=1776892805\",\"url\":\"https:\\\/\\\/www.ucaldas.edu.co\\\/portal\\\/wp-content\\\/litespeed\\\/avatar\\\/09ea5085e600095a7a811142c6944527.jpg?ver=1776892805\",\"contentUrl\":\"https:\\\/\\\/www.ucaldas.edu.co\\\/portal\\\/wp-content\\\/litespeed\\\/avatar\\\/09ea5085e600095a7a811142c6944527.jpg?ver=1776892805\",\"caption\":\"ofiprensa\"},\"url\":\"https:\\\/\\\/www.ucaldas.edu.co\\\/portal\\\/author\\\/ofiprensa\\\/\"}]}<\/script>\n<!-- \/ Yoast SEO plugin. -->","yoast_head_json":{"title":"Convocatorias abiertas para monitorias en la Facultad de Ingenier\u00edas y la Biblioteca central de la Universidad de Caldas .","robots":{"index":"index","follow":"follow","max-snippet":"max-snippet:-1","max-image-preview":"max-image-preview:large","max-video-preview":"max-video-preview:-1"},"canonical":"https:\/\/www.ucaldas.edu.co\/portal\/convocatorias-abiertas-para-monitorias-en-la-facultad-de-ingenierias-y-la-biblioteca-central-de-la-universidad-de-caldas\/","schema":{"@context":"https:\/\/schema.org","@graph":[{"@type":"Article","@id":"https:\/\/www.ucaldas.edu.co\/portal\/convocatorias-abiertas-para-monitorias-en-la-facultad-de-ingenierias-y-la-biblioteca-central-de-la-universidad-de-caldas\/#article","isPartOf":{"@id":"https:\/\/www.ucaldas.edu.co\/portal\/convocatorias-abiertas-para-monitorias-en-la-facultad-de-ingenierias-y-la-biblioteca-central-de-la-universidad-de-caldas\/"},"author":{"name":"ofiprensa","@id":"https:\/\/www.ucaldas.edu.co\/portal\/#\/schema\/person\/a1b482e23449158b4bc319926c074fdf"},"headline":"Convocatorias abiertas para monitorias en la Facultad de Ingenier\u00edas y la Biblioteca central de la Universidad de Caldas","datePublished":"2023-02-09T20:06:24+00:00","mainEntityOfPage":{"@id":"https:\/\/www.ucaldas.edu.co\/portal\/convocatorias-abiertas-para-monitorias-en-la-facultad-de-ingenierias-y-la-biblioteca-central-de-la-universidad-de-caldas\/"},"wordCount":377,"publisher":{"@id":"https:\/\/www.ucaldas.edu.co\/portal\/#organization"},"image":{"@id":"https:\/\/www.ucaldas.edu.co\/portal\/convocatorias-abiertas-para-monitorias-en-la-facultad-de-ingenierias-y-la-biblioteca-central-de-la-universidad-de-caldas\/#primaryimage"},"thumbnailUrl":"https:\/\/www.ucaldas.edu.co\/portal\/wp-content\/uploads\/2023\/02\/monitorias.jpg","keywords":["monitorias acad\u00e9micas"],"articleSection":["Actualidad","Universidad al D\u00eda","UCaldas Colaborativa"],"inLanguage":"es"},{"@type":"WebPage","@id":"https:\/\/www.ucaldas.edu.co\/portal\/convocatorias-abiertas-para-monitorias-en-la-facultad-de-ingenierias-y-la-biblioteca-central-de-la-universidad-de-caldas\/","url":"https:\/\/www.ucaldas.edu.co\/portal\/convocatorias-abiertas-para-monitorias-en-la-facultad-de-ingenierias-y-la-biblioteca-central-de-la-universidad-de-caldas\/","name":"Convocatorias abiertas para monitorias en la Facultad de Ingenier\u00edas y la Biblioteca central de la Universidad de Caldas .","isPartOf":{"@id":"https:\/\/www.ucaldas.edu.co\/portal\/#website"},"primaryImageOfPage":{"@id":"https:\/\/www.ucaldas.edu.co\/portal\/convocatorias-abiertas-para-monitorias-en-la-facultad-de-ingenierias-y-la-biblioteca-central-de-la-universidad-de-caldas\/#primaryimage"},"image":{"@id":"https:\/\/www.ucaldas.edu.co\/portal\/convocatorias-abiertas-para-monitorias-en-la-facultad-de-ingenierias-y-la-biblioteca-central-de-la-universidad-de-caldas\/#primaryimage"},"thumbnailUrl":"https:\/\/www.ucaldas.edu.co\/portal\/wp-content\/uploads\/2023\/02\/monitorias.jpg","datePublished":"2023-02-09T20:06:24+00:00","breadcrumb":{"@id":"https:\/\/www.ucaldas.edu.co\/portal\/convocatorias-abiertas-para-monitorias-en-la-facultad-de-ingenierias-y-la-biblioteca-central-de-la-universidad-de-caldas\/#breadcrumb"},"inLanguage":"es","potentialAction":[{"@type":"ReadAction","target":["https:\/\/www.ucaldas.edu.co\/portal\/convocatorias-abiertas-para-monitorias-en-la-facultad-de-ingenierias-y-la-biblioteca-central-de-la-universidad-de-caldas\/"]}]},{"@type":"ImageObject","inLanguage":"es","@id":"https:\/\/www.ucaldas.edu.co\/portal\/convocatorias-abiertas-para-monitorias-en-la-facultad-de-ingenierias-y-la-biblioteca-central-de-la-universidad-de-caldas\/#primaryimage","url":"https:\/\/www.ucaldas.edu.co\/portal\/wp-content\/uploads\/2023\/02\/monitorias.jpg","contentUrl":"https:\/\/www.ucaldas.edu.co\/portal\/wp-content\/uploads\/2023\/02\/monitorias.jpg","width":900,"height":510,"caption":"Convocatoria monitorias acad\u00e9micas"},{"@type":"BreadcrumbList","@id":"https:\/\/www.ucaldas.edu.co\/portal\/convocatorias-abiertas-para-monitorias-en-la-facultad-de-ingenierias-y-la-biblioteca-central-de-la-universidad-de-caldas\/#breadcrumb","itemListElement":[{"@type":"ListItem","position":1,"name":"Portada","item":"https:\/\/www.ucaldas.edu.co\/portal\/"},{"@type":"ListItem","position":2,"name":"Convocatorias abiertas para monitorias en la Facultad de Ingenier\u00edas y la Biblioteca central de la Universidad de Caldas"}]},{"@type":"WebSite","@id":"https:\/\/www.ucaldas.edu.co\/portal\/#website","url":"https:\/\/www.ucaldas.edu.co\/portal\/","name":"Universidad de Caldas","description":"","publisher":{"@id":"https:\/\/www.ucaldas.edu.co\/portal\/#organization"},"alternateName":"U. de Caldas","potentialAction":[{"@type":"SearchAction","target":{"@type":"EntryPoint","urlTemplate":"https:\/\/www.ucaldas.edu.co\/portal\/?s={search_term_string}"},"query-input":{"@type":"PropertyValueSpecification","valueRequired":true,"valueName":"search_term_string"}}],"inLanguage":"es"},{"@type":"Organization","@id":"https:\/\/www.ucaldas.edu.co\/portal\/#organization","name":"Universidad de Caldas","alternateName":"U. de Caldas","url":"https:\/\/www.ucaldas.edu.co\/portal\/","logo":{"@type":"ImageObject","inLanguage":"es","@id":"https:\/\/www.ucaldas.edu.co\/portal\/#\/schema\/logo\/image\/","url":"https:\/\/www.ucaldas.edu.co\/portal\/wp-content\/uploads\/2023\/11\/Logo_horizontal_oscuroU-2023.png","contentUrl":"https:\/\/www.ucaldas.edu.co\/portal\/wp-content\/uploads\/2023\/11\/Logo_horizontal_oscuroU-2023.png","width":263,"height":101,"caption":"Universidad de Caldas"},"image":{"@id":"https:\/\/www.ucaldas.edu.co\/portal\/#\/schema\/logo\/image\/"},"sameAs":["https:\/\/www.facebook.com\/udecaldas","https:\/\/x.com\/udecaldas","https:\/\/www.youtube.com\/universidadcaldas","https:\/\/www.instagram.com\/udecaldas\/"]},{"@type":"Person","@id":"https:\/\/www.ucaldas.edu.co\/portal\/#\/schema\/person\/a1b482e23449158b4bc319926c074fdf","name":"ofiprensa","image":{"@type":"ImageObject","inLanguage":"es","@id":"https:\/\/www.ucaldas.edu.co\/portal\/wp-content\/litespeed\/avatar\/09ea5085e600095a7a811142c6944527.jpg?ver=1776892805","url":"https:\/\/www.ucaldas.edu.co\/portal\/wp-content\/litespeed\/avatar\/09ea5085e600095a7a811142c6944527.jpg?ver=1776892805","contentUrl":"https:\/\/www.ucaldas.edu.co\/portal\/wp-content\/litespeed\/avatar\/09ea5085e600095a7a811142c6944527.jpg?ver=1776892805","caption":"ofiprensa"},"url":"https:\/\/www.ucaldas.edu.co\/portal\/author\/ofiprensa\/"}]}},"_links":{"self":[{"href":"https:\/\/www.ucaldas.edu.co\/portal\/wp-json\/wp\/v2\/posts\/74746","targetHints":{"allow":["GET"]}}],"collection":[{"href":"https:\/\/www.ucaldas.edu.co\/portal\/wp-json\/wp\/v2\/posts"}],"about":[{"href":"https:\/\/www.ucaldas.edu.co\/portal\/wp-json\/wp\/v2\/types\/post"}],"author":[{"embeddable":true,"href":"https:\/\/www.ucaldas.edu.co\/portal\/wp-json\/wp\/v2\/users\/2"}],"replies":[{"embeddable":true,"href":"https:\/\/www.ucaldas.edu.co\/portal\/wp-json\/wp\/v2\/comments?post=74746"}],"version-history":[{"count":0,"href":"https:\/\/www.ucaldas.edu.co\/portal\/wp-json\/wp\/v2\/posts\/74746\/revisions"}],"wp:featuredmedia":[{"embeddable":true,"href":"https:\/\/www.ucaldas.edu.co\/portal\/wp-json\/wp\/v2\/media\/74747"}],"wp:attachment":[{"href":"https:\/\/www.ucaldas.edu.co\/portal\/wp-json\/wp\/v2\/media?parent=74746"}],"wp:term":[{"taxonomy":"category","embeddable":true,"href":"https:\/\/www.ucaldas.edu.co\/portal\/wp-json\/wp\/v2\/categories?post=74746"},{"taxonomy":"post_tag","embeddable":true,"href":"https:\/\/www.ucaldas.edu.co\/portal\/wp-json\/wp\/v2\/tags?post=74746"}],"curies":[{"name":"wp","href":"https:\/\/api.w.org\/{rel}","templated":true}]}}