{"id":74724,"date":"2023-02-06T20:23:44","date_gmt":"2023-02-06T20:23:44","guid":{"rendered":"https:\/\/www.ucaldas.edu.co\/portal\/?p=74724"},"modified":"2023-02-06T20:34:05","modified_gmt":"2023-02-06T20:34:05","slug":"universidad-de-caldas-fortalecera-presencia-en-el-programa-universidad-en-tu-colegio","status":"publish","type":"post","link":"https:\/\/www.ucaldas.edu.co\/portal\/universidad-de-caldas-fortalecera-presencia-en-el-programa-universidad-en-tu-colegio\/","title":{"rendered":"Universidad de Caldas fortalecer\u00e1 presencia en el programa Universidad en tu Colegio"},"content":{"rendered":"<p><img loading=\"lazy\" decoding=\"async\" class=\"aligncenter size-full wp-image-74725\" src=\"https:\/\/www.ucaldas.edu.co\/portal\/wp-content\/uploads\/2023\/02\/u-colegio.jpg\" alt=\"u en tu colegio\" width=\"900\" height=\"510\" srcset=\"https:\/\/www.ucaldas.edu.co\/portal\/wp-content\/uploads\/2023\/02\/u-colegio.jpg 900w, https:\/\/www.ucaldas.edu.co\/portal\/wp-content\/uploads\/2023\/02\/u-colegio-300x170.jpg 300w, https:\/\/www.ucaldas.edu.co\/portal\/wp-content\/uploads\/2023\/02\/u-colegio-768x435.jpg 768w\" sizes=\"auto, (max-width: 900px) 100vw, 900px\" \/><\/p>\n<p>Llegar a m\u00e1s Instituciones Educativa de zona rural y urbana de la ciudad y ampliar la oferta t\u00e9cnica para la doble titulaci\u00f3n de j\u00f3venes de grados d\u00e9cimo y once, son algunos de los objetivos de la Universidad de Caldas en el programa con la Fundaci\u00f3n Luker, Universidad en tu colegio.<!--more--><\/p>\n<p>En un encuentro con la Fundaci\u00f3n Luker, el Rector de la Universidad de Caldas, Vicerrectores, Decanos y encargados del proyecto de educaci\u00f3n regional, se analizaron cifras de impacto de la estrategia Universidad en tu colegio, con las que se pretende fortalecer la presencia de esta Instituci\u00f3n de Educaci\u00f3n Superior.<\/p>\n<p>El proyecto se viene desarrollando hace cerca de 10 a\u00f1os en la Ciudad de Manizales, como una estrategia de articulaci\u00f3n entre la educaci\u00f3n media y la educaci\u00f3n superior, a trav\u00e9s de programas t\u00e9cnicos y tecnol\u00f3gicos, logrando as\u00ed una doble titulaci\u00f3n, oportunidades para los j\u00f3venes y una ciudad altamente competitiva.<\/p>\n<p>El Rector de la Universidad de Caldas, Fabio Hernando Arias Orozco, destac\u00f3 que la instituci\u00f3n fue pionera en la implementaci\u00f3n de este modelo, con cerca de 500 estudiantes articulados, pero actualmente cuenta con 86, lo que lleva a buscar nuevas estrategias que permitan ampliar la cobertura y ofrecer programas de impacto para la comunidad estudiantil, con opciones de continuar el ciclo de formaci\u00f3n profesional en la Universidad.<\/p>\n<p>Por su parte, el Gerente de la Fundaci\u00f3n Luker, Pablo Jaramillo Villegas, expres\u00f3 que se quiere que la Universidad de Caldas retome el nivel de liderazgo al tener en cuenta que es acredita en calidad, tiene recordaci\u00f3n en el p\u00fablico estudiantil y es una de las universidades p\u00fablicas m\u00e1s posicionadas de la regi\u00f3n y el pa\u00eds.<\/p>\n<p>Igualmente resalt\u00f3 cifras como:<\/p>\n<ul>\n<li>Universidad en tu colegio lleva educaci\u00f3n superior gratuita al 70% de los estudiantes de colegios p\u00fablicos de la ciudad.<\/li>\n<li>Actualmente Manizales es la ciudad con el menor desempleo juvenil de Colombia y la Universidad en tu colegio ha contribuido en esto gracias a la oferta de niveles t\u00e9cnicos y tecnol\u00f3gicos<\/li>\n<li>Manizales primera ciudad en el \u00edndice de territorios universitarios<\/li>\n<\/ul>\n<p>Estos encuentros que ha desarrollado el Rector y el Equipo Directivo de la Universidad de Caldas en la regi\u00f3n, como ya ocurri\u00f3 en Anserma, Riosucio, La Dorada y Manizales, van acordes no solo con su plan de gobierno, sino tambi\u00e9n con las din\u00e1micas nacionales que impulsan la educaci\u00f3n superior desde los grados d\u00e9cimo y once de los colegios.<\/p>\n<p><strong>Anexo:<\/strong><\/p>\n<p><a href=\"https:\/\/go.ivoox.com\/rf\/102635501\"><strong>Audio Rector de la Universidad de Caldas, Fabio Hernando Arias Orozco<\/strong><\/a><\/p>\n<p><strong> <iframe loading=\"lazy\" src=\"https:\/\/www.ivoox.com\/player_ej_102635501_6_1.html\" width=\"50%\" height=\"200\" frameborder=\"0\" scrolling=\"no\" allowfullscreen=\"allowfullscreen\"><\/iframe><\/strong><strong>\u00a0<\/strong><\/p>\n<p><a href=\"https:\/\/go.ivoox.com\/rf\/102635454\"><strong>Audio Gerente de la Fundaci\u00f3n Luker, Pablo Jaramillo Villegas<\/strong><\/a><\/p>\n<p><iframe loading=\"lazy\" src=\"https:\/\/www.ivoox.com\/player_ej_102635454_6_1.html\" width=\"50%\" height=\"200\" frameborder=\"0\" scrolling=\"no\" allowfullscreen=\"allowfullscreen\"><\/iframe><\/p>\n","protected":false},"excerpt":{"rendered":"<p>Llegar a m\u00e1s Instituciones Educativa de zona rural y urbana de la ciudad y ampliar la oferta t\u00e9cnica para la doble titulaci\u00f3n de j\u00f3venes de grados d\u00e9cimo y once, son algunos de los objetivos de la Universidad de Caldas en el programa con la Fundaci\u00f3n Luker, Universidad en tu colegio.<\/p>\n","protected":false},"author":2,"featured_media":74725,"comment_status":"closed","ping_status":"open","sticky":false,"template":"","format":"standard","meta":{"footnotes":""},"categories":[600,48,53],"tags":[571],"class_list":["post-74724","post","type-post","status-publish","format-standard","has-post-thumbnail","hentry","category-ucaldas-regional","category-actualidad","category-universidad-al-dia","tag-universidad-en-tu-colegio"],"yoast_head":"<!-- This site is optimized with the Yoast SEO plugin v27.5 - https:\/\/yoast.com\/product\/yoast-seo-wordpress\/ -->\n<title>Universidad de Caldas fortalecer\u00e1 presencia en el programa Universidad en tu Colegio .<\/title>\n<meta name=\"robots\" content=\"index, follow, max-snippet:-1, max-image-preview:large, max-video-preview:-1\" \/>\n<link rel=\"canonical\" href=\"https:\/\/www.ucaldas.edu.co\/portal\/universidad-de-caldas-fortalecera-presencia-en-el-programa-universidad-en-tu-colegio\/\" \/>\n<script type=\"application\/ld+json\" class=\"yoast-schema-graph\">{\"@context\":\"https:\\\/\\\/schema.org\",\"@graph\":[{\"@type\":\"Article\",\"@id\":\"https:\\\/\\\/www.ucaldas.edu.co\\\/portal\\\/universidad-de-caldas-fortalecera-presencia-en-el-programa-universidad-en-tu-colegio\\\/#article\",\"isPartOf\":{\"@id\":\"https:\\\/\\\/www.ucaldas.edu.co\\\/portal\\\/universidad-de-caldas-fortalecera-presencia-en-el-programa-universidad-en-tu-colegio\\\/\"},\"author\":{\"name\":\"ofiprensa\",\"@id\":\"https:\\\/\\\/www.ucaldas.edu.co\\\/portal\\\/#\\\/schema\\\/person\\\/a1b482e23449158b4bc319926c074fdf\"},\"headline\":\"Universidad de Caldas fortalecer\u00e1 presencia en el programa Universidad en tu Colegio\",\"datePublished\":\"2023-02-06T20:23:44+00:00\",\"dateModified\":\"2023-02-06T20:34:05+00:00\",\"mainEntityOfPage\":{\"@id\":\"https:\\\/\\\/www.ucaldas.edu.co\\\/portal\\\/universidad-de-caldas-fortalecera-presencia-en-el-programa-universidad-en-tu-colegio\\\/\"},\"wordCount\":460,\"publisher\":{\"@id\":\"https:\\\/\\\/www.ucaldas.edu.co\\\/portal\\\/#organization\"},\"image\":{\"@id\":\"https:\\\/\\\/www.ucaldas.edu.co\\\/portal\\\/universidad-de-caldas-fortalecera-presencia-en-el-programa-universidad-en-tu-colegio\\\/#primaryimage\"},\"thumbnailUrl\":\"https:\\\/\\\/www.ucaldas.edu.co\\\/portal\\\/wp-content\\\/uploads\\\/2023\\\/02\\\/u-colegio.jpg\",\"keywords\":[\"Universidad en Tu Colegio\"],\"articleSection\":[\"UCaldas Regional\",\"Actualidad\",\"Universidad al D\u00eda\"],\"inLanguage\":\"es\"},{\"@type\":\"WebPage\",\"@id\":\"https:\\\/\\\/www.ucaldas.edu.co\\\/portal\\\/universidad-de-caldas-fortalecera-presencia-en-el-programa-universidad-en-tu-colegio\\\/\",\"url\":\"https:\\\/\\\/www.ucaldas.edu.co\\\/portal\\\/universidad-de-caldas-fortalecera-presencia-en-el-programa-universidad-en-tu-colegio\\\/\",\"name\":\"Universidad de Caldas fortalecer\u00e1 presencia en el programa Universidad en tu Colegio .\",\"isPartOf\":{\"@id\":\"https:\\\/\\\/www.ucaldas.edu.co\\\/portal\\\/#website\"},\"primaryImageOfPage\":{\"@id\":\"https:\\\/\\\/www.ucaldas.edu.co\\\/portal\\\/universidad-de-caldas-fortalecera-presencia-en-el-programa-universidad-en-tu-colegio\\\/#primaryimage\"},\"image\":{\"@id\":\"https:\\\/\\\/www.ucaldas.edu.co\\\/portal\\\/universidad-de-caldas-fortalecera-presencia-en-el-programa-universidad-en-tu-colegio\\\/#primaryimage\"},\"thumbnailUrl\":\"https:\\\/\\\/www.ucaldas.edu.co\\\/portal\\\/wp-content\\\/uploads\\\/2023\\\/02\\\/u-colegio.jpg\",\"datePublished\":\"2023-02-06T20:23:44+00:00\",\"dateModified\":\"2023-02-06T20:34:05+00:00\",\"breadcrumb\":{\"@id\":\"https:\\\/\\\/www.ucaldas.edu.co\\\/portal\\\/universidad-de-caldas-fortalecera-presencia-en-el-programa-universidad-en-tu-colegio\\\/#breadcrumb\"},\"inLanguage\":\"es\",\"potentialAction\":[{\"@type\":\"ReadAction\",\"target\":[\"https:\\\/\\\/www.ucaldas.edu.co\\\/portal\\\/universidad-de-caldas-fortalecera-presencia-en-el-programa-universidad-en-tu-colegio\\\/\"]}]},{\"@type\":\"ImageObject\",\"inLanguage\":\"es\",\"@id\":\"https:\\\/\\\/www.ucaldas.edu.co\\\/portal\\\/universidad-de-caldas-fortalecera-presencia-en-el-programa-universidad-en-tu-colegio\\\/#primaryimage\",\"url\":\"https:\\\/\\\/www.ucaldas.edu.co\\\/portal\\\/wp-content\\\/uploads\\\/2023\\\/02\\\/u-colegio.jpg\",\"contentUrl\":\"https:\\\/\\\/www.ucaldas.edu.co\\\/portal\\\/wp-content\\\/uploads\\\/2023\\\/02\\\/u-colegio.jpg\",\"width\":900,\"height\":510,\"caption\":\"u en tu colegio\"},{\"@type\":\"BreadcrumbList\",\"@id\":\"https:\\\/\\\/www.ucaldas.edu.co\\\/portal\\\/universidad-de-caldas-fortalecera-presencia-en-el-programa-universidad-en-tu-colegio\\\/#breadcrumb\",\"itemListElement\":[{\"@type\":\"ListItem\",\"position\":1,\"name\":\"Portada\",\"item\":\"https:\\\/\\\/www.ucaldas.edu.co\\\/portal\\\/\"},{\"@type\":\"ListItem\",\"position\":2,\"name\":\"Universidad de Caldas fortalecer\u00e1 presencia en el programa Universidad en tu Colegio\"}]},{\"@type\":\"WebSite\",\"@id\":\"https:\\\/\\\/www.ucaldas.edu.co\\\/portal\\\/#website\",\"url\":\"https:\\\/\\\/www.ucaldas.edu.co\\\/portal\\\/\",\"name\":\"Universidad de Caldas\",\"description\":\"\",\"publisher\":{\"@id\":\"https:\\\/\\\/www.ucaldas.edu.co\\\/portal\\\/#organization\"},\"alternateName\":\"U. de Caldas\",\"potentialAction\":[{\"@type\":\"SearchAction\",\"target\":{\"@type\":\"EntryPoint\",\"urlTemplate\":\"https:\\\/\\\/www.ucaldas.edu.co\\\/portal\\\/?s={search_term_string}\"},\"query-input\":{\"@type\":\"PropertyValueSpecification\",\"valueRequired\":true,\"valueName\":\"search_term_string\"}}],\"inLanguage\":\"es\"},{\"@type\":\"Organization\",\"@id\":\"https:\\\/\\\/www.ucaldas.edu.co\\\/portal\\\/#organization\",\"name\":\"Universidad de Caldas\",\"alternateName\":\"U. de Caldas\",\"url\":\"https:\\\/\\\/www.ucaldas.edu.co\\\/portal\\\/\",\"logo\":{\"@type\":\"ImageObject\",\"inLanguage\":\"es\",\"@id\":\"https:\\\/\\\/www.ucaldas.edu.co\\\/portal\\\/#\\\/schema\\\/logo\\\/image\\\/\",\"url\":\"https:\\\/\\\/www.ucaldas.edu.co\\\/portal\\\/wp-content\\\/uploads\\\/2023\\\/11\\\/Logo_horizontal_oscuroU-2023.png\",\"contentUrl\":\"https:\\\/\\\/www.ucaldas.edu.co\\\/portal\\\/wp-content\\\/uploads\\\/2023\\\/11\\\/Logo_horizontal_oscuroU-2023.png\",\"width\":263,\"height\":101,\"caption\":\"Universidad de Caldas\"},\"image\":{\"@id\":\"https:\\\/\\\/www.ucaldas.edu.co\\\/portal\\\/#\\\/schema\\\/logo\\\/image\\\/\"},\"sameAs\":[\"https:\\\/\\\/www.facebook.com\\\/udecaldas\",\"https:\\\/\\\/x.com\\\/udecaldas\",\"https:\\\/\\\/www.youtube.com\\\/universidadcaldas\",\"https:\\\/\\\/www.instagram.com\\\/udecaldas\\\/\"]},{\"@type\":\"Person\",\"@id\":\"https:\\\/\\\/www.ucaldas.edu.co\\\/portal\\\/#\\\/schema\\\/person\\\/a1b482e23449158b4bc319926c074fdf\",\"name\":\"ofiprensa\",\"image\":{\"@type\":\"ImageObject\",\"inLanguage\":\"es\",\"@id\":\"https:\\\/\\\/www.ucaldas.edu.co\\\/portal\\\/wp-content\\\/litespeed\\\/avatar\\\/09ea5085e600095a7a811142c6944527.jpg?ver=1776892805\",\"url\":\"https:\\\/\\\/www.ucaldas.edu.co\\\/portal\\\/wp-content\\\/litespeed\\\/avatar\\\/09ea5085e600095a7a811142c6944527.jpg?ver=1776892805\",\"contentUrl\":\"https:\\\/\\\/www.ucaldas.edu.co\\\/portal\\\/wp-content\\\/litespeed\\\/avatar\\\/09ea5085e600095a7a811142c6944527.jpg?ver=1776892805\",\"caption\":\"ofiprensa\"},\"url\":\"https:\\\/\\\/www.ucaldas.edu.co\\\/portal\\\/author\\\/ofiprensa\\\/\"}]}<\/script>\n<!-- \/ Yoast SEO plugin. -->","yoast_head_json":{"title":"Universidad de Caldas fortalecer\u00e1 presencia en el programa Universidad en tu Colegio .","robots":{"index":"index","follow":"follow","max-snippet":"max-snippet:-1","max-image-preview":"max-image-preview:large","max-video-preview":"max-video-preview:-1"},"canonical":"https:\/\/www.ucaldas.edu.co\/portal\/universidad-de-caldas-fortalecera-presencia-en-el-programa-universidad-en-tu-colegio\/","schema":{"@context":"https:\/\/schema.org","@graph":[{"@type":"Article","@id":"https:\/\/www.ucaldas.edu.co\/portal\/universidad-de-caldas-fortalecera-presencia-en-el-programa-universidad-en-tu-colegio\/#article","isPartOf":{"@id":"https:\/\/www.ucaldas.edu.co\/portal\/universidad-de-caldas-fortalecera-presencia-en-el-programa-universidad-en-tu-colegio\/"},"author":{"name":"ofiprensa","@id":"https:\/\/www.ucaldas.edu.co\/portal\/#\/schema\/person\/a1b482e23449158b4bc319926c074fdf"},"headline":"Universidad de Caldas fortalecer\u00e1 presencia en el programa Universidad en tu Colegio","datePublished":"2023-02-06T20:23:44+00:00","dateModified":"2023-02-06T20:34:05+00:00","mainEntityOfPage":{"@id":"https:\/\/www.ucaldas.edu.co\/portal\/universidad-de-caldas-fortalecera-presencia-en-el-programa-universidad-en-tu-colegio\/"},"wordCount":460,"publisher":{"@id":"https:\/\/www.ucaldas.edu.co\/portal\/#organization"},"image":{"@id":"https:\/\/www.ucaldas.edu.co\/portal\/universidad-de-caldas-fortalecera-presencia-en-el-programa-universidad-en-tu-colegio\/#primaryimage"},"thumbnailUrl":"https:\/\/www.ucaldas.edu.co\/portal\/wp-content\/uploads\/2023\/02\/u-colegio.jpg","keywords":["Universidad en Tu Colegio"],"articleSection":["UCaldas Regional","Actualidad","Universidad al D\u00eda"],"inLanguage":"es"},{"@type":"WebPage","@id":"https:\/\/www.ucaldas.edu.co\/portal\/universidad-de-caldas-fortalecera-presencia-en-el-programa-universidad-en-tu-colegio\/","url":"https:\/\/www.ucaldas.edu.co\/portal\/universidad-de-caldas-fortalecera-presencia-en-el-programa-universidad-en-tu-colegio\/","name":"Universidad de Caldas fortalecer\u00e1 presencia en el programa Universidad en tu Colegio .","isPartOf":{"@id":"https:\/\/www.ucaldas.edu.co\/portal\/#website"},"primaryImageOfPage":{"@id":"https:\/\/www.ucaldas.edu.co\/portal\/universidad-de-caldas-fortalecera-presencia-en-el-programa-universidad-en-tu-colegio\/#primaryimage"},"image":{"@id":"https:\/\/www.ucaldas.edu.co\/portal\/universidad-de-caldas-fortalecera-presencia-en-el-programa-universidad-en-tu-colegio\/#primaryimage"},"thumbnailUrl":"https:\/\/www.ucaldas.edu.co\/portal\/wp-content\/uploads\/2023\/02\/u-colegio.jpg","datePublished":"2023-02-06T20:23:44+00:00","dateModified":"2023-02-06T20:34:05+00:00","breadcrumb":{"@id":"https:\/\/www.ucaldas.edu.co\/portal\/universidad-de-caldas-fortalecera-presencia-en-el-programa-universidad-en-tu-colegio\/#breadcrumb"},"inLanguage":"es","potentialAction":[{"@type":"ReadAction","target":["https:\/\/www.ucaldas.edu.co\/portal\/universidad-de-caldas-fortalecera-presencia-en-el-programa-universidad-en-tu-colegio\/"]}]},{"@type":"ImageObject","inLanguage":"es","@id":"https:\/\/www.ucaldas.edu.co\/portal\/universidad-de-caldas-fortalecera-presencia-en-el-programa-universidad-en-tu-colegio\/#primaryimage","url":"https:\/\/www.ucaldas.edu.co\/portal\/wp-content\/uploads\/2023\/02\/u-colegio.jpg","contentUrl":"https:\/\/www.ucaldas.edu.co\/portal\/wp-content\/uploads\/2023\/02\/u-colegio.jpg","width":900,"height":510,"caption":"u en tu colegio"},{"@type":"BreadcrumbList","@id":"https:\/\/www.ucaldas.edu.co\/portal\/universidad-de-caldas-fortalecera-presencia-en-el-programa-universidad-en-tu-colegio\/#breadcrumb","itemListElement":[{"@type":"ListItem","position":1,"name":"Portada","item":"https:\/\/www.ucaldas.edu.co\/portal\/"},{"@type":"ListItem","position":2,"name":"Universidad de Caldas fortalecer\u00e1 presencia en el programa Universidad en tu Colegio"}]},{"@type":"WebSite","@id":"https:\/\/www.ucaldas.edu.co\/portal\/#website","url":"https:\/\/www.ucaldas.edu.co\/portal\/","name":"Universidad de Caldas","description":"","publisher":{"@id":"https:\/\/www.ucaldas.edu.co\/portal\/#organization"},"alternateName":"U. de Caldas","potentialAction":[{"@type":"SearchAction","target":{"@type":"EntryPoint","urlTemplate":"https:\/\/www.ucaldas.edu.co\/portal\/?s={search_term_string}"},"query-input":{"@type":"PropertyValueSpecification","valueRequired":true,"valueName":"search_term_string"}}],"inLanguage":"es"},{"@type":"Organization","@id":"https:\/\/www.ucaldas.edu.co\/portal\/#organization","name":"Universidad de Caldas","alternateName":"U. de Caldas","url":"https:\/\/www.ucaldas.edu.co\/portal\/","logo":{"@type":"ImageObject","inLanguage":"es","@id":"https:\/\/www.ucaldas.edu.co\/portal\/#\/schema\/logo\/image\/","url":"https:\/\/www.ucaldas.edu.co\/portal\/wp-content\/uploads\/2023\/11\/Logo_horizontal_oscuroU-2023.png","contentUrl":"https:\/\/www.ucaldas.edu.co\/portal\/wp-content\/uploads\/2023\/11\/Logo_horizontal_oscuroU-2023.png","width":263,"height":101,"caption":"Universidad de Caldas"},"image":{"@id":"https:\/\/www.ucaldas.edu.co\/portal\/#\/schema\/logo\/image\/"},"sameAs":["https:\/\/www.facebook.com\/udecaldas","https:\/\/x.com\/udecaldas","https:\/\/www.youtube.com\/universidadcaldas","https:\/\/www.instagram.com\/udecaldas\/"]},{"@type":"Person","@id":"https:\/\/www.ucaldas.edu.co\/portal\/#\/schema\/person\/a1b482e23449158b4bc319926c074fdf","name":"ofiprensa","image":{"@type":"ImageObject","inLanguage":"es","@id":"https:\/\/www.ucaldas.edu.co\/portal\/wp-content\/litespeed\/avatar\/09ea5085e600095a7a811142c6944527.jpg?ver=1776892805","url":"https:\/\/www.ucaldas.edu.co\/portal\/wp-content\/litespeed\/avatar\/09ea5085e600095a7a811142c6944527.jpg?ver=1776892805","contentUrl":"https:\/\/www.ucaldas.edu.co\/portal\/wp-content\/litespeed\/avatar\/09ea5085e600095a7a811142c6944527.jpg?ver=1776892805","caption":"ofiprensa"},"url":"https:\/\/www.ucaldas.edu.co\/portal\/author\/ofiprensa\/"}]}},"_links":{"self":[{"href":"https:\/\/www.ucaldas.edu.co\/portal\/wp-json\/wp\/v2\/posts\/74724","targetHints":{"allow":["GET"]}}],"collection":[{"href":"https:\/\/www.ucaldas.edu.co\/portal\/wp-json\/wp\/v2\/posts"}],"about":[{"href":"https:\/\/www.ucaldas.edu.co\/portal\/wp-json\/wp\/v2\/types\/post"}],"author":[{"embeddable":true,"href":"https:\/\/www.ucaldas.edu.co\/portal\/wp-json\/wp\/v2\/users\/2"}],"replies":[{"embeddable":true,"href":"https:\/\/www.ucaldas.edu.co\/portal\/wp-json\/wp\/v2\/comments?post=74724"}],"version-history":[{"count":0,"href":"https:\/\/www.ucaldas.edu.co\/portal\/wp-json\/wp\/v2\/posts\/74724\/revisions"}],"wp:featuredmedia":[{"embeddable":true,"href":"https:\/\/www.ucaldas.edu.co\/portal\/wp-json\/wp\/v2\/media\/74725"}],"wp:attachment":[{"href":"https:\/\/www.ucaldas.edu.co\/portal\/wp-json\/wp\/v2\/media?parent=74724"}],"wp:term":[{"taxonomy":"category","embeddable":true,"href":"https:\/\/www.ucaldas.edu.co\/portal\/wp-json\/wp\/v2\/categories?post=74724"},{"taxonomy":"post_tag","embeddable":true,"href":"https:\/\/www.ucaldas.edu.co\/portal\/wp-json\/wp\/v2\/tags?post=74724"}],"curies":[{"name":"wp","href":"https:\/\/api.w.org\/{rel}","templated":true}]}}