{"id":74721,"date":"2023-02-06T20:21:40","date_gmt":"2023-02-06T20:21:40","guid":{"rendered":"https:\/\/www.ucaldas.edu.co\/portal\/?p=74721"},"modified":"2023-02-06T20:21:40","modified_gmt":"2023-02-06T20:21:40","slug":"participe-en-la-inauguracion-de-la-exposicion-cantos-de-trabajo-de-llano","status":"publish","type":"post","link":"https:\/\/www.ucaldas.edu.co\/portal\/participe-en-la-inauguracion-de-la-exposicion-cantos-de-trabajo-de-llano\/","title":{"rendered":"Participe en la inauguraci\u00f3n de la exposici\u00f3n \u201cCantos de trabajo de llano\u201d"},"content":{"rendered":"<p><img loading=\"lazy\" decoding=\"async\" class=\"aligncenter size-full wp-image-74722\" src=\"https:\/\/www.ucaldas.edu.co\/portal\/wp-content\/uploads\/2023\/02\/expo-llano.jpg\" alt=\"exposici\u00f3n Bellas Artes\" width=\"900\" height=\"510\" srcset=\"https:\/\/www.ucaldas.edu.co\/portal\/wp-content\/uploads\/2023\/02\/expo-llano.jpg 900w, https:\/\/www.ucaldas.edu.co\/portal\/wp-content\/uploads\/2023\/02\/expo-llano-300x170.jpg 300w, https:\/\/www.ucaldas.edu.co\/portal\/wp-content\/uploads\/2023\/02\/expo-llano-768x435.jpg 768w\" sizes=\"auto, (max-width: 900px) 100vw, 900px\" \/><\/p>\n<p>Este mi\u00e9rcoles 8 de febrero en la sala La Rotonda del Palacio de Bellas Artes de la Universidad de Caldas, se llevar\u00e1 a cabo la inauguraci\u00f3n de la exposici\u00f3n \u201cCantos de trabajo de Llano\u201d, realizada por la artista pl\u00e1stica, Isabela Fl\u00f3rez Gaviria.<!--more--><\/p>\n<p>\u201cCantos de trabajo de Llano\u201d se compone de 12 pinturas que relatan la vida del llanero en sus expediciones, desde los departamentos de Arauca, Vichada, pasando por Casanare y llegando hasta el Meta, para comercializar el ganado. Esta pr\u00e1ctica fue declarada patrimonio inmaterial de la humanidad en 2017 por la UNESCO y est\u00e1 en proceso de salvaguarda.<\/p>\n<p>La exposici\u00f3n se divide en los siguientes cantos:<\/p>\n<ul>\n<li>Cantos de orde\u00f1o: Se caracterizan por tranquilizar al ganado a la hora de orde\u00f1arlo y crear un v\u00ednculo permanente, adem\u00e1s, seg\u00fan los llaneros, estos cantos hacen que las vacas produzcan mayor cantidad de leche.<\/li>\n<li>Canto de cabresteo: realizado por los jinetes con el objetivo de hacer que el ganado se acostumbre a su presencia, se ponga en fila o \u2018ajile\u2019 y avance.<\/li>\n<li>Cantos de vela: usados para que el ganado no se duerma en los corrales de las posadas durante la ganader\u00eda, y que por cualquier ruido se despierte y espante.<\/li>\n<li>Cantos de domesticaci\u00f3n: Usados para que el ganado adem\u00e1s de acostumbrarse a la presencia del llanero, aprenda a seguir \u00f3rdenes a trav\u00e9s de sonidos espec\u00edficos.<\/li>\n<\/ul>\n<p>Seg\u00fan lo explica la artista, esta colecci\u00f3n de obras ser\u00e1 una experiencia de cinco sentidos, donde cada pintura ir\u00e1 acompa\u00f1ada de piezas musicales de una familia de artistas: el hijo de 6 a\u00f1os, Daniel Santiago Cede\u00f1o; su madre, Marlyn Sanabria; su padre, Carlos Cede\u00f1o; y el abuelo, Rom\u00e1n Cede\u00f1o, siendo este la primera persona en traer el arpa al municipio de Yopal, Casanare.<\/p>\n<p>Adicional a las piezas musicales, el espacio estar\u00e1 ambientado con los aromas del Mastranto y la bosta de ganado seca, olores representativos del Llano. Para el tacto se dispondr\u00e1n diversos elementos que los asistentes podr\u00e1n manipular. Finalmente, el restaurante T\u00edpicas Llaneras tendr\u00e1 un espacio para la degustaci\u00f3n de los sabores de la regi\u00f3n.<\/p>\n<p>Los asistentes podr\u00e1n adquirir productos relacionados con la exposici\u00f3n durante la apertura.<\/p>\n<p><strong>Anexo:<\/strong><\/p>\n<p><a href=\"https:\/\/go.ivoox.com\/rf\/102632198\"><strong>Audio Isabela Fl\u00f3rez Gaviria \u2013 artista pl\u00e1stica.<\/strong><\/a><\/p>\n<p><strong> <iframe loading=\"lazy\" src=\"https:\/\/www.ivoox.com\/player_ej_102632198_6_1.html\" width=\"50%\" height=\"200\" frameborder=\"0\" scrolling=\"no\" allowfullscreen=\"allowfullscreen\"><\/iframe><\/strong><\/p>\n<p>&nbsp;<\/p>\n","protected":false},"excerpt":{"rendered":"<p>Este mi\u00e9rcoles 8 de febrero en la sala La Rotonda del Palacio de Bellas Artes de la Universidad de Caldas, se llevar\u00e1 a cabo la inauguraci\u00f3n de la exposici\u00f3n \u201cCantos de trabajo de Llano\u201d, realizada por la artista pl\u00e1stica, Isabela Fl\u00f3rez Gaviria.<\/p>\n","protected":false},"author":2,"featured_media":74722,"comment_status":"closed","ping_status":"open","sticky":false,"template":"","format":"standard","meta":{"footnotes":""},"categories":[48,53,664],"tags":[229,907],"class_list":["post-74721","post","type-post","status-publish","format-standard","has-post-thumbnail","hentry","category-actualidad","category-universidad-al-dia","category-ucaldas-cultural","tag-exposicion","tag-bellas-artes-2"],"yoast_head":"<!-- This site is optimized with the Yoast SEO plugin v27.5 - https:\/\/yoast.com\/product\/yoast-seo-wordpress\/ -->\n<title>Participe en la inauguraci\u00f3n de la exposici\u00f3n \u201cCantos de trabajo de llano\u201d .<\/title>\n<meta name=\"robots\" content=\"index, follow, max-snippet:-1, max-image-preview:large, max-video-preview:-1\" \/>\n<link rel=\"canonical\" href=\"https:\/\/www.ucaldas.edu.co\/portal\/participe-en-la-inauguracion-de-la-exposicion-cantos-de-trabajo-de-llano\/\" \/>\n<script type=\"application\/ld+json\" class=\"yoast-schema-graph\">{\"@context\":\"https:\\\/\\\/schema.org\",\"@graph\":[{\"@type\":\"Article\",\"@id\":\"https:\\\/\\\/www.ucaldas.edu.co\\\/portal\\\/participe-en-la-inauguracion-de-la-exposicion-cantos-de-trabajo-de-llano\\\/#article\",\"isPartOf\":{\"@id\":\"https:\\\/\\\/www.ucaldas.edu.co\\\/portal\\\/participe-en-la-inauguracion-de-la-exposicion-cantos-de-trabajo-de-llano\\\/\"},\"author\":{\"name\":\"ofiprensa\",\"@id\":\"https:\\\/\\\/www.ucaldas.edu.co\\\/portal\\\/#\\\/schema\\\/person\\\/a1b482e23449158b4bc319926c074fdf\"},\"headline\":\"Participe en la inauguraci\u00f3n de la exposici\u00f3n \u201cCantos de trabajo de llano\u201d\",\"datePublished\":\"2023-02-06T20:21:40+00:00\",\"mainEntityOfPage\":{\"@id\":\"https:\\\/\\\/www.ucaldas.edu.co\\\/portal\\\/participe-en-la-inauguracion-de-la-exposicion-cantos-de-trabajo-de-llano\\\/\"},\"wordCount\":403,\"publisher\":{\"@id\":\"https:\\\/\\\/www.ucaldas.edu.co\\\/portal\\\/#organization\"},\"image\":{\"@id\":\"https:\\\/\\\/www.ucaldas.edu.co\\\/portal\\\/participe-en-la-inauguracion-de-la-exposicion-cantos-de-trabajo-de-llano\\\/#primaryimage\"},\"thumbnailUrl\":\"https:\\\/\\\/www.ucaldas.edu.co\\\/portal\\\/wp-content\\\/uploads\\\/2023\\\/02\\\/expo-llano.jpg\",\"keywords\":[\"exposici\u00f3n\",\"Bellas artes\"],\"articleSection\":[\"Actualidad\",\"Universidad al D\u00eda\",\"UCaldas Cultural\"],\"inLanguage\":\"es\"},{\"@type\":\"WebPage\",\"@id\":\"https:\\\/\\\/www.ucaldas.edu.co\\\/portal\\\/participe-en-la-inauguracion-de-la-exposicion-cantos-de-trabajo-de-llano\\\/\",\"url\":\"https:\\\/\\\/www.ucaldas.edu.co\\\/portal\\\/participe-en-la-inauguracion-de-la-exposicion-cantos-de-trabajo-de-llano\\\/\",\"name\":\"Participe en la inauguraci\u00f3n de la exposici\u00f3n \u201cCantos de trabajo de llano\u201d .\",\"isPartOf\":{\"@id\":\"https:\\\/\\\/www.ucaldas.edu.co\\\/portal\\\/#website\"},\"primaryImageOfPage\":{\"@id\":\"https:\\\/\\\/www.ucaldas.edu.co\\\/portal\\\/participe-en-la-inauguracion-de-la-exposicion-cantos-de-trabajo-de-llano\\\/#primaryimage\"},\"image\":{\"@id\":\"https:\\\/\\\/www.ucaldas.edu.co\\\/portal\\\/participe-en-la-inauguracion-de-la-exposicion-cantos-de-trabajo-de-llano\\\/#primaryimage\"},\"thumbnailUrl\":\"https:\\\/\\\/www.ucaldas.edu.co\\\/portal\\\/wp-content\\\/uploads\\\/2023\\\/02\\\/expo-llano.jpg\",\"datePublished\":\"2023-02-06T20:21:40+00:00\",\"breadcrumb\":{\"@id\":\"https:\\\/\\\/www.ucaldas.edu.co\\\/portal\\\/participe-en-la-inauguracion-de-la-exposicion-cantos-de-trabajo-de-llano\\\/#breadcrumb\"},\"inLanguage\":\"es\",\"potentialAction\":[{\"@type\":\"ReadAction\",\"target\":[\"https:\\\/\\\/www.ucaldas.edu.co\\\/portal\\\/participe-en-la-inauguracion-de-la-exposicion-cantos-de-trabajo-de-llano\\\/\"]}]},{\"@type\":\"ImageObject\",\"inLanguage\":\"es\",\"@id\":\"https:\\\/\\\/www.ucaldas.edu.co\\\/portal\\\/participe-en-la-inauguracion-de-la-exposicion-cantos-de-trabajo-de-llano\\\/#primaryimage\",\"url\":\"https:\\\/\\\/www.ucaldas.edu.co\\\/portal\\\/wp-content\\\/uploads\\\/2023\\\/02\\\/expo-llano.jpg\",\"contentUrl\":\"https:\\\/\\\/www.ucaldas.edu.co\\\/portal\\\/wp-content\\\/uploads\\\/2023\\\/02\\\/expo-llano.jpg\",\"width\":900,\"height\":510,\"caption\":\"exposici\u00f3n Bellas Artes\"},{\"@type\":\"BreadcrumbList\",\"@id\":\"https:\\\/\\\/www.ucaldas.edu.co\\\/portal\\\/participe-en-la-inauguracion-de-la-exposicion-cantos-de-trabajo-de-llano\\\/#breadcrumb\",\"itemListElement\":[{\"@type\":\"ListItem\",\"position\":1,\"name\":\"Portada\",\"item\":\"https:\\\/\\\/www.ucaldas.edu.co\\\/portal\\\/\"},{\"@type\":\"ListItem\",\"position\":2,\"name\":\"Participe en la inauguraci\u00f3n de la exposici\u00f3n \u201cCantos de trabajo de llano\u201d\"}]},{\"@type\":\"WebSite\",\"@id\":\"https:\\\/\\\/www.ucaldas.edu.co\\\/portal\\\/#website\",\"url\":\"https:\\\/\\\/www.ucaldas.edu.co\\\/portal\\\/\",\"name\":\"Universidad de Caldas\",\"description\":\"\",\"publisher\":{\"@id\":\"https:\\\/\\\/www.ucaldas.edu.co\\\/portal\\\/#organization\"},\"alternateName\":\"U. de Caldas\",\"potentialAction\":[{\"@type\":\"SearchAction\",\"target\":{\"@type\":\"EntryPoint\",\"urlTemplate\":\"https:\\\/\\\/www.ucaldas.edu.co\\\/portal\\\/?s={search_term_string}\"},\"query-input\":{\"@type\":\"PropertyValueSpecification\",\"valueRequired\":true,\"valueName\":\"search_term_string\"}}],\"inLanguage\":\"es\"},{\"@type\":\"Organization\",\"@id\":\"https:\\\/\\\/www.ucaldas.edu.co\\\/portal\\\/#organization\",\"name\":\"Universidad de Caldas\",\"alternateName\":\"U. de Caldas\",\"url\":\"https:\\\/\\\/www.ucaldas.edu.co\\\/portal\\\/\",\"logo\":{\"@type\":\"ImageObject\",\"inLanguage\":\"es\",\"@id\":\"https:\\\/\\\/www.ucaldas.edu.co\\\/portal\\\/#\\\/schema\\\/logo\\\/image\\\/\",\"url\":\"https:\\\/\\\/www.ucaldas.edu.co\\\/portal\\\/wp-content\\\/uploads\\\/2023\\\/11\\\/Logo_horizontal_oscuroU-2023.png\",\"contentUrl\":\"https:\\\/\\\/www.ucaldas.edu.co\\\/portal\\\/wp-content\\\/uploads\\\/2023\\\/11\\\/Logo_horizontal_oscuroU-2023.png\",\"width\":263,\"height\":101,\"caption\":\"Universidad de Caldas\"},\"image\":{\"@id\":\"https:\\\/\\\/www.ucaldas.edu.co\\\/portal\\\/#\\\/schema\\\/logo\\\/image\\\/\"},\"sameAs\":[\"https:\\\/\\\/www.facebook.com\\\/udecaldas\",\"https:\\\/\\\/x.com\\\/udecaldas\",\"https:\\\/\\\/www.youtube.com\\\/universidadcaldas\",\"https:\\\/\\\/www.instagram.com\\\/udecaldas\\\/\"]},{\"@type\":\"Person\",\"@id\":\"https:\\\/\\\/www.ucaldas.edu.co\\\/portal\\\/#\\\/schema\\\/person\\\/a1b482e23449158b4bc319926c074fdf\",\"name\":\"ofiprensa\",\"image\":{\"@type\":\"ImageObject\",\"inLanguage\":\"es\",\"@id\":\"https:\\\/\\\/www.ucaldas.edu.co\\\/portal\\\/wp-content\\\/litespeed\\\/avatar\\\/09ea5085e600095a7a811142c6944527.jpg?ver=1776892805\",\"url\":\"https:\\\/\\\/www.ucaldas.edu.co\\\/portal\\\/wp-content\\\/litespeed\\\/avatar\\\/09ea5085e600095a7a811142c6944527.jpg?ver=1776892805\",\"contentUrl\":\"https:\\\/\\\/www.ucaldas.edu.co\\\/portal\\\/wp-content\\\/litespeed\\\/avatar\\\/09ea5085e600095a7a811142c6944527.jpg?ver=1776892805\",\"caption\":\"ofiprensa\"},\"url\":\"https:\\\/\\\/www.ucaldas.edu.co\\\/portal\\\/author\\\/ofiprensa\\\/\"}]}<\/script>\n<!-- \/ Yoast SEO plugin. -->","yoast_head_json":{"title":"Participe en la inauguraci\u00f3n de la exposici\u00f3n \u201cCantos de trabajo de llano\u201d .","robots":{"index":"index","follow":"follow","max-snippet":"max-snippet:-1","max-image-preview":"max-image-preview:large","max-video-preview":"max-video-preview:-1"},"canonical":"https:\/\/www.ucaldas.edu.co\/portal\/participe-en-la-inauguracion-de-la-exposicion-cantos-de-trabajo-de-llano\/","schema":{"@context":"https:\/\/schema.org","@graph":[{"@type":"Article","@id":"https:\/\/www.ucaldas.edu.co\/portal\/participe-en-la-inauguracion-de-la-exposicion-cantos-de-trabajo-de-llano\/#article","isPartOf":{"@id":"https:\/\/www.ucaldas.edu.co\/portal\/participe-en-la-inauguracion-de-la-exposicion-cantos-de-trabajo-de-llano\/"},"author":{"name":"ofiprensa","@id":"https:\/\/www.ucaldas.edu.co\/portal\/#\/schema\/person\/a1b482e23449158b4bc319926c074fdf"},"headline":"Participe en la inauguraci\u00f3n de la exposici\u00f3n \u201cCantos de trabajo de llano\u201d","datePublished":"2023-02-06T20:21:40+00:00","mainEntityOfPage":{"@id":"https:\/\/www.ucaldas.edu.co\/portal\/participe-en-la-inauguracion-de-la-exposicion-cantos-de-trabajo-de-llano\/"},"wordCount":403,"publisher":{"@id":"https:\/\/www.ucaldas.edu.co\/portal\/#organization"},"image":{"@id":"https:\/\/www.ucaldas.edu.co\/portal\/participe-en-la-inauguracion-de-la-exposicion-cantos-de-trabajo-de-llano\/#primaryimage"},"thumbnailUrl":"https:\/\/www.ucaldas.edu.co\/portal\/wp-content\/uploads\/2023\/02\/expo-llano.jpg","keywords":["exposici\u00f3n","Bellas artes"],"articleSection":["Actualidad","Universidad al D\u00eda","UCaldas Cultural"],"inLanguage":"es"},{"@type":"WebPage","@id":"https:\/\/www.ucaldas.edu.co\/portal\/participe-en-la-inauguracion-de-la-exposicion-cantos-de-trabajo-de-llano\/","url":"https:\/\/www.ucaldas.edu.co\/portal\/participe-en-la-inauguracion-de-la-exposicion-cantos-de-trabajo-de-llano\/","name":"Participe en la inauguraci\u00f3n de la exposici\u00f3n \u201cCantos de trabajo de llano\u201d .","isPartOf":{"@id":"https:\/\/www.ucaldas.edu.co\/portal\/#website"},"primaryImageOfPage":{"@id":"https:\/\/www.ucaldas.edu.co\/portal\/participe-en-la-inauguracion-de-la-exposicion-cantos-de-trabajo-de-llano\/#primaryimage"},"image":{"@id":"https:\/\/www.ucaldas.edu.co\/portal\/participe-en-la-inauguracion-de-la-exposicion-cantos-de-trabajo-de-llano\/#primaryimage"},"thumbnailUrl":"https:\/\/www.ucaldas.edu.co\/portal\/wp-content\/uploads\/2023\/02\/expo-llano.jpg","datePublished":"2023-02-06T20:21:40+00:00","breadcrumb":{"@id":"https:\/\/www.ucaldas.edu.co\/portal\/participe-en-la-inauguracion-de-la-exposicion-cantos-de-trabajo-de-llano\/#breadcrumb"},"inLanguage":"es","potentialAction":[{"@type":"ReadAction","target":["https:\/\/www.ucaldas.edu.co\/portal\/participe-en-la-inauguracion-de-la-exposicion-cantos-de-trabajo-de-llano\/"]}]},{"@type":"ImageObject","inLanguage":"es","@id":"https:\/\/www.ucaldas.edu.co\/portal\/participe-en-la-inauguracion-de-la-exposicion-cantos-de-trabajo-de-llano\/#primaryimage","url":"https:\/\/www.ucaldas.edu.co\/portal\/wp-content\/uploads\/2023\/02\/expo-llano.jpg","contentUrl":"https:\/\/www.ucaldas.edu.co\/portal\/wp-content\/uploads\/2023\/02\/expo-llano.jpg","width":900,"height":510,"caption":"exposici\u00f3n Bellas Artes"},{"@type":"BreadcrumbList","@id":"https:\/\/www.ucaldas.edu.co\/portal\/participe-en-la-inauguracion-de-la-exposicion-cantos-de-trabajo-de-llano\/#breadcrumb","itemListElement":[{"@type":"ListItem","position":1,"name":"Portada","item":"https:\/\/www.ucaldas.edu.co\/portal\/"},{"@type":"ListItem","position":2,"name":"Participe en la inauguraci\u00f3n de la exposici\u00f3n \u201cCantos de trabajo de llano\u201d"}]},{"@type":"WebSite","@id":"https:\/\/www.ucaldas.edu.co\/portal\/#website","url":"https:\/\/www.ucaldas.edu.co\/portal\/","name":"Universidad de Caldas","description":"","publisher":{"@id":"https:\/\/www.ucaldas.edu.co\/portal\/#organization"},"alternateName":"U. de Caldas","potentialAction":[{"@type":"SearchAction","target":{"@type":"EntryPoint","urlTemplate":"https:\/\/www.ucaldas.edu.co\/portal\/?s={search_term_string}"},"query-input":{"@type":"PropertyValueSpecification","valueRequired":true,"valueName":"search_term_string"}}],"inLanguage":"es"},{"@type":"Organization","@id":"https:\/\/www.ucaldas.edu.co\/portal\/#organization","name":"Universidad de Caldas","alternateName":"U. de Caldas","url":"https:\/\/www.ucaldas.edu.co\/portal\/","logo":{"@type":"ImageObject","inLanguage":"es","@id":"https:\/\/www.ucaldas.edu.co\/portal\/#\/schema\/logo\/image\/","url":"https:\/\/www.ucaldas.edu.co\/portal\/wp-content\/uploads\/2023\/11\/Logo_horizontal_oscuroU-2023.png","contentUrl":"https:\/\/www.ucaldas.edu.co\/portal\/wp-content\/uploads\/2023\/11\/Logo_horizontal_oscuroU-2023.png","width":263,"height":101,"caption":"Universidad de Caldas"},"image":{"@id":"https:\/\/www.ucaldas.edu.co\/portal\/#\/schema\/logo\/image\/"},"sameAs":["https:\/\/www.facebook.com\/udecaldas","https:\/\/x.com\/udecaldas","https:\/\/www.youtube.com\/universidadcaldas","https:\/\/www.instagram.com\/udecaldas\/"]},{"@type":"Person","@id":"https:\/\/www.ucaldas.edu.co\/portal\/#\/schema\/person\/a1b482e23449158b4bc319926c074fdf","name":"ofiprensa","image":{"@type":"ImageObject","inLanguage":"es","@id":"https:\/\/www.ucaldas.edu.co\/portal\/wp-content\/litespeed\/avatar\/09ea5085e600095a7a811142c6944527.jpg?ver=1776892805","url":"https:\/\/www.ucaldas.edu.co\/portal\/wp-content\/litespeed\/avatar\/09ea5085e600095a7a811142c6944527.jpg?ver=1776892805","contentUrl":"https:\/\/www.ucaldas.edu.co\/portal\/wp-content\/litespeed\/avatar\/09ea5085e600095a7a811142c6944527.jpg?ver=1776892805","caption":"ofiprensa"},"url":"https:\/\/www.ucaldas.edu.co\/portal\/author\/ofiprensa\/"}]}},"_links":{"self":[{"href":"https:\/\/www.ucaldas.edu.co\/portal\/wp-json\/wp\/v2\/posts\/74721","targetHints":{"allow":["GET"]}}],"collection":[{"href":"https:\/\/www.ucaldas.edu.co\/portal\/wp-json\/wp\/v2\/posts"}],"about":[{"href":"https:\/\/www.ucaldas.edu.co\/portal\/wp-json\/wp\/v2\/types\/post"}],"author":[{"embeddable":true,"href":"https:\/\/www.ucaldas.edu.co\/portal\/wp-json\/wp\/v2\/users\/2"}],"replies":[{"embeddable":true,"href":"https:\/\/www.ucaldas.edu.co\/portal\/wp-json\/wp\/v2\/comments?post=74721"}],"version-history":[{"count":0,"href":"https:\/\/www.ucaldas.edu.co\/portal\/wp-json\/wp\/v2\/posts\/74721\/revisions"}],"wp:featuredmedia":[{"embeddable":true,"href":"https:\/\/www.ucaldas.edu.co\/portal\/wp-json\/wp\/v2\/media\/74722"}],"wp:attachment":[{"href":"https:\/\/www.ucaldas.edu.co\/portal\/wp-json\/wp\/v2\/media?parent=74721"}],"wp:term":[{"taxonomy":"category","embeddable":true,"href":"https:\/\/www.ucaldas.edu.co\/portal\/wp-json\/wp\/v2\/categories?post=74721"},{"taxonomy":"post_tag","embeddable":true,"href":"https:\/\/www.ucaldas.edu.co\/portal\/wp-json\/wp\/v2\/tags?post=74721"}],"curies":[{"name":"wp","href":"https:\/\/api.w.org\/{rel}","templated":true}]}}