{"id":7472,"date":"2011-03-28T11:04:25","date_gmt":"2011-03-28T16:04:25","guid":{"rendered":"https:\/\/www.ucaldas.edu.co\/portal\/?p=7472"},"modified":"2011-03-28T11:04:25","modified_gmt":"2011-03-28T16:04:25","slug":"conversatorio-accesibilidad-a-los-medicamentos-y-sus-condicionantes","status":"publish","type":"post","link":"https:\/\/www.ucaldas.edu.co\/portal\/conversatorio-accesibilidad-a-los-medicamentos-y-sus-condicionantes\/","title":{"rendered":"Conversatorio Accesibilidad a los medicamentos y sus condicionantes"},"content":{"rendered":"<div>\n<div>\n<p>Marzo 29<\/p>\n<hr \/>\n<p>&nbsp;<\/p>\n<table border=\"0\">\n<tbody>\n<tr>\n<td>\u00a0<img loading=\"lazy\" decoding=\"async\" style=\"border: 0px\" alt=\"Accesibilidad Medicamentos\" src=\"http:\/\/www.ucaldas.edu.co\/images\/tmp\/Accesibilidad_Medicamentos.jpg\" width=\"200\" height=\"150\" border=\"0\" \/><\/td>\n<td><b>Descripci\u00f3n: <\/b>tercer encuentro organizado por el Semillero Derecho a la Salud de la U. de Caldas<\/p>\n<p><b>Invitados:<\/b><\/p>\n<p>&#8211; Orlando Mej\u00eda Rivera, m\u00e9dico internista, escritor, docente del Departamento de Salud P\u00fablica de la U. de Caldas<\/p>\n<p>&#8211; M\u00e1ximo Rodr\u00edguez M\u00e1rceles, Qu\u00edmico Farmac\u00e9utico, docente catedr\u00e1tico del Departamento de Farmacia, de la Universidad Nacional de Colombia<\/td>\n<\/tr>\n<\/tbody>\n<\/table>\n<p><b>Lugar: <\/b>Auditorio Tulio G\u00f3mez Estrada de la Sede Palogrande de la U. de Caldas<\/p>\n<p><b>Horario: <\/b>este martes 29 de marzo del 2011, a las 4:00 p.m.<\/p>\n<p><b>Entrada: <\/b>libre<\/p>\n<p><b>Informes:<\/b> en los celulares: 311 312 2963 o 314 776 4708, o en el correo electr\u00f3nico: <a href=\"mailto:sderechoalasalud@gmail.com\" target=\"_blank\">sderechoalasalud@gmail.com<\/a><\/p>\n<\/div>\n<\/div>\n","protected":false},"excerpt":{"rendered":"<p>Marzo 29 &nbsp; \u00a0 Descripci\u00f3n: tercer encuentro organizado por el Semillero Derecho a la Salud de la U. de Caldas Invitados: &#8211; Orlando Mej\u00eda Rivera, m\u00e9dico internista, escritor, docente del Departamento de Salud P\u00fablica de la U. de Caldas &#8211; M\u00e1ximo Rodr\u00edguez M\u00e1rceles, Qu\u00edmico Farmac\u00e9utico, docente catedr\u00e1tico del Departamento de Farmacia, de la Universidad Nacional [&hellip;]<\/p>\n","protected":false},"author":2,"featured_media":0,"comment_status":"closed","ping_status":"closed","sticky":false,"template":"","format":"standard","meta":{"footnotes":""},"categories":[48,53],"tags":[],"class_list":["post-7472","post","type-post","status-publish","format-standard","hentry","category-actualidad","category-universidad-al-dia"],"yoast_head":"<!-- This site is optimized with the Yoast SEO plugin v27.5 - https:\/\/yoast.com\/product\/yoast-seo-wordpress\/ -->\n<title>Conversatorio Accesibilidad a los medicamentos y sus condicionantes .<\/title>\n<meta name=\"robots\" content=\"index, follow, max-snippet:-1, max-image-preview:large, max-video-preview:-1\" \/>\n<link rel=\"canonical\" href=\"https:\/\/www.ucaldas.edu.co\/portal\/conversatorio-accesibilidad-a-los-medicamentos-y-sus-condicionantes\/\" \/>\n<script type=\"application\/ld+json\" class=\"yoast-schema-graph\">{\"@context\":\"https:\\\/\\\/schema.org\",\"@graph\":[{\"@type\":\"Article\",\"@id\":\"https:\\\/\\\/www.ucaldas.edu.co\\\/portal\\\/conversatorio-accesibilidad-a-los-medicamentos-y-sus-condicionantes\\\/#article\",\"isPartOf\":{\"@id\":\"https:\\\/\\\/www.ucaldas.edu.co\\\/portal\\\/conversatorio-accesibilidad-a-los-medicamentos-y-sus-condicionantes\\\/\"},\"author\":{\"name\":\"ofiprensa\",\"@id\":\"https:\\\/\\\/www.ucaldas.edu.co\\\/portal\\\/#\\\/schema\\\/person\\\/a1b482e23449158b4bc319926c074fdf\"},\"headline\":\"Conversatorio Accesibilidad a los medicamentos y sus condicionantes\",\"datePublished\":\"2011-03-28T16:04:25+00:00\",\"mainEntityOfPage\":{\"@id\":\"https:\\\/\\\/www.ucaldas.edu.co\\\/portal\\\/conversatorio-accesibilidad-a-los-medicamentos-y-sus-condicionantes\\\/\"},\"wordCount\":114,\"publisher\":{\"@id\":\"https:\\\/\\\/www.ucaldas.edu.co\\\/portal\\\/#organization\"},\"image\":{\"@id\":\"https:\\\/\\\/www.ucaldas.edu.co\\\/portal\\\/conversatorio-accesibilidad-a-los-medicamentos-y-sus-condicionantes\\\/#primaryimage\"},\"thumbnailUrl\":\"http:\\\/\\\/www.ucaldas.edu.co\\\/images\\\/tmp\\\/Accesibilidad_Medicamentos.jpg\",\"articleSection\":[\"Actualidad\",\"Universidad al D\u00eda\"],\"inLanguage\":\"es\"},{\"@type\":\"WebPage\",\"@id\":\"https:\\\/\\\/www.ucaldas.edu.co\\\/portal\\\/conversatorio-accesibilidad-a-los-medicamentos-y-sus-condicionantes\\\/\",\"url\":\"https:\\\/\\\/www.ucaldas.edu.co\\\/portal\\\/conversatorio-accesibilidad-a-los-medicamentos-y-sus-condicionantes\\\/\",\"name\":\"Conversatorio Accesibilidad a los medicamentos y sus condicionantes .\",\"isPartOf\":{\"@id\":\"https:\\\/\\\/www.ucaldas.edu.co\\\/portal\\\/#website\"},\"primaryImageOfPage\":{\"@id\":\"https:\\\/\\\/www.ucaldas.edu.co\\\/portal\\\/conversatorio-accesibilidad-a-los-medicamentos-y-sus-condicionantes\\\/#primaryimage\"},\"image\":{\"@id\":\"https:\\\/\\\/www.ucaldas.edu.co\\\/portal\\\/conversatorio-accesibilidad-a-los-medicamentos-y-sus-condicionantes\\\/#primaryimage\"},\"thumbnailUrl\":\"http:\\\/\\\/www.ucaldas.edu.co\\\/images\\\/tmp\\\/Accesibilidad_Medicamentos.jpg\",\"datePublished\":\"2011-03-28T16:04:25+00:00\",\"breadcrumb\":{\"@id\":\"https:\\\/\\\/www.ucaldas.edu.co\\\/portal\\\/conversatorio-accesibilidad-a-los-medicamentos-y-sus-condicionantes\\\/#breadcrumb\"},\"inLanguage\":\"es\",\"potentialAction\":[{\"@type\":\"ReadAction\",\"target\":[\"https:\\\/\\\/www.ucaldas.edu.co\\\/portal\\\/conversatorio-accesibilidad-a-los-medicamentos-y-sus-condicionantes\\\/\"]}]},{\"@type\":\"ImageObject\",\"inLanguage\":\"es\",\"@id\":\"https:\\\/\\\/www.ucaldas.edu.co\\\/portal\\\/conversatorio-accesibilidad-a-los-medicamentos-y-sus-condicionantes\\\/#primaryimage\",\"url\":\"http:\\\/\\\/www.ucaldas.edu.co\\\/images\\\/tmp\\\/Accesibilidad_Medicamentos.jpg\",\"contentUrl\":\"http:\\\/\\\/www.ucaldas.edu.co\\\/images\\\/tmp\\\/Accesibilidad_Medicamentos.jpg\"},{\"@type\":\"BreadcrumbList\",\"@id\":\"https:\\\/\\\/www.ucaldas.edu.co\\\/portal\\\/conversatorio-accesibilidad-a-los-medicamentos-y-sus-condicionantes\\\/#breadcrumb\",\"itemListElement\":[{\"@type\":\"ListItem\",\"position\":1,\"name\":\"Portada\",\"item\":\"https:\\\/\\\/www.ucaldas.edu.co\\\/portal\\\/\"},{\"@type\":\"ListItem\",\"position\":2,\"name\":\"Conversatorio Accesibilidad a los medicamentos y sus condicionantes\"}]},{\"@type\":\"WebSite\",\"@id\":\"https:\\\/\\\/www.ucaldas.edu.co\\\/portal\\\/#website\",\"url\":\"https:\\\/\\\/www.ucaldas.edu.co\\\/portal\\\/\",\"name\":\"Universidad de Caldas\",\"description\":\"\",\"publisher\":{\"@id\":\"https:\\\/\\\/www.ucaldas.edu.co\\\/portal\\\/#organization\"},\"alternateName\":\"U. de Caldas\",\"potentialAction\":[{\"@type\":\"SearchAction\",\"target\":{\"@type\":\"EntryPoint\",\"urlTemplate\":\"https:\\\/\\\/www.ucaldas.edu.co\\\/portal\\\/?s={search_term_string}\"},\"query-input\":{\"@type\":\"PropertyValueSpecification\",\"valueRequired\":true,\"valueName\":\"search_term_string\"}}],\"inLanguage\":\"es\"},{\"@type\":\"Organization\",\"@id\":\"https:\\\/\\\/www.ucaldas.edu.co\\\/portal\\\/#organization\",\"name\":\"Universidad de Caldas\",\"alternateName\":\"U. de Caldas\",\"url\":\"https:\\\/\\\/www.ucaldas.edu.co\\\/portal\\\/\",\"logo\":{\"@type\":\"ImageObject\",\"inLanguage\":\"es\",\"@id\":\"https:\\\/\\\/www.ucaldas.edu.co\\\/portal\\\/#\\\/schema\\\/logo\\\/image\\\/\",\"url\":\"https:\\\/\\\/www.ucaldas.edu.co\\\/portal\\\/wp-content\\\/uploads\\\/2023\\\/11\\\/Logo_horizontal_oscuroU-2023.png\",\"contentUrl\":\"https:\\\/\\\/www.ucaldas.edu.co\\\/portal\\\/wp-content\\\/uploads\\\/2023\\\/11\\\/Logo_horizontal_oscuroU-2023.png\",\"width\":263,\"height\":101,\"caption\":\"Universidad de Caldas\"},\"image\":{\"@id\":\"https:\\\/\\\/www.ucaldas.edu.co\\\/portal\\\/#\\\/schema\\\/logo\\\/image\\\/\"},\"sameAs\":[\"https:\\\/\\\/www.facebook.com\\\/udecaldas\",\"https:\\\/\\\/x.com\\\/udecaldas\",\"https:\\\/\\\/www.youtube.com\\\/universidadcaldas\",\"https:\\\/\\\/www.instagram.com\\\/udecaldas\\\/\"]},{\"@type\":\"Person\",\"@id\":\"https:\\\/\\\/www.ucaldas.edu.co\\\/portal\\\/#\\\/schema\\\/person\\\/a1b482e23449158b4bc319926c074fdf\",\"name\":\"ofiprensa\",\"image\":{\"@type\":\"ImageObject\",\"inLanguage\":\"es\",\"@id\":\"https:\\\/\\\/www.ucaldas.edu.co\\\/portal\\\/wp-content\\\/litespeed\\\/avatar\\\/09ea5085e600095a7a811142c6944527.jpg?ver=1777497608\",\"url\":\"https:\\\/\\\/www.ucaldas.edu.co\\\/portal\\\/wp-content\\\/litespeed\\\/avatar\\\/09ea5085e600095a7a811142c6944527.jpg?ver=1777497608\",\"contentUrl\":\"https:\\\/\\\/www.ucaldas.edu.co\\\/portal\\\/wp-content\\\/litespeed\\\/avatar\\\/09ea5085e600095a7a811142c6944527.jpg?ver=1777497608\",\"caption\":\"ofiprensa\"},\"url\":\"https:\\\/\\\/www.ucaldas.edu.co\\\/portal\\\/author\\\/ofiprensa\\\/\"}]}<\/script>\n<!-- \/ Yoast SEO plugin. -->","yoast_head_json":{"title":"Conversatorio Accesibilidad a los medicamentos y sus condicionantes .","robots":{"index":"index","follow":"follow","max-snippet":"max-snippet:-1","max-image-preview":"max-image-preview:large","max-video-preview":"max-video-preview:-1"},"canonical":"https:\/\/www.ucaldas.edu.co\/portal\/conversatorio-accesibilidad-a-los-medicamentos-y-sus-condicionantes\/","schema":{"@context":"https:\/\/schema.org","@graph":[{"@type":"Article","@id":"https:\/\/www.ucaldas.edu.co\/portal\/conversatorio-accesibilidad-a-los-medicamentos-y-sus-condicionantes\/#article","isPartOf":{"@id":"https:\/\/www.ucaldas.edu.co\/portal\/conversatorio-accesibilidad-a-los-medicamentos-y-sus-condicionantes\/"},"author":{"name":"ofiprensa","@id":"https:\/\/www.ucaldas.edu.co\/portal\/#\/schema\/person\/a1b482e23449158b4bc319926c074fdf"},"headline":"Conversatorio Accesibilidad a los medicamentos y sus condicionantes","datePublished":"2011-03-28T16:04:25+00:00","mainEntityOfPage":{"@id":"https:\/\/www.ucaldas.edu.co\/portal\/conversatorio-accesibilidad-a-los-medicamentos-y-sus-condicionantes\/"},"wordCount":114,"publisher":{"@id":"https:\/\/www.ucaldas.edu.co\/portal\/#organization"},"image":{"@id":"https:\/\/www.ucaldas.edu.co\/portal\/conversatorio-accesibilidad-a-los-medicamentos-y-sus-condicionantes\/#primaryimage"},"thumbnailUrl":"http:\/\/www.ucaldas.edu.co\/images\/tmp\/Accesibilidad_Medicamentos.jpg","articleSection":["Actualidad","Universidad al D\u00eda"],"inLanguage":"es"},{"@type":"WebPage","@id":"https:\/\/www.ucaldas.edu.co\/portal\/conversatorio-accesibilidad-a-los-medicamentos-y-sus-condicionantes\/","url":"https:\/\/www.ucaldas.edu.co\/portal\/conversatorio-accesibilidad-a-los-medicamentos-y-sus-condicionantes\/","name":"Conversatorio Accesibilidad a los medicamentos y sus condicionantes .","isPartOf":{"@id":"https:\/\/www.ucaldas.edu.co\/portal\/#website"},"primaryImageOfPage":{"@id":"https:\/\/www.ucaldas.edu.co\/portal\/conversatorio-accesibilidad-a-los-medicamentos-y-sus-condicionantes\/#primaryimage"},"image":{"@id":"https:\/\/www.ucaldas.edu.co\/portal\/conversatorio-accesibilidad-a-los-medicamentos-y-sus-condicionantes\/#primaryimage"},"thumbnailUrl":"http:\/\/www.ucaldas.edu.co\/images\/tmp\/Accesibilidad_Medicamentos.jpg","datePublished":"2011-03-28T16:04:25+00:00","breadcrumb":{"@id":"https:\/\/www.ucaldas.edu.co\/portal\/conversatorio-accesibilidad-a-los-medicamentos-y-sus-condicionantes\/#breadcrumb"},"inLanguage":"es","potentialAction":[{"@type":"ReadAction","target":["https:\/\/www.ucaldas.edu.co\/portal\/conversatorio-accesibilidad-a-los-medicamentos-y-sus-condicionantes\/"]}]},{"@type":"ImageObject","inLanguage":"es","@id":"https:\/\/www.ucaldas.edu.co\/portal\/conversatorio-accesibilidad-a-los-medicamentos-y-sus-condicionantes\/#primaryimage","url":"http:\/\/www.ucaldas.edu.co\/images\/tmp\/Accesibilidad_Medicamentos.jpg","contentUrl":"http:\/\/www.ucaldas.edu.co\/images\/tmp\/Accesibilidad_Medicamentos.jpg"},{"@type":"BreadcrumbList","@id":"https:\/\/www.ucaldas.edu.co\/portal\/conversatorio-accesibilidad-a-los-medicamentos-y-sus-condicionantes\/#breadcrumb","itemListElement":[{"@type":"ListItem","position":1,"name":"Portada","item":"https:\/\/www.ucaldas.edu.co\/portal\/"},{"@type":"ListItem","position":2,"name":"Conversatorio Accesibilidad a los medicamentos y sus condicionantes"}]},{"@type":"WebSite","@id":"https:\/\/www.ucaldas.edu.co\/portal\/#website","url":"https:\/\/www.ucaldas.edu.co\/portal\/","name":"Universidad de Caldas","description":"","publisher":{"@id":"https:\/\/www.ucaldas.edu.co\/portal\/#organization"},"alternateName":"U. de Caldas","potentialAction":[{"@type":"SearchAction","target":{"@type":"EntryPoint","urlTemplate":"https:\/\/www.ucaldas.edu.co\/portal\/?s={search_term_string}"},"query-input":{"@type":"PropertyValueSpecification","valueRequired":true,"valueName":"search_term_string"}}],"inLanguage":"es"},{"@type":"Organization","@id":"https:\/\/www.ucaldas.edu.co\/portal\/#organization","name":"Universidad de Caldas","alternateName":"U. de Caldas","url":"https:\/\/www.ucaldas.edu.co\/portal\/","logo":{"@type":"ImageObject","inLanguage":"es","@id":"https:\/\/www.ucaldas.edu.co\/portal\/#\/schema\/logo\/image\/","url":"https:\/\/www.ucaldas.edu.co\/portal\/wp-content\/uploads\/2023\/11\/Logo_horizontal_oscuroU-2023.png","contentUrl":"https:\/\/www.ucaldas.edu.co\/portal\/wp-content\/uploads\/2023\/11\/Logo_horizontal_oscuroU-2023.png","width":263,"height":101,"caption":"Universidad de Caldas"},"image":{"@id":"https:\/\/www.ucaldas.edu.co\/portal\/#\/schema\/logo\/image\/"},"sameAs":["https:\/\/www.facebook.com\/udecaldas","https:\/\/x.com\/udecaldas","https:\/\/www.youtube.com\/universidadcaldas","https:\/\/www.instagram.com\/udecaldas\/"]},{"@type":"Person","@id":"https:\/\/www.ucaldas.edu.co\/portal\/#\/schema\/person\/a1b482e23449158b4bc319926c074fdf","name":"ofiprensa","image":{"@type":"ImageObject","inLanguage":"es","@id":"https:\/\/www.ucaldas.edu.co\/portal\/wp-content\/litespeed\/avatar\/09ea5085e600095a7a811142c6944527.jpg?ver=1777497608","url":"https:\/\/www.ucaldas.edu.co\/portal\/wp-content\/litespeed\/avatar\/09ea5085e600095a7a811142c6944527.jpg?ver=1777497608","contentUrl":"https:\/\/www.ucaldas.edu.co\/portal\/wp-content\/litespeed\/avatar\/09ea5085e600095a7a811142c6944527.jpg?ver=1777497608","caption":"ofiprensa"},"url":"https:\/\/www.ucaldas.edu.co\/portal\/author\/ofiprensa\/"}]}},"_links":{"self":[{"href":"https:\/\/www.ucaldas.edu.co\/portal\/wp-json\/wp\/v2\/posts\/7472","targetHints":{"allow":["GET"]}}],"collection":[{"href":"https:\/\/www.ucaldas.edu.co\/portal\/wp-json\/wp\/v2\/posts"}],"about":[{"href":"https:\/\/www.ucaldas.edu.co\/portal\/wp-json\/wp\/v2\/types\/post"}],"author":[{"embeddable":true,"href":"https:\/\/www.ucaldas.edu.co\/portal\/wp-json\/wp\/v2\/users\/2"}],"replies":[{"embeddable":true,"href":"https:\/\/www.ucaldas.edu.co\/portal\/wp-json\/wp\/v2\/comments?post=7472"}],"version-history":[{"count":0,"href":"https:\/\/www.ucaldas.edu.co\/portal\/wp-json\/wp\/v2\/posts\/7472\/revisions"}],"wp:attachment":[{"href":"https:\/\/www.ucaldas.edu.co\/portal\/wp-json\/wp\/v2\/media?parent=7472"}],"wp:term":[{"taxonomy":"category","embeddable":true,"href":"https:\/\/www.ucaldas.edu.co\/portal\/wp-json\/wp\/v2\/categories?post=7472"},{"taxonomy":"post_tag","embeddable":true,"href":"https:\/\/www.ucaldas.edu.co\/portal\/wp-json\/wp\/v2\/tags?post=7472"}],"curies":[{"name":"wp","href":"https:\/\/api.w.org\/{rel}","templated":true}]}}