{"id":74715,"date":"2023-02-06T20:13:04","date_gmt":"2023-02-06T20:13:04","guid":{"rendered":"https:\/\/www.ucaldas.edu.co\/portal\/?p=74715"},"modified":"2023-02-06T20:13:04","modified_gmt":"2023-02-06T20:13:04","slug":"inscripciones-abiertas-para-participar-en-el-quinto-seminario-icon-s-colombia-2023-en-la-ciudad-de-cartagena","status":"publish","type":"post","link":"https:\/\/www.ucaldas.edu.co\/portal\/inscripciones-abiertas-para-participar-en-el-quinto-seminario-icon-s-colombia-2023-en-la-ciudad-de-cartagena\/","title":{"rendered":"Inscripciones abiertas para participar en el quinto Seminario ICON-S Colombia 2023 en la ciudad de Cartagena"},"content":{"rendered":"<p><img loading=\"lazy\" decoding=\"async\" class=\"aligncenter size-full wp-image-74716\" src=\"https:\/\/www.ucaldas.edu.co\/portal\/wp-content\/uploads\/2023\/02\/icons.jpg\" alt=\"ICON S\" width=\"900\" height=\"510\" srcset=\"https:\/\/www.ucaldas.edu.co\/portal\/wp-content\/uploads\/2023\/02\/icons.jpg 900w, https:\/\/www.ucaldas.edu.co\/portal\/wp-content\/uploads\/2023\/02\/icons-300x170.jpg 300w, https:\/\/www.ucaldas.edu.co\/portal\/wp-content\/uploads\/2023\/02\/icons-768x435.jpg 768w\" sizes=\"auto, (max-width: 900px) 100vw, 900px\" \/><\/p>\n<p>Se encuentra abierta la convocatoria para participar en las diferentes categor\u00edas del quinto seminario ICON-S Colombia 2023, desarrollado por la Sociedad Internacional de Derecho P\u00fablico en conjunto con las Universidades de Caldas, Cartagena, Antioquia y de la Sabana.<!--more--><\/p>\n<p>Para esta edici\u00f3n del evento el tema general ser\u00e1 \u00abRealismo m\u00e1gico, cultura jur\u00eddica y territorio\u00bb y contar\u00e1 con las siguientes modalidades de participaci\u00f3n:<\/p>\n<ul>\n<li>Ponencias individuales: Resumen de 500 palabras donde se narre la tem\u00e1tica que se abordar\u00e1 dentro de la ponencia.<\/li>\n<li>Grupos de trabajo: Estar\u00e1n compuestos por cinco ponentes y un moderador\/a. Resumen de 500 palabras explicando la ponencia que se tratar\u00e1.<\/li>\n<\/ul>\n<p>Se recomienda a los participantes tener en cuenta los criterios de diversidad de g\u00e9nero, procedencia y grupo etario en la conformaci\u00f3n de grupos de trabajo.<\/p>\n<p>El seminario expondr\u00e1 las principales tesis jur\u00eddicas, pol\u00edticas y filos\u00f3ficas que contribuyen a la consolidaci\u00f3n de la democracia constitucional por medio de la presentaci\u00f3n de ponencias, conferencias, resultados de investigaci\u00f3n y entre otros formatos.<\/p>\n<p>El evento se realizar\u00e1 de manera presencial en la Universidad de Cartagena.<\/p>\n<p><a href=\"https:\/\/docs.google.com\/forms\/d\/e\/1FAIpQLSdKHyS3aW1OVGZPSIO-h9MN97lqUtSxFeKYWvwlNf7B32a9Ew\/viewform\"><strong>Inscripciones individuales.<\/strong><\/a><\/p>\n<p><a href=\"https:\/\/docs.google.com\/forms\/d\/e\/1FAIpQLSfMBCqdPuIqzSErDzG2ly1pmuu5nd3LbDYy_DPdwtH2pQmQrQ\/viewform\"><strong>Inscripciones grupos.<\/strong><\/a><\/p>\n<p><a href=\"https:\/\/docs.google.com\/forms\/d\/e\/1FAIpQLScbUMBxTnGoeuIzgvplXzI9LR0w-gQ2k7E1nmm2v9SyuNKDOg\/viewform\"><strong>Inscripciones solo asistencia.<\/strong><\/a><\/p>\n","protected":false},"excerpt":{"rendered":"<p>Se encuentra abierta la convocatoria para participar en las diferentes categor\u00edas del quinto seminario ICON-S Colombia 2023, desarrollado por la Sociedad Internacional de Derecho P\u00fablico en conjunto con las Universidades de Caldas, Cartagena, Antioquia y de la Sabana.<\/p>\n","protected":false},"author":2,"featured_media":74716,"comment_status":"closed","ping_status":"open","sticky":false,"template":"","format":"standard","meta":{"footnotes":""},"categories":[48,53,617],"tags":[9631],"class_list":["post-74715","post","type-post","status-publish","format-standard","has-post-thumbnail","hentry","category-actualidad","category-universidad-al-dia","category-ucaldas-colaborativa","tag-icon-s-colombia"],"yoast_head":"<!-- This site is optimized with the Yoast SEO plugin v27.5 - https:\/\/yoast.com\/product\/yoast-seo-wordpress\/ -->\n<title>Inscripciones abiertas para participar en el quinto Seminario ICON-S Colombia 2023 en la ciudad de Cartagena .<\/title>\n<meta name=\"robots\" content=\"index, follow, max-snippet:-1, max-image-preview:large, max-video-preview:-1\" \/>\n<link rel=\"canonical\" href=\"https:\/\/www.ucaldas.edu.co\/portal\/inscripciones-abiertas-para-participar-en-el-quinto-seminario-icon-s-colombia-2023-en-la-ciudad-de-cartagena\/\" \/>\n<script type=\"application\/ld+json\" class=\"yoast-schema-graph\">{\"@context\":\"https:\\\/\\\/schema.org\",\"@graph\":[{\"@type\":\"Article\",\"@id\":\"https:\\\/\\\/www.ucaldas.edu.co\\\/portal\\\/inscripciones-abiertas-para-participar-en-el-quinto-seminario-icon-s-colombia-2023-en-la-ciudad-de-cartagena\\\/#article\",\"isPartOf\":{\"@id\":\"https:\\\/\\\/www.ucaldas.edu.co\\\/portal\\\/inscripciones-abiertas-para-participar-en-el-quinto-seminario-icon-s-colombia-2023-en-la-ciudad-de-cartagena\\\/\"},\"author\":{\"name\":\"ofiprensa\",\"@id\":\"https:\\\/\\\/www.ucaldas.edu.co\\\/portal\\\/#\\\/schema\\\/person\\\/a1b482e23449158b4bc319926c074fdf\"},\"headline\":\"Inscripciones abiertas para participar en el quinto Seminario ICON-S Colombia 2023 en la ciudad de Cartagena\",\"datePublished\":\"2023-02-06T20:13:04+00:00\",\"mainEntityOfPage\":{\"@id\":\"https:\\\/\\\/www.ucaldas.edu.co\\\/portal\\\/inscripciones-abiertas-para-participar-en-el-quinto-seminario-icon-s-colombia-2023-en-la-ciudad-de-cartagena\\\/\"},\"wordCount\":207,\"publisher\":{\"@id\":\"https:\\\/\\\/www.ucaldas.edu.co\\\/portal\\\/#organization\"},\"image\":{\"@id\":\"https:\\\/\\\/www.ucaldas.edu.co\\\/portal\\\/inscripciones-abiertas-para-participar-en-el-quinto-seminario-icon-s-colombia-2023-en-la-ciudad-de-cartagena\\\/#primaryimage\"},\"thumbnailUrl\":\"https:\\\/\\\/www.ucaldas.edu.co\\\/portal\\\/wp-content\\\/uploads\\\/2023\\\/02\\\/icons.jpg\",\"keywords\":[\"Icon-s colombia\"],\"articleSection\":[\"Actualidad\",\"Universidad al D\u00eda\",\"UCaldas Colaborativa\"],\"inLanguage\":\"es\"},{\"@type\":\"WebPage\",\"@id\":\"https:\\\/\\\/www.ucaldas.edu.co\\\/portal\\\/inscripciones-abiertas-para-participar-en-el-quinto-seminario-icon-s-colombia-2023-en-la-ciudad-de-cartagena\\\/\",\"url\":\"https:\\\/\\\/www.ucaldas.edu.co\\\/portal\\\/inscripciones-abiertas-para-participar-en-el-quinto-seminario-icon-s-colombia-2023-en-la-ciudad-de-cartagena\\\/\",\"name\":\"Inscripciones abiertas para participar en el quinto Seminario ICON-S Colombia 2023 en la ciudad de Cartagena .\",\"isPartOf\":{\"@id\":\"https:\\\/\\\/www.ucaldas.edu.co\\\/portal\\\/#website\"},\"primaryImageOfPage\":{\"@id\":\"https:\\\/\\\/www.ucaldas.edu.co\\\/portal\\\/inscripciones-abiertas-para-participar-en-el-quinto-seminario-icon-s-colombia-2023-en-la-ciudad-de-cartagena\\\/#primaryimage\"},\"image\":{\"@id\":\"https:\\\/\\\/www.ucaldas.edu.co\\\/portal\\\/inscripciones-abiertas-para-participar-en-el-quinto-seminario-icon-s-colombia-2023-en-la-ciudad-de-cartagena\\\/#primaryimage\"},\"thumbnailUrl\":\"https:\\\/\\\/www.ucaldas.edu.co\\\/portal\\\/wp-content\\\/uploads\\\/2023\\\/02\\\/icons.jpg\",\"datePublished\":\"2023-02-06T20:13:04+00:00\",\"breadcrumb\":{\"@id\":\"https:\\\/\\\/www.ucaldas.edu.co\\\/portal\\\/inscripciones-abiertas-para-participar-en-el-quinto-seminario-icon-s-colombia-2023-en-la-ciudad-de-cartagena\\\/#breadcrumb\"},\"inLanguage\":\"es\",\"potentialAction\":[{\"@type\":\"ReadAction\",\"target\":[\"https:\\\/\\\/www.ucaldas.edu.co\\\/portal\\\/inscripciones-abiertas-para-participar-en-el-quinto-seminario-icon-s-colombia-2023-en-la-ciudad-de-cartagena\\\/\"]}]},{\"@type\":\"ImageObject\",\"inLanguage\":\"es\",\"@id\":\"https:\\\/\\\/www.ucaldas.edu.co\\\/portal\\\/inscripciones-abiertas-para-participar-en-el-quinto-seminario-icon-s-colombia-2023-en-la-ciudad-de-cartagena\\\/#primaryimage\",\"url\":\"https:\\\/\\\/www.ucaldas.edu.co\\\/portal\\\/wp-content\\\/uploads\\\/2023\\\/02\\\/icons.jpg\",\"contentUrl\":\"https:\\\/\\\/www.ucaldas.edu.co\\\/portal\\\/wp-content\\\/uploads\\\/2023\\\/02\\\/icons.jpg\",\"width\":900,\"height\":510,\"caption\":\"ICON S\"},{\"@type\":\"BreadcrumbList\",\"@id\":\"https:\\\/\\\/www.ucaldas.edu.co\\\/portal\\\/inscripciones-abiertas-para-participar-en-el-quinto-seminario-icon-s-colombia-2023-en-la-ciudad-de-cartagena\\\/#breadcrumb\",\"itemListElement\":[{\"@type\":\"ListItem\",\"position\":1,\"name\":\"Portada\",\"item\":\"https:\\\/\\\/www.ucaldas.edu.co\\\/portal\\\/\"},{\"@type\":\"ListItem\",\"position\":2,\"name\":\"Inscripciones abiertas para participar en el quinto Seminario ICON-S Colombia 2023 en la ciudad de Cartagena\"}]},{\"@type\":\"WebSite\",\"@id\":\"https:\\\/\\\/www.ucaldas.edu.co\\\/portal\\\/#website\",\"url\":\"https:\\\/\\\/www.ucaldas.edu.co\\\/portal\\\/\",\"name\":\"Universidad de Caldas\",\"description\":\"\",\"publisher\":{\"@id\":\"https:\\\/\\\/www.ucaldas.edu.co\\\/portal\\\/#organization\"},\"alternateName\":\"U. de Caldas\",\"potentialAction\":[{\"@type\":\"SearchAction\",\"target\":{\"@type\":\"EntryPoint\",\"urlTemplate\":\"https:\\\/\\\/www.ucaldas.edu.co\\\/portal\\\/?s={search_term_string}\"},\"query-input\":{\"@type\":\"PropertyValueSpecification\",\"valueRequired\":true,\"valueName\":\"search_term_string\"}}],\"inLanguage\":\"es\"},{\"@type\":\"Organization\",\"@id\":\"https:\\\/\\\/www.ucaldas.edu.co\\\/portal\\\/#organization\",\"name\":\"Universidad de Caldas\",\"alternateName\":\"U. de Caldas\",\"url\":\"https:\\\/\\\/www.ucaldas.edu.co\\\/portal\\\/\",\"logo\":{\"@type\":\"ImageObject\",\"inLanguage\":\"es\",\"@id\":\"https:\\\/\\\/www.ucaldas.edu.co\\\/portal\\\/#\\\/schema\\\/logo\\\/image\\\/\",\"url\":\"https:\\\/\\\/www.ucaldas.edu.co\\\/portal\\\/wp-content\\\/uploads\\\/2023\\\/11\\\/Logo_horizontal_oscuroU-2023.png\",\"contentUrl\":\"https:\\\/\\\/www.ucaldas.edu.co\\\/portal\\\/wp-content\\\/uploads\\\/2023\\\/11\\\/Logo_horizontal_oscuroU-2023.png\",\"width\":263,\"height\":101,\"caption\":\"Universidad de Caldas\"},\"image\":{\"@id\":\"https:\\\/\\\/www.ucaldas.edu.co\\\/portal\\\/#\\\/schema\\\/logo\\\/image\\\/\"},\"sameAs\":[\"https:\\\/\\\/www.facebook.com\\\/udecaldas\",\"https:\\\/\\\/x.com\\\/udecaldas\",\"https:\\\/\\\/www.youtube.com\\\/universidadcaldas\",\"https:\\\/\\\/www.instagram.com\\\/udecaldas\\\/\"]},{\"@type\":\"Person\",\"@id\":\"https:\\\/\\\/www.ucaldas.edu.co\\\/portal\\\/#\\\/schema\\\/person\\\/a1b482e23449158b4bc319926c074fdf\",\"name\":\"ofiprensa\",\"image\":{\"@type\":\"ImageObject\",\"inLanguage\":\"es\",\"@id\":\"https:\\\/\\\/www.ucaldas.edu.co\\\/portal\\\/wp-content\\\/litespeed\\\/avatar\\\/09ea5085e600095a7a811142c6944527.jpg?ver=1776892805\",\"url\":\"https:\\\/\\\/www.ucaldas.edu.co\\\/portal\\\/wp-content\\\/litespeed\\\/avatar\\\/09ea5085e600095a7a811142c6944527.jpg?ver=1776892805\",\"contentUrl\":\"https:\\\/\\\/www.ucaldas.edu.co\\\/portal\\\/wp-content\\\/litespeed\\\/avatar\\\/09ea5085e600095a7a811142c6944527.jpg?ver=1776892805\",\"caption\":\"ofiprensa\"},\"url\":\"https:\\\/\\\/www.ucaldas.edu.co\\\/portal\\\/author\\\/ofiprensa\\\/\"}]}<\/script>\n<!-- \/ Yoast SEO plugin. -->","yoast_head_json":{"title":"Inscripciones abiertas para participar en el quinto Seminario ICON-S Colombia 2023 en la ciudad de Cartagena .","robots":{"index":"index","follow":"follow","max-snippet":"max-snippet:-1","max-image-preview":"max-image-preview:large","max-video-preview":"max-video-preview:-1"},"canonical":"https:\/\/www.ucaldas.edu.co\/portal\/inscripciones-abiertas-para-participar-en-el-quinto-seminario-icon-s-colombia-2023-en-la-ciudad-de-cartagena\/","schema":{"@context":"https:\/\/schema.org","@graph":[{"@type":"Article","@id":"https:\/\/www.ucaldas.edu.co\/portal\/inscripciones-abiertas-para-participar-en-el-quinto-seminario-icon-s-colombia-2023-en-la-ciudad-de-cartagena\/#article","isPartOf":{"@id":"https:\/\/www.ucaldas.edu.co\/portal\/inscripciones-abiertas-para-participar-en-el-quinto-seminario-icon-s-colombia-2023-en-la-ciudad-de-cartagena\/"},"author":{"name":"ofiprensa","@id":"https:\/\/www.ucaldas.edu.co\/portal\/#\/schema\/person\/a1b482e23449158b4bc319926c074fdf"},"headline":"Inscripciones abiertas para participar en el quinto Seminario ICON-S Colombia 2023 en la ciudad de Cartagena","datePublished":"2023-02-06T20:13:04+00:00","mainEntityOfPage":{"@id":"https:\/\/www.ucaldas.edu.co\/portal\/inscripciones-abiertas-para-participar-en-el-quinto-seminario-icon-s-colombia-2023-en-la-ciudad-de-cartagena\/"},"wordCount":207,"publisher":{"@id":"https:\/\/www.ucaldas.edu.co\/portal\/#organization"},"image":{"@id":"https:\/\/www.ucaldas.edu.co\/portal\/inscripciones-abiertas-para-participar-en-el-quinto-seminario-icon-s-colombia-2023-en-la-ciudad-de-cartagena\/#primaryimage"},"thumbnailUrl":"https:\/\/www.ucaldas.edu.co\/portal\/wp-content\/uploads\/2023\/02\/icons.jpg","keywords":["Icon-s colombia"],"articleSection":["Actualidad","Universidad al D\u00eda","UCaldas Colaborativa"],"inLanguage":"es"},{"@type":"WebPage","@id":"https:\/\/www.ucaldas.edu.co\/portal\/inscripciones-abiertas-para-participar-en-el-quinto-seminario-icon-s-colombia-2023-en-la-ciudad-de-cartagena\/","url":"https:\/\/www.ucaldas.edu.co\/portal\/inscripciones-abiertas-para-participar-en-el-quinto-seminario-icon-s-colombia-2023-en-la-ciudad-de-cartagena\/","name":"Inscripciones abiertas para participar en el quinto Seminario ICON-S Colombia 2023 en la ciudad de Cartagena .","isPartOf":{"@id":"https:\/\/www.ucaldas.edu.co\/portal\/#website"},"primaryImageOfPage":{"@id":"https:\/\/www.ucaldas.edu.co\/portal\/inscripciones-abiertas-para-participar-en-el-quinto-seminario-icon-s-colombia-2023-en-la-ciudad-de-cartagena\/#primaryimage"},"image":{"@id":"https:\/\/www.ucaldas.edu.co\/portal\/inscripciones-abiertas-para-participar-en-el-quinto-seminario-icon-s-colombia-2023-en-la-ciudad-de-cartagena\/#primaryimage"},"thumbnailUrl":"https:\/\/www.ucaldas.edu.co\/portal\/wp-content\/uploads\/2023\/02\/icons.jpg","datePublished":"2023-02-06T20:13:04+00:00","breadcrumb":{"@id":"https:\/\/www.ucaldas.edu.co\/portal\/inscripciones-abiertas-para-participar-en-el-quinto-seminario-icon-s-colombia-2023-en-la-ciudad-de-cartagena\/#breadcrumb"},"inLanguage":"es","potentialAction":[{"@type":"ReadAction","target":["https:\/\/www.ucaldas.edu.co\/portal\/inscripciones-abiertas-para-participar-en-el-quinto-seminario-icon-s-colombia-2023-en-la-ciudad-de-cartagena\/"]}]},{"@type":"ImageObject","inLanguage":"es","@id":"https:\/\/www.ucaldas.edu.co\/portal\/inscripciones-abiertas-para-participar-en-el-quinto-seminario-icon-s-colombia-2023-en-la-ciudad-de-cartagena\/#primaryimage","url":"https:\/\/www.ucaldas.edu.co\/portal\/wp-content\/uploads\/2023\/02\/icons.jpg","contentUrl":"https:\/\/www.ucaldas.edu.co\/portal\/wp-content\/uploads\/2023\/02\/icons.jpg","width":900,"height":510,"caption":"ICON S"},{"@type":"BreadcrumbList","@id":"https:\/\/www.ucaldas.edu.co\/portal\/inscripciones-abiertas-para-participar-en-el-quinto-seminario-icon-s-colombia-2023-en-la-ciudad-de-cartagena\/#breadcrumb","itemListElement":[{"@type":"ListItem","position":1,"name":"Portada","item":"https:\/\/www.ucaldas.edu.co\/portal\/"},{"@type":"ListItem","position":2,"name":"Inscripciones abiertas para participar en el quinto Seminario ICON-S Colombia 2023 en la ciudad de Cartagena"}]},{"@type":"WebSite","@id":"https:\/\/www.ucaldas.edu.co\/portal\/#website","url":"https:\/\/www.ucaldas.edu.co\/portal\/","name":"Universidad de Caldas","description":"","publisher":{"@id":"https:\/\/www.ucaldas.edu.co\/portal\/#organization"},"alternateName":"U. de Caldas","potentialAction":[{"@type":"SearchAction","target":{"@type":"EntryPoint","urlTemplate":"https:\/\/www.ucaldas.edu.co\/portal\/?s={search_term_string}"},"query-input":{"@type":"PropertyValueSpecification","valueRequired":true,"valueName":"search_term_string"}}],"inLanguage":"es"},{"@type":"Organization","@id":"https:\/\/www.ucaldas.edu.co\/portal\/#organization","name":"Universidad de Caldas","alternateName":"U. de Caldas","url":"https:\/\/www.ucaldas.edu.co\/portal\/","logo":{"@type":"ImageObject","inLanguage":"es","@id":"https:\/\/www.ucaldas.edu.co\/portal\/#\/schema\/logo\/image\/","url":"https:\/\/www.ucaldas.edu.co\/portal\/wp-content\/uploads\/2023\/11\/Logo_horizontal_oscuroU-2023.png","contentUrl":"https:\/\/www.ucaldas.edu.co\/portal\/wp-content\/uploads\/2023\/11\/Logo_horizontal_oscuroU-2023.png","width":263,"height":101,"caption":"Universidad de Caldas"},"image":{"@id":"https:\/\/www.ucaldas.edu.co\/portal\/#\/schema\/logo\/image\/"},"sameAs":["https:\/\/www.facebook.com\/udecaldas","https:\/\/x.com\/udecaldas","https:\/\/www.youtube.com\/universidadcaldas","https:\/\/www.instagram.com\/udecaldas\/"]},{"@type":"Person","@id":"https:\/\/www.ucaldas.edu.co\/portal\/#\/schema\/person\/a1b482e23449158b4bc319926c074fdf","name":"ofiprensa","image":{"@type":"ImageObject","inLanguage":"es","@id":"https:\/\/www.ucaldas.edu.co\/portal\/wp-content\/litespeed\/avatar\/09ea5085e600095a7a811142c6944527.jpg?ver=1776892805","url":"https:\/\/www.ucaldas.edu.co\/portal\/wp-content\/litespeed\/avatar\/09ea5085e600095a7a811142c6944527.jpg?ver=1776892805","contentUrl":"https:\/\/www.ucaldas.edu.co\/portal\/wp-content\/litespeed\/avatar\/09ea5085e600095a7a811142c6944527.jpg?ver=1776892805","caption":"ofiprensa"},"url":"https:\/\/www.ucaldas.edu.co\/portal\/author\/ofiprensa\/"}]}},"_links":{"self":[{"href":"https:\/\/www.ucaldas.edu.co\/portal\/wp-json\/wp\/v2\/posts\/74715","targetHints":{"allow":["GET"]}}],"collection":[{"href":"https:\/\/www.ucaldas.edu.co\/portal\/wp-json\/wp\/v2\/posts"}],"about":[{"href":"https:\/\/www.ucaldas.edu.co\/portal\/wp-json\/wp\/v2\/types\/post"}],"author":[{"embeddable":true,"href":"https:\/\/www.ucaldas.edu.co\/portal\/wp-json\/wp\/v2\/users\/2"}],"replies":[{"embeddable":true,"href":"https:\/\/www.ucaldas.edu.co\/portal\/wp-json\/wp\/v2\/comments?post=74715"}],"version-history":[{"count":0,"href":"https:\/\/www.ucaldas.edu.co\/portal\/wp-json\/wp\/v2\/posts\/74715\/revisions"}],"wp:featuredmedia":[{"embeddable":true,"href":"https:\/\/www.ucaldas.edu.co\/portal\/wp-json\/wp\/v2\/media\/74716"}],"wp:attachment":[{"href":"https:\/\/www.ucaldas.edu.co\/portal\/wp-json\/wp\/v2\/media?parent=74715"}],"wp:term":[{"taxonomy":"category","embeddable":true,"href":"https:\/\/www.ucaldas.edu.co\/portal\/wp-json\/wp\/v2\/categories?post=74715"},{"taxonomy":"post_tag","embeddable":true,"href":"https:\/\/www.ucaldas.edu.co\/portal\/wp-json\/wp\/v2\/tags?post=74715"}],"curies":[{"name":"wp","href":"https:\/\/api.w.org\/{rel}","templated":true}]}}