{"id":74677,"date":"2023-02-02T14:00:01","date_gmt":"2023-02-02T14:00:01","guid":{"rendered":"https:\/\/www.ucaldas.edu.co\/portal\/?p=74677"},"modified":"2023-02-02T14:00:01","modified_gmt":"2023-02-02T14:00:01","slug":"abiertas-convocatorias-para-participar-en-el-xxii-festival-internacional-de-la-imagen","status":"publish","type":"post","link":"https:\/\/www.ucaldas.edu.co\/portal\/abiertas-convocatorias-para-participar-en-el-xxii-festival-internacional-de-la-imagen\/","title":{"rendered":"Abiertas convocatorias para participar en el XXII Festival Internacional de la Imagen"},"content":{"rendered":"<p><img loading=\"lazy\" decoding=\"async\" class=\"aligncenter size-full wp-image-74678\" src=\"https:\/\/www.ucaldas.edu.co\/portal\/wp-content\/uploads\/2023\/02\/imagen.jpg\" alt=\"convocatoria\" width=\"700\" height=\"400\" srcset=\"https:\/\/www.ucaldas.edu.co\/portal\/wp-content\/uploads\/2023\/02\/imagen.jpg 700w, https:\/\/www.ucaldas.edu.co\/portal\/wp-content\/uploads\/2023\/02\/imagen-300x171.jpg 300w\" sizes=\"auto, (max-width: 700px) 100vw, 700px\" \/><\/p>\n<p>Hasta el 17 de marzo estar\u00e1n abiertas las convocatorias para participar en los diferentes espacios que tendr\u00e1 la vig\u00e9sima segunda edici\u00f3n del Festival Internacional de la Imagen, uno de los eventos de cultura digital y artes electr\u00f3nicas m\u00e1s importantes de Colombia y uno de los m\u00e1s representativos en Latinoam\u00e9rica, realizado en las ciudades de Manizales y Bogot\u00e1.<!--more--><\/p>\n<p>El Festival Internacional de la Imagen es un espacio donde convergen dise\u00f1adores, artistas y cient\u00edficos para dialogar sobre los temas que interrelacionan la cultura digital con los debates contempor\u00e1neos que vinculan los grandes desaf\u00edos del siglo XXI.<\/p>\n<p>Durante su trayectoria el Festival ha logrado establecer una red internacional de instituciones, investigadores y creadores que cada a\u00f1o intercambian experiencias y conocimientos, posicion\u00e1ndose como un evento de relevancia internacional y de referencia acad\u00e9mica en el dise\u00f1o, el arte, la ciencia y la tecnolog\u00eda.<\/p>\n<p>En 2023 el XXII Festival Internacional de la Imagen se realizar\u00e1 del 29 de mayo al 4 de junio, en las ciudades de Manizales y Bogot\u00e1, enlaz\u00e1ndose con el XII Simposio Internacional de Innovaci\u00f3n en Medios Interactivos SIIMI\/2023 y el Encuentro Internacional de Arte y Tecnolog\u00eda Interactivos 22.ART.<\/p>\n<p>El evento es organizado desde hace 26 a\u00f1os por el Departamento de Dise\u00f1o Visual de la Facultad de Artes y Humanidades de la Universidad de Caldas y desde el 2021 se realiza en alianza con la Facultad de Artes y Dise\u00f1o de la Universidad Jorge Tadeo Lozano de Bogot\u00e1.<\/p>\n<p>Las convocatorias son las siguientes:<\/p>\n<p><strong>Convocatoria Acad\u00e9mica: XIX Foro Acad\u00e9mico Internacional de Dise\u00f1o y Creaci\u00f3n:<\/strong><\/p>\n<ul>\n<li>Categor\u00eda Papers.<\/li>\n<li>Categor\u00eda Posters.<\/li>\n<li>Categor\u00eda Panels.<\/li>\n<\/ul>\n<p><strong>Convocatoria Art\u00edstica:<\/strong><\/p>\n<ul>\n<li>Exhibiciones (instalaciones interactivas, muestras en sala, propuestas transmedia in situ).<\/li>\n<li>Cine Digital (animaci\u00f3n, cine, video arte, documental).<\/li>\n<li>Muestra Monogr\u00e1fica de MediaArt (Apps, VR, NetArt y propuestas sonoras).<\/li>\n<li>Soundbridges.<\/li>\n<\/ul>\n<p>&nbsp;<\/p>\n<p><strong><a href=\"https:\/\/festivaldelaimagen.com\/en\/convocatoria2023\/\">Conozca aqu\u00ed m\u00e1s del Festival y c\u00f3mo postularse.<\/a><\/strong><\/p>\n","protected":false},"excerpt":{"rendered":"<p>Hasta el 17 de marzo estar\u00e1n abiertas las convocatorias para participar en los diferentes espacios que tendr\u00e1 la vig\u00e9sima segunda edici\u00f3n del Festival Internacional de la Imagen, uno de los eventos de cultura digital y artes electr\u00f3nicas m\u00e1s importantes de Colombia y uno de los m\u00e1s representativos en Latinoam\u00e9rica, realizado en las ciudades de Manizales [&hellip;]<\/p>\n","protected":false},"author":2,"featured_media":74678,"comment_status":"closed","ping_status":"open","sticky":false,"template":"","format":"standard","meta":{"footnotes":""},"categories":[48,53,614,624,664],"tags":[141,4047],"class_list":["post-74677","post","type-post","status-publish","format-standard","has-post-thumbnail","hentry","category-actualidad","category-universidad-al-dia","category-ucaldas-internacional","category-ucaldas-activa","category-ucaldas-cultural","tag-convocatoria","tag-festival-internacional-imagen"],"yoast_head":"<!-- This site is optimized with the Yoast SEO plugin v27.5 - https:\/\/yoast.com\/product\/yoast-seo-wordpress\/ -->\n<title>Abiertas convocatorias para participar en el XXII Festival Internacional de la Imagen .<\/title>\n<meta name=\"robots\" content=\"index, follow, max-snippet:-1, max-image-preview:large, max-video-preview:-1\" \/>\n<link rel=\"canonical\" href=\"https:\/\/www.ucaldas.edu.co\/portal\/abiertas-convocatorias-para-participar-en-el-xxii-festival-internacional-de-la-imagen\/\" \/>\n<script type=\"application\/ld+json\" class=\"yoast-schema-graph\">{\"@context\":\"https:\\\/\\\/schema.org\",\"@graph\":[{\"@type\":\"Article\",\"@id\":\"https:\\\/\\\/www.ucaldas.edu.co\\\/portal\\\/abiertas-convocatorias-para-participar-en-el-xxii-festival-internacional-de-la-imagen\\\/#article\",\"isPartOf\":{\"@id\":\"https:\\\/\\\/www.ucaldas.edu.co\\\/portal\\\/abiertas-convocatorias-para-participar-en-el-xxii-festival-internacional-de-la-imagen\\\/\"},\"author\":{\"name\":\"ofiprensa\",\"@id\":\"https:\\\/\\\/www.ucaldas.edu.co\\\/portal\\\/#\\\/schema\\\/person\\\/a1b482e23449158b4bc319926c074fdf\"},\"headline\":\"Abiertas convocatorias para participar en el XXII Festival Internacional de la Imagen\",\"datePublished\":\"2023-02-02T14:00:01+00:00\",\"mainEntityOfPage\":{\"@id\":\"https:\\\/\\\/www.ucaldas.edu.co\\\/portal\\\/abiertas-convocatorias-para-participar-en-el-xxii-festival-internacional-de-la-imagen\\\/\"},\"wordCount\":335,\"publisher\":{\"@id\":\"https:\\\/\\\/www.ucaldas.edu.co\\\/portal\\\/#organization\"},\"image\":{\"@id\":\"https:\\\/\\\/www.ucaldas.edu.co\\\/portal\\\/abiertas-convocatorias-para-participar-en-el-xxii-festival-internacional-de-la-imagen\\\/#primaryimage\"},\"thumbnailUrl\":\"https:\\\/\\\/www.ucaldas.edu.co\\\/portal\\\/wp-content\\\/uploads\\\/2023\\\/02\\\/imagen.jpg\",\"keywords\":[\"Convocatoria\",\"festival internacional imagen\"],\"articleSection\":[\"Actualidad\",\"Universidad al D\u00eda\",\"Ucaldas Internacional\",\"UCaldas Activa\",\"UCaldas Cultural\"],\"inLanguage\":\"es\"},{\"@type\":\"WebPage\",\"@id\":\"https:\\\/\\\/www.ucaldas.edu.co\\\/portal\\\/abiertas-convocatorias-para-participar-en-el-xxii-festival-internacional-de-la-imagen\\\/\",\"url\":\"https:\\\/\\\/www.ucaldas.edu.co\\\/portal\\\/abiertas-convocatorias-para-participar-en-el-xxii-festival-internacional-de-la-imagen\\\/\",\"name\":\"Abiertas convocatorias para participar en el XXII Festival Internacional de la Imagen .\",\"isPartOf\":{\"@id\":\"https:\\\/\\\/www.ucaldas.edu.co\\\/portal\\\/#website\"},\"primaryImageOfPage\":{\"@id\":\"https:\\\/\\\/www.ucaldas.edu.co\\\/portal\\\/abiertas-convocatorias-para-participar-en-el-xxii-festival-internacional-de-la-imagen\\\/#primaryimage\"},\"image\":{\"@id\":\"https:\\\/\\\/www.ucaldas.edu.co\\\/portal\\\/abiertas-convocatorias-para-participar-en-el-xxii-festival-internacional-de-la-imagen\\\/#primaryimage\"},\"thumbnailUrl\":\"https:\\\/\\\/www.ucaldas.edu.co\\\/portal\\\/wp-content\\\/uploads\\\/2023\\\/02\\\/imagen.jpg\",\"datePublished\":\"2023-02-02T14:00:01+00:00\",\"breadcrumb\":{\"@id\":\"https:\\\/\\\/www.ucaldas.edu.co\\\/portal\\\/abiertas-convocatorias-para-participar-en-el-xxii-festival-internacional-de-la-imagen\\\/#breadcrumb\"},\"inLanguage\":\"es\",\"potentialAction\":[{\"@type\":\"ReadAction\",\"target\":[\"https:\\\/\\\/www.ucaldas.edu.co\\\/portal\\\/abiertas-convocatorias-para-participar-en-el-xxii-festival-internacional-de-la-imagen\\\/\"]}]},{\"@type\":\"ImageObject\",\"inLanguage\":\"es\",\"@id\":\"https:\\\/\\\/www.ucaldas.edu.co\\\/portal\\\/abiertas-convocatorias-para-participar-en-el-xxii-festival-internacional-de-la-imagen\\\/#primaryimage\",\"url\":\"https:\\\/\\\/www.ucaldas.edu.co\\\/portal\\\/wp-content\\\/uploads\\\/2023\\\/02\\\/imagen.jpg\",\"contentUrl\":\"https:\\\/\\\/www.ucaldas.edu.co\\\/portal\\\/wp-content\\\/uploads\\\/2023\\\/02\\\/imagen.jpg\",\"width\":700,\"height\":400,\"caption\":\"convocatoria\"},{\"@type\":\"BreadcrumbList\",\"@id\":\"https:\\\/\\\/www.ucaldas.edu.co\\\/portal\\\/abiertas-convocatorias-para-participar-en-el-xxii-festival-internacional-de-la-imagen\\\/#breadcrumb\",\"itemListElement\":[{\"@type\":\"ListItem\",\"position\":1,\"name\":\"Portada\",\"item\":\"https:\\\/\\\/www.ucaldas.edu.co\\\/portal\\\/\"},{\"@type\":\"ListItem\",\"position\":2,\"name\":\"Abiertas convocatorias para participar en el XXII Festival Internacional de la Imagen\"}]},{\"@type\":\"WebSite\",\"@id\":\"https:\\\/\\\/www.ucaldas.edu.co\\\/portal\\\/#website\",\"url\":\"https:\\\/\\\/www.ucaldas.edu.co\\\/portal\\\/\",\"name\":\"Universidad de Caldas\",\"description\":\"\",\"publisher\":{\"@id\":\"https:\\\/\\\/www.ucaldas.edu.co\\\/portal\\\/#organization\"},\"alternateName\":\"U. de Caldas\",\"potentialAction\":[{\"@type\":\"SearchAction\",\"target\":{\"@type\":\"EntryPoint\",\"urlTemplate\":\"https:\\\/\\\/www.ucaldas.edu.co\\\/portal\\\/?s={search_term_string}\"},\"query-input\":{\"@type\":\"PropertyValueSpecification\",\"valueRequired\":true,\"valueName\":\"search_term_string\"}}],\"inLanguage\":\"es\"},{\"@type\":\"Organization\",\"@id\":\"https:\\\/\\\/www.ucaldas.edu.co\\\/portal\\\/#organization\",\"name\":\"Universidad de Caldas\",\"alternateName\":\"U. de Caldas\",\"url\":\"https:\\\/\\\/www.ucaldas.edu.co\\\/portal\\\/\",\"logo\":{\"@type\":\"ImageObject\",\"inLanguage\":\"es\",\"@id\":\"https:\\\/\\\/www.ucaldas.edu.co\\\/portal\\\/#\\\/schema\\\/logo\\\/image\\\/\",\"url\":\"https:\\\/\\\/www.ucaldas.edu.co\\\/portal\\\/wp-content\\\/uploads\\\/2023\\\/11\\\/Logo_horizontal_oscuroU-2023.png\",\"contentUrl\":\"https:\\\/\\\/www.ucaldas.edu.co\\\/portal\\\/wp-content\\\/uploads\\\/2023\\\/11\\\/Logo_horizontal_oscuroU-2023.png\",\"width\":263,\"height\":101,\"caption\":\"Universidad de Caldas\"},\"image\":{\"@id\":\"https:\\\/\\\/www.ucaldas.edu.co\\\/portal\\\/#\\\/schema\\\/logo\\\/image\\\/\"},\"sameAs\":[\"https:\\\/\\\/www.facebook.com\\\/udecaldas\",\"https:\\\/\\\/x.com\\\/udecaldas\",\"https:\\\/\\\/www.youtube.com\\\/universidadcaldas\",\"https:\\\/\\\/www.instagram.com\\\/udecaldas\\\/\"]},{\"@type\":\"Person\",\"@id\":\"https:\\\/\\\/www.ucaldas.edu.co\\\/portal\\\/#\\\/schema\\\/person\\\/a1b482e23449158b4bc319926c074fdf\",\"name\":\"ofiprensa\",\"image\":{\"@type\":\"ImageObject\",\"inLanguage\":\"es\",\"@id\":\"https:\\\/\\\/www.ucaldas.edu.co\\\/portal\\\/wp-content\\\/litespeed\\\/avatar\\\/09ea5085e600095a7a811142c6944527.jpg?ver=1776892805\",\"url\":\"https:\\\/\\\/www.ucaldas.edu.co\\\/portal\\\/wp-content\\\/litespeed\\\/avatar\\\/09ea5085e600095a7a811142c6944527.jpg?ver=1776892805\",\"contentUrl\":\"https:\\\/\\\/www.ucaldas.edu.co\\\/portal\\\/wp-content\\\/litespeed\\\/avatar\\\/09ea5085e600095a7a811142c6944527.jpg?ver=1776892805\",\"caption\":\"ofiprensa\"},\"url\":\"https:\\\/\\\/www.ucaldas.edu.co\\\/portal\\\/author\\\/ofiprensa\\\/\"}]}<\/script>\n<!-- \/ Yoast SEO plugin. -->","yoast_head_json":{"title":"Abiertas convocatorias para participar en el XXII Festival Internacional de la Imagen .","robots":{"index":"index","follow":"follow","max-snippet":"max-snippet:-1","max-image-preview":"max-image-preview:large","max-video-preview":"max-video-preview:-1"},"canonical":"https:\/\/www.ucaldas.edu.co\/portal\/abiertas-convocatorias-para-participar-en-el-xxii-festival-internacional-de-la-imagen\/","schema":{"@context":"https:\/\/schema.org","@graph":[{"@type":"Article","@id":"https:\/\/www.ucaldas.edu.co\/portal\/abiertas-convocatorias-para-participar-en-el-xxii-festival-internacional-de-la-imagen\/#article","isPartOf":{"@id":"https:\/\/www.ucaldas.edu.co\/portal\/abiertas-convocatorias-para-participar-en-el-xxii-festival-internacional-de-la-imagen\/"},"author":{"name":"ofiprensa","@id":"https:\/\/www.ucaldas.edu.co\/portal\/#\/schema\/person\/a1b482e23449158b4bc319926c074fdf"},"headline":"Abiertas convocatorias para participar en el XXII Festival Internacional de la Imagen","datePublished":"2023-02-02T14:00:01+00:00","mainEntityOfPage":{"@id":"https:\/\/www.ucaldas.edu.co\/portal\/abiertas-convocatorias-para-participar-en-el-xxii-festival-internacional-de-la-imagen\/"},"wordCount":335,"publisher":{"@id":"https:\/\/www.ucaldas.edu.co\/portal\/#organization"},"image":{"@id":"https:\/\/www.ucaldas.edu.co\/portal\/abiertas-convocatorias-para-participar-en-el-xxii-festival-internacional-de-la-imagen\/#primaryimage"},"thumbnailUrl":"https:\/\/www.ucaldas.edu.co\/portal\/wp-content\/uploads\/2023\/02\/imagen.jpg","keywords":["Convocatoria","festival internacional imagen"],"articleSection":["Actualidad","Universidad al D\u00eda","Ucaldas Internacional","UCaldas Activa","UCaldas Cultural"],"inLanguage":"es"},{"@type":"WebPage","@id":"https:\/\/www.ucaldas.edu.co\/portal\/abiertas-convocatorias-para-participar-en-el-xxii-festival-internacional-de-la-imagen\/","url":"https:\/\/www.ucaldas.edu.co\/portal\/abiertas-convocatorias-para-participar-en-el-xxii-festival-internacional-de-la-imagen\/","name":"Abiertas convocatorias para participar en el XXII Festival Internacional de la Imagen .","isPartOf":{"@id":"https:\/\/www.ucaldas.edu.co\/portal\/#website"},"primaryImageOfPage":{"@id":"https:\/\/www.ucaldas.edu.co\/portal\/abiertas-convocatorias-para-participar-en-el-xxii-festival-internacional-de-la-imagen\/#primaryimage"},"image":{"@id":"https:\/\/www.ucaldas.edu.co\/portal\/abiertas-convocatorias-para-participar-en-el-xxii-festival-internacional-de-la-imagen\/#primaryimage"},"thumbnailUrl":"https:\/\/www.ucaldas.edu.co\/portal\/wp-content\/uploads\/2023\/02\/imagen.jpg","datePublished":"2023-02-02T14:00:01+00:00","breadcrumb":{"@id":"https:\/\/www.ucaldas.edu.co\/portal\/abiertas-convocatorias-para-participar-en-el-xxii-festival-internacional-de-la-imagen\/#breadcrumb"},"inLanguage":"es","potentialAction":[{"@type":"ReadAction","target":["https:\/\/www.ucaldas.edu.co\/portal\/abiertas-convocatorias-para-participar-en-el-xxii-festival-internacional-de-la-imagen\/"]}]},{"@type":"ImageObject","inLanguage":"es","@id":"https:\/\/www.ucaldas.edu.co\/portal\/abiertas-convocatorias-para-participar-en-el-xxii-festival-internacional-de-la-imagen\/#primaryimage","url":"https:\/\/www.ucaldas.edu.co\/portal\/wp-content\/uploads\/2023\/02\/imagen.jpg","contentUrl":"https:\/\/www.ucaldas.edu.co\/portal\/wp-content\/uploads\/2023\/02\/imagen.jpg","width":700,"height":400,"caption":"convocatoria"},{"@type":"BreadcrumbList","@id":"https:\/\/www.ucaldas.edu.co\/portal\/abiertas-convocatorias-para-participar-en-el-xxii-festival-internacional-de-la-imagen\/#breadcrumb","itemListElement":[{"@type":"ListItem","position":1,"name":"Portada","item":"https:\/\/www.ucaldas.edu.co\/portal\/"},{"@type":"ListItem","position":2,"name":"Abiertas convocatorias para participar en el XXII Festival Internacional de la Imagen"}]},{"@type":"WebSite","@id":"https:\/\/www.ucaldas.edu.co\/portal\/#website","url":"https:\/\/www.ucaldas.edu.co\/portal\/","name":"Universidad de Caldas","description":"","publisher":{"@id":"https:\/\/www.ucaldas.edu.co\/portal\/#organization"},"alternateName":"U. de Caldas","potentialAction":[{"@type":"SearchAction","target":{"@type":"EntryPoint","urlTemplate":"https:\/\/www.ucaldas.edu.co\/portal\/?s={search_term_string}"},"query-input":{"@type":"PropertyValueSpecification","valueRequired":true,"valueName":"search_term_string"}}],"inLanguage":"es"},{"@type":"Organization","@id":"https:\/\/www.ucaldas.edu.co\/portal\/#organization","name":"Universidad de Caldas","alternateName":"U. de Caldas","url":"https:\/\/www.ucaldas.edu.co\/portal\/","logo":{"@type":"ImageObject","inLanguage":"es","@id":"https:\/\/www.ucaldas.edu.co\/portal\/#\/schema\/logo\/image\/","url":"https:\/\/www.ucaldas.edu.co\/portal\/wp-content\/uploads\/2023\/11\/Logo_horizontal_oscuroU-2023.png","contentUrl":"https:\/\/www.ucaldas.edu.co\/portal\/wp-content\/uploads\/2023\/11\/Logo_horizontal_oscuroU-2023.png","width":263,"height":101,"caption":"Universidad de Caldas"},"image":{"@id":"https:\/\/www.ucaldas.edu.co\/portal\/#\/schema\/logo\/image\/"},"sameAs":["https:\/\/www.facebook.com\/udecaldas","https:\/\/x.com\/udecaldas","https:\/\/www.youtube.com\/universidadcaldas","https:\/\/www.instagram.com\/udecaldas\/"]},{"@type":"Person","@id":"https:\/\/www.ucaldas.edu.co\/portal\/#\/schema\/person\/a1b482e23449158b4bc319926c074fdf","name":"ofiprensa","image":{"@type":"ImageObject","inLanguage":"es","@id":"https:\/\/www.ucaldas.edu.co\/portal\/wp-content\/litespeed\/avatar\/09ea5085e600095a7a811142c6944527.jpg?ver=1776892805","url":"https:\/\/www.ucaldas.edu.co\/portal\/wp-content\/litespeed\/avatar\/09ea5085e600095a7a811142c6944527.jpg?ver=1776892805","contentUrl":"https:\/\/www.ucaldas.edu.co\/portal\/wp-content\/litespeed\/avatar\/09ea5085e600095a7a811142c6944527.jpg?ver=1776892805","caption":"ofiprensa"},"url":"https:\/\/www.ucaldas.edu.co\/portal\/author\/ofiprensa\/"}]}},"_links":{"self":[{"href":"https:\/\/www.ucaldas.edu.co\/portal\/wp-json\/wp\/v2\/posts\/74677","targetHints":{"allow":["GET"]}}],"collection":[{"href":"https:\/\/www.ucaldas.edu.co\/portal\/wp-json\/wp\/v2\/posts"}],"about":[{"href":"https:\/\/www.ucaldas.edu.co\/portal\/wp-json\/wp\/v2\/types\/post"}],"author":[{"embeddable":true,"href":"https:\/\/www.ucaldas.edu.co\/portal\/wp-json\/wp\/v2\/users\/2"}],"replies":[{"embeddable":true,"href":"https:\/\/www.ucaldas.edu.co\/portal\/wp-json\/wp\/v2\/comments?post=74677"}],"version-history":[{"count":0,"href":"https:\/\/www.ucaldas.edu.co\/portal\/wp-json\/wp\/v2\/posts\/74677\/revisions"}],"wp:featuredmedia":[{"embeddable":true,"href":"https:\/\/www.ucaldas.edu.co\/portal\/wp-json\/wp\/v2\/media\/74678"}],"wp:attachment":[{"href":"https:\/\/www.ucaldas.edu.co\/portal\/wp-json\/wp\/v2\/media?parent=74677"}],"wp:term":[{"taxonomy":"category","embeddable":true,"href":"https:\/\/www.ucaldas.edu.co\/portal\/wp-json\/wp\/v2\/categories?post=74677"},{"taxonomy":"post_tag","embeddable":true,"href":"https:\/\/www.ucaldas.edu.co\/portal\/wp-json\/wp\/v2\/tags?post=74677"}],"curies":[{"name":"wp","href":"https:\/\/api.w.org\/{rel}","templated":true}]}}