{"id":74674,"date":"2023-02-02T13:57:33","date_gmt":"2023-02-02T13:57:33","guid":{"rendered":"https:\/\/www.ucaldas.edu.co\/portal\/?p=74674"},"modified":"2023-02-02T13:57:33","modified_gmt":"2023-02-02T13:57:33","slug":"docente-del-departamento-de-musica-de-la-universidad-de-caldas-recibio-la-mencion-cum-laude-de-espana","status":"publish","type":"post","link":"https:\/\/www.ucaldas.edu.co\/portal\/docente-del-departamento-de-musica-de-la-universidad-de-caldas-recibio-la-mencion-cum-laude-de-espana\/","title":{"rendered":"Docente del Departamento de M\u00fasica de la Universidad de Caldas recibi\u00f3 la menci\u00f3n Cum Laude de Espa\u00f1a"},"content":{"rendered":"<p><img loading=\"lazy\" decoding=\"async\" class=\"aligncenter size-full wp-image-74675\" src=\"https:\/\/www.ucaldas.edu.co\/portal\/wp-content\/uploads\/2023\/02\/Profe-musica-tesis.jpg\" alt=\"docente u caldas\" width=\"700\" height=\"400\" srcset=\"https:\/\/www.ucaldas.edu.co\/portal\/wp-content\/uploads\/2023\/02\/Profe-musica-tesis.jpg 700w, https:\/\/www.ucaldas.edu.co\/portal\/wp-content\/uploads\/2023\/02\/Profe-musica-tesis-300x171.jpg 300w\" sizes=\"auto, (max-width: 700px) 100vw, 700px\" \/><\/p>\n<p>El docente Daniel Felipe Ram\u00edrez V\u00e9lez, adscrito al Departamento de M\u00fasica de la Universidad de Caldas, recibi\u00f3 la menci\u00f3n Cum Laude de Espa\u00f1a por su tesis en el doctorado en Historia del Arte y Musicolog\u00eda de la Universidad de Oviedo.<!--more--><\/p>\n<p>La menci\u00f3n Cum Laude es la m\u00e1xima calificaci\u00f3n de tesis doctorales en universidades espa\u00f1olas, otorgada exclusivamente a trabajos que alcanzan una puntuaci\u00f3n sobresaliente (10\/10), concedida por unanimidad del tribunal evaluador mediante voto secreto individual. Adicional a este reconocimiento, la tesis del docente Ram\u00edrez recibi\u00f3 menci\u00f3n internacional por parte de la Universidad de Sorbonne de Par\u00eds y la Universidad Paul Valery de Montpellier.<\/p>\n<p>La tesis denominada \u201cHistoria cr\u00edtica de la Armon\u00eda en Colombia desde 1889 hasta 2014\u201d recopila la mayor cantidad de textos relacionados con la Armon\u00eda Musical, para dar una perspectiva hist\u00f3rica de la ense\u00f1anza de esta materia en el pa\u00eds, explic\u00f3 Ram\u00edrez.<\/p>\n<p>El docente realiz\u00f3 el doctorado en Espa\u00f1a gracias a una comisi\u00f3n de estudios, bajo el financiamiento de la Universidad de Caldas y Fundaci\u00f3n para el Futuro de Colombia Colfuturo.<\/p>\n<p><strong>Anexo:<\/strong><\/p>\n<p><a href=\"https:\/\/go.ivoox.com\/rf\/101964393\"><strong>Audio Daniel Felipe Ram\u00edrez V\u00e9lez \u2013 Docente Universidad de Caldas.<\/strong><\/a><\/p>\n<p><iframe loading=\"lazy\" src=\"https:\/\/www.ivoox.com\/player_ej_101964393_6_1.html\" width=\"50%\" height=\"200\" frameborder=\"0\" scrolling=\"no\" allowfullscreen=\"allowfullscreen\"><\/iframe><\/p>\n","protected":false},"excerpt":{"rendered":"<p>El docente Daniel Felipe Ram\u00edrez V\u00e9lez, adscrito al Departamento de M\u00fasica de la Universidad de Caldas, recibi\u00f3 la menci\u00f3n Cum Laude de Espa\u00f1a por su tesis en el doctorado en Historia del Arte y Musicolog\u00eda de la Universidad de Oviedo.<\/p>\n","protected":false},"author":2,"featured_media":74675,"comment_status":"closed","ping_status":"open","sticky":false,"template":"","format":"standard","meta":{"footnotes":""},"categories":[48,53,614],"tags":[9624],"class_list":["post-74674","post","type-post","status-publish","format-standard","has-post-thumbnail","hentry","category-actualidad","category-universidad-al-dia","category-ucaldas-internacional","tag-mencion-cum-laude"],"yoast_head":"<!-- This site is optimized with the Yoast SEO plugin v27.5 - https:\/\/yoast.com\/product\/yoast-seo-wordpress\/ -->\n<title>Docente del Departamento de M\u00fasica de la Universidad de Caldas recibi\u00f3 la menci\u00f3n Cum Laude de Espa\u00f1a .<\/title>\n<meta name=\"robots\" content=\"index, follow, max-snippet:-1, max-image-preview:large, max-video-preview:-1\" \/>\n<link rel=\"canonical\" href=\"https:\/\/www.ucaldas.edu.co\/portal\/docente-del-departamento-de-musica-de-la-universidad-de-caldas-recibio-la-mencion-cum-laude-de-espana\/\" \/>\n<script type=\"application\/ld+json\" class=\"yoast-schema-graph\">{\"@context\":\"https:\\\/\\\/schema.org\",\"@graph\":[{\"@type\":\"Article\",\"@id\":\"https:\\\/\\\/www.ucaldas.edu.co\\\/portal\\\/docente-del-departamento-de-musica-de-la-universidad-de-caldas-recibio-la-mencion-cum-laude-de-espana\\\/#article\",\"isPartOf\":{\"@id\":\"https:\\\/\\\/www.ucaldas.edu.co\\\/portal\\\/docente-del-departamento-de-musica-de-la-universidad-de-caldas-recibio-la-mencion-cum-laude-de-espana\\\/\"},\"author\":{\"name\":\"ofiprensa\",\"@id\":\"https:\\\/\\\/www.ucaldas.edu.co\\\/portal\\\/#\\\/schema\\\/person\\\/a1b482e23449158b4bc319926c074fdf\"},\"headline\":\"Docente del Departamento de M\u00fasica de la Universidad de Caldas recibi\u00f3 la menci\u00f3n Cum Laude de Espa\u00f1a\",\"datePublished\":\"2023-02-02T13:57:33+00:00\",\"mainEntityOfPage\":{\"@id\":\"https:\\\/\\\/www.ucaldas.edu.co\\\/portal\\\/docente-del-departamento-de-musica-de-la-universidad-de-caldas-recibio-la-mencion-cum-laude-de-espana\\\/\"},\"wordCount\":225,\"publisher\":{\"@id\":\"https:\\\/\\\/www.ucaldas.edu.co\\\/portal\\\/#organization\"},\"image\":{\"@id\":\"https:\\\/\\\/www.ucaldas.edu.co\\\/portal\\\/docente-del-departamento-de-musica-de-la-universidad-de-caldas-recibio-la-mencion-cum-laude-de-espana\\\/#primaryimage\"},\"thumbnailUrl\":\"https:\\\/\\\/www.ucaldas.edu.co\\\/portal\\\/wp-content\\\/uploads\\\/2023\\\/02\\\/Profe-musica-tesis.jpg\",\"keywords\":[\"menci\u00f3n cum laude\"],\"articleSection\":[\"Actualidad\",\"Universidad al D\u00eda\",\"Ucaldas Internacional\"],\"inLanguage\":\"es\"},{\"@type\":\"WebPage\",\"@id\":\"https:\\\/\\\/www.ucaldas.edu.co\\\/portal\\\/docente-del-departamento-de-musica-de-la-universidad-de-caldas-recibio-la-mencion-cum-laude-de-espana\\\/\",\"url\":\"https:\\\/\\\/www.ucaldas.edu.co\\\/portal\\\/docente-del-departamento-de-musica-de-la-universidad-de-caldas-recibio-la-mencion-cum-laude-de-espana\\\/\",\"name\":\"Docente del Departamento de M\u00fasica de la Universidad de Caldas recibi\u00f3 la menci\u00f3n Cum Laude de Espa\u00f1a .\",\"isPartOf\":{\"@id\":\"https:\\\/\\\/www.ucaldas.edu.co\\\/portal\\\/#website\"},\"primaryImageOfPage\":{\"@id\":\"https:\\\/\\\/www.ucaldas.edu.co\\\/portal\\\/docente-del-departamento-de-musica-de-la-universidad-de-caldas-recibio-la-mencion-cum-laude-de-espana\\\/#primaryimage\"},\"image\":{\"@id\":\"https:\\\/\\\/www.ucaldas.edu.co\\\/portal\\\/docente-del-departamento-de-musica-de-la-universidad-de-caldas-recibio-la-mencion-cum-laude-de-espana\\\/#primaryimage\"},\"thumbnailUrl\":\"https:\\\/\\\/www.ucaldas.edu.co\\\/portal\\\/wp-content\\\/uploads\\\/2023\\\/02\\\/Profe-musica-tesis.jpg\",\"datePublished\":\"2023-02-02T13:57:33+00:00\",\"breadcrumb\":{\"@id\":\"https:\\\/\\\/www.ucaldas.edu.co\\\/portal\\\/docente-del-departamento-de-musica-de-la-universidad-de-caldas-recibio-la-mencion-cum-laude-de-espana\\\/#breadcrumb\"},\"inLanguage\":\"es\",\"potentialAction\":[{\"@type\":\"ReadAction\",\"target\":[\"https:\\\/\\\/www.ucaldas.edu.co\\\/portal\\\/docente-del-departamento-de-musica-de-la-universidad-de-caldas-recibio-la-mencion-cum-laude-de-espana\\\/\"]}]},{\"@type\":\"ImageObject\",\"inLanguage\":\"es\",\"@id\":\"https:\\\/\\\/www.ucaldas.edu.co\\\/portal\\\/docente-del-departamento-de-musica-de-la-universidad-de-caldas-recibio-la-mencion-cum-laude-de-espana\\\/#primaryimage\",\"url\":\"https:\\\/\\\/www.ucaldas.edu.co\\\/portal\\\/wp-content\\\/uploads\\\/2023\\\/02\\\/Profe-musica-tesis.jpg\",\"contentUrl\":\"https:\\\/\\\/www.ucaldas.edu.co\\\/portal\\\/wp-content\\\/uploads\\\/2023\\\/02\\\/Profe-musica-tesis.jpg\",\"width\":700,\"height\":400,\"caption\":\"docente u caldas\"},{\"@type\":\"BreadcrumbList\",\"@id\":\"https:\\\/\\\/www.ucaldas.edu.co\\\/portal\\\/docente-del-departamento-de-musica-de-la-universidad-de-caldas-recibio-la-mencion-cum-laude-de-espana\\\/#breadcrumb\",\"itemListElement\":[{\"@type\":\"ListItem\",\"position\":1,\"name\":\"Portada\",\"item\":\"https:\\\/\\\/www.ucaldas.edu.co\\\/portal\\\/\"},{\"@type\":\"ListItem\",\"position\":2,\"name\":\"Docente del Departamento de M\u00fasica de la Universidad de Caldas recibi\u00f3 la menci\u00f3n Cum Laude de Espa\u00f1a\"}]},{\"@type\":\"WebSite\",\"@id\":\"https:\\\/\\\/www.ucaldas.edu.co\\\/portal\\\/#website\",\"url\":\"https:\\\/\\\/www.ucaldas.edu.co\\\/portal\\\/\",\"name\":\"Universidad de Caldas\",\"description\":\"\",\"publisher\":{\"@id\":\"https:\\\/\\\/www.ucaldas.edu.co\\\/portal\\\/#organization\"},\"alternateName\":\"U. de Caldas\",\"potentialAction\":[{\"@type\":\"SearchAction\",\"target\":{\"@type\":\"EntryPoint\",\"urlTemplate\":\"https:\\\/\\\/www.ucaldas.edu.co\\\/portal\\\/?s={search_term_string}\"},\"query-input\":{\"@type\":\"PropertyValueSpecification\",\"valueRequired\":true,\"valueName\":\"search_term_string\"}}],\"inLanguage\":\"es\"},{\"@type\":\"Organization\",\"@id\":\"https:\\\/\\\/www.ucaldas.edu.co\\\/portal\\\/#organization\",\"name\":\"Universidad de Caldas\",\"alternateName\":\"U. de Caldas\",\"url\":\"https:\\\/\\\/www.ucaldas.edu.co\\\/portal\\\/\",\"logo\":{\"@type\":\"ImageObject\",\"inLanguage\":\"es\",\"@id\":\"https:\\\/\\\/www.ucaldas.edu.co\\\/portal\\\/#\\\/schema\\\/logo\\\/image\\\/\",\"url\":\"https:\\\/\\\/www.ucaldas.edu.co\\\/portal\\\/wp-content\\\/uploads\\\/2023\\\/11\\\/Logo_horizontal_oscuroU-2023.png\",\"contentUrl\":\"https:\\\/\\\/www.ucaldas.edu.co\\\/portal\\\/wp-content\\\/uploads\\\/2023\\\/11\\\/Logo_horizontal_oscuroU-2023.png\",\"width\":263,\"height\":101,\"caption\":\"Universidad de Caldas\"},\"image\":{\"@id\":\"https:\\\/\\\/www.ucaldas.edu.co\\\/portal\\\/#\\\/schema\\\/logo\\\/image\\\/\"},\"sameAs\":[\"https:\\\/\\\/www.facebook.com\\\/udecaldas\",\"https:\\\/\\\/x.com\\\/udecaldas\",\"https:\\\/\\\/www.youtube.com\\\/universidadcaldas\",\"https:\\\/\\\/www.instagram.com\\\/udecaldas\\\/\"]},{\"@type\":\"Person\",\"@id\":\"https:\\\/\\\/www.ucaldas.edu.co\\\/portal\\\/#\\\/schema\\\/person\\\/a1b482e23449158b4bc319926c074fdf\",\"name\":\"ofiprensa\",\"image\":{\"@type\":\"ImageObject\",\"inLanguage\":\"es\",\"@id\":\"https:\\\/\\\/www.ucaldas.edu.co\\\/portal\\\/wp-content\\\/litespeed\\\/avatar\\\/09ea5085e600095a7a811142c6944527.jpg?ver=1776892805\",\"url\":\"https:\\\/\\\/www.ucaldas.edu.co\\\/portal\\\/wp-content\\\/litespeed\\\/avatar\\\/09ea5085e600095a7a811142c6944527.jpg?ver=1776892805\",\"contentUrl\":\"https:\\\/\\\/www.ucaldas.edu.co\\\/portal\\\/wp-content\\\/litespeed\\\/avatar\\\/09ea5085e600095a7a811142c6944527.jpg?ver=1776892805\",\"caption\":\"ofiprensa\"},\"url\":\"https:\\\/\\\/www.ucaldas.edu.co\\\/portal\\\/author\\\/ofiprensa\\\/\"}]}<\/script>\n<!-- \/ Yoast SEO plugin. -->","yoast_head_json":{"title":"Docente del Departamento de M\u00fasica de la Universidad de Caldas recibi\u00f3 la menci\u00f3n Cum Laude de Espa\u00f1a .","robots":{"index":"index","follow":"follow","max-snippet":"max-snippet:-1","max-image-preview":"max-image-preview:large","max-video-preview":"max-video-preview:-1"},"canonical":"https:\/\/www.ucaldas.edu.co\/portal\/docente-del-departamento-de-musica-de-la-universidad-de-caldas-recibio-la-mencion-cum-laude-de-espana\/","schema":{"@context":"https:\/\/schema.org","@graph":[{"@type":"Article","@id":"https:\/\/www.ucaldas.edu.co\/portal\/docente-del-departamento-de-musica-de-la-universidad-de-caldas-recibio-la-mencion-cum-laude-de-espana\/#article","isPartOf":{"@id":"https:\/\/www.ucaldas.edu.co\/portal\/docente-del-departamento-de-musica-de-la-universidad-de-caldas-recibio-la-mencion-cum-laude-de-espana\/"},"author":{"name":"ofiprensa","@id":"https:\/\/www.ucaldas.edu.co\/portal\/#\/schema\/person\/a1b482e23449158b4bc319926c074fdf"},"headline":"Docente del Departamento de M\u00fasica de la Universidad de Caldas recibi\u00f3 la menci\u00f3n Cum Laude de Espa\u00f1a","datePublished":"2023-02-02T13:57:33+00:00","mainEntityOfPage":{"@id":"https:\/\/www.ucaldas.edu.co\/portal\/docente-del-departamento-de-musica-de-la-universidad-de-caldas-recibio-la-mencion-cum-laude-de-espana\/"},"wordCount":225,"publisher":{"@id":"https:\/\/www.ucaldas.edu.co\/portal\/#organization"},"image":{"@id":"https:\/\/www.ucaldas.edu.co\/portal\/docente-del-departamento-de-musica-de-la-universidad-de-caldas-recibio-la-mencion-cum-laude-de-espana\/#primaryimage"},"thumbnailUrl":"https:\/\/www.ucaldas.edu.co\/portal\/wp-content\/uploads\/2023\/02\/Profe-musica-tesis.jpg","keywords":["menci\u00f3n cum laude"],"articleSection":["Actualidad","Universidad al D\u00eda","Ucaldas Internacional"],"inLanguage":"es"},{"@type":"WebPage","@id":"https:\/\/www.ucaldas.edu.co\/portal\/docente-del-departamento-de-musica-de-la-universidad-de-caldas-recibio-la-mencion-cum-laude-de-espana\/","url":"https:\/\/www.ucaldas.edu.co\/portal\/docente-del-departamento-de-musica-de-la-universidad-de-caldas-recibio-la-mencion-cum-laude-de-espana\/","name":"Docente del Departamento de M\u00fasica de la Universidad de Caldas recibi\u00f3 la menci\u00f3n Cum Laude de Espa\u00f1a .","isPartOf":{"@id":"https:\/\/www.ucaldas.edu.co\/portal\/#website"},"primaryImageOfPage":{"@id":"https:\/\/www.ucaldas.edu.co\/portal\/docente-del-departamento-de-musica-de-la-universidad-de-caldas-recibio-la-mencion-cum-laude-de-espana\/#primaryimage"},"image":{"@id":"https:\/\/www.ucaldas.edu.co\/portal\/docente-del-departamento-de-musica-de-la-universidad-de-caldas-recibio-la-mencion-cum-laude-de-espana\/#primaryimage"},"thumbnailUrl":"https:\/\/www.ucaldas.edu.co\/portal\/wp-content\/uploads\/2023\/02\/Profe-musica-tesis.jpg","datePublished":"2023-02-02T13:57:33+00:00","breadcrumb":{"@id":"https:\/\/www.ucaldas.edu.co\/portal\/docente-del-departamento-de-musica-de-la-universidad-de-caldas-recibio-la-mencion-cum-laude-de-espana\/#breadcrumb"},"inLanguage":"es","potentialAction":[{"@type":"ReadAction","target":["https:\/\/www.ucaldas.edu.co\/portal\/docente-del-departamento-de-musica-de-la-universidad-de-caldas-recibio-la-mencion-cum-laude-de-espana\/"]}]},{"@type":"ImageObject","inLanguage":"es","@id":"https:\/\/www.ucaldas.edu.co\/portal\/docente-del-departamento-de-musica-de-la-universidad-de-caldas-recibio-la-mencion-cum-laude-de-espana\/#primaryimage","url":"https:\/\/www.ucaldas.edu.co\/portal\/wp-content\/uploads\/2023\/02\/Profe-musica-tesis.jpg","contentUrl":"https:\/\/www.ucaldas.edu.co\/portal\/wp-content\/uploads\/2023\/02\/Profe-musica-tesis.jpg","width":700,"height":400,"caption":"docente u caldas"},{"@type":"BreadcrumbList","@id":"https:\/\/www.ucaldas.edu.co\/portal\/docente-del-departamento-de-musica-de-la-universidad-de-caldas-recibio-la-mencion-cum-laude-de-espana\/#breadcrumb","itemListElement":[{"@type":"ListItem","position":1,"name":"Portada","item":"https:\/\/www.ucaldas.edu.co\/portal\/"},{"@type":"ListItem","position":2,"name":"Docente del Departamento de M\u00fasica de la Universidad de Caldas recibi\u00f3 la menci\u00f3n Cum Laude de Espa\u00f1a"}]},{"@type":"WebSite","@id":"https:\/\/www.ucaldas.edu.co\/portal\/#website","url":"https:\/\/www.ucaldas.edu.co\/portal\/","name":"Universidad de Caldas","description":"","publisher":{"@id":"https:\/\/www.ucaldas.edu.co\/portal\/#organization"},"alternateName":"U. de Caldas","potentialAction":[{"@type":"SearchAction","target":{"@type":"EntryPoint","urlTemplate":"https:\/\/www.ucaldas.edu.co\/portal\/?s={search_term_string}"},"query-input":{"@type":"PropertyValueSpecification","valueRequired":true,"valueName":"search_term_string"}}],"inLanguage":"es"},{"@type":"Organization","@id":"https:\/\/www.ucaldas.edu.co\/portal\/#organization","name":"Universidad de Caldas","alternateName":"U. de Caldas","url":"https:\/\/www.ucaldas.edu.co\/portal\/","logo":{"@type":"ImageObject","inLanguage":"es","@id":"https:\/\/www.ucaldas.edu.co\/portal\/#\/schema\/logo\/image\/","url":"https:\/\/www.ucaldas.edu.co\/portal\/wp-content\/uploads\/2023\/11\/Logo_horizontal_oscuroU-2023.png","contentUrl":"https:\/\/www.ucaldas.edu.co\/portal\/wp-content\/uploads\/2023\/11\/Logo_horizontal_oscuroU-2023.png","width":263,"height":101,"caption":"Universidad de Caldas"},"image":{"@id":"https:\/\/www.ucaldas.edu.co\/portal\/#\/schema\/logo\/image\/"},"sameAs":["https:\/\/www.facebook.com\/udecaldas","https:\/\/x.com\/udecaldas","https:\/\/www.youtube.com\/universidadcaldas","https:\/\/www.instagram.com\/udecaldas\/"]},{"@type":"Person","@id":"https:\/\/www.ucaldas.edu.co\/portal\/#\/schema\/person\/a1b482e23449158b4bc319926c074fdf","name":"ofiprensa","image":{"@type":"ImageObject","inLanguage":"es","@id":"https:\/\/www.ucaldas.edu.co\/portal\/wp-content\/litespeed\/avatar\/09ea5085e600095a7a811142c6944527.jpg?ver=1776892805","url":"https:\/\/www.ucaldas.edu.co\/portal\/wp-content\/litespeed\/avatar\/09ea5085e600095a7a811142c6944527.jpg?ver=1776892805","contentUrl":"https:\/\/www.ucaldas.edu.co\/portal\/wp-content\/litespeed\/avatar\/09ea5085e600095a7a811142c6944527.jpg?ver=1776892805","caption":"ofiprensa"},"url":"https:\/\/www.ucaldas.edu.co\/portal\/author\/ofiprensa\/"}]}},"_links":{"self":[{"href":"https:\/\/www.ucaldas.edu.co\/portal\/wp-json\/wp\/v2\/posts\/74674","targetHints":{"allow":["GET"]}}],"collection":[{"href":"https:\/\/www.ucaldas.edu.co\/portal\/wp-json\/wp\/v2\/posts"}],"about":[{"href":"https:\/\/www.ucaldas.edu.co\/portal\/wp-json\/wp\/v2\/types\/post"}],"author":[{"embeddable":true,"href":"https:\/\/www.ucaldas.edu.co\/portal\/wp-json\/wp\/v2\/users\/2"}],"replies":[{"embeddable":true,"href":"https:\/\/www.ucaldas.edu.co\/portal\/wp-json\/wp\/v2\/comments?post=74674"}],"version-history":[{"count":0,"href":"https:\/\/www.ucaldas.edu.co\/portal\/wp-json\/wp\/v2\/posts\/74674\/revisions"}],"wp:featuredmedia":[{"embeddable":true,"href":"https:\/\/www.ucaldas.edu.co\/portal\/wp-json\/wp\/v2\/media\/74675"}],"wp:attachment":[{"href":"https:\/\/www.ucaldas.edu.co\/portal\/wp-json\/wp\/v2\/media?parent=74674"}],"wp:term":[{"taxonomy":"category","embeddable":true,"href":"https:\/\/www.ucaldas.edu.co\/portal\/wp-json\/wp\/v2\/categories?post=74674"},{"taxonomy":"post_tag","embeddable":true,"href":"https:\/\/www.ucaldas.edu.co\/portal\/wp-json\/wp\/v2\/tags?post=74674"}],"curies":[{"name":"wp","href":"https:\/\/api.w.org\/{rel}","templated":true}]}}