{"id":7467,"date":"2011-03-28T10:59:59","date_gmt":"2011-03-28T15:59:59","guid":{"rendered":"https:\/\/www.ucaldas.edu.co\/portal\/?p=7467"},"modified":"2011-03-28T10:59:59","modified_gmt":"2011-03-28T15:59:59","slug":"viceministro-de-educacion-superior-lidero-foro-sobre-ley-30-en-la-u-de-caldas","status":"publish","type":"post","link":"https:\/\/www.ucaldas.edu.co\/portal\/viceministro-de-educacion-superior-lidero-foro-sobre-ley-30-en-la-u-de-caldas\/","title":{"rendered":"Viceministro de Educaci\u00f3n Superior lider\u00f3 foro sobre Ley 30, en la U. de Caldas"},"content":{"rendered":"<p>En la instituci\u00f3n se realiz\u00f3 II foro regional del MEN<\/p>\n<hr \/>\n<p align=\"center\">\n<p align=\"right\"><b>26\/03\/2011<\/b><\/p>\n<p align=\"right\">\n<table border=\"0\">\n<tbody>\n<tr>\n<td>\u00a0<img loading=\"lazy\" decoding=\"async\" style=\"border: 0px\" alt=\"Foro Reforma\" src=\"http:\/\/www.ucaldas.edu.co\/images\/tmp\/II_Foro_Regional_reforma_Ley_30.JPG\" width=\"240\" height=\"150\" border=\"0\" \/><\/td>\n<td><b>Javier Botero \u00c1lvarez,<\/b>\u00a0<b>Viceministro de Educaci\u00f3n Superior, <\/b>visit\u00f3 este <b>s\u00e1bado 26 <\/b>de <b>marzo <\/b>del 2011 la <b>Universidad<\/b><b> de Caldas <\/b>y <b>encabez\u00f3<\/b> en el <b>II <\/b><b>Foro Regional sobre<\/b> <b>proyecto de reforma a la Ley 30 de 1992<\/b>.<\/p>\n<p>&nbsp;<\/p>\n<p>Este encuentro lo organiz\u00f3 el <b>Ministerio de Educaci\u00f3n Nacional<\/b>, en\u00a0coordinaci\u00f3n\u00a0con el\u00a0<b>Sistema Universitario de Manizales (Suma).<\/b><\/td>\n<\/tr>\n<\/tbody>\n<\/table>\n<p>&nbsp;<\/p>\n<p><b>\u00a0<\/b><\/p>\n<p>Antes del evento se<b> realiz\u00f3<\/b> una<b> rueda<\/b> de <b>prensa <\/b><b>Hotel Las Colinas<\/b>, donde <b>Botero \u00c1lvarez <\/b>explic\u00f3 detalles del proyecto de reforma a la Ley 30 de 1992 y <b>habl\u00f3<\/b> de la <b>decisi\u00f3n tomada<\/b> este <b>viernes 25<\/b> de <b>marzo <\/b>del 2011 por el <b>Consejo Superior<\/b> de la <b>U.<\/b><b> de Caldas,<\/b> sobre el <b>sistema<\/b> de <b>ajuste <\/b>a las <b>matr\u00edculas.<\/b><\/p>\n<p>&nbsp;<\/p>\n<p>\u201cSe acord\u00f3 mantener el acuerdo, con una modificaci\u00f3n: quienes realmente necesiten el subsidio de la Universidad para su matr\u00edcula, lo tendr\u00e1n. Adem\u00e1s, todos los temas est\u00e1n abiertos para discutir, pero en normalidad acad\u00e9mica\u201d, coment\u00f3 Botero \u00c1lvarez.<\/p>\n<p>&nbsp;<\/p>\n<p><b>Contexto<\/b><\/p>\n<p>El Gobierno Nacional ha puesto en discusi\u00f3n una propuesta de reforma a la educaci\u00f3n superior, para generar condiciones para un mejoramiento continuo de la calidad; ampliar las fuentes de recursos para las instituciones de educaci\u00f3n superior p\u00fablicas y privadas, y la financiaci\u00f3n para los estudiantes; fomentar la investigaci\u00f3n y la movilidad docente y estudiantil, entre otros.<\/p>\n<p>&nbsp;<\/p>\n<p>Es por ello que el Ministerio de Educaci\u00f3n Nacional estableci\u00f3 cinco espacios de trabajo: di\u00e1logos sectoriales, foros internacionales, mesas de trabajo, foros regionales y un foro virtual.<\/p>\n<p>&nbsp;<\/p>\n<p>\u201cColombia tiene un sistema de educaci\u00f3n bastante s\u00f3lido que ha crecido en los \u00faltimos a\u00f1os, en el que participan instituciones p\u00fablicas y privadas, que se consolidan en 286 instituciones de educaci\u00f3n superior, de las cuales 80 son universidades p\u00fablicas y 206 privadas. En total, se ofrecen unos 10 mil 400 programas, incluido el Sena\u201d, inform\u00f3 Botero \u00c1lvarez.<\/p>\n<p>&nbsp;<\/p>\n<p><b>Foro Regional<\/b><\/p>\n<p>El encuentro fue presidido por Ricardo G\u00f3mez Giraldo, Rector de la U. de Caldas y cont\u00f3 con la participaci\u00f3n de William Sarache, Vicerrector de la U. Nacional Sede Manizales, y Gloria Mar\u00eda Hoyos, Rectora del Colegio Integrado Nacional del Oriente de Caldas (CINOC) y miembro del Consejo de Educaci\u00f3n Superior (Cesu).<\/p>\n<p>&nbsp;<\/p>\n<p>Tambi\u00e9n cont\u00f3 con la participaci\u00f3n de Juan Manuel Jaramillo, Presidente del Cap\u00edtulo del Eje Cafetero de la Sociedad Colombiana de Filosof\u00eda.<\/p>\n<p>&nbsp;<\/p>\n<p>\u201cEl objetivo de estos foros es presentar en detalle la propuesta de reforma a la Ley 30 de 1992 y la discusi\u00f3n debe tomarse el tiempo que requiera. La propuesta se presentar\u00e1 cuando est\u00e9 lista, es decir, cuando realmente haya tenido todos los espacios de discusi\u00f3n y aporte, por parte de la comunidad acad\u00e9mica y los sectores que quieran hacerlo\u201d, expres\u00f3 Botero \u00c1lvarez.<\/p>\n<p>&nbsp;<\/p>\n<p>Los objetivos de la reforma son: primero, generar unas condiciones para que la oferta de educaci\u00f3n superior sea una oferta de calidad, a trav\u00e9s de dos grandes estrategias: unas condiciones para mejoramiento contin\u00fao y ampliar las fuentes y aportes de recursos del sector.<\/p>\n<p>&nbsp;<\/p>\n<p>Segundo, generar condiciones para que m\u00e1s colombianos se grad\u00faen de la educaci\u00f3n superior, mediante el acceso, el fomento de la permanencia y el mejoramiento de las fuentes de financiaci\u00f3n a los estudiantes, la flexibilizaci\u00f3n de la oferta y el fortalecimiento de la participaci\u00f3n regional.<\/p>\n<p>&nbsp;<\/p>\n<p>Tercero, adecuar el sistema de educaci\u00f3n superior a la realidad nacional y armonizarlo con las tendencias regionales e internacionales.<\/p>\n<p>&nbsp;<\/p>\n<p>El cuarto, fortalecer el buen gobierno y la transparencia en el sector.<\/p>\n<p>&nbsp;<\/p>\n<p>\u201cSi hoy un departamento quisiera hacer un aporte a una universidad tendr\u00eda que mantenerlo. Obviamente esto representa un alto riesgo, porque puede que hoy tenga los recursos, pero ma\u00f1ana no\u201d, ratific\u00f3 Botero \u00c1lvarez.<\/p>\n<p>&nbsp;<\/p>\n<p><b>Intervenciones<\/b><\/p>\n<p>El rector Ricardo G\u00f3mez Giraldo expres\u00f3: \u201cyo tengo un sue\u00f1o por el que trabajo desde la universidad p\u00fablica: lograr que Colombia se arriesgue un poco m\u00e1s por fortalecer los bienes p\u00fablicos, en este caso, la educaci\u00f3n superior, como una herramienta de equidad en la calidad de la construcci\u00f3n de nuestra cultura\u201d.<\/p>\n<p>&nbsp;<\/p>\n<p>\u201cHa habido una disminuci\u00f3n progresiva de los recursos del Estado hac\u00eda la universidad p\u00fablica y hacia el sistema de educaci\u00f3n en general. Esta reforma apunta a profundizar un modelo de pa\u00eds que se niega a reconocer los derechos sociales de las personas\u201d, afirm\u00f3 Juan Carlos Mart\u00ednez Botero, Representante Estudiantil al Consejo Superior de la U. de Caldas.<\/p>\n<p>&nbsp;<\/p>\n<p><b>Informes:\u00a0<\/b>en la Unidad de Servicios y Mercadeo de la U. de Caldas. Tel\u00e9fono: 878 15 26, o en el correo electr\u00f3nico <a href=\"mailto:mercadeo@ucaldas.edu.co\" target=\"_blank\">mercadeo@ucaldas.edu.co<\/a><\/p>\n","protected":false},"excerpt":{"rendered":"<p>En la instituci\u00f3n se realiz\u00f3 II foro regional del MEN 26\/03\/2011 \u00a0 Javier Botero \u00c1lvarez,\u00a0Viceministro de Educaci\u00f3n Superior, visit\u00f3 este s\u00e1bado 26 de marzo del 2011 la Universidad de Caldas y encabez\u00f3 en el II Foro Regional sobre proyecto de reforma a la Ley 30 de 1992. &nbsp; Este encuentro lo organiz\u00f3 el Ministerio de [&hellip;]<\/p>\n","protected":false},"author":2,"featured_media":0,"comment_status":"closed","ping_status":"closed","sticky":false,"template":"","format":"standard","meta":{"footnotes":""},"categories":[48,53],"tags":[],"class_list":["post-7467","post","type-post","status-publish","format-standard","hentry","category-actualidad","category-universidad-al-dia"],"yoast_head":"<!-- This site is optimized with the Yoast SEO plugin v27.5 - https:\/\/yoast.com\/product\/yoast-seo-wordpress\/ -->\n<title>Viceministro de Educaci\u00f3n Superior lider\u00f3 foro sobre Ley 30, en la U. de Caldas .<\/title>\n<meta name=\"robots\" content=\"index, follow, max-snippet:-1, max-image-preview:large, max-video-preview:-1\" \/>\n<link rel=\"canonical\" href=\"https:\/\/www.ucaldas.edu.co\/portal\/viceministro-de-educacion-superior-lidero-foro-sobre-ley-30-en-la-u-de-caldas\/\" \/>\n<script type=\"application\/ld+json\" class=\"yoast-schema-graph\">{\"@context\":\"https:\\\/\\\/schema.org\",\"@graph\":[{\"@type\":\"Article\",\"@id\":\"https:\\\/\\\/www.ucaldas.edu.co\\\/portal\\\/viceministro-de-educacion-superior-lidero-foro-sobre-ley-30-en-la-u-de-caldas\\\/#article\",\"isPartOf\":{\"@id\":\"https:\\\/\\\/www.ucaldas.edu.co\\\/portal\\\/viceministro-de-educacion-superior-lidero-foro-sobre-ley-30-en-la-u-de-caldas\\\/\"},\"author\":{\"name\":\"ofiprensa\",\"@id\":\"https:\\\/\\\/www.ucaldas.edu.co\\\/portal\\\/#\\\/schema\\\/person\\\/a1b482e23449158b4bc319926c074fdf\"},\"headline\":\"Viceministro de Educaci\u00f3n Superior lider\u00f3 foro sobre Ley 30, en la U. de Caldas\",\"datePublished\":\"2011-03-28T15:59:59+00:00\",\"mainEntityOfPage\":{\"@id\":\"https:\\\/\\\/www.ucaldas.edu.co\\\/portal\\\/viceministro-de-educacion-superior-lidero-foro-sobre-ley-30-en-la-u-de-caldas\\\/\"},\"wordCount\":799,\"publisher\":{\"@id\":\"https:\\\/\\\/www.ucaldas.edu.co\\\/portal\\\/#organization\"},\"image\":{\"@id\":\"https:\\\/\\\/www.ucaldas.edu.co\\\/portal\\\/viceministro-de-educacion-superior-lidero-foro-sobre-ley-30-en-la-u-de-caldas\\\/#primaryimage\"},\"thumbnailUrl\":\"http:\\\/\\\/www.ucaldas.edu.co\\\/images\\\/tmp\\\/II_Foro_Regional_reforma_Ley_30.JPG\",\"articleSection\":[\"Actualidad\",\"Universidad al D\u00eda\"],\"inLanguage\":\"es\"},{\"@type\":\"WebPage\",\"@id\":\"https:\\\/\\\/www.ucaldas.edu.co\\\/portal\\\/viceministro-de-educacion-superior-lidero-foro-sobre-ley-30-en-la-u-de-caldas\\\/\",\"url\":\"https:\\\/\\\/www.ucaldas.edu.co\\\/portal\\\/viceministro-de-educacion-superior-lidero-foro-sobre-ley-30-en-la-u-de-caldas\\\/\",\"name\":\"Viceministro de Educaci\u00f3n Superior lider\u00f3 foro sobre Ley 30, en la U. de Caldas .\",\"isPartOf\":{\"@id\":\"https:\\\/\\\/www.ucaldas.edu.co\\\/portal\\\/#website\"},\"primaryImageOfPage\":{\"@id\":\"https:\\\/\\\/www.ucaldas.edu.co\\\/portal\\\/viceministro-de-educacion-superior-lidero-foro-sobre-ley-30-en-la-u-de-caldas\\\/#primaryimage\"},\"image\":{\"@id\":\"https:\\\/\\\/www.ucaldas.edu.co\\\/portal\\\/viceministro-de-educacion-superior-lidero-foro-sobre-ley-30-en-la-u-de-caldas\\\/#primaryimage\"},\"thumbnailUrl\":\"http:\\\/\\\/www.ucaldas.edu.co\\\/images\\\/tmp\\\/II_Foro_Regional_reforma_Ley_30.JPG\",\"datePublished\":\"2011-03-28T15:59:59+00:00\",\"breadcrumb\":{\"@id\":\"https:\\\/\\\/www.ucaldas.edu.co\\\/portal\\\/viceministro-de-educacion-superior-lidero-foro-sobre-ley-30-en-la-u-de-caldas\\\/#breadcrumb\"},\"inLanguage\":\"es\",\"potentialAction\":[{\"@type\":\"ReadAction\",\"target\":[\"https:\\\/\\\/www.ucaldas.edu.co\\\/portal\\\/viceministro-de-educacion-superior-lidero-foro-sobre-ley-30-en-la-u-de-caldas\\\/\"]}]},{\"@type\":\"ImageObject\",\"inLanguage\":\"es\",\"@id\":\"https:\\\/\\\/www.ucaldas.edu.co\\\/portal\\\/viceministro-de-educacion-superior-lidero-foro-sobre-ley-30-en-la-u-de-caldas\\\/#primaryimage\",\"url\":\"http:\\\/\\\/www.ucaldas.edu.co\\\/images\\\/tmp\\\/II_Foro_Regional_reforma_Ley_30.JPG\",\"contentUrl\":\"http:\\\/\\\/www.ucaldas.edu.co\\\/images\\\/tmp\\\/II_Foro_Regional_reforma_Ley_30.JPG\"},{\"@type\":\"BreadcrumbList\",\"@id\":\"https:\\\/\\\/www.ucaldas.edu.co\\\/portal\\\/viceministro-de-educacion-superior-lidero-foro-sobre-ley-30-en-la-u-de-caldas\\\/#breadcrumb\",\"itemListElement\":[{\"@type\":\"ListItem\",\"position\":1,\"name\":\"Portada\",\"item\":\"https:\\\/\\\/www.ucaldas.edu.co\\\/portal\\\/\"},{\"@type\":\"ListItem\",\"position\":2,\"name\":\"Viceministro de Educaci\u00f3n Superior lider\u00f3 foro sobre Ley 30, en la U. de Caldas\"}]},{\"@type\":\"WebSite\",\"@id\":\"https:\\\/\\\/www.ucaldas.edu.co\\\/portal\\\/#website\",\"url\":\"https:\\\/\\\/www.ucaldas.edu.co\\\/portal\\\/\",\"name\":\"Universidad de Caldas\",\"description\":\"\",\"publisher\":{\"@id\":\"https:\\\/\\\/www.ucaldas.edu.co\\\/portal\\\/#organization\"},\"alternateName\":\"U. de Caldas\",\"potentialAction\":[{\"@type\":\"SearchAction\",\"target\":{\"@type\":\"EntryPoint\",\"urlTemplate\":\"https:\\\/\\\/www.ucaldas.edu.co\\\/portal\\\/?s={search_term_string}\"},\"query-input\":{\"@type\":\"PropertyValueSpecification\",\"valueRequired\":true,\"valueName\":\"search_term_string\"}}],\"inLanguage\":\"es\"},{\"@type\":\"Organization\",\"@id\":\"https:\\\/\\\/www.ucaldas.edu.co\\\/portal\\\/#organization\",\"name\":\"Universidad de Caldas\",\"alternateName\":\"U. de Caldas\",\"url\":\"https:\\\/\\\/www.ucaldas.edu.co\\\/portal\\\/\",\"logo\":{\"@type\":\"ImageObject\",\"inLanguage\":\"es\",\"@id\":\"https:\\\/\\\/www.ucaldas.edu.co\\\/portal\\\/#\\\/schema\\\/logo\\\/image\\\/\",\"url\":\"https:\\\/\\\/www.ucaldas.edu.co\\\/portal\\\/wp-content\\\/uploads\\\/2023\\\/11\\\/Logo_horizontal_oscuroU-2023.png\",\"contentUrl\":\"https:\\\/\\\/www.ucaldas.edu.co\\\/portal\\\/wp-content\\\/uploads\\\/2023\\\/11\\\/Logo_horizontal_oscuroU-2023.png\",\"width\":263,\"height\":101,\"caption\":\"Universidad de Caldas\"},\"image\":{\"@id\":\"https:\\\/\\\/www.ucaldas.edu.co\\\/portal\\\/#\\\/schema\\\/logo\\\/image\\\/\"},\"sameAs\":[\"https:\\\/\\\/www.facebook.com\\\/udecaldas\",\"https:\\\/\\\/x.com\\\/udecaldas\",\"https:\\\/\\\/www.youtube.com\\\/universidadcaldas\",\"https:\\\/\\\/www.instagram.com\\\/udecaldas\\\/\"]},{\"@type\":\"Person\",\"@id\":\"https:\\\/\\\/www.ucaldas.edu.co\\\/portal\\\/#\\\/schema\\\/person\\\/a1b482e23449158b4bc319926c074fdf\",\"name\":\"ofiprensa\",\"image\":{\"@type\":\"ImageObject\",\"inLanguage\":\"es\",\"@id\":\"https:\\\/\\\/www.ucaldas.edu.co\\\/portal\\\/wp-content\\\/litespeed\\\/avatar\\\/09ea5085e600095a7a811142c6944527.jpg?ver=1777497608\",\"url\":\"https:\\\/\\\/www.ucaldas.edu.co\\\/portal\\\/wp-content\\\/litespeed\\\/avatar\\\/09ea5085e600095a7a811142c6944527.jpg?ver=1777497608\",\"contentUrl\":\"https:\\\/\\\/www.ucaldas.edu.co\\\/portal\\\/wp-content\\\/litespeed\\\/avatar\\\/09ea5085e600095a7a811142c6944527.jpg?ver=1777497608\",\"caption\":\"ofiprensa\"},\"url\":\"https:\\\/\\\/www.ucaldas.edu.co\\\/portal\\\/author\\\/ofiprensa\\\/\"}]}<\/script>\n<!-- \/ Yoast SEO plugin. -->","yoast_head_json":{"title":"Viceministro de Educaci\u00f3n Superior lider\u00f3 foro sobre Ley 30, en la U. de Caldas .","robots":{"index":"index","follow":"follow","max-snippet":"max-snippet:-1","max-image-preview":"max-image-preview:large","max-video-preview":"max-video-preview:-1"},"canonical":"https:\/\/www.ucaldas.edu.co\/portal\/viceministro-de-educacion-superior-lidero-foro-sobre-ley-30-en-la-u-de-caldas\/","schema":{"@context":"https:\/\/schema.org","@graph":[{"@type":"Article","@id":"https:\/\/www.ucaldas.edu.co\/portal\/viceministro-de-educacion-superior-lidero-foro-sobre-ley-30-en-la-u-de-caldas\/#article","isPartOf":{"@id":"https:\/\/www.ucaldas.edu.co\/portal\/viceministro-de-educacion-superior-lidero-foro-sobre-ley-30-en-la-u-de-caldas\/"},"author":{"name":"ofiprensa","@id":"https:\/\/www.ucaldas.edu.co\/portal\/#\/schema\/person\/a1b482e23449158b4bc319926c074fdf"},"headline":"Viceministro de Educaci\u00f3n Superior lider\u00f3 foro sobre Ley 30, en la U. de Caldas","datePublished":"2011-03-28T15:59:59+00:00","mainEntityOfPage":{"@id":"https:\/\/www.ucaldas.edu.co\/portal\/viceministro-de-educacion-superior-lidero-foro-sobre-ley-30-en-la-u-de-caldas\/"},"wordCount":799,"publisher":{"@id":"https:\/\/www.ucaldas.edu.co\/portal\/#organization"},"image":{"@id":"https:\/\/www.ucaldas.edu.co\/portal\/viceministro-de-educacion-superior-lidero-foro-sobre-ley-30-en-la-u-de-caldas\/#primaryimage"},"thumbnailUrl":"http:\/\/www.ucaldas.edu.co\/images\/tmp\/II_Foro_Regional_reforma_Ley_30.JPG","articleSection":["Actualidad","Universidad al D\u00eda"],"inLanguage":"es"},{"@type":"WebPage","@id":"https:\/\/www.ucaldas.edu.co\/portal\/viceministro-de-educacion-superior-lidero-foro-sobre-ley-30-en-la-u-de-caldas\/","url":"https:\/\/www.ucaldas.edu.co\/portal\/viceministro-de-educacion-superior-lidero-foro-sobre-ley-30-en-la-u-de-caldas\/","name":"Viceministro de Educaci\u00f3n Superior lider\u00f3 foro sobre Ley 30, en la U. de Caldas .","isPartOf":{"@id":"https:\/\/www.ucaldas.edu.co\/portal\/#website"},"primaryImageOfPage":{"@id":"https:\/\/www.ucaldas.edu.co\/portal\/viceministro-de-educacion-superior-lidero-foro-sobre-ley-30-en-la-u-de-caldas\/#primaryimage"},"image":{"@id":"https:\/\/www.ucaldas.edu.co\/portal\/viceministro-de-educacion-superior-lidero-foro-sobre-ley-30-en-la-u-de-caldas\/#primaryimage"},"thumbnailUrl":"http:\/\/www.ucaldas.edu.co\/images\/tmp\/II_Foro_Regional_reforma_Ley_30.JPG","datePublished":"2011-03-28T15:59:59+00:00","breadcrumb":{"@id":"https:\/\/www.ucaldas.edu.co\/portal\/viceministro-de-educacion-superior-lidero-foro-sobre-ley-30-en-la-u-de-caldas\/#breadcrumb"},"inLanguage":"es","potentialAction":[{"@type":"ReadAction","target":["https:\/\/www.ucaldas.edu.co\/portal\/viceministro-de-educacion-superior-lidero-foro-sobre-ley-30-en-la-u-de-caldas\/"]}]},{"@type":"ImageObject","inLanguage":"es","@id":"https:\/\/www.ucaldas.edu.co\/portal\/viceministro-de-educacion-superior-lidero-foro-sobre-ley-30-en-la-u-de-caldas\/#primaryimage","url":"http:\/\/www.ucaldas.edu.co\/images\/tmp\/II_Foro_Regional_reforma_Ley_30.JPG","contentUrl":"http:\/\/www.ucaldas.edu.co\/images\/tmp\/II_Foro_Regional_reforma_Ley_30.JPG"},{"@type":"BreadcrumbList","@id":"https:\/\/www.ucaldas.edu.co\/portal\/viceministro-de-educacion-superior-lidero-foro-sobre-ley-30-en-la-u-de-caldas\/#breadcrumb","itemListElement":[{"@type":"ListItem","position":1,"name":"Portada","item":"https:\/\/www.ucaldas.edu.co\/portal\/"},{"@type":"ListItem","position":2,"name":"Viceministro de Educaci\u00f3n Superior lider\u00f3 foro sobre Ley 30, en la U. de Caldas"}]},{"@type":"WebSite","@id":"https:\/\/www.ucaldas.edu.co\/portal\/#website","url":"https:\/\/www.ucaldas.edu.co\/portal\/","name":"Universidad de Caldas","description":"","publisher":{"@id":"https:\/\/www.ucaldas.edu.co\/portal\/#organization"},"alternateName":"U. de Caldas","potentialAction":[{"@type":"SearchAction","target":{"@type":"EntryPoint","urlTemplate":"https:\/\/www.ucaldas.edu.co\/portal\/?s={search_term_string}"},"query-input":{"@type":"PropertyValueSpecification","valueRequired":true,"valueName":"search_term_string"}}],"inLanguage":"es"},{"@type":"Organization","@id":"https:\/\/www.ucaldas.edu.co\/portal\/#organization","name":"Universidad de Caldas","alternateName":"U. de Caldas","url":"https:\/\/www.ucaldas.edu.co\/portal\/","logo":{"@type":"ImageObject","inLanguage":"es","@id":"https:\/\/www.ucaldas.edu.co\/portal\/#\/schema\/logo\/image\/","url":"https:\/\/www.ucaldas.edu.co\/portal\/wp-content\/uploads\/2023\/11\/Logo_horizontal_oscuroU-2023.png","contentUrl":"https:\/\/www.ucaldas.edu.co\/portal\/wp-content\/uploads\/2023\/11\/Logo_horizontal_oscuroU-2023.png","width":263,"height":101,"caption":"Universidad de Caldas"},"image":{"@id":"https:\/\/www.ucaldas.edu.co\/portal\/#\/schema\/logo\/image\/"},"sameAs":["https:\/\/www.facebook.com\/udecaldas","https:\/\/x.com\/udecaldas","https:\/\/www.youtube.com\/universidadcaldas","https:\/\/www.instagram.com\/udecaldas\/"]},{"@type":"Person","@id":"https:\/\/www.ucaldas.edu.co\/portal\/#\/schema\/person\/a1b482e23449158b4bc319926c074fdf","name":"ofiprensa","image":{"@type":"ImageObject","inLanguage":"es","@id":"https:\/\/www.ucaldas.edu.co\/portal\/wp-content\/litespeed\/avatar\/09ea5085e600095a7a811142c6944527.jpg?ver=1777497608","url":"https:\/\/www.ucaldas.edu.co\/portal\/wp-content\/litespeed\/avatar\/09ea5085e600095a7a811142c6944527.jpg?ver=1777497608","contentUrl":"https:\/\/www.ucaldas.edu.co\/portal\/wp-content\/litespeed\/avatar\/09ea5085e600095a7a811142c6944527.jpg?ver=1777497608","caption":"ofiprensa"},"url":"https:\/\/www.ucaldas.edu.co\/portal\/author\/ofiprensa\/"}]}},"_links":{"self":[{"href":"https:\/\/www.ucaldas.edu.co\/portal\/wp-json\/wp\/v2\/posts\/7467","targetHints":{"allow":["GET"]}}],"collection":[{"href":"https:\/\/www.ucaldas.edu.co\/portal\/wp-json\/wp\/v2\/posts"}],"about":[{"href":"https:\/\/www.ucaldas.edu.co\/portal\/wp-json\/wp\/v2\/types\/post"}],"author":[{"embeddable":true,"href":"https:\/\/www.ucaldas.edu.co\/portal\/wp-json\/wp\/v2\/users\/2"}],"replies":[{"embeddable":true,"href":"https:\/\/www.ucaldas.edu.co\/portal\/wp-json\/wp\/v2\/comments?post=7467"}],"version-history":[{"count":0,"href":"https:\/\/www.ucaldas.edu.co\/portal\/wp-json\/wp\/v2\/posts\/7467\/revisions"}],"wp:attachment":[{"href":"https:\/\/www.ucaldas.edu.co\/portal\/wp-json\/wp\/v2\/media?parent=7467"}],"wp:term":[{"taxonomy":"category","embeddable":true,"href":"https:\/\/www.ucaldas.edu.co\/portal\/wp-json\/wp\/v2\/categories?post=7467"},{"taxonomy":"post_tag","embeddable":true,"href":"https:\/\/www.ucaldas.edu.co\/portal\/wp-json\/wp\/v2\/tags?post=7467"}],"curies":[{"name":"wp","href":"https:\/\/api.w.org\/{rel}","templated":true}]}}