{"id":74659,"date":"2023-01-31T19:06:33","date_gmt":"2023-01-31T19:06:33","guid":{"rendered":"https:\/\/www.ucaldas.edu.co\/portal\/?p=74659"},"modified":"2023-01-31T21:15:14","modified_gmt":"2023-01-31T21:15:14","slug":"bienestar-universitario-abre-convocatorias-para-estudiantes-de-pregrado-regular-de-la-universidad-de-caldas","status":"publish","type":"post","link":"https:\/\/www.ucaldas.edu.co\/portal\/bienestar-universitario-abre-convocatorias-para-estudiantes-de-pregrado-regular-de-la-universidad-de-caldas\/","title":{"rendered":"Bienestar Universitario abre convocatorias para estudiantes de pregrado regular de la Universidad de Caldas"},"content":{"rendered":"<p><img loading=\"lazy\" decoding=\"async\" class=\"aligncenter size-full wp-image-74660\" src=\"https:\/\/www.ucaldas.edu.co\/portal\/wp-content\/uploads\/2023\/01\/convocas.jpg\" alt=\"bienestar universitario\" width=\"700\" height=\"400\" srcset=\"https:\/\/www.ucaldas.edu.co\/portal\/wp-content\/uploads\/2023\/01\/convocas.jpg 700w, https:\/\/www.ucaldas.edu.co\/portal\/wp-content\/uploads\/2023\/01\/convocas-300x171.jpg 300w\" sizes=\"auto, (max-width: 700px) 100vw, 700px\" \/><\/p>\n<p>La Oficina de Bienestar Universitario desde el \u00e1rea de Promoci\u00f3n Socioecon\u00f3mica invita a los estudiantes de pregrado regular de la Universidad de Caldas a conocer las diferentes convocatorias a las que pueden inscribirse para obtener beneficios por ser pare de la instituci\u00f3n durante el periodo acad\u00e9mico 2023 \u2013 1.<\/p>\n<p><!--more--><\/p>\n<p><strong><em>Convocatoria Becas de Compensaci\u00f3n.<\/em><\/strong><\/p>\n<p>Las Becas se otorgan a alumnos que colaboran en las unidades acad\u00e9micas, bibliotecas, laboratorios, talleres y dem\u00e1s instalaciones universitarias, auxiliando en actividades acad\u00e9micas o administrativas. La beca comprende aportaciones econ\u00f3micas peri\u00f3dicas de acuerdo a los recursos asignados.<\/p>\n<p>Pueden inscribirse estudiantes de pregrado regular matriculados para el periodo 2023 \u2013 1. Los alumnos que pertenezcan a semilleros de investigaci\u00f3n, equipos deportivos y al programa de Liderazgo y Sana Convivencia se les reconocer\u00e1n las horas de trabajo realizadas en los espacios mencionados. En total ser\u00e1n 300 becas.<\/p>\n<p><strong>Inscripciones del 1 al 17 de febrero.<\/strong><\/p>\n<p><a href=\"https:\/\/www.ucaldas.edu.co\/portal\/wp-content\/uploads\/2023\/01\/Circular-BecasCompensacion-2023-1.pdf\"><strong>Convocatoria completa aqu\u00ed.<\/strong><\/a><\/p>\n<p>&nbsp;<\/p>\n<p><strong><em>Subsidio de alimentaci\u00f3n.<\/em><\/strong><\/p>\n<p>La instituci\u00f3n actualmente otorga de manera permanente 3 mil cupos anuales, los cuales consisten en el almuerzo completamente gratuito, para 1.500 estudiantes que cada semestre demuestren estar en condiciones de vulnerabilidad socioecon\u00f3mica alta.<\/p>\n<p>El suministro de alimentaci\u00f3n se realizar\u00e1 en las cafeter\u00edas relacionadas dentro de la convocatoria. La selecci\u00f3n de restaurante para recibir el beneficio de alimentaci\u00f3n deber\u00e1 realizarse dentro de la inscripci\u00f3n por medio del nuevo SIA indicando su prioridad donde 1 es la primera opci\u00f3n y 3 la \u00faltima.<\/p>\n<p>Si la estudiante se encuentra en estado de gestaci\u00f3n o lactancia, podr\u00e1 contar con el beneficio de alimentaci\u00f3n, por lo que una vez realice la inscripci\u00f3n en la convocatoria, es necesario enviar a trav\u00e9s del correo electr\u00f3nico <a href=\"mailto:bienestar.psocioeconomica@caldas.edu.co\">bienestar.psocioeconomica@caldas.edu.co<\/a> una certificaci\u00f3n que valide su condici\u00f3n.<\/p>\n<p>Inscripciones del 1 al 14 de febrero.<\/p>\n<p><strong><a href=\"https:\/\/www.ucaldas.edu.co\/portal\/wp-content\/uploads\/2023\/01\/circular-convocatoria-Alimentacion-2023-1.pdf\">Convocatoria completa aqu\u00ed.<\/a><\/strong><\/p>\n<p>&nbsp;<\/p>\n<p><strong><em>Residencias estudiantiles.<\/em><\/strong><\/p>\n<p>Los estudiantes que deseen obtener un cupo en las residencias estudiantiles deben tener en cuenta los siguientes aspectos:<\/p>\n<ul>\n<li>Certificado de vecindad con expedici\u00f3n no superior a 6 meses o impresi\u00f3n certificado de Sisb\u00e9n de su lugar de procedencia. En caso de pertenecer a una comunidad ind\u00edgena presentar una certificaci\u00f3n no superior a 6 meses que lo acredite<\/li>\n<li>\u00daltima factura de agua o luz de la direcci\u00f3n de procedencia donde se evidencie el estrato.<\/li>\n<li>Si es hu\u00e9rfano, certificado de defunci\u00f3n de los padres.<\/li>\n<li>Si es casado, certificado de matrimonio.<\/li>\n<li>Si tiene hijo(s), registro civil de nacimiento.<\/li>\n<\/ul>\n<p>Inscripciones del 1 al 17 de febrero.<\/p>\n<p><strong><a href=\"https:\/\/www.ucaldas.edu.co\/portal\/wp-content\/uploads\/2023\/01\/Circular-convocatoria-Residencias-2023-1.pdf\">Convocatoria completa aqu\u00ed.<\/a><\/strong><\/p>\n<p>&nbsp;<\/p>\n<p>Estos beneficios se brindan gracias al compromiso social de la Universidad de Caldas, con el que se busca contribuir a la calidad de vida de la comunidad universitaria, mediante la consolidaci\u00f3n de programas que atiendan a la poblaci\u00f3n vulnerable social y econ\u00f3micamente, programas de est\u00edmulos al m\u00e9rito acad\u00e9mico y programas de cualificaci\u00f3n y formaci\u00f3n integral que adem\u00e1s facilitan la permanencia de estos estudiantes.<\/p>\n<p>&nbsp;<\/p>\n<p>M\u00e1s informaci\u00f3n:<\/p>\n<p>&nbsp;<\/p>\n<ul>\n<li>Tel\u00e9fono: 8781500 Ext. 18024 y 18020<\/li>\n<li>Correos electr\u00f3nicos: bienestar.psocioeconomica@caldas.edu.co y <a href=\"mailto:bienestar@ucaldas.edu.co\">bienestar@ucaldas.edu.co<\/a><\/li>\n<\/ul>\n","protected":false},"excerpt":{"rendered":"<p>La Oficina de Bienestar Universitario desde el \u00e1rea de Promoci\u00f3n Socioecon\u00f3mica invita a los estudiantes de pregrado regular de la Universidad de Caldas a conocer las diferentes convocatorias a las que pueden inscribirse para obtener beneficios por ser pare de la instituci\u00f3n durante el periodo acad\u00e9mico 2023 \u2013 1.<\/p>\n","protected":false},"author":2,"featured_media":74660,"comment_status":"closed","ping_status":"open","sticky":false,"template":"","format":"standard","meta":{"footnotes":""},"categories":[48,53],"tags":[141,378],"class_list":["post-74659","post","type-post","status-publish","format-standard","has-post-thumbnail","hentry","category-actualidad","category-universidad-al-dia","tag-convocatoria","tag-bienestar-universitario"],"yoast_head":"<!-- This site is optimized with the Yoast SEO plugin v27.5 - https:\/\/yoast.com\/product\/yoast-seo-wordpress\/ -->\n<title>Bienestar Universitario abre convocatorias para estudiantes de pregrado regular de la Universidad de Caldas .<\/title>\n<meta name=\"robots\" content=\"index, follow, max-snippet:-1, max-image-preview:large, max-video-preview:-1\" \/>\n<link rel=\"canonical\" href=\"https:\/\/www.ucaldas.edu.co\/portal\/bienestar-universitario-abre-convocatorias-para-estudiantes-de-pregrado-regular-de-la-universidad-de-caldas\/\" \/>\n<script type=\"application\/ld+json\" class=\"yoast-schema-graph\">{\"@context\":\"https:\\\/\\\/schema.org\",\"@graph\":[{\"@type\":\"Article\",\"@id\":\"https:\\\/\\\/www.ucaldas.edu.co\\\/portal\\\/bienestar-universitario-abre-convocatorias-para-estudiantes-de-pregrado-regular-de-la-universidad-de-caldas\\\/#article\",\"isPartOf\":{\"@id\":\"https:\\\/\\\/www.ucaldas.edu.co\\\/portal\\\/bienestar-universitario-abre-convocatorias-para-estudiantes-de-pregrado-regular-de-la-universidad-de-caldas\\\/\"},\"author\":{\"name\":\"ofiprensa\",\"@id\":\"https:\\\/\\\/www.ucaldas.edu.co\\\/portal\\\/#\\\/schema\\\/person\\\/a1b482e23449158b4bc319926c074fdf\"},\"headline\":\"Bienestar Universitario abre convocatorias para estudiantes de pregrado regular de la Universidad de Caldas\",\"datePublished\":\"2023-01-31T19:06:33+00:00\",\"dateModified\":\"2023-01-31T21:15:14+00:00\",\"mainEntityOfPage\":{\"@id\":\"https:\\\/\\\/www.ucaldas.edu.co\\\/portal\\\/bienestar-universitario-abre-convocatorias-para-estudiantes-de-pregrado-regular-de-la-universidad-de-caldas\\\/\"},\"wordCount\":528,\"publisher\":{\"@id\":\"https:\\\/\\\/www.ucaldas.edu.co\\\/portal\\\/#organization\"},\"image\":{\"@id\":\"https:\\\/\\\/www.ucaldas.edu.co\\\/portal\\\/bienestar-universitario-abre-convocatorias-para-estudiantes-de-pregrado-regular-de-la-universidad-de-caldas\\\/#primaryimage\"},\"thumbnailUrl\":\"https:\\\/\\\/www.ucaldas.edu.co\\\/portal\\\/wp-content\\\/uploads\\\/2023\\\/01\\\/convocas.jpg\",\"keywords\":[\"Convocatoria\",\"bienestar universitario\"],\"articleSection\":[\"Actualidad\",\"Universidad al D\u00eda\"],\"inLanguage\":\"es\"},{\"@type\":\"WebPage\",\"@id\":\"https:\\\/\\\/www.ucaldas.edu.co\\\/portal\\\/bienestar-universitario-abre-convocatorias-para-estudiantes-de-pregrado-regular-de-la-universidad-de-caldas\\\/\",\"url\":\"https:\\\/\\\/www.ucaldas.edu.co\\\/portal\\\/bienestar-universitario-abre-convocatorias-para-estudiantes-de-pregrado-regular-de-la-universidad-de-caldas\\\/\",\"name\":\"Bienestar Universitario abre convocatorias para estudiantes de pregrado regular de la Universidad de Caldas .\",\"isPartOf\":{\"@id\":\"https:\\\/\\\/www.ucaldas.edu.co\\\/portal\\\/#website\"},\"primaryImageOfPage\":{\"@id\":\"https:\\\/\\\/www.ucaldas.edu.co\\\/portal\\\/bienestar-universitario-abre-convocatorias-para-estudiantes-de-pregrado-regular-de-la-universidad-de-caldas\\\/#primaryimage\"},\"image\":{\"@id\":\"https:\\\/\\\/www.ucaldas.edu.co\\\/portal\\\/bienestar-universitario-abre-convocatorias-para-estudiantes-de-pregrado-regular-de-la-universidad-de-caldas\\\/#primaryimage\"},\"thumbnailUrl\":\"https:\\\/\\\/www.ucaldas.edu.co\\\/portal\\\/wp-content\\\/uploads\\\/2023\\\/01\\\/convocas.jpg\",\"datePublished\":\"2023-01-31T19:06:33+00:00\",\"dateModified\":\"2023-01-31T21:15:14+00:00\",\"breadcrumb\":{\"@id\":\"https:\\\/\\\/www.ucaldas.edu.co\\\/portal\\\/bienestar-universitario-abre-convocatorias-para-estudiantes-de-pregrado-regular-de-la-universidad-de-caldas\\\/#breadcrumb\"},\"inLanguage\":\"es\",\"potentialAction\":[{\"@type\":\"ReadAction\",\"target\":[\"https:\\\/\\\/www.ucaldas.edu.co\\\/portal\\\/bienestar-universitario-abre-convocatorias-para-estudiantes-de-pregrado-regular-de-la-universidad-de-caldas\\\/\"]}]},{\"@type\":\"ImageObject\",\"inLanguage\":\"es\",\"@id\":\"https:\\\/\\\/www.ucaldas.edu.co\\\/portal\\\/bienestar-universitario-abre-convocatorias-para-estudiantes-de-pregrado-regular-de-la-universidad-de-caldas\\\/#primaryimage\",\"url\":\"https:\\\/\\\/www.ucaldas.edu.co\\\/portal\\\/wp-content\\\/uploads\\\/2023\\\/01\\\/convocas.jpg\",\"contentUrl\":\"https:\\\/\\\/www.ucaldas.edu.co\\\/portal\\\/wp-content\\\/uploads\\\/2023\\\/01\\\/convocas.jpg\",\"width\":700,\"height\":400,\"caption\":\"bienestar universitario\"},{\"@type\":\"BreadcrumbList\",\"@id\":\"https:\\\/\\\/www.ucaldas.edu.co\\\/portal\\\/bienestar-universitario-abre-convocatorias-para-estudiantes-de-pregrado-regular-de-la-universidad-de-caldas\\\/#breadcrumb\",\"itemListElement\":[{\"@type\":\"ListItem\",\"position\":1,\"name\":\"Portada\",\"item\":\"https:\\\/\\\/www.ucaldas.edu.co\\\/portal\\\/\"},{\"@type\":\"ListItem\",\"position\":2,\"name\":\"Bienestar Universitario abre convocatorias para estudiantes de pregrado regular de la Universidad de Caldas\"}]},{\"@type\":\"WebSite\",\"@id\":\"https:\\\/\\\/www.ucaldas.edu.co\\\/portal\\\/#website\",\"url\":\"https:\\\/\\\/www.ucaldas.edu.co\\\/portal\\\/\",\"name\":\"Universidad de Caldas\",\"description\":\"\",\"publisher\":{\"@id\":\"https:\\\/\\\/www.ucaldas.edu.co\\\/portal\\\/#organization\"},\"alternateName\":\"U. de Caldas\",\"potentialAction\":[{\"@type\":\"SearchAction\",\"target\":{\"@type\":\"EntryPoint\",\"urlTemplate\":\"https:\\\/\\\/www.ucaldas.edu.co\\\/portal\\\/?s={search_term_string}\"},\"query-input\":{\"@type\":\"PropertyValueSpecification\",\"valueRequired\":true,\"valueName\":\"search_term_string\"}}],\"inLanguage\":\"es\"},{\"@type\":\"Organization\",\"@id\":\"https:\\\/\\\/www.ucaldas.edu.co\\\/portal\\\/#organization\",\"name\":\"Universidad de Caldas\",\"alternateName\":\"U. de Caldas\",\"url\":\"https:\\\/\\\/www.ucaldas.edu.co\\\/portal\\\/\",\"logo\":{\"@type\":\"ImageObject\",\"inLanguage\":\"es\",\"@id\":\"https:\\\/\\\/www.ucaldas.edu.co\\\/portal\\\/#\\\/schema\\\/logo\\\/image\\\/\",\"url\":\"https:\\\/\\\/www.ucaldas.edu.co\\\/portal\\\/wp-content\\\/uploads\\\/2023\\\/11\\\/Logo_horizontal_oscuroU-2023.png\",\"contentUrl\":\"https:\\\/\\\/www.ucaldas.edu.co\\\/portal\\\/wp-content\\\/uploads\\\/2023\\\/11\\\/Logo_horizontal_oscuroU-2023.png\",\"width\":263,\"height\":101,\"caption\":\"Universidad de Caldas\"},\"image\":{\"@id\":\"https:\\\/\\\/www.ucaldas.edu.co\\\/portal\\\/#\\\/schema\\\/logo\\\/image\\\/\"},\"sameAs\":[\"https:\\\/\\\/www.facebook.com\\\/udecaldas\",\"https:\\\/\\\/x.com\\\/udecaldas\",\"https:\\\/\\\/www.youtube.com\\\/universidadcaldas\",\"https:\\\/\\\/www.instagram.com\\\/udecaldas\\\/\"]},{\"@type\":\"Person\",\"@id\":\"https:\\\/\\\/www.ucaldas.edu.co\\\/portal\\\/#\\\/schema\\\/person\\\/a1b482e23449158b4bc319926c074fdf\",\"name\":\"ofiprensa\",\"image\":{\"@type\":\"ImageObject\",\"inLanguage\":\"es\",\"@id\":\"https:\\\/\\\/www.ucaldas.edu.co\\\/portal\\\/wp-content\\\/litespeed\\\/avatar\\\/09ea5085e600095a7a811142c6944527.jpg?ver=1776892805\",\"url\":\"https:\\\/\\\/www.ucaldas.edu.co\\\/portal\\\/wp-content\\\/litespeed\\\/avatar\\\/09ea5085e600095a7a811142c6944527.jpg?ver=1776892805\",\"contentUrl\":\"https:\\\/\\\/www.ucaldas.edu.co\\\/portal\\\/wp-content\\\/litespeed\\\/avatar\\\/09ea5085e600095a7a811142c6944527.jpg?ver=1776892805\",\"caption\":\"ofiprensa\"},\"url\":\"https:\\\/\\\/www.ucaldas.edu.co\\\/portal\\\/author\\\/ofiprensa\\\/\"}]}<\/script>\n<!-- \/ Yoast SEO plugin. -->","yoast_head_json":{"title":"Bienestar Universitario abre convocatorias para estudiantes de pregrado regular de la Universidad de Caldas .","robots":{"index":"index","follow":"follow","max-snippet":"max-snippet:-1","max-image-preview":"max-image-preview:large","max-video-preview":"max-video-preview:-1"},"canonical":"https:\/\/www.ucaldas.edu.co\/portal\/bienestar-universitario-abre-convocatorias-para-estudiantes-de-pregrado-regular-de-la-universidad-de-caldas\/","schema":{"@context":"https:\/\/schema.org","@graph":[{"@type":"Article","@id":"https:\/\/www.ucaldas.edu.co\/portal\/bienestar-universitario-abre-convocatorias-para-estudiantes-de-pregrado-regular-de-la-universidad-de-caldas\/#article","isPartOf":{"@id":"https:\/\/www.ucaldas.edu.co\/portal\/bienestar-universitario-abre-convocatorias-para-estudiantes-de-pregrado-regular-de-la-universidad-de-caldas\/"},"author":{"name":"ofiprensa","@id":"https:\/\/www.ucaldas.edu.co\/portal\/#\/schema\/person\/a1b482e23449158b4bc319926c074fdf"},"headline":"Bienestar Universitario abre convocatorias para estudiantes de pregrado regular de la Universidad de Caldas","datePublished":"2023-01-31T19:06:33+00:00","dateModified":"2023-01-31T21:15:14+00:00","mainEntityOfPage":{"@id":"https:\/\/www.ucaldas.edu.co\/portal\/bienestar-universitario-abre-convocatorias-para-estudiantes-de-pregrado-regular-de-la-universidad-de-caldas\/"},"wordCount":528,"publisher":{"@id":"https:\/\/www.ucaldas.edu.co\/portal\/#organization"},"image":{"@id":"https:\/\/www.ucaldas.edu.co\/portal\/bienestar-universitario-abre-convocatorias-para-estudiantes-de-pregrado-regular-de-la-universidad-de-caldas\/#primaryimage"},"thumbnailUrl":"https:\/\/www.ucaldas.edu.co\/portal\/wp-content\/uploads\/2023\/01\/convocas.jpg","keywords":["Convocatoria","bienestar universitario"],"articleSection":["Actualidad","Universidad al D\u00eda"],"inLanguage":"es"},{"@type":"WebPage","@id":"https:\/\/www.ucaldas.edu.co\/portal\/bienestar-universitario-abre-convocatorias-para-estudiantes-de-pregrado-regular-de-la-universidad-de-caldas\/","url":"https:\/\/www.ucaldas.edu.co\/portal\/bienestar-universitario-abre-convocatorias-para-estudiantes-de-pregrado-regular-de-la-universidad-de-caldas\/","name":"Bienestar Universitario abre convocatorias para estudiantes de pregrado regular de la Universidad de Caldas .","isPartOf":{"@id":"https:\/\/www.ucaldas.edu.co\/portal\/#website"},"primaryImageOfPage":{"@id":"https:\/\/www.ucaldas.edu.co\/portal\/bienestar-universitario-abre-convocatorias-para-estudiantes-de-pregrado-regular-de-la-universidad-de-caldas\/#primaryimage"},"image":{"@id":"https:\/\/www.ucaldas.edu.co\/portal\/bienestar-universitario-abre-convocatorias-para-estudiantes-de-pregrado-regular-de-la-universidad-de-caldas\/#primaryimage"},"thumbnailUrl":"https:\/\/www.ucaldas.edu.co\/portal\/wp-content\/uploads\/2023\/01\/convocas.jpg","datePublished":"2023-01-31T19:06:33+00:00","dateModified":"2023-01-31T21:15:14+00:00","breadcrumb":{"@id":"https:\/\/www.ucaldas.edu.co\/portal\/bienestar-universitario-abre-convocatorias-para-estudiantes-de-pregrado-regular-de-la-universidad-de-caldas\/#breadcrumb"},"inLanguage":"es","potentialAction":[{"@type":"ReadAction","target":["https:\/\/www.ucaldas.edu.co\/portal\/bienestar-universitario-abre-convocatorias-para-estudiantes-de-pregrado-regular-de-la-universidad-de-caldas\/"]}]},{"@type":"ImageObject","inLanguage":"es","@id":"https:\/\/www.ucaldas.edu.co\/portal\/bienestar-universitario-abre-convocatorias-para-estudiantes-de-pregrado-regular-de-la-universidad-de-caldas\/#primaryimage","url":"https:\/\/www.ucaldas.edu.co\/portal\/wp-content\/uploads\/2023\/01\/convocas.jpg","contentUrl":"https:\/\/www.ucaldas.edu.co\/portal\/wp-content\/uploads\/2023\/01\/convocas.jpg","width":700,"height":400,"caption":"bienestar universitario"},{"@type":"BreadcrumbList","@id":"https:\/\/www.ucaldas.edu.co\/portal\/bienestar-universitario-abre-convocatorias-para-estudiantes-de-pregrado-regular-de-la-universidad-de-caldas\/#breadcrumb","itemListElement":[{"@type":"ListItem","position":1,"name":"Portada","item":"https:\/\/www.ucaldas.edu.co\/portal\/"},{"@type":"ListItem","position":2,"name":"Bienestar Universitario abre convocatorias para estudiantes de pregrado regular de la Universidad de Caldas"}]},{"@type":"WebSite","@id":"https:\/\/www.ucaldas.edu.co\/portal\/#website","url":"https:\/\/www.ucaldas.edu.co\/portal\/","name":"Universidad de Caldas","description":"","publisher":{"@id":"https:\/\/www.ucaldas.edu.co\/portal\/#organization"},"alternateName":"U. de Caldas","potentialAction":[{"@type":"SearchAction","target":{"@type":"EntryPoint","urlTemplate":"https:\/\/www.ucaldas.edu.co\/portal\/?s={search_term_string}"},"query-input":{"@type":"PropertyValueSpecification","valueRequired":true,"valueName":"search_term_string"}}],"inLanguage":"es"},{"@type":"Organization","@id":"https:\/\/www.ucaldas.edu.co\/portal\/#organization","name":"Universidad de Caldas","alternateName":"U. de Caldas","url":"https:\/\/www.ucaldas.edu.co\/portal\/","logo":{"@type":"ImageObject","inLanguage":"es","@id":"https:\/\/www.ucaldas.edu.co\/portal\/#\/schema\/logo\/image\/","url":"https:\/\/www.ucaldas.edu.co\/portal\/wp-content\/uploads\/2023\/11\/Logo_horizontal_oscuroU-2023.png","contentUrl":"https:\/\/www.ucaldas.edu.co\/portal\/wp-content\/uploads\/2023\/11\/Logo_horizontal_oscuroU-2023.png","width":263,"height":101,"caption":"Universidad de Caldas"},"image":{"@id":"https:\/\/www.ucaldas.edu.co\/portal\/#\/schema\/logo\/image\/"},"sameAs":["https:\/\/www.facebook.com\/udecaldas","https:\/\/x.com\/udecaldas","https:\/\/www.youtube.com\/universidadcaldas","https:\/\/www.instagram.com\/udecaldas\/"]},{"@type":"Person","@id":"https:\/\/www.ucaldas.edu.co\/portal\/#\/schema\/person\/a1b482e23449158b4bc319926c074fdf","name":"ofiprensa","image":{"@type":"ImageObject","inLanguage":"es","@id":"https:\/\/www.ucaldas.edu.co\/portal\/wp-content\/litespeed\/avatar\/09ea5085e600095a7a811142c6944527.jpg?ver=1776892805","url":"https:\/\/www.ucaldas.edu.co\/portal\/wp-content\/litespeed\/avatar\/09ea5085e600095a7a811142c6944527.jpg?ver=1776892805","contentUrl":"https:\/\/www.ucaldas.edu.co\/portal\/wp-content\/litespeed\/avatar\/09ea5085e600095a7a811142c6944527.jpg?ver=1776892805","caption":"ofiprensa"},"url":"https:\/\/www.ucaldas.edu.co\/portal\/author\/ofiprensa\/"}]}},"_links":{"self":[{"href":"https:\/\/www.ucaldas.edu.co\/portal\/wp-json\/wp\/v2\/posts\/74659","targetHints":{"allow":["GET"]}}],"collection":[{"href":"https:\/\/www.ucaldas.edu.co\/portal\/wp-json\/wp\/v2\/posts"}],"about":[{"href":"https:\/\/www.ucaldas.edu.co\/portal\/wp-json\/wp\/v2\/types\/post"}],"author":[{"embeddable":true,"href":"https:\/\/www.ucaldas.edu.co\/portal\/wp-json\/wp\/v2\/users\/2"}],"replies":[{"embeddable":true,"href":"https:\/\/www.ucaldas.edu.co\/portal\/wp-json\/wp\/v2\/comments?post=74659"}],"version-history":[{"count":0,"href":"https:\/\/www.ucaldas.edu.co\/portal\/wp-json\/wp\/v2\/posts\/74659\/revisions"}],"wp:featuredmedia":[{"embeddable":true,"href":"https:\/\/www.ucaldas.edu.co\/portal\/wp-json\/wp\/v2\/media\/74660"}],"wp:attachment":[{"href":"https:\/\/www.ucaldas.edu.co\/portal\/wp-json\/wp\/v2\/media?parent=74659"}],"wp:term":[{"taxonomy":"category","embeddable":true,"href":"https:\/\/www.ucaldas.edu.co\/portal\/wp-json\/wp\/v2\/categories?post=74659"},{"taxonomy":"post_tag","embeddable":true,"href":"https:\/\/www.ucaldas.edu.co\/portal\/wp-json\/wp\/v2\/tags?post=74659"}],"curies":[{"name":"wp","href":"https:\/\/api.w.org\/{rel}","templated":true}]}}