{"id":7464,"date":"2011-03-25T10:58:11","date_gmt":"2011-03-25T15:58:11","guid":{"rendered":"https:\/\/www.ucaldas.edu.co\/portal\/?p=7464"},"modified":"2011-03-25T10:58:11","modified_gmt":"2011-03-25T15:58:11","slug":"u-de-caldas-protagonista-de-la-celebracion-del-dia-internacional-de-teatro","status":"publish","type":"post","link":"https:\/\/www.ucaldas.edu.co\/portal\/u-de-caldas-protagonista-de-la-celebracion-del-dia-internacional-de-teatro\/","title":{"rendered":"U. de Caldas, protagonista de la Celebraci\u00f3n del D\u00eda Internacional de Teatro"},"content":{"rendered":"<p>26 actividades culturales conforman esta fiesta cultural<\/p>\n<hr \/>\n<p align=\"center\">\n<p align=\"right\"><b>25\/03\/2011<\/b><\/p>\n<p><b>\u00a0<\/b><\/p>\n<table border=\"0\">\n<tbody>\n<tr>\n<td><img loading=\"lazy\" decoding=\"async\" style=\"border: 0px\" alt=\"D\u00eda teatro\" src=\"http:\/\/www.ucaldas.edu.co\/images\/tmp\/clown.jpg\" width=\"240\" height=\"150\" border=\"0\" \/><\/td>\n<td>La <b>Universidad<\/b><b> de Caldas,<\/b> en cabeza de su <b>Departamento de Artes Esc\u00e9nicas<\/b>, <b>realiza <\/b>desde el pasado <b>martes 22<\/b> hasta este <b>s\u00e1bado 26<\/b> de <b>marzo<\/b> del 2011 la <b>Jornada<\/b><b> de Celebraci\u00f3n del<\/b> <b>D\u00eda Internacional de Teatro.<\/b><\/p>\n<p><b>\u00a0<\/b><\/p>\n<p><b>26 actividades culturales, <\/b>entre o<b>bras de teatro,<\/b> <b>talleres de clown,<\/b> <b>conferencias,<\/b> <b>concurso <\/b>de<b> malabares<\/b>,<b> conciertos<\/b> y <b>macht<\/b> de <b>improvisaciones <\/b>hacen parte de esta fiesta cultural, que se realiza en la <b>Celebraci\u00f3n<\/b><b> de los 80 a\u00f1os de Bellas Artes.<\/b><\/td>\n<\/tr>\n<\/tbody>\n<\/table>\n<p>&nbsp;<\/p>\n<p><b>\u00a0<\/b><\/p>\n<p>\u201cEsta es una celebraci\u00f3n mundial en donde nos une el amor por el teatro. Todos los hombres de teatro del mundo estamos celebrando\u201d, coment\u00f3 Gilberto Leyton, Director del Departamento de Artes Esc\u00e9nicas de la U. de Caldas.<\/p>\n<p>&nbsp;<\/p>\n<p>Respecto a la calidad de los espect\u00e1culos, Leyton dijo: \u201cme siento muy orgulloso porque estoy trabajando junto a maestros y artistas que realmente sacan la cara por la U. de Caldas y demuestran que \u00e9sta es una Instituci\u00f3n de alta calidad\u201d.<\/p>\n<p>&nbsp;<\/p>\n<p>Esta es una jornada organizada con el apoyo del \u00c1rea de Extensi\u00f3n Cultural de la Instituci\u00f3n, en homenaje al fallecido dramaturgo, escritor y fot\u00f3grafo manizale\u00f1o \u00d3scar Casta\u00f1o Jurado, quien era docente jubilado de la U. de Caldas, donde coordin\u00f3 la c\u00e1tedra de Dramaturgia e Historia\u00a0 de Teatro, desde 1987.<\/p>\n<p>&nbsp;<\/p>\n<p>\u201cA pesar de los traumatismos de la Universidad hemos tenido un \u00e9xito del ciento por ciento en el cumplimiento de la programaci\u00f3n, no s\u00f3lo dentro de la Instituci\u00f3n, sino en otros espacios de la ciudad\u201d, inform\u00f3 Leyton.<\/p>\n<p>&nbsp;<\/p>\n<p>A esta iniciativa se unieron la Universidad Nacional Sede Manizales, y los grupos de teatro Punto de Partida, TICH, Circoloco y Cuatr\u00e9. Adem\u00e1s, cont\u00f3 con el apoyo de Confamiliares.<\/p>\n<p>&nbsp;<\/p>\n<p><b>Homenaje a \u00d3scar Casta\u00f1o Jurado <\/b><\/p>\n<p>Precisamente, el primer evento de la jornada fue un concierto y recital en homenaje a Casta\u00f1o Jurado.<\/p>\n<p>&nbsp;<\/p>\n<p>\u201cFue un acto muy bonito, pues tratamos de atraer a las personas que conoc\u00edan la obra de \u00d3scar Casta\u00f1o Jurado. Se leyeron poemas del maestro, recordamos la \u00faltima producci\u00f3n que realiz\u00f3 en p\u00fablico: la obra <i>Querida familia, <\/i>merecedora del Premio del Ministerio de Cultura de 1995\u201d expres\u00f3 Leyton.<\/p>\n<p>&nbsp;<\/p>\n<p>Adem\u00e1s, la Orquesta Sinf\u00f3nica de la U. de Caldas realiz\u00f3 un concierto en homenaje al maestro.<\/p>\n<p>&nbsp;<\/p>\n<p><b>\u00daltimo d\u00eda del evento<\/b><\/p>\n<p>Este <b>s\u00e1bado 26<\/b> de <b>marzo <\/b>del 2011 ser\u00e1 el <b>\u00faltimo d\u00eda<\/b> de la <b>Jornada.<\/b><\/p>\n<p>&nbsp;<\/p>\n<p>\u201cNosotros, los oficiantes del teatro, estamos presentes y queremos que Manizales sepa que hacemos parte de ella\u201d, ratific\u00f3 Leyton.<\/p>\n<p>&nbsp;<\/p>\n<p>A partir de las <b>10:00 a.m.<\/b> en la <b>Sede Bellas<\/b><b> Artes<\/b> de la <b>U.<\/b><b> de Caldas<\/b> se realizar\u00e1n <b>eventos culturales.<\/b><\/p>\n<p>&nbsp;<\/p>\n<p>Luego, a la <b>1:00 p.m.,<\/b> habr\u00e1 un <b>almuerzo comunitario<\/b> para los <b>miembros <\/b>del <b>Departamento,<\/b> para hablar del teatro y la profesi\u00f3n.<\/p>\n<p>&nbsp;<\/p>\n<p>Tambi\u00e9n habr\u00e1 una <b>velada teatral<\/b>, <b>dos obras <\/b>de<b> teatro<\/b> y la <b>final<\/b> del <b>match<\/b> de <b>improvisaciones:<\/b> una competencia de improvisaci\u00f3n y actuaci\u00f3n.<\/p>\n<p>&nbsp;<\/p>\n<p>Ser\u00e1 a las <b>2:30 p.m.<\/b> Tres grupos se enfrentar\u00e1n en esta final. El grupo ganador recibir\u00e1 una corona de laurel.<\/p>\n<p>&nbsp;<\/p>\n<p>La programaci\u00f3n <b>terminar\u00e1<\/b> a las <b>6:00 p.m.<\/b><\/p>\n<p>&nbsp;<\/p>\n<p>Para conocer la programaci\u00f3n completa del evento haga clic <a href=\"http:\/\/desarrollo.ucaldas.edu.co\/archivo\/docs\/prensa\/tmp\/programacion_dia_internacional_teatro.pdf\" target=\"_blank\">aqu\u00ed.<\/a><\/p>\n<p><b>\u00a0<\/b><\/p>\n<p><b>Informes: <\/b>en el Departamento de Artes Esc\u00e9nicas. Tel\u00e9fono: 880 21 70, extensi\u00f3n 41 104.<\/p>\n","protected":false},"excerpt":{"rendered":"<p>26 actividades culturales conforman esta fiesta cultural 25\/03\/2011 \u00a0 La Universidad de Caldas, en cabeza de su Departamento de Artes Esc\u00e9nicas, realiza desde el pasado martes 22 hasta este s\u00e1bado 26 de marzo del 2011 la Jornada de Celebraci\u00f3n del D\u00eda Internacional de Teatro. \u00a0 26 actividades culturales, entre obras de teatro, talleres de clown, [&hellip;]<\/p>\n","protected":false},"author":2,"featured_media":0,"comment_status":"closed","ping_status":"closed","sticky":false,"template":"","format":"standard","meta":{"footnotes":""},"categories":[48,53],"tags":[],"class_list":["post-7464","post","type-post","status-publish","format-standard","hentry","category-actualidad","category-universidad-al-dia"],"yoast_head":"<!-- This site is optimized with the Yoast SEO plugin v27.5 - https:\/\/yoast.com\/product\/yoast-seo-wordpress\/ -->\n<title>U. de Caldas, protagonista de la Celebraci\u00f3n del D\u00eda Internacional de Teatro .<\/title>\n<meta name=\"robots\" content=\"index, follow, max-snippet:-1, max-image-preview:large, max-video-preview:-1\" \/>\n<link rel=\"canonical\" href=\"https:\/\/www.ucaldas.edu.co\/portal\/u-de-caldas-protagonista-de-la-celebracion-del-dia-internacional-de-teatro\/\" \/>\n<script type=\"application\/ld+json\" class=\"yoast-schema-graph\">{\"@context\":\"https:\\\/\\\/schema.org\",\"@graph\":[{\"@type\":\"Article\",\"@id\":\"https:\\\/\\\/www.ucaldas.edu.co\\\/portal\\\/u-de-caldas-protagonista-de-la-celebracion-del-dia-internacional-de-teatro\\\/#article\",\"isPartOf\":{\"@id\":\"https:\\\/\\\/www.ucaldas.edu.co\\\/portal\\\/u-de-caldas-protagonista-de-la-celebracion-del-dia-internacional-de-teatro\\\/\"},\"author\":{\"name\":\"ofiprensa\",\"@id\":\"https:\\\/\\\/www.ucaldas.edu.co\\\/portal\\\/#\\\/schema\\\/person\\\/a1b482e23449158b4bc319926c074fdf\"},\"headline\":\"U. de Caldas, protagonista de la Celebraci\u00f3n del D\u00eda Internacional de Teatro\",\"datePublished\":\"2011-03-25T15:58:11+00:00\",\"mainEntityOfPage\":{\"@id\":\"https:\\\/\\\/www.ucaldas.edu.co\\\/portal\\\/u-de-caldas-protagonista-de-la-celebracion-del-dia-internacional-de-teatro\\\/\"},\"wordCount\":567,\"publisher\":{\"@id\":\"https:\\\/\\\/www.ucaldas.edu.co\\\/portal\\\/#organization\"},\"image\":{\"@id\":\"https:\\\/\\\/www.ucaldas.edu.co\\\/portal\\\/u-de-caldas-protagonista-de-la-celebracion-del-dia-internacional-de-teatro\\\/#primaryimage\"},\"thumbnailUrl\":\"http:\\\/\\\/www.ucaldas.edu.co\\\/images\\\/tmp\\\/clown.jpg\",\"articleSection\":[\"Actualidad\",\"Universidad al D\u00eda\"],\"inLanguage\":\"es\"},{\"@type\":\"WebPage\",\"@id\":\"https:\\\/\\\/www.ucaldas.edu.co\\\/portal\\\/u-de-caldas-protagonista-de-la-celebracion-del-dia-internacional-de-teatro\\\/\",\"url\":\"https:\\\/\\\/www.ucaldas.edu.co\\\/portal\\\/u-de-caldas-protagonista-de-la-celebracion-del-dia-internacional-de-teatro\\\/\",\"name\":\"U. de Caldas, protagonista de la Celebraci\u00f3n del D\u00eda Internacional de Teatro .\",\"isPartOf\":{\"@id\":\"https:\\\/\\\/www.ucaldas.edu.co\\\/portal\\\/#website\"},\"primaryImageOfPage\":{\"@id\":\"https:\\\/\\\/www.ucaldas.edu.co\\\/portal\\\/u-de-caldas-protagonista-de-la-celebracion-del-dia-internacional-de-teatro\\\/#primaryimage\"},\"image\":{\"@id\":\"https:\\\/\\\/www.ucaldas.edu.co\\\/portal\\\/u-de-caldas-protagonista-de-la-celebracion-del-dia-internacional-de-teatro\\\/#primaryimage\"},\"thumbnailUrl\":\"http:\\\/\\\/www.ucaldas.edu.co\\\/images\\\/tmp\\\/clown.jpg\",\"datePublished\":\"2011-03-25T15:58:11+00:00\",\"breadcrumb\":{\"@id\":\"https:\\\/\\\/www.ucaldas.edu.co\\\/portal\\\/u-de-caldas-protagonista-de-la-celebracion-del-dia-internacional-de-teatro\\\/#breadcrumb\"},\"inLanguage\":\"es\",\"potentialAction\":[{\"@type\":\"ReadAction\",\"target\":[\"https:\\\/\\\/www.ucaldas.edu.co\\\/portal\\\/u-de-caldas-protagonista-de-la-celebracion-del-dia-internacional-de-teatro\\\/\"]}]},{\"@type\":\"ImageObject\",\"inLanguage\":\"es\",\"@id\":\"https:\\\/\\\/www.ucaldas.edu.co\\\/portal\\\/u-de-caldas-protagonista-de-la-celebracion-del-dia-internacional-de-teatro\\\/#primaryimage\",\"url\":\"http:\\\/\\\/www.ucaldas.edu.co\\\/images\\\/tmp\\\/clown.jpg\",\"contentUrl\":\"http:\\\/\\\/www.ucaldas.edu.co\\\/images\\\/tmp\\\/clown.jpg\"},{\"@type\":\"BreadcrumbList\",\"@id\":\"https:\\\/\\\/www.ucaldas.edu.co\\\/portal\\\/u-de-caldas-protagonista-de-la-celebracion-del-dia-internacional-de-teatro\\\/#breadcrumb\",\"itemListElement\":[{\"@type\":\"ListItem\",\"position\":1,\"name\":\"Portada\",\"item\":\"https:\\\/\\\/www.ucaldas.edu.co\\\/portal\\\/\"},{\"@type\":\"ListItem\",\"position\":2,\"name\":\"U. de Caldas, protagonista de la Celebraci\u00f3n del D\u00eda Internacional de Teatro\"}]},{\"@type\":\"WebSite\",\"@id\":\"https:\\\/\\\/www.ucaldas.edu.co\\\/portal\\\/#website\",\"url\":\"https:\\\/\\\/www.ucaldas.edu.co\\\/portal\\\/\",\"name\":\"Universidad de Caldas\",\"description\":\"\",\"publisher\":{\"@id\":\"https:\\\/\\\/www.ucaldas.edu.co\\\/portal\\\/#organization\"},\"alternateName\":\"U. de Caldas\",\"potentialAction\":[{\"@type\":\"SearchAction\",\"target\":{\"@type\":\"EntryPoint\",\"urlTemplate\":\"https:\\\/\\\/www.ucaldas.edu.co\\\/portal\\\/?s={search_term_string}\"},\"query-input\":{\"@type\":\"PropertyValueSpecification\",\"valueRequired\":true,\"valueName\":\"search_term_string\"}}],\"inLanguage\":\"es\"},{\"@type\":\"Organization\",\"@id\":\"https:\\\/\\\/www.ucaldas.edu.co\\\/portal\\\/#organization\",\"name\":\"Universidad de Caldas\",\"alternateName\":\"U. de Caldas\",\"url\":\"https:\\\/\\\/www.ucaldas.edu.co\\\/portal\\\/\",\"logo\":{\"@type\":\"ImageObject\",\"inLanguage\":\"es\",\"@id\":\"https:\\\/\\\/www.ucaldas.edu.co\\\/portal\\\/#\\\/schema\\\/logo\\\/image\\\/\",\"url\":\"https:\\\/\\\/www.ucaldas.edu.co\\\/portal\\\/wp-content\\\/uploads\\\/2023\\\/11\\\/Logo_horizontal_oscuroU-2023.png\",\"contentUrl\":\"https:\\\/\\\/www.ucaldas.edu.co\\\/portal\\\/wp-content\\\/uploads\\\/2023\\\/11\\\/Logo_horizontal_oscuroU-2023.png\",\"width\":263,\"height\":101,\"caption\":\"Universidad de Caldas\"},\"image\":{\"@id\":\"https:\\\/\\\/www.ucaldas.edu.co\\\/portal\\\/#\\\/schema\\\/logo\\\/image\\\/\"},\"sameAs\":[\"https:\\\/\\\/www.facebook.com\\\/udecaldas\",\"https:\\\/\\\/x.com\\\/udecaldas\",\"https:\\\/\\\/www.youtube.com\\\/universidadcaldas\",\"https:\\\/\\\/www.instagram.com\\\/udecaldas\\\/\"]},{\"@type\":\"Person\",\"@id\":\"https:\\\/\\\/www.ucaldas.edu.co\\\/portal\\\/#\\\/schema\\\/person\\\/a1b482e23449158b4bc319926c074fdf\",\"name\":\"ofiprensa\",\"image\":{\"@type\":\"ImageObject\",\"inLanguage\":\"es\",\"@id\":\"https:\\\/\\\/www.ucaldas.edu.co\\\/portal\\\/wp-content\\\/litespeed\\\/avatar\\\/09ea5085e600095a7a811142c6944527.jpg?ver=1777497608\",\"url\":\"https:\\\/\\\/www.ucaldas.edu.co\\\/portal\\\/wp-content\\\/litespeed\\\/avatar\\\/09ea5085e600095a7a811142c6944527.jpg?ver=1777497608\",\"contentUrl\":\"https:\\\/\\\/www.ucaldas.edu.co\\\/portal\\\/wp-content\\\/litespeed\\\/avatar\\\/09ea5085e600095a7a811142c6944527.jpg?ver=1777497608\",\"caption\":\"ofiprensa\"},\"url\":\"https:\\\/\\\/www.ucaldas.edu.co\\\/portal\\\/author\\\/ofiprensa\\\/\"}]}<\/script>\n<!-- \/ Yoast SEO plugin. -->","yoast_head_json":{"title":"U. de Caldas, protagonista de la Celebraci\u00f3n del D\u00eda Internacional de Teatro .","robots":{"index":"index","follow":"follow","max-snippet":"max-snippet:-1","max-image-preview":"max-image-preview:large","max-video-preview":"max-video-preview:-1"},"canonical":"https:\/\/www.ucaldas.edu.co\/portal\/u-de-caldas-protagonista-de-la-celebracion-del-dia-internacional-de-teatro\/","schema":{"@context":"https:\/\/schema.org","@graph":[{"@type":"Article","@id":"https:\/\/www.ucaldas.edu.co\/portal\/u-de-caldas-protagonista-de-la-celebracion-del-dia-internacional-de-teatro\/#article","isPartOf":{"@id":"https:\/\/www.ucaldas.edu.co\/portal\/u-de-caldas-protagonista-de-la-celebracion-del-dia-internacional-de-teatro\/"},"author":{"name":"ofiprensa","@id":"https:\/\/www.ucaldas.edu.co\/portal\/#\/schema\/person\/a1b482e23449158b4bc319926c074fdf"},"headline":"U. de Caldas, protagonista de la Celebraci\u00f3n del D\u00eda Internacional de Teatro","datePublished":"2011-03-25T15:58:11+00:00","mainEntityOfPage":{"@id":"https:\/\/www.ucaldas.edu.co\/portal\/u-de-caldas-protagonista-de-la-celebracion-del-dia-internacional-de-teatro\/"},"wordCount":567,"publisher":{"@id":"https:\/\/www.ucaldas.edu.co\/portal\/#organization"},"image":{"@id":"https:\/\/www.ucaldas.edu.co\/portal\/u-de-caldas-protagonista-de-la-celebracion-del-dia-internacional-de-teatro\/#primaryimage"},"thumbnailUrl":"http:\/\/www.ucaldas.edu.co\/images\/tmp\/clown.jpg","articleSection":["Actualidad","Universidad al D\u00eda"],"inLanguage":"es"},{"@type":"WebPage","@id":"https:\/\/www.ucaldas.edu.co\/portal\/u-de-caldas-protagonista-de-la-celebracion-del-dia-internacional-de-teatro\/","url":"https:\/\/www.ucaldas.edu.co\/portal\/u-de-caldas-protagonista-de-la-celebracion-del-dia-internacional-de-teatro\/","name":"U. de Caldas, protagonista de la Celebraci\u00f3n del D\u00eda Internacional de Teatro .","isPartOf":{"@id":"https:\/\/www.ucaldas.edu.co\/portal\/#website"},"primaryImageOfPage":{"@id":"https:\/\/www.ucaldas.edu.co\/portal\/u-de-caldas-protagonista-de-la-celebracion-del-dia-internacional-de-teatro\/#primaryimage"},"image":{"@id":"https:\/\/www.ucaldas.edu.co\/portal\/u-de-caldas-protagonista-de-la-celebracion-del-dia-internacional-de-teatro\/#primaryimage"},"thumbnailUrl":"http:\/\/www.ucaldas.edu.co\/images\/tmp\/clown.jpg","datePublished":"2011-03-25T15:58:11+00:00","breadcrumb":{"@id":"https:\/\/www.ucaldas.edu.co\/portal\/u-de-caldas-protagonista-de-la-celebracion-del-dia-internacional-de-teatro\/#breadcrumb"},"inLanguage":"es","potentialAction":[{"@type":"ReadAction","target":["https:\/\/www.ucaldas.edu.co\/portal\/u-de-caldas-protagonista-de-la-celebracion-del-dia-internacional-de-teatro\/"]}]},{"@type":"ImageObject","inLanguage":"es","@id":"https:\/\/www.ucaldas.edu.co\/portal\/u-de-caldas-protagonista-de-la-celebracion-del-dia-internacional-de-teatro\/#primaryimage","url":"http:\/\/www.ucaldas.edu.co\/images\/tmp\/clown.jpg","contentUrl":"http:\/\/www.ucaldas.edu.co\/images\/tmp\/clown.jpg"},{"@type":"BreadcrumbList","@id":"https:\/\/www.ucaldas.edu.co\/portal\/u-de-caldas-protagonista-de-la-celebracion-del-dia-internacional-de-teatro\/#breadcrumb","itemListElement":[{"@type":"ListItem","position":1,"name":"Portada","item":"https:\/\/www.ucaldas.edu.co\/portal\/"},{"@type":"ListItem","position":2,"name":"U. de Caldas, protagonista de la Celebraci\u00f3n del D\u00eda Internacional de Teatro"}]},{"@type":"WebSite","@id":"https:\/\/www.ucaldas.edu.co\/portal\/#website","url":"https:\/\/www.ucaldas.edu.co\/portal\/","name":"Universidad de Caldas","description":"","publisher":{"@id":"https:\/\/www.ucaldas.edu.co\/portal\/#organization"},"alternateName":"U. de Caldas","potentialAction":[{"@type":"SearchAction","target":{"@type":"EntryPoint","urlTemplate":"https:\/\/www.ucaldas.edu.co\/portal\/?s={search_term_string}"},"query-input":{"@type":"PropertyValueSpecification","valueRequired":true,"valueName":"search_term_string"}}],"inLanguage":"es"},{"@type":"Organization","@id":"https:\/\/www.ucaldas.edu.co\/portal\/#organization","name":"Universidad de Caldas","alternateName":"U. de Caldas","url":"https:\/\/www.ucaldas.edu.co\/portal\/","logo":{"@type":"ImageObject","inLanguage":"es","@id":"https:\/\/www.ucaldas.edu.co\/portal\/#\/schema\/logo\/image\/","url":"https:\/\/www.ucaldas.edu.co\/portal\/wp-content\/uploads\/2023\/11\/Logo_horizontal_oscuroU-2023.png","contentUrl":"https:\/\/www.ucaldas.edu.co\/portal\/wp-content\/uploads\/2023\/11\/Logo_horizontal_oscuroU-2023.png","width":263,"height":101,"caption":"Universidad de Caldas"},"image":{"@id":"https:\/\/www.ucaldas.edu.co\/portal\/#\/schema\/logo\/image\/"},"sameAs":["https:\/\/www.facebook.com\/udecaldas","https:\/\/x.com\/udecaldas","https:\/\/www.youtube.com\/universidadcaldas","https:\/\/www.instagram.com\/udecaldas\/"]},{"@type":"Person","@id":"https:\/\/www.ucaldas.edu.co\/portal\/#\/schema\/person\/a1b482e23449158b4bc319926c074fdf","name":"ofiprensa","image":{"@type":"ImageObject","inLanguage":"es","@id":"https:\/\/www.ucaldas.edu.co\/portal\/wp-content\/litespeed\/avatar\/09ea5085e600095a7a811142c6944527.jpg?ver=1777497608","url":"https:\/\/www.ucaldas.edu.co\/portal\/wp-content\/litespeed\/avatar\/09ea5085e600095a7a811142c6944527.jpg?ver=1777497608","contentUrl":"https:\/\/www.ucaldas.edu.co\/portal\/wp-content\/litespeed\/avatar\/09ea5085e600095a7a811142c6944527.jpg?ver=1777497608","caption":"ofiprensa"},"url":"https:\/\/www.ucaldas.edu.co\/portal\/author\/ofiprensa\/"}]}},"_links":{"self":[{"href":"https:\/\/www.ucaldas.edu.co\/portal\/wp-json\/wp\/v2\/posts\/7464","targetHints":{"allow":["GET"]}}],"collection":[{"href":"https:\/\/www.ucaldas.edu.co\/portal\/wp-json\/wp\/v2\/posts"}],"about":[{"href":"https:\/\/www.ucaldas.edu.co\/portal\/wp-json\/wp\/v2\/types\/post"}],"author":[{"embeddable":true,"href":"https:\/\/www.ucaldas.edu.co\/portal\/wp-json\/wp\/v2\/users\/2"}],"replies":[{"embeddable":true,"href":"https:\/\/www.ucaldas.edu.co\/portal\/wp-json\/wp\/v2\/comments?post=7464"}],"version-history":[{"count":0,"href":"https:\/\/www.ucaldas.edu.co\/portal\/wp-json\/wp\/v2\/posts\/7464\/revisions"}],"wp:attachment":[{"href":"https:\/\/www.ucaldas.edu.co\/portal\/wp-json\/wp\/v2\/media?parent=7464"}],"wp:term":[{"taxonomy":"category","embeddable":true,"href":"https:\/\/www.ucaldas.edu.co\/portal\/wp-json\/wp\/v2\/categories?post=7464"},{"taxonomy":"post_tag","embeddable":true,"href":"https:\/\/www.ucaldas.edu.co\/portal\/wp-json\/wp\/v2\/tags?post=7464"}],"curies":[{"name":"wp","href":"https:\/\/api.w.org\/{rel}","templated":true}]}}