{"id":74635,"date":"2023-01-30T16:30:28","date_gmt":"2023-01-30T16:30:28","guid":{"rendered":"https:\/\/www.ucaldas.edu.co\/portal\/?p=74635"},"modified":"2023-01-30T16:30:28","modified_gmt":"2023-01-30T16:30:28","slug":"cerca-de-1-200-estudiantes-nuevos-recibira-la-universidad-de-caldas-en-el-primer-semestre-del-2023","status":"publish","type":"post","link":"https:\/\/www.ucaldas.edu.co\/portal\/cerca-de-1-200-estudiantes-nuevos-recibira-la-universidad-de-caldas-en-el-primer-semestre-del-2023\/","title":{"rendered":"Cerca de 1.200 estudiantes nuevos recibir\u00e1 la Universidad de Caldas en el primer semestre del 2023."},"content":{"rendered":"<p><img loading=\"lazy\" decoding=\"async\" class=\"aligncenter size-full wp-image-74636\" src=\"https:\/\/www.ucaldas.edu.co\/portal\/wp-content\/uploads\/2023\/01\/jornada.jpg\" alt=\"inducci\u00f3n primiparos\" width=\"700\" height=\"400\" srcset=\"https:\/\/www.ucaldas.edu.co\/portal\/wp-content\/uploads\/2023\/01\/jornada.jpg 700w, https:\/\/www.ucaldas.edu.co\/portal\/wp-content\/uploads\/2023\/01\/jornada-300x171.jpg 300w\" sizes=\"auto, (max-width: 700px) 100vw, 700px\" \/><\/p>\n<p>El pr\u00f3ximo mi\u00e9rcoles primero de febrero la Universidad de Caldas inicia la jornada presencial de bienvenida a la vida universitaria para los cerca de 1.200 nuevos estudiantes, un espacio liderado por la Oficina de Bienestar Universitario, en conjunto con las Vicerrector\u00edas Acad\u00e9mica y Administrativa.<\/p>\n<p><!--more--><\/p>\n<p>La programaci\u00f3n de inducci\u00f3n se realiza como un compromiso que tiene la instituci\u00f3n con los nuevos integrantes de la comunidad universitaria, promoviendo la confianza con los j\u00f3venes y sus familias y permiti\u00e9ndoles conocer mejor este nuevo espacio educativo en el cual vivir\u00e1n grandes experiencias en los \u00e1mbitos acad\u00e9mico, personal y profesional.<\/p>\n<p>Los estudiantes que comienzan su ciclo profesional en la instituci\u00f3n recibir\u00e1n la bienvenida a cargo del Rector, Fabio Hernando Arias Orozco y su equipo directivo en horas de la ma\u00f1ana, momento en el cual tambi\u00e9n se les presentar\u00e1 aspectos fundamentales de la Universidad como el Estatuto Disciplinario, Registro Acad\u00e9mico, semilleros de investigaci\u00f3n, representantes estudiantiles, bienestar estudiantil, entre otros.<\/p>\n<p>En lo correspondiente a los d\u00edas mi\u00e9rcoles uno y jueves dos de febrero, los nuevos estudiantes tendr\u00e1n actividades especiales en cada una de sus Facultades a cargo de los decanos y decanas y adicional recorrer\u00e1n las instalaciones. Entre tanto, el viernes desarrollar\u00e1n actividades l\u00fadicas, recreativas y de participaci\u00f3n.<\/p>\n<p>Es de resaltar que del aproximado de 1.200 estudiantes, el 50% viene de otros departamentos del pa\u00eds, por lo cual el d\u00eda viernes tres de febrero la Universidad de Caldas realiza un tour por la ciudad para los j\u00f3venes que llegan a Manizales por primera vez.<\/p>\n<p><strong>Abiertas convocatorios de inscripci\u00f3n<\/strong><\/p>\n<p>Igualmente se informa a la comunidad de Manizales, La Dorada, Anserma y Riosucio que se encuentra abierta la oferta de programas Tecnol\u00f3gicos hasta el cuatro de febrero, los cuales pueden consultar en el siguiente link \u00a0<a href=\"https:\/\/bit.ly\/3XE5vGb?fbclid=IwAR2LauS1XbJjB3KNBlgS3AwN3S0_P5zdserhcE8SOlYHaXn2KKE9RTLG-NY\"><strong>https:\/\/bit.ly\/3XE5vGb<\/strong><\/a> y la gu\u00eda de inscripci\u00f3n aqu\u00ed: <strong><a href=\"https:\/\/acortar.link\/7uMkBb?fbclid=IwAR1E84TUT5NDjHEJ9dAm_bxTfWWAy-a41JeBI-ok0kXaqJcDfGLVLpoeaHU\">https:\/\/acortar.link\/7uMkBb<\/a><\/strong><\/p>\n<p><strong><a href=\"https:\/\/www.ucaldas.edu.co\/portal\/wp-content\/uploads\/2023\/01\/Programacio\u0300n-final-Induccio\u0300n-2023-1-1-1.pdf\">Conozca aqu\u00ed la Programaci\u00f3n completa de la Inducci\u00f3n. <\/a><\/strong><\/p>\n","protected":false},"excerpt":{"rendered":"<p>El pr\u00f3ximo mi\u00e9rcoles primero de febrero la Universidad de Caldas inicia la jornada presencial de bienvenida a la vida universitaria para los cerca de 1.200 nuevos estudiantes, un espacio liderado por la Oficina de Bienestar Universitario, en conjunto con las Vicerrector\u00edas Acad\u00e9mica y Administrativa.<\/p>\n","protected":false},"author":2,"featured_media":74636,"comment_status":"closed","ping_status":"open","sticky":false,"template":"","format":"standard","meta":{"footnotes":""},"categories":[48,53],"tags":[1517,6975],"class_list":["post-74635","post","type-post","status-publish","format-standard","has-post-thumbnail","hentry","category-actualidad","category-universidad-al-dia","tag-jornada-de-induccion","tag-induccion-estudiantes"],"yoast_head":"<!-- This site is optimized with the Yoast SEO plugin v27.5 - https:\/\/yoast.com\/product\/yoast-seo-wordpress\/ -->\n<title>Cerca de 1.200 estudiantes nuevos recibir\u00e1 la Universidad de Caldas en el primer semestre del 2023. .<\/title>\n<meta name=\"robots\" content=\"index, follow, max-snippet:-1, max-image-preview:large, max-video-preview:-1\" \/>\n<link rel=\"canonical\" href=\"https:\/\/www.ucaldas.edu.co\/portal\/cerca-de-1-200-estudiantes-nuevos-recibira-la-universidad-de-caldas-en-el-primer-semestre-del-2023\/\" \/>\n<script type=\"application\/ld+json\" class=\"yoast-schema-graph\">{\"@context\":\"https:\\\/\\\/schema.org\",\"@graph\":[{\"@type\":\"Article\",\"@id\":\"https:\\\/\\\/www.ucaldas.edu.co\\\/portal\\\/cerca-de-1-200-estudiantes-nuevos-recibira-la-universidad-de-caldas-en-el-primer-semestre-del-2023\\\/#article\",\"isPartOf\":{\"@id\":\"https:\\\/\\\/www.ucaldas.edu.co\\\/portal\\\/cerca-de-1-200-estudiantes-nuevos-recibira-la-universidad-de-caldas-en-el-primer-semestre-del-2023\\\/\"},\"author\":{\"name\":\"ofiprensa\",\"@id\":\"https:\\\/\\\/www.ucaldas.edu.co\\\/portal\\\/#\\\/schema\\\/person\\\/a1b482e23449158b4bc319926c074fdf\"},\"headline\":\"Cerca de 1.200 estudiantes nuevos recibir\u00e1 la Universidad de Caldas en el primer semestre del 2023.\",\"datePublished\":\"2023-01-30T16:30:28+00:00\",\"mainEntityOfPage\":{\"@id\":\"https:\\\/\\\/www.ucaldas.edu.co\\\/portal\\\/cerca-de-1-200-estudiantes-nuevos-recibira-la-universidad-de-caldas-en-el-primer-semestre-del-2023\\\/\"},\"wordCount\":353,\"publisher\":{\"@id\":\"https:\\\/\\\/www.ucaldas.edu.co\\\/portal\\\/#organization\"},\"image\":{\"@id\":\"https:\\\/\\\/www.ucaldas.edu.co\\\/portal\\\/cerca-de-1-200-estudiantes-nuevos-recibira-la-universidad-de-caldas-en-el-primer-semestre-del-2023\\\/#primaryimage\"},\"thumbnailUrl\":\"https:\\\/\\\/www.ucaldas.edu.co\\\/portal\\\/wp-content\\\/uploads\\\/2023\\\/01\\\/jornada.jpg\",\"keywords\":[\"Jornada de inducci\u00f3n\",\"inducci\u00f3n estudiantes\"],\"articleSection\":[\"Actualidad\",\"Universidad al D\u00eda\"],\"inLanguage\":\"es\"},{\"@type\":\"WebPage\",\"@id\":\"https:\\\/\\\/www.ucaldas.edu.co\\\/portal\\\/cerca-de-1-200-estudiantes-nuevos-recibira-la-universidad-de-caldas-en-el-primer-semestre-del-2023\\\/\",\"url\":\"https:\\\/\\\/www.ucaldas.edu.co\\\/portal\\\/cerca-de-1-200-estudiantes-nuevos-recibira-la-universidad-de-caldas-en-el-primer-semestre-del-2023\\\/\",\"name\":\"Cerca de 1.200 estudiantes nuevos recibir\u00e1 la Universidad de Caldas en el primer semestre del 2023. .\",\"isPartOf\":{\"@id\":\"https:\\\/\\\/www.ucaldas.edu.co\\\/portal\\\/#website\"},\"primaryImageOfPage\":{\"@id\":\"https:\\\/\\\/www.ucaldas.edu.co\\\/portal\\\/cerca-de-1-200-estudiantes-nuevos-recibira-la-universidad-de-caldas-en-el-primer-semestre-del-2023\\\/#primaryimage\"},\"image\":{\"@id\":\"https:\\\/\\\/www.ucaldas.edu.co\\\/portal\\\/cerca-de-1-200-estudiantes-nuevos-recibira-la-universidad-de-caldas-en-el-primer-semestre-del-2023\\\/#primaryimage\"},\"thumbnailUrl\":\"https:\\\/\\\/www.ucaldas.edu.co\\\/portal\\\/wp-content\\\/uploads\\\/2023\\\/01\\\/jornada.jpg\",\"datePublished\":\"2023-01-30T16:30:28+00:00\",\"breadcrumb\":{\"@id\":\"https:\\\/\\\/www.ucaldas.edu.co\\\/portal\\\/cerca-de-1-200-estudiantes-nuevos-recibira-la-universidad-de-caldas-en-el-primer-semestre-del-2023\\\/#breadcrumb\"},\"inLanguage\":\"es\",\"potentialAction\":[{\"@type\":\"ReadAction\",\"target\":[\"https:\\\/\\\/www.ucaldas.edu.co\\\/portal\\\/cerca-de-1-200-estudiantes-nuevos-recibira-la-universidad-de-caldas-en-el-primer-semestre-del-2023\\\/\"]}]},{\"@type\":\"ImageObject\",\"inLanguage\":\"es\",\"@id\":\"https:\\\/\\\/www.ucaldas.edu.co\\\/portal\\\/cerca-de-1-200-estudiantes-nuevos-recibira-la-universidad-de-caldas-en-el-primer-semestre-del-2023\\\/#primaryimage\",\"url\":\"https:\\\/\\\/www.ucaldas.edu.co\\\/portal\\\/wp-content\\\/uploads\\\/2023\\\/01\\\/jornada.jpg\",\"contentUrl\":\"https:\\\/\\\/www.ucaldas.edu.co\\\/portal\\\/wp-content\\\/uploads\\\/2023\\\/01\\\/jornada.jpg\",\"width\":700,\"height\":400,\"caption\":\"inducci\u00f3n primiparos\"},{\"@type\":\"BreadcrumbList\",\"@id\":\"https:\\\/\\\/www.ucaldas.edu.co\\\/portal\\\/cerca-de-1-200-estudiantes-nuevos-recibira-la-universidad-de-caldas-en-el-primer-semestre-del-2023\\\/#breadcrumb\",\"itemListElement\":[{\"@type\":\"ListItem\",\"position\":1,\"name\":\"Portada\",\"item\":\"https:\\\/\\\/www.ucaldas.edu.co\\\/portal\\\/\"},{\"@type\":\"ListItem\",\"position\":2,\"name\":\"Cerca de 1.200 estudiantes nuevos recibir\u00e1 la Universidad de Caldas en el primer semestre del 2023.\"}]},{\"@type\":\"WebSite\",\"@id\":\"https:\\\/\\\/www.ucaldas.edu.co\\\/portal\\\/#website\",\"url\":\"https:\\\/\\\/www.ucaldas.edu.co\\\/portal\\\/\",\"name\":\"Universidad de Caldas\",\"description\":\"\",\"publisher\":{\"@id\":\"https:\\\/\\\/www.ucaldas.edu.co\\\/portal\\\/#organization\"},\"alternateName\":\"U. de Caldas\",\"potentialAction\":[{\"@type\":\"SearchAction\",\"target\":{\"@type\":\"EntryPoint\",\"urlTemplate\":\"https:\\\/\\\/www.ucaldas.edu.co\\\/portal\\\/?s={search_term_string}\"},\"query-input\":{\"@type\":\"PropertyValueSpecification\",\"valueRequired\":true,\"valueName\":\"search_term_string\"}}],\"inLanguage\":\"es\"},{\"@type\":\"Organization\",\"@id\":\"https:\\\/\\\/www.ucaldas.edu.co\\\/portal\\\/#organization\",\"name\":\"Universidad de Caldas\",\"alternateName\":\"U. de Caldas\",\"url\":\"https:\\\/\\\/www.ucaldas.edu.co\\\/portal\\\/\",\"logo\":{\"@type\":\"ImageObject\",\"inLanguage\":\"es\",\"@id\":\"https:\\\/\\\/www.ucaldas.edu.co\\\/portal\\\/#\\\/schema\\\/logo\\\/image\\\/\",\"url\":\"https:\\\/\\\/www.ucaldas.edu.co\\\/portal\\\/wp-content\\\/uploads\\\/2023\\\/11\\\/Logo_horizontal_oscuroU-2023.png\",\"contentUrl\":\"https:\\\/\\\/www.ucaldas.edu.co\\\/portal\\\/wp-content\\\/uploads\\\/2023\\\/11\\\/Logo_horizontal_oscuroU-2023.png\",\"width\":263,\"height\":101,\"caption\":\"Universidad de Caldas\"},\"image\":{\"@id\":\"https:\\\/\\\/www.ucaldas.edu.co\\\/portal\\\/#\\\/schema\\\/logo\\\/image\\\/\"},\"sameAs\":[\"https:\\\/\\\/www.facebook.com\\\/udecaldas\",\"https:\\\/\\\/x.com\\\/udecaldas\",\"https:\\\/\\\/www.youtube.com\\\/universidadcaldas\",\"https:\\\/\\\/www.instagram.com\\\/udecaldas\\\/\"]},{\"@type\":\"Person\",\"@id\":\"https:\\\/\\\/www.ucaldas.edu.co\\\/portal\\\/#\\\/schema\\\/person\\\/a1b482e23449158b4bc319926c074fdf\",\"name\":\"ofiprensa\",\"image\":{\"@type\":\"ImageObject\",\"inLanguage\":\"es\",\"@id\":\"https:\\\/\\\/www.ucaldas.edu.co\\\/portal\\\/wp-content\\\/litespeed\\\/avatar\\\/09ea5085e600095a7a811142c6944527.jpg?ver=1777497608\",\"url\":\"https:\\\/\\\/www.ucaldas.edu.co\\\/portal\\\/wp-content\\\/litespeed\\\/avatar\\\/09ea5085e600095a7a811142c6944527.jpg?ver=1777497608\",\"contentUrl\":\"https:\\\/\\\/www.ucaldas.edu.co\\\/portal\\\/wp-content\\\/litespeed\\\/avatar\\\/09ea5085e600095a7a811142c6944527.jpg?ver=1777497608\",\"caption\":\"ofiprensa\"},\"url\":\"https:\\\/\\\/www.ucaldas.edu.co\\\/portal\\\/author\\\/ofiprensa\\\/\"}]}<\/script>\n<!-- \/ Yoast SEO plugin. -->","yoast_head_json":{"title":"Cerca de 1.200 estudiantes nuevos recibir\u00e1 la Universidad de Caldas en el primer semestre del 2023. .","robots":{"index":"index","follow":"follow","max-snippet":"max-snippet:-1","max-image-preview":"max-image-preview:large","max-video-preview":"max-video-preview:-1"},"canonical":"https:\/\/www.ucaldas.edu.co\/portal\/cerca-de-1-200-estudiantes-nuevos-recibira-la-universidad-de-caldas-en-el-primer-semestre-del-2023\/","schema":{"@context":"https:\/\/schema.org","@graph":[{"@type":"Article","@id":"https:\/\/www.ucaldas.edu.co\/portal\/cerca-de-1-200-estudiantes-nuevos-recibira-la-universidad-de-caldas-en-el-primer-semestre-del-2023\/#article","isPartOf":{"@id":"https:\/\/www.ucaldas.edu.co\/portal\/cerca-de-1-200-estudiantes-nuevos-recibira-la-universidad-de-caldas-en-el-primer-semestre-del-2023\/"},"author":{"name":"ofiprensa","@id":"https:\/\/www.ucaldas.edu.co\/portal\/#\/schema\/person\/a1b482e23449158b4bc319926c074fdf"},"headline":"Cerca de 1.200 estudiantes nuevos recibir\u00e1 la Universidad de Caldas en el primer semestre del 2023.","datePublished":"2023-01-30T16:30:28+00:00","mainEntityOfPage":{"@id":"https:\/\/www.ucaldas.edu.co\/portal\/cerca-de-1-200-estudiantes-nuevos-recibira-la-universidad-de-caldas-en-el-primer-semestre-del-2023\/"},"wordCount":353,"publisher":{"@id":"https:\/\/www.ucaldas.edu.co\/portal\/#organization"},"image":{"@id":"https:\/\/www.ucaldas.edu.co\/portal\/cerca-de-1-200-estudiantes-nuevos-recibira-la-universidad-de-caldas-en-el-primer-semestre-del-2023\/#primaryimage"},"thumbnailUrl":"https:\/\/www.ucaldas.edu.co\/portal\/wp-content\/uploads\/2023\/01\/jornada.jpg","keywords":["Jornada de inducci\u00f3n","inducci\u00f3n estudiantes"],"articleSection":["Actualidad","Universidad al D\u00eda"],"inLanguage":"es"},{"@type":"WebPage","@id":"https:\/\/www.ucaldas.edu.co\/portal\/cerca-de-1-200-estudiantes-nuevos-recibira-la-universidad-de-caldas-en-el-primer-semestre-del-2023\/","url":"https:\/\/www.ucaldas.edu.co\/portal\/cerca-de-1-200-estudiantes-nuevos-recibira-la-universidad-de-caldas-en-el-primer-semestre-del-2023\/","name":"Cerca de 1.200 estudiantes nuevos recibir\u00e1 la Universidad de Caldas en el primer semestre del 2023. .","isPartOf":{"@id":"https:\/\/www.ucaldas.edu.co\/portal\/#website"},"primaryImageOfPage":{"@id":"https:\/\/www.ucaldas.edu.co\/portal\/cerca-de-1-200-estudiantes-nuevos-recibira-la-universidad-de-caldas-en-el-primer-semestre-del-2023\/#primaryimage"},"image":{"@id":"https:\/\/www.ucaldas.edu.co\/portal\/cerca-de-1-200-estudiantes-nuevos-recibira-la-universidad-de-caldas-en-el-primer-semestre-del-2023\/#primaryimage"},"thumbnailUrl":"https:\/\/www.ucaldas.edu.co\/portal\/wp-content\/uploads\/2023\/01\/jornada.jpg","datePublished":"2023-01-30T16:30:28+00:00","breadcrumb":{"@id":"https:\/\/www.ucaldas.edu.co\/portal\/cerca-de-1-200-estudiantes-nuevos-recibira-la-universidad-de-caldas-en-el-primer-semestre-del-2023\/#breadcrumb"},"inLanguage":"es","potentialAction":[{"@type":"ReadAction","target":["https:\/\/www.ucaldas.edu.co\/portal\/cerca-de-1-200-estudiantes-nuevos-recibira-la-universidad-de-caldas-en-el-primer-semestre-del-2023\/"]}]},{"@type":"ImageObject","inLanguage":"es","@id":"https:\/\/www.ucaldas.edu.co\/portal\/cerca-de-1-200-estudiantes-nuevos-recibira-la-universidad-de-caldas-en-el-primer-semestre-del-2023\/#primaryimage","url":"https:\/\/www.ucaldas.edu.co\/portal\/wp-content\/uploads\/2023\/01\/jornada.jpg","contentUrl":"https:\/\/www.ucaldas.edu.co\/portal\/wp-content\/uploads\/2023\/01\/jornada.jpg","width":700,"height":400,"caption":"inducci\u00f3n primiparos"},{"@type":"BreadcrumbList","@id":"https:\/\/www.ucaldas.edu.co\/portal\/cerca-de-1-200-estudiantes-nuevos-recibira-la-universidad-de-caldas-en-el-primer-semestre-del-2023\/#breadcrumb","itemListElement":[{"@type":"ListItem","position":1,"name":"Portada","item":"https:\/\/www.ucaldas.edu.co\/portal\/"},{"@type":"ListItem","position":2,"name":"Cerca de 1.200 estudiantes nuevos recibir\u00e1 la Universidad de Caldas en el primer semestre del 2023."}]},{"@type":"WebSite","@id":"https:\/\/www.ucaldas.edu.co\/portal\/#website","url":"https:\/\/www.ucaldas.edu.co\/portal\/","name":"Universidad de Caldas","description":"","publisher":{"@id":"https:\/\/www.ucaldas.edu.co\/portal\/#organization"},"alternateName":"U. de Caldas","potentialAction":[{"@type":"SearchAction","target":{"@type":"EntryPoint","urlTemplate":"https:\/\/www.ucaldas.edu.co\/portal\/?s={search_term_string}"},"query-input":{"@type":"PropertyValueSpecification","valueRequired":true,"valueName":"search_term_string"}}],"inLanguage":"es"},{"@type":"Organization","@id":"https:\/\/www.ucaldas.edu.co\/portal\/#organization","name":"Universidad de Caldas","alternateName":"U. de Caldas","url":"https:\/\/www.ucaldas.edu.co\/portal\/","logo":{"@type":"ImageObject","inLanguage":"es","@id":"https:\/\/www.ucaldas.edu.co\/portal\/#\/schema\/logo\/image\/","url":"https:\/\/www.ucaldas.edu.co\/portal\/wp-content\/uploads\/2023\/11\/Logo_horizontal_oscuroU-2023.png","contentUrl":"https:\/\/www.ucaldas.edu.co\/portal\/wp-content\/uploads\/2023\/11\/Logo_horizontal_oscuroU-2023.png","width":263,"height":101,"caption":"Universidad de Caldas"},"image":{"@id":"https:\/\/www.ucaldas.edu.co\/portal\/#\/schema\/logo\/image\/"},"sameAs":["https:\/\/www.facebook.com\/udecaldas","https:\/\/x.com\/udecaldas","https:\/\/www.youtube.com\/universidadcaldas","https:\/\/www.instagram.com\/udecaldas\/"]},{"@type":"Person","@id":"https:\/\/www.ucaldas.edu.co\/portal\/#\/schema\/person\/a1b482e23449158b4bc319926c074fdf","name":"ofiprensa","image":{"@type":"ImageObject","inLanguage":"es","@id":"https:\/\/www.ucaldas.edu.co\/portal\/wp-content\/litespeed\/avatar\/09ea5085e600095a7a811142c6944527.jpg?ver=1777497608","url":"https:\/\/www.ucaldas.edu.co\/portal\/wp-content\/litespeed\/avatar\/09ea5085e600095a7a811142c6944527.jpg?ver=1777497608","contentUrl":"https:\/\/www.ucaldas.edu.co\/portal\/wp-content\/litespeed\/avatar\/09ea5085e600095a7a811142c6944527.jpg?ver=1777497608","caption":"ofiprensa"},"url":"https:\/\/www.ucaldas.edu.co\/portal\/author\/ofiprensa\/"}]}},"_links":{"self":[{"href":"https:\/\/www.ucaldas.edu.co\/portal\/wp-json\/wp\/v2\/posts\/74635","targetHints":{"allow":["GET"]}}],"collection":[{"href":"https:\/\/www.ucaldas.edu.co\/portal\/wp-json\/wp\/v2\/posts"}],"about":[{"href":"https:\/\/www.ucaldas.edu.co\/portal\/wp-json\/wp\/v2\/types\/post"}],"author":[{"embeddable":true,"href":"https:\/\/www.ucaldas.edu.co\/portal\/wp-json\/wp\/v2\/users\/2"}],"replies":[{"embeddable":true,"href":"https:\/\/www.ucaldas.edu.co\/portal\/wp-json\/wp\/v2\/comments?post=74635"}],"version-history":[{"count":0,"href":"https:\/\/www.ucaldas.edu.co\/portal\/wp-json\/wp\/v2\/posts\/74635\/revisions"}],"wp:featuredmedia":[{"embeddable":true,"href":"https:\/\/www.ucaldas.edu.co\/portal\/wp-json\/wp\/v2\/media\/74636"}],"wp:attachment":[{"href":"https:\/\/www.ucaldas.edu.co\/portal\/wp-json\/wp\/v2\/media?parent=74635"}],"wp:term":[{"taxonomy":"category","embeddable":true,"href":"https:\/\/www.ucaldas.edu.co\/portal\/wp-json\/wp\/v2\/categories?post=74635"},{"taxonomy":"post_tag","embeddable":true,"href":"https:\/\/www.ucaldas.edu.co\/portal\/wp-json\/wp\/v2\/tags?post=74635"}],"curies":[{"name":"wp","href":"https:\/\/api.w.org\/{rel}","templated":true}]}}