{"id":7462,"date":"2011-03-25T10:56:48","date_gmt":"2011-03-25T15:56:48","guid":{"rendered":"https:\/\/www.ucaldas.edu.co\/portal\/?p=7462"},"modified":"2011-03-25T10:56:48","modified_gmt":"2011-03-25T15:56:48","slug":"seleccion-de-futbol-de-la-u-caldas-participara-en-ii-copa-de-futbol-de-la-red-alma-mater","status":"publish","type":"post","link":"https:\/\/www.ucaldas.edu.co\/portal\/seleccion-de-futbol-de-la-u-caldas-participara-en-ii-copa-de-futbol-de-la-red-alma-mater\/","title":{"rendered":"Selecci\u00f3n de f\u00fatbol de la U. Caldas participar\u00e1 en II Copa de F\u00fatbol de la Red Alma Mater"},"content":{"rendered":"<p>Participan ocho universidades p\u00fablicas y privadas de la ecorregi\u00f3n<\/p>\n<hr \/>\n<p align=\"center\">\n<p align=\"right\"><b>25\/03\/2011<\/b><\/p>\n<p align=\"center\"><b><i>\u00a0<\/i><\/b><\/p>\n<table border=\"0\">\n<tbody>\n<tr>\n<td>\u00a0<img loading=\"lazy\" decoding=\"async\" style=\"border: 0px\" alt=\"Lideres\" src=\"http:\/\/www.ucaldas.edu.co\/images\/tmp\/Lideres_Copa_Futbol.JPG\" width=\"240\" height=\"150\" border=\"0\" \/><\/td>\n<td>La <b>selecci\u00f3n <\/b>de <b>f\u00fatbol <\/b>de la <b>Universidad<\/b><b> de Caldas<\/b> participar\u00e1 en la <b>II Copa<\/b><b> de F\u00fatbol de la Red Alma M\u00e1ter<\/b>,<b> inicia<\/b> el pr\u00f3ximo <b>martes 29<\/b> de<b> marzo<\/b> del 2011 y se <b>extender\u00e1<\/b> hasta <b>finales <\/b>de <b>mayo<\/b>.<\/p>\n<p>&nbsp;<\/p>\n<p>La<b> Instituci\u00f3n<\/b> hace parte del <b>Grupo B<\/b> del <b>campeonato.<\/b><\/td>\n<\/tr>\n<\/tbody>\n<\/table>\n<p>&nbsp;<\/p>\n<p><b><i>\u00a0<\/i><\/b><\/p>\n<p>Dentro de las selecciones participantes est\u00e1n las universidades Tecnol\u00f3gica de Pereira (UTP), del Quind\u00edo, del Tolima, Nacional Sede Manizales, Unisarc, Cat\u00f3lica de Pereira y la Fundaci\u00f3n Universitaria del \u00c1rea Andina.<\/p>\n<p>&nbsp;<\/p>\n<p>El torneo se jugar\u00e1 en Pereira, Manizales, Armenia, Ibagu\u00e9 y Santa Rosa de Cabal. La final se jugar\u00e1 en la UTP, como parte de la celebraci\u00f3n de los 50 a\u00f1os de existencia de esa instituci\u00f3n.<\/p>\n<p>&nbsp;<\/p>\n<p>\u201cNuestra intenci\u00f3n es fomentar la integraci\u00f3n de las universidades utilizando el deporte para fortalecer los lazos de amistad y uni\u00f3n, adem\u00e1s, como medio generador de espacios de sana competencia, donde primen los principios \u00e9ticos y valores que promulgan nuestras Universidades\u201d, coment\u00f3 \u00a0Germ\u00e1n Toro Zuluaga, Director\u00a0 Ejecutivo de la Red Alma Mater.<\/p>\n<p>&nbsp;<\/p>\n<p>Adem\u00e1s, Toro Zuluaga explic\u00f3 que se trata de un torneo con dos cuadrangulares con partidos de ida y vuelta.<\/p>\n<p>&nbsp;<\/p>\n<p>A la par con la realizaci\u00f3n del torneo se busca\u00a0 promocionar y presentar la misi\u00f3n de la Red y el compromiso por el desarrollo regional. Por esta raz\u00f3n se ha extendido la invitaci\u00f3n a todas las universidades para que acompa\u00f1en a sus selectivos en este torneo.<\/p>\n<p>&nbsp;<\/p>\n<p><b>Informes:\u00a0<\/b>en la Oficina de Prensa de la Universidad de Caldas. Tel\u00e9fono: 878 15 00, extensi\u00f3n 12 167.<\/p>\n","protected":false},"excerpt":{"rendered":"<p>Participan ocho universidades p\u00fablicas y privadas de la ecorregi\u00f3n 25\/03\/2011 \u00a0 \u00a0 La selecci\u00f3n de f\u00fatbol de la Universidad de Caldas participar\u00e1 en la II Copa de F\u00fatbol de la Red Alma M\u00e1ter, inicia el pr\u00f3ximo martes 29 de marzo del 2011 y se extender\u00e1 hasta finales de mayo. &nbsp; La Instituci\u00f3n hace parte del [&hellip;]<\/p>\n","protected":false},"author":2,"featured_media":0,"comment_status":"closed","ping_status":"closed","sticky":false,"template":"","format":"standard","meta":{"footnotes":""},"categories":[48,53],"tags":[],"class_list":["post-7462","post","type-post","status-publish","format-standard","hentry","category-actualidad","category-universidad-al-dia"],"yoast_head":"<!-- This site is optimized with the Yoast SEO plugin v27.5 - https:\/\/yoast.com\/product\/yoast-seo-wordpress\/ -->\n<title>Selecci\u00f3n de f\u00fatbol de la U. Caldas participar\u00e1 en II Copa de F\u00fatbol de la Red Alma Mater .<\/title>\n<meta name=\"robots\" content=\"index, follow, max-snippet:-1, max-image-preview:large, max-video-preview:-1\" \/>\n<link rel=\"canonical\" href=\"https:\/\/www.ucaldas.edu.co\/portal\/seleccion-de-futbol-de-la-u-caldas-participara-en-ii-copa-de-futbol-de-la-red-alma-mater\/\" \/>\n<script type=\"application\/ld+json\" class=\"yoast-schema-graph\">{\"@context\":\"https:\\\/\\\/schema.org\",\"@graph\":[{\"@type\":\"Article\",\"@id\":\"https:\\\/\\\/www.ucaldas.edu.co\\\/portal\\\/seleccion-de-futbol-de-la-u-caldas-participara-en-ii-copa-de-futbol-de-la-red-alma-mater\\\/#article\",\"isPartOf\":{\"@id\":\"https:\\\/\\\/www.ucaldas.edu.co\\\/portal\\\/seleccion-de-futbol-de-la-u-caldas-participara-en-ii-copa-de-futbol-de-la-red-alma-mater\\\/\"},\"author\":{\"name\":\"ofiprensa\",\"@id\":\"https:\\\/\\\/www.ucaldas.edu.co\\\/portal\\\/#\\\/schema\\\/person\\\/a1b482e23449158b4bc319926c074fdf\"},\"headline\":\"Selecci\u00f3n de f\u00fatbol de la U. Caldas participar\u00e1 en II Copa de F\u00fatbol de la Red Alma Mater\",\"datePublished\":\"2011-03-25T15:56:48+00:00\",\"mainEntityOfPage\":{\"@id\":\"https:\\\/\\\/www.ucaldas.edu.co\\\/portal\\\/seleccion-de-futbol-de-la-u-caldas-participara-en-ii-copa-de-futbol-de-la-red-alma-mater\\\/\"},\"wordCount\":303,\"publisher\":{\"@id\":\"https:\\\/\\\/www.ucaldas.edu.co\\\/portal\\\/#organization\"},\"image\":{\"@id\":\"https:\\\/\\\/www.ucaldas.edu.co\\\/portal\\\/seleccion-de-futbol-de-la-u-caldas-participara-en-ii-copa-de-futbol-de-la-red-alma-mater\\\/#primaryimage\"},\"thumbnailUrl\":\"http:\\\/\\\/www.ucaldas.edu.co\\\/images\\\/tmp\\\/Lideres_Copa_Futbol.JPG\",\"articleSection\":[\"Actualidad\",\"Universidad al D\u00eda\"],\"inLanguage\":\"es\"},{\"@type\":\"WebPage\",\"@id\":\"https:\\\/\\\/www.ucaldas.edu.co\\\/portal\\\/seleccion-de-futbol-de-la-u-caldas-participara-en-ii-copa-de-futbol-de-la-red-alma-mater\\\/\",\"url\":\"https:\\\/\\\/www.ucaldas.edu.co\\\/portal\\\/seleccion-de-futbol-de-la-u-caldas-participara-en-ii-copa-de-futbol-de-la-red-alma-mater\\\/\",\"name\":\"Selecci\u00f3n de f\u00fatbol de la U. Caldas participar\u00e1 en II Copa de F\u00fatbol de la Red Alma Mater .\",\"isPartOf\":{\"@id\":\"https:\\\/\\\/www.ucaldas.edu.co\\\/portal\\\/#website\"},\"primaryImageOfPage\":{\"@id\":\"https:\\\/\\\/www.ucaldas.edu.co\\\/portal\\\/seleccion-de-futbol-de-la-u-caldas-participara-en-ii-copa-de-futbol-de-la-red-alma-mater\\\/#primaryimage\"},\"image\":{\"@id\":\"https:\\\/\\\/www.ucaldas.edu.co\\\/portal\\\/seleccion-de-futbol-de-la-u-caldas-participara-en-ii-copa-de-futbol-de-la-red-alma-mater\\\/#primaryimage\"},\"thumbnailUrl\":\"http:\\\/\\\/www.ucaldas.edu.co\\\/images\\\/tmp\\\/Lideres_Copa_Futbol.JPG\",\"datePublished\":\"2011-03-25T15:56:48+00:00\",\"breadcrumb\":{\"@id\":\"https:\\\/\\\/www.ucaldas.edu.co\\\/portal\\\/seleccion-de-futbol-de-la-u-caldas-participara-en-ii-copa-de-futbol-de-la-red-alma-mater\\\/#breadcrumb\"},\"inLanguage\":\"es\",\"potentialAction\":[{\"@type\":\"ReadAction\",\"target\":[\"https:\\\/\\\/www.ucaldas.edu.co\\\/portal\\\/seleccion-de-futbol-de-la-u-caldas-participara-en-ii-copa-de-futbol-de-la-red-alma-mater\\\/\"]}]},{\"@type\":\"ImageObject\",\"inLanguage\":\"es\",\"@id\":\"https:\\\/\\\/www.ucaldas.edu.co\\\/portal\\\/seleccion-de-futbol-de-la-u-caldas-participara-en-ii-copa-de-futbol-de-la-red-alma-mater\\\/#primaryimage\",\"url\":\"http:\\\/\\\/www.ucaldas.edu.co\\\/images\\\/tmp\\\/Lideres_Copa_Futbol.JPG\",\"contentUrl\":\"http:\\\/\\\/www.ucaldas.edu.co\\\/images\\\/tmp\\\/Lideres_Copa_Futbol.JPG\"},{\"@type\":\"BreadcrumbList\",\"@id\":\"https:\\\/\\\/www.ucaldas.edu.co\\\/portal\\\/seleccion-de-futbol-de-la-u-caldas-participara-en-ii-copa-de-futbol-de-la-red-alma-mater\\\/#breadcrumb\",\"itemListElement\":[{\"@type\":\"ListItem\",\"position\":1,\"name\":\"Portada\",\"item\":\"https:\\\/\\\/www.ucaldas.edu.co\\\/portal\\\/\"},{\"@type\":\"ListItem\",\"position\":2,\"name\":\"Selecci\u00f3n de f\u00fatbol de la U. Caldas participar\u00e1 en II Copa de F\u00fatbol de la Red Alma Mater\"}]},{\"@type\":\"WebSite\",\"@id\":\"https:\\\/\\\/www.ucaldas.edu.co\\\/portal\\\/#website\",\"url\":\"https:\\\/\\\/www.ucaldas.edu.co\\\/portal\\\/\",\"name\":\"Universidad de Caldas\",\"description\":\"\",\"publisher\":{\"@id\":\"https:\\\/\\\/www.ucaldas.edu.co\\\/portal\\\/#organization\"},\"alternateName\":\"U. de Caldas\",\"potentialAction\":[{\"@type\":\"SearchAction\",\"target\":{\"@type\":\"EntryPoint\",\"urlTemplate\":\"https:\\\/\\\/www.ucaldas.edu.co\\\/portal\\\/?s={search_term_string}\"},\"query-input\":{\"@type\":\"PropertyValueSpecification\",\"valueRequired\":true,\"valueName\":\"search_term_string\"}}],\"inLanguage\":\"es\"},{\"@type\":\"Organization\",\"@id\":\"https:\\\/\\\/www.ucaldas.edu.co\\\/portal\\\/#organization\",\"name\":\"Universidad de Caldas\",\"alternateName\":\"U. de Caldas\",\"url\":\"https:\\\/\\\/www.ucaldas.edu.co\\\/portal\\\/\",\"logo\":{\"@type\":\"ImageObject\",\"inLanguage\":\"es\",\"@id\":\"https:\\\/\\\/www.ucaldas.edu.co\\\/portal\\\/#\\\/schema\\\/logo\\\/image\\\/\",\"url\":\"https:\\\/\\\/www.ucaldas.edu.co\\\/portal\\\/wp-content\\\/uploads\\\/2023\\\/11\\\/Logo_horizontal_oscuroU-2023.png\",\"contentUrl\":\"https:\\\/\\\/www.ucaldas.edu.co\\\/portal\\\/wp-content\\\/uploads\\\/2023\\\/11\\\/Logo_horizontal_oscuroU-2023.png\",\"width\":263,\"height\":101,\"caption\":\"Universidad de Caldas\"},\"image\":{\"@id\":\"https:\\\/\\\/www.ucaldas.edu.co\\\/portal\\\/#\\\/schema\\\/logo\\\/image\\\/\"},\"sameAs\":[\"https:\\\/\\\/www.facebook.com\\\/udecaldas\",\"https:\\\/\\\/x.com\\\/udecaldas\",\"https:\\\/\\\/www.youtube.com\\\/universidadcaldas\",\"https:\\\/\\\/www.instagram.com\\\/udecaldas\\\/\"]},{\"@type\":\"Person\",\"@id\":\"https:\\\/\\\/www.ucaldas.edu.co\\\/portal\\\/#\\\/schema\\\/person\\\/a1b482e23449158b4bc319926c074fdf\",\"name\":\"ofiprensa\",\"image\":{\"@type\":\"ImageObject\",\"inLanguage\":\"es\",\"@id\":\"https:\\\/\\\/www.ucaldas.edu.co\\\/portal\\\/wp-content\\\/litespeed\\\/avatar\\\/09ea5085e600095a7a811142c6944527.jpg?ver=1777497608\",\"url\":\"https:\\\/\\\/www.ucaldas.edu.co\\\/portal\\\/wp-content\\\/litespeed\\\/avatar\\\/09ea5085e600095a7a811142c6944527.jpg?ver=1777497608\",\"contentUrl\":\"https:\\\/\\\/www.ucaldas.edu.co\\\/portal\\\/wp-content\\\/litespeed\\\/avatar\\\/09ea5085e600095a7a811142c6944527.jpg?ver=1777497608\",\"caption\":\"ofiprensa\"},\"url\":\"https:\\\/\\\/www.ucaldas.edu.co\\\/portal\\\/author\\\/ofiprensa\\\/\"}]}<\/script>\n<!-- \/ Yoast SEO plugin. -->","yoast_head_json":{"title":"Selecci\u00f3n de f\u00fatbol de la U. Caldas participar\u00e1 en II Copa de F\u00fatbol de la Red Alma Mater .","robots":{"index":"index","follow":"follow","max-snippet":"max-snippet:-1","max-image-preview":"max-image-preview:large","max-video-preview":"max-video-preview:-1"},"canonical":"https:\/\/www.ucaldas.edu.co\/portal\/seleccion-de-futbol-de-la-u-caldas-participara-en-ii-copa-de-futbol-de-la-red-alma-mater\/","schema":{"@context":"https:\/\/schema.org","@graph":[{"@type":"Article","@id":"https:\/\/www.ucaldas.edu.co\/portal\/seleccion-de-futbol-de-la-u-caldas-participara-en-ii-copa-de-futbol-de-la-red-alma-mater\/#article","isPartOf":{"@id":"https:\/\/www.ucaldas.edu.co\/portal\/seleccion-de-futbol-de-la-u-caldas-participara-en-ii-copa-de-futbol-de-la-red-alma-mater\/"},"author":{"name":"ofiprensa","@id":"https:\/\/www.ucaldas.edu.co\/portal\/#\/schema\/person\/a1b482e23449158b4bc319926c074fdf"},"headline":"Selecci\u00f3n de f\u00fatbol de la U. Caldas participar\u00e1 en II Copa de F\u00fatbol de la Red Alma Mater","datePublished":"2011-03-25T15:56:48+00:00","mainEntityOfPage":{"@id":"https:\/\/www.ucaldas.edu.co\/portal\/seleccion-de-futbol-de-la-u-caldas-participara-en-ii-copa-de-futbol-de-la-red-alma-mater\/"},"wordCount":303,"publisher":{"@id":"https:\/\/www.ucaldas.edu.co\/portal\/#organization"},"image":{"@id":"https:\/\/www.ucaldas.edu.co\/portal\/seleccion-de-futbol-de-la-u-caldas-participara-en-ii-copa-de-futbol-de-la-red-alma-mater\/#primaryimage"},"thumbnailUrl":"http:\/\/www.ucaldas.edu.co\/images\/tmp\/Lideres_Copa_Futbol.JPG","articleSection":["Actualidad","Universidad al D\u00eda"],"inLanguage":"es"},{"@type":"WebPage","@id":"https:\/\/www.ucaldas.edu.co\/portal\/seleccion-de-futbol-de-la-u-caldas-participara-en-ii-copa-de-futbol-de-la-red-alma-mater\/","url":"https:\/\/www.ucaldas.edu.co\/portal\/seleccion-de-futbol-de-la-u-caldas-participara-en-ii-copa-de-futbol-de-la-red-alma-mater\/","name":"Selecci\u00f3n de f\u00fatbol de la U. Caldas participar\u00e1 en II Copa de F\u00fatbol de la Red Alma Mater .","isPartOf":{"@id":"https:\/\/www.ucaldas.edu.co\/portal\/#website"},"primaryImageOfPage":{"@id":"https:\/\/www.ucaldas.edu.co\/portal\/seleccion-de-futbol-de-la-u-caldas-participara-en-ii-copa-de-futbol-de-la-red-alma-mater\/#primaryimage"},"image":{"@id":"https:\/\/www.ucaldas.edu.co\/portal\/seleccion-de-futbol-de-la-u-caldas-participara-en-ii-copa-de-futbol-de-la-red-alma-mater\/#primaryimage"},"thumbnailUrl":"http:\/\/www.ucaldas.edu.co\/images\/tmp\/Lideres_Copa_Futbol.JPG","datePublished":"2011-03-25T15:56:48+00:00","breadcrumb":{"@id":"https:\/\/www.ucaldas.edu.co\/portal\/seleccion-de-futbol-de-la-u-caldas-participara-en-ii-copa-de-futbol-de-la-red-alma-mater\/#breadcrumb"},"inLanguage":"es","potentialAction":[{"@type":"ReadAction","target":["https:\/\/www.ucaldas.edu.co\/portal\/seleccion-de-futbol-de-la-u-caldas-participara-en-ii-copa-de-futbol-de-la-red-alma-mater\/"]}]},{"@type":"ImageObject","inLanguage":"es","@id":"https:\/\/www.ucaldas.edu.co\/portal\/seleccion-de-futbol-de-la-u-caldas-participara-en-ii-copa-de-futbol-de-la-red-alma-mater\/#primaryimage","url":"http:\/\/www.ucaldas.edu.co\/images\/tmp\/Lideres_Copa_Futbol.JPG","contentUrl":"http:\/\/www.ucaldas.edu.co\/images\/tmp\/Lideres_Copa_Futbol.JPG"},{"@type":"BreadcrumbList","@id":"https:\/\/www.ucaldas.edu.co\/portal\/seleccion-de-futbol-de-la-u-caldas-participara-en-ii-copa-de-futbol-de-la-red-alma-mater\/#breadcrumb","itemListElement":[{"@type":"ListItem","position":1,"name":"Portada","item":"https:\/\/www.ucaldas.edu.co\/portal\/"},{"@type":"ListItem","position":2,"name":"Selecci\u00f3n de f\u00fatbol de la U. Caldas participar\u00e1 en II Copa de F\u00fatbol de la Red Alma Mater"}]},{"@type":"WebSite","@id":"https:\/\/www.ucaldas.edu.co\/portal\/#website","url":"https:\/\/www.ucaldas.edu.co\/portal\/","name":"Universidad de Caldas","description":"","publisher":{"@id":"https:\/\/www.ucaldas.edu.co\/portal\/#organization"},"alternateName":"U. de Caldas","potentialAction":[{"@type":"SearchAction","target":{"@type":"EntryPoint","urlTemplate":"https:\/\/www.ucaldas.edu.co\/portal\/?s={search_term_string}"},"query-input":{"@type":"PropertyValueSpecification","valueRequired":true,"valueName":"search_term_string"}}],"inLanguage":"es"},{"@type":"Organization","@id":"https:\/\/www.ucaldas.edu.co\/portal\/#organization","name":"Universidad de Caldas","alternateName":"U. de Caldas","url":"https:\/\/www.ucaldas.edu.co\/portal\/","logo":{"@type":"ImageObject","inLanguage":"es","@id":"https:\/\/www.ucaldas.edu.co\/portal\/#\/schema\/logo\/image\/","url":"https:\/\/www.ucaldas.edu.co\/portal\/wp-content\/uploads\/2023\/11\/Logo_horizontal_oscuroU-2023.png","contentUrl":"https:\/\/www.ucaldas.edu.co\/portal\/wp-content\/uploads\/2023\/11\/Logo_horizontal_oscuroU-2023.png","width":263,"height":101,"caption":"Universidad de Caldas"},"image":{"@id":"https:\/\/www.ucaldas.edu.co\/portal\/#\/schema\/logo\/image\/"},"sameAs":["https:\/\/www.facebook.com\/udecaldas","https:\/\/x.com\/udecaldas","https:\/\/www.youtube.com\/universidadcaldas","https:\/\/www.instagram.com\/udecaldas\/"]},{"@type":"Person","@id":"https:\/\/www.ucaldas.edu.co\/portal\/#\/schema\/person\/a1b482e23449158b4bc319926c074fdf","name":"ofiprensa","image":{"@type":"ImageObject","inLanguage":"es","@id":"https:\/\/www.ucaldas.edu.co\/portal\/wp-content\/litespeed\/avatar\/09ea5085e600095a7a811142c6944527.jpg?ver=1777497608","url":"https:\/\/www.ucaldas.edu.co\/portal\/wp-content\/litespeed\/avatar\/09ea5085e600095a7a811142c6944527.jpg?ver=1777497608","contentUrl":"https:\/\/www.ucaldas.edu.co\/portal\/wp-content\/litespeed\/avatar\/09ea5085e600095a7a811142c6944527.jpg?ver=1777497608","caption":"ofiprensa"},"url":"https:\/\/www.ucaldas.edu.co\/portal\/author\/ofiprensa\/"}]}},"_links":{"self":[{"href":"https:\/\/www.ucaldas.edu.co\/portal\/wp-json\/wp\/v2\/posts\/7462","targetHints":{"allow":["GET"]}}],"collection":[{"href":"https:\/\/www.ucaldas.edu.co\/portal\/wp-json\/wp\/v2\/posts"}],"about":[{"href":"https:\/\/www.ucaldas.edu.co\/portal\/wp-json\/wp\/v2\/types\/post"}],"author":[{"embeddable":true,"href":"https:\/\/www.ucaldas.edu.co\/portal\/wp-json\/wp\/v2\/users\/2"}],"replies":[{"embeddable":true,"href":"https:\/\/www.ucaldas.edu.co\/portal\/wp-json\/wp\/v2\/comments?post=7462"}],"version-history":[{"count":0,"href":"https:\/\/www.ucaldas.edu.co\/portal\/wp-json\/wp\/v2\/posts\/7462\/revisions"}],"wp:attachment":[{"href":"https:\/\/www.ucaldas.edu.co\/portal\/wp-json\/wp\/v2\/media?parent=7462"}],"wp:term":[{"taxonomy":"category","embeddable":true,"href":"https:\/\/www.ucaldas.edu.co\/portal\/wp-json\/wp\/v2\/categories?post=7462"},{"taxonomy":"post_tag","embeddable":true,"href":"https:\/\/www.ucaldas.edu.co\/portal\/wp-json\/wp\/v2\/tags?post=7462"}],"curies":[{"name":"wp","href":"https:\/\/api.w.org\/{rel}","templated":true}]}}