{"id":7458,"date":"2011-03-25T10:54:34","date_gmt":"2011-03-25T15:54:34","guid":{"rendered":"https:\/\/www.ucaldas.edu.co\/portal\/?p=7458"},"modified":"2011-03-25T10:54:34","modified_gmt":"2011-03-25T15:54:34","slug":"deformacion-de-la-fase-andina-colombiana-tema-de-analisis-en-la-u-de-caldas","status":"publish","type":"post","link":"https:\/\/www.ucaldas.edu.co\/portal\/deformacion-de-la-fase-andina-colombiana-tema-de-analisis-en-la-u-de-caldas\/","title":{"rendered":"Deformaci\u00f3n de la fase andina colombiana, tema de an\u00e1lisis en la U. de Caldas"},"content":{"rendered":"<p>Candidato a ph. D. De la u. De buenos aires orient\u00f3 el encuentro<\/p>\n<hr \/>\n<p align=\"center\">\n<p align=\"right\"><b>25\/03\/2011<\/b><\/p>\n<p>&nbsp;<\/p>\n<table border=\"0\">\n<tbody>\n<tr>\n<td>\u00a0<img loading=\"lazy\" decoding=\"async\" style=\"border: 0px\" alt=\"Conferencia\" src=\"http:\/\/www.ucaldas.edu.co\/images\/tmp\/Conferencia_Mecanismos_deformacion.JPG\" width=\"240\" height=\"150\" border=\"0\" \/><\/td>\n<td><b><i>Mecanismos de deformaci\u00f3n de la fase andina colombiana a partir de fallas mayores<\/i><\/b><i>,<\/i> fue el tema de la <b>conferencia<\/b> que <b>Jairo Osorio Naranjo<\/b>, <b>Candidato <\/b>a <b>Ph. D.<\/b> en <b>Ciencias Geol\u00f3gicas<\/b> de la <b>Universidad<\/b><b> de Buenos Aires<\/b> <b>orient\u00f3 <\/b>este <b>viernes 25<\/b> de marzo del 2010, en la Universidad de Caldas.<\/td>\n<\/tr>\n<\/tbody>\n<\/table>\n<p>&nbsp;<\/p>\n<p>Osorio Naranjo mostr\u00f3 a los asistentes el ciclo andino y enfatiz\u00f3 sobre Colombia. Adem\u00e1s, explic\u00f3 que: \u201cen Colombia llama la atenci\u00f3n el ciclo andino debido a que no hay acreciones\u201d.<\/p>\n<p>&nbsp;<\/p>\n<p>\u201cLos sistemas de las placas Nazca y Cocos tienen caracter\u00edsticas particulares, primero tienen un punto en com\u00fan de donde nacen, segundo, las edades de las rocas y tercero, que en Colombia hay remanentes. Por ejemplo, en la zona de las Islas de Gal\u00e1pagos y la Isla de Malpelo hay una historia muy importante para contar en esta configuraci\u00f3n\u201d afirm\u00f3 Osorio Naranjo.<\/p>\n<p>&nbsp;<\/p>\n<p>La configuraci\u00f3n actual del ciclo andino muestra que hay una dorsal oce\u00e1nica activa donde la placa Nazca subduce debajo de Suram\u00e9rica, a su vez hay un remante en la falla de la Zona de Fractura de Panam\u00e1 (ZFP). Para esto Osorio Naranjo explic\u00f3 lo que se debe entender como varios par\u00e1metros de s\u00edntesis.<\/p>\n<p>&nbsp;<\/p>\n<p>\u201cPrimero, en 9 millones de a\u00f1os comienza la subducci\u00f3n de la Placa Cocos bajo el Centro de Am\u00e9rica, segundo, sobre los 9 millones de a\u00f1os es donde m\u00e1s eficiente es la ZFP y tercero, a los 7 millones y medio se iguala tanto el Cosco como la Dorsal. Esto genera la m\u00e1xima velocidad de separaci\u00f3n. es donde m\u00e1s velocidad de convergencia se tiene y generaci\u00f3n de calor en la zona rocosa\u201d.<\/p>\n<p>&nbsp;<\/p>\n<p>Este encuentro fue organizado por Proyectos ANH y el Instituto de Investigaci\u00f3n en Estratigraf\u00eda (Iies) de la U. de Caldas.<\/p>\n<p>&nbsp;<\/p>\n<p><b>Informes:<\/b> en Proyectos ANH de la U. de Caldas. Tel\u00e9fono: 878 15 00, extensi\u00f3n 12 303, o en el celular: 312 774 3160.<\/p>\n","protected":false},"excerpt":{"rendered":"<p>Candidato a ph. D. De la u. De buenos aires orient\u00f3 el encuentro 25\/03\/2011 &nbsp; \u00a0 Mecanismos de deformaci\u00f3n de la fase andina colombiana a partir de fallas mayores, fue el tema de la conferencia que Jairo Osorio Naranjo, Candidato a Ph. D. en Ciencias Geol\u00f3gicas de la Universidad de Buenos Aires orient\u00f3 este viernes [&hellip;]<\/p>\n","protected":false},"author":2,"featured_media":0,"comment_status":"closed","ping_status":"closed","sticky":false,"template":"","format":"standard","meta":{"footnotes":""},"categories":[48,53],"tags":[],"class_list":["post-7458","post","type-post","status-publish","format-standard","hentry","category-actualidad","category-universidad-al-dia"],"yoast_head":"<!-- This site is optimized with the Yoast SEO plugin v27.5 - https:\/\/yoast.com\/product\/yoast-seo-wordpress\/ -->\n<title>Deformaci\u00f3n de la fase andina colombiana, tema de an\u00e1lisis en la U. de Caldas .<\/title>\n<meta name=\"robots\" content=\"index, follow, max-snippet:-1, max-image-preview:large, max-video-preview:-1\" \/>\n<link rel=\"canonical\" href=\"https:\/\/www.ucaldas.edu.co\/portal\/deformacion-de-la-fase-andina-colombiana-tema-de-analisis-en-la-u-de-caldas\/\" \/>\n<script type=\"application\/ld+json\" class=\"yoast-schema-graph\">{\"@context\":\"https:\\\/\\\/schema.org\",\"@graph\":[{\"@type\":\"Article\",\"@id\":\"https:\\\/\\\/www.ucaldas.edu.co\\\/portal\\\/deformacion-de-la-fase-andina-colombiana-tema-de-analisis-en-la-u-de-caldas\\\/#article\",\"isPartOf\":{\"@id\":\"https:\\\/\\\/www.ucaldas.edu.co\\\/portal\\\/deformacion-de-la-fase-andina-colombiana-tema-de-analisis-en-la-u-de-caldas\\\/\"},\"author\":{\"name\":\"ofiprensa\",\"@id\":\"https:\\\/\\\/www.ucaldas.edu.co\\\/portal\\\/#\\\/schema\\\/person\\\/a1b482e23449158b4bc319926c074fdf\"},\"headline\":\"Deformaci\u00f3n de la fase andina colombiana, tema de an\u00e1lisis en la U. de Caldas\",\"datePublished\":\"2011-03-25T15:54:34+00:00\",\"mainEntityOfPage\":{\"@id\":\"https:\\\/\\\/www.ucaldas.edu.co\\\/portal\\\/deformacion-de-la-fase-andina-colombiana-tema-de-analisis-en-la-u-de-caldas\\\/\"},\"wordCount\":356,\"publisher\":{\"@id\":\"https:\\\/\\\/www.ucaldas.edu.co\\\/portal\\\/#organization\"},\"image\":{\"@id\":\"https:\\\/\\\/www.ucaldas.edu.co\\\/portal\\\/deformacion-de-la-fase-andina-colombiana-tema-de-analisis-en-la-u-de-caldas\\\/#primaryimage\"},\"thumbnailUrl\":\"http:\\\/\\\/www.ucaldas.edu.co\\\/images\\\/tmp\\\/Conferencia_Mecanismos_deformacion.JPG\",\"articleSection\":[\"Actualidad\",\"Universidad al D\u00eda\"],\"inLanguage\":\"es\"},{\"@type\":\"WebPage\",\"@id\":\"https:\\\/\\\/www.ucaldas.edu.co\\\/portal\\\/deformacion-de-la-fase-andina-colombiana-tema-de-analisis-en-la-u-de-caldas\\\/\",\"url\":\"https:\\\/\\\/www.ucaldas.edu.co\\\/portal\\\/deformacion-de-la-fase-andina-colombiana-tema-de-analisis-en-la-u-de-caldas\\\/\",\"name\":\"Deformaci\u00f3n de la fase andina colombiana, tema de an\u00e1lisis en la U. de Caldas .\",\"isPartOf\":{\"@id\":\"https:\\\/\\\/www.ucaldas.edu.co\\\/portal\\\/#website\"},\"primaryImageOfPage\":{\"@id\":\"https:\\\/\\\/www.ucaldas.edu.co\\\/portal\\\/deformacion-de-la-fase-andina-colombiana-tema-de-analisis-en-la-u-de-caldas\\\/#primaryimage\"},\"image\":{\"@id\":\"https:\\\/\\\/www.ucaldas.edu.co\\\/portal\\\/deformacion-de-la-fase-andina-colombiana-tema-de-analisis-en-la-u-de-caldas\\\/#primaryimage\"},\"thumbnailUrl\":\"http:\\\/\\\/www.ucaldas.edu.co\\\/images\\\/tmp\\\/Conferencia_Mecanismos_deformacion.JPG\",\"datePublished\":\"2011-03-25T15:54:34+00:00\",\"breadcrumb\":{\"@id\":\"https:\\\/\\\/www.ucaldas.edu.co\\\/portal\\\/deformacion-de-la-fase-andina-colombiana-tema-de-analisis-en-la-u-de-caldas\\\/#breadcrumb\"},\"inLanguage\":\"es\",\"potentialAction\":[{\"@type\":\"ReadAction\",\"target\":[\"https:\\\/\\\/www.ucaldas.edu.co\\\/portal\\\/deformacion-de-la-fase-andina-colombiana-tema-de-analisis-en-la-u-de-caldas\\\/\"]}]},{\"@type\":\"ImageObject\",\"inLanguage\":\"es\",\"@id\":\"https:\\\/\\\/www.ucaldas.edu.co\\\/portal\\\/deformacion-de-la-fase-andina-colombiana-tema-de-analisis-en-la-u-de-caldas\\\/#primaryimage\",\"url\":\"http:\\\/\\\/www.ucaldas.edu.co\\\/images\\\/tmp\\\/Conferencia_Mecanismos_deformacion.JPG\",\"contentUrl\":\"http:\\\/\\\/www.ucaldas.edu.co\\\/images\\\/tmp\\\/Conferencia_Mecanismos_deformacion.JPG\"},{\"@type\":\"BreadcrumbList\",\"@id\":\"https:\\\/\\\/www.ucaldas.edu.co\\\/portal\\\/deformacion-de-la-fase-andina-colombiana-tema-de-analisis-en-la-u-de-caldas\\\/#breadcrumb\",\"itemListElement\":[{\"@type\":\"ListItem\",\"position\":1,\"name\":\"Portada\",\"item\":\"https:\\\/\\\/www.ucaldas.edu.co\\\/portal\\\/\"},{\"@type\":\"ListItem\",\"position\":2,\"name\":\"Deformaci\u00f3n de la fase andina colombiana, tema de an\u00e1lisis en la U. de Caldas\"}]},{\"@type\":\"WebSite\",\"@id\":\"https:\\\/\\\/www.ucaldas.edu.co\\\/portal\\\/#website\",\"url\":\"https:\\\/\\\/www.ucaldas.edu.co\\\/portal\\\/\",\"name\":\"Universidad de Caldas\",\"description\":\"\",\"publisher\":{\"@id\":\"https:\\\/\\\/www.ucaldas.edu.co\\\/portal\\\/#organization\"},\"alternateName\":\"U. de Caldas\",\"potentialAction\":[{\"@type\":\"SearchAction\",\"target\":{\"@type\":\"EntryPoint\",\"urlTemplate\":\"https:\\\/\\\/www.ucaldas.edu.co\\\/portal\\\/?s={search_term_string}\"},\"query-input\":{\"@type\":\"PropertyValueSpecification\",\"valueRequired\":true,\"valueName\":\"search_term_string\"}}],\"inLanguage\":\"es\"},{\"@type\":\"Organization\",\"@id\":\"https:\\\/\\\/www.ucaldas.edu.co\\\/portal\\\/#organization\",\"name\":\"Universidad de Caldas\",\"alternateName\":\"U. de Caldas\",\"url\":\"https:\\\/\\\/www.ucaldas.edu.co\\\/portal\\\/\",\"logo\":{\"@type\":\"ImageObject\",\"inLanguage\":\"es\",\"@id\":\"https:\\\/\\\/www.ucaldas.edu.co\\\/portal\\\/#\\\/schema\\\/logo\\\/image\\\/\",\"url\":\"https:\\\/\\\/www.ucaldas.edu.co\\\/portal\\\/wp-content\\\/uploads\\\/2023\\\/11\\\/Logo_horizontal_oscuroU-2023.png\",\"contentUrl\":\"https:\\\/\\\/www.ucaldas.edu.co\\\/portal\\\/wp-content\\\/uploads\\\/2023\\\/11\\\/Logo_horizontal_oscuroU-2023.png\",\"width\":263,\"height\":101,\"caption\":\"Universidad de Caldas\"},\"image\":{\"@id\":\"https:\\\/\\\/www.ucaldas.edu.co\\\/portal\\\/#\\\/schema\\\/logo\\\/image\\\/\"},\"sameAs\":[\"https:\\\/\\\/www.facebook.com\\\/udecaldas\",\"https:\\\/\\\/x.com\\\/udecaldas\",\"https:\\\/\\\/www.youtube.com\\\/universidadcaldas\",\"https:\\\/\\\/www.instagram.com\\\/udecaldas\\\/\"]},{\"@type\":\"Person\",\"@id\":\"https:\\\/\\\/www.ucaldas.edu.co\\\/portal\\\/#\\\/schema\\\/person\\\/a1b482e23449158b4bc319926c074fdf\",\"name\":\"ofiprensa\",\"image\":{\"@type\":\"ImageObject\",\"inLanguage\":\"es\",\"@id\":\"https:\\\/\\\/www.ucaldas.edu.co\\\/portal\\\/wp-content\\\/litespeed\\\/avatar\\\/09ea5085e600095a7a811142c6944527.jpg?ver=1777497608\",\"url\":\"https:\\\/\\\/www.ucaldas.edu.co\\\/portal\\\/wp-content\\\/litespeed\\\/avatar\\\/09ea5085e600095a7a811142c6944527.jpg?ver=1777497608\",\"contentUrl\":\"https:\\\/\\\/www.ucaldas.edu.co\\\/portal\\\/wp-content\\\/litespeed\\\/avatar\\\/09ea5085e600095a7a811142c6944527.jpg?ver=1777497608\",\"caption\":\"ofiprensa\"},\"url\":\"https:\\\/\\\/www.ucaldas.edu.co\\\/portal\\\/author\\\/ofiprensa\\\/\"}]}<\/script>\n<!-- \/ Yoast SEO plugin. -->","yoast_head_json":{"title":"Deformaci\u00f3n de la fase andina colombiana, tema de an\u00e1lisis en la U. de Caldas .","robots":{"index":"index","follow":"follow","max-snippet":"max-snippet:-1","max-image-preview":"max-image-preview:large","max-video-preview":"max-video-preview:-1"},"canonical":"https:\/\/www.ucaldas.edu.co\/portal\/deformacion-de-la-fase-andina-colombiana-tema-de-analisis-en-la-u-de-caldas\/","schema":{"@context":"https:\/\/schema.org","@graph":[{"@type":"Article","@id":"https:\/\/www.ucaldas.edu.co\/portal\/deformacion-de-la-fase-andina-colombiana-tema-de-analisis-en-la-u-de-caldas\/#article","isPartOf":{"@id":"https:\/\/www.ucaldas.edu.co\/portal\/deformacion-de-la-fase-andina-colombiana-tema-de-analisis-en-la-u-de-caldas\/"},"author":{"name":"ofiprensa","@id":"https:\/\/www.ucaldas.edu.co\/portal\/#\/schema\/person\/a1b482e23449158b4bc319926c074fdf"},"headline":"Deformaci\u00f3n de la fase andina colombiana, tema de an\u00e1lisis en la U. de Caldas","datePublished":"2011-03-25T15:54:34+00:00","mainEntityOfPage":{"@id":"https:\/\/www.ucaldas.edu.co\/portal\/deformacion-de-la-fase-andina-colombiana-tema-de-analisis-en-la-u-de-caldas\/"},"wordCount":356,"publisher":{"@id":"https:\/\/www.ucaldas.edu.co\/portal\/#organization"},"image":{"@id":"https:\/\/www.ucaldas.edu.co\/portal\/deformacion-de-la-fase-andina-colombiana-tema-de-analisis-en-la-u-de-caldas\/#primaryimage"},"thumbnailUrl":"http:\/\/www.ucaldas.edu.co\/images\/tmp\/Conferencia_Mecanismos_deformacion.JPG","articleSection":["Actualidad","Universidad al D\u00eda"],"inLanguage":"es"},{"@type":"WebPage","@id":"https:\/\/www.ucaldas.edu.co\/portal\/deformacion-de-la-fase-andina-colombiana-tema-de-analisis-en-la-u-de-caldas\/","url":"https:\/\/www.ucaldas.edu.co\/portal\/deformacion-de-la-fase-andina-colombiana-tema-de-analisis-en-la-u-de-caldas\/","name":"Deformaci\u00f3n de la fase andina colombiana, tema de an\u00e1lisis en la U. de Caldas .","isPartOf":{"@id":"https:\/\/www.ucaldas.edu.co\/portal\/#website"},"primaryImageOfPage":{"@id":"https:\/\/www.ucaldas.edu.co\/portal\/deformacion-de-la-fase-andina-colombiana-tema-de-analisis-en-la-u-de-caldas\/#primaryimage"},"image":{"@id":"https:\/\/www.ucaldas.edu.co\/portal\/deformacion-de-la-fase-andina-colombiana-tema-de-analisis-en-la-u-de-caldas\/#primaryimage"},"thumbnailUrl":"http:\/\/www.ucaldas.edu.co\/images\/tmp\/Conferencia_Mecanismos_deformacion.JPG","datePublished":"2011-03-25T15:54:34+00:00","breadcrumb":{"@id":"https:\/\/www.ucaldas.edu.co\/portal\/deformacion-de-la-fase-andina-colombiana-tema-de-analisis-en-la-u-de-caldas\/#breadcrumb"},"inLanguage":"es","potentialAction":[{"@type":"ReadAction","target":["https:\/\/www.ucaldas.edu.co\/portal\/deformacion-de-la-fase-andina-colombiana-tema-de-analisis-en-la-u-de-caldas\/"]}]},{"@type":"ImageObject","inLanguage":"es","@id":"https:\/\/www.ucaldas.edu.co\/portal\/deformacion-de-la-fase-andina-colombiana-tema-de-analisis-en-la-u-de-caldas\/#primaryimage","url":"http:\/\/www.ucaldas.edu.co\/images\/tmp\/Conferencia_Mecanismos_deformacion.JPG","contentUrl":"http:\/\/www.ucaldas.edu.co\/images\/tmp\/Conferencia_Mecanismos_deformacion.JPG"},{"@type":"BreadcrumbList","@id":"https:\/\/www.ucaldas.edu.co\/portal\/deformacion-de-la-fase-andina-colombiana-tema-de-analisis-en-la-u-de-caldas\/#breadcrumb","itemListElement":[{"@type":"ListItem","position":1,"name":"Portada","item":"https:\/\/www.ucaldas.edu.co\/portal\/"},{"@type":"ListItem","position":2,"name":"Deformaci\u00f3n de la fase andina colombiana, tema de an\u00e1lisis en la U. de Caldas"}]},{"@type":"WebSite","@id":"https:\/\/www.ucaldas.edu.co\/portal\/#website","url":"https:\/\/www.ucaldas.edu.co\/portal\/","name":"Universidad de Caldas","description":"","publisher":{"@id":"https:\/\/www.ucaldas.edu.co\/portal\/#organization"},"alternateName":"U. de Caldas","potentialAction":[{"@type":"SearchAction","target":{"@type":"EntryPoint","urlTemplate":"https:\/\/www.ucaldas.edu.co\/portal\/?s={search_term_string}"},"query-input":{"@type":"PropertyValueSpecification","valueRequired":true,"valueName":"search_term_string"}}],"inLanguage":"es"},{"@type":"Organization","@id":"https:\/\/www.ucaldas.edu.co\/portal\/#organization","name":"Universidad de Caldas","alternateName":"U. de Caldas","url":"https:\/\/www.ucaldas.edu.co\/portal\/","logo":{"@type":"ImageObject","inLanguage":"es","@id":"https:\/\/www.ucaldas.edu.co\/portal\/#\/schema\/logo\/image\/","url":"https:\/\/www.ucaldas.edu.co\/portal\/wp-content\/uploads\/2023\/11\/Logo_horizontal_oscuroU-2023.png","contentUrl":"https:\/\/www.ucaldas.edu.co\/portal\/wp-content\/uploads\/2023\/11\/Logo_horizontal_oscuroU-2023.png","width":263,"height":101,"caption":"Universidad de Caldas"},"image":{"@id":"https:\/\/www.ucaldas.edu.co\/portal\/#\/schema\/logo\/image\/"},"sameAs":["https:\/\/www.facebook.com\/udecaldas","https:\/\/x.com\/udecaldas","https:\/\/www.youtube.com\/universidadcaldas","https:\/\/www.instagram.com\/udecaldas\/"]},{"@type":"Person","@id":"https:\/\/www.ucaldas.edu.co\/portal\/#\/schema\/person\/a1b482e23449158b4bc319926c074fdf","name":"ofiprensa","image":{"@type":"ImageObject","inLanguage":"es","@id":"https:\/\/www.ucaldas.edu.co\/portal\/wp-content\/litespeed\/avatar\/09ea5085e600095a7a811142c6944527.jpg?ver=1777497608","url":"https:\/\/www.ucaldas.edu.co\/portal\/wp-content\/litespeed\/avatar\/09ea5085e600095a7a811142c6944527.jpg?ver=1777497608","contentUrl":"https:\/\/www.ucaldas.edu.co\/portal\/wp-content\/litespeed\/avatar\/09ea5085e600095a7a811142c6944527.jpg?ver=1777497608","caption":"ofiprensa"},"url":"https:\/\/www.ucaldas.edu.co\/portal\/author\/ofiprensa\/"}]}},"_links":{"self":[{"href":"https:\/\/www.ucaldas.edu.co\/portal\/wp-json\/wp\/v2\/posts\/7458","targetHints":{"allow":["GET"]}}],"collection":[{"href":"https:\/\/www.ucaldas.edu.co\/portal\/wp-json\/wp\/v2\/posts"}],"about":[{"href":"https:\/\/www.ucaldas.edu.co\/portal\/wp-json\/wp\/v2\/types\/post"}],"author":[{"embeddable":true,"href":"https:\/\/www.ucaldas.edu.co\/portal\/wp-json\/wp\/v2\/users\/2"}],"replies":[{"embeddable":true,"href":"https:\/\/www.ucaldas.edu.co\/portal\/wp-json\/wp\/v2\/comments?post=7458"}],"version-history":[{"count":0,"href":"https:\/\/www.ucaldas.edu.co\/portal\/wp-json\/wp\/v2\/posts\/7458\/revisions"}],"wp:attachment":[{"href":"https:\/\/www.ucaldas.edu.co\/portal\/wp-json\/wp\/v2\/media?parent=7458"}],"wp:term":[{"taxonomy":"category","embeddable":true,"href":"https:\/\/www.ucaldas.edu.co\/portal\/wp-json\/wp\/v2\/categories?post=7458"},{"taxonomy":"post_tag","embeddable":true,"href":"https:\/\/www.ucaldas.edu.co\/portal\/wp-json\/wp\/v2\/tags?post=7458"}],"curies":[{"name":"wp","href":"https:\/\/api.w.org\/{rel}","templated":true}]}}