{"id":74571,"date":"2023-01-23T19:49:34","date_gmt":"2023-01-23T19:49:34","guid":{"rendered":"https:\/\/www.ucaldas.edu.co\/portal\/?p=74571"},"modified":"2023-01-23T19:52:40","modified_gmt":"2023-01-23T19:52:40","slug":"asesores-de-universidades-europeas-acompanan-a-la-universidad-de-caldas-en-el-desarrollo-de-la-fase-final-del-proyecto-equam-la","status":"publish","type":"post","link":"https:\/\/www.ucaldas.edu.co\/portal\/asesores-de-universidades-europeas-acompanan-a-la-universidad-de-caldas-en-el-desarrollo-de-la-fase-final-del-proyecto-equam-la\/","title":{"rendered":"Asesores de universidades europeas acompa\u00f1an a la Universidad de Caldas en el desarrollo de la fase final del proyecto EQUAM-LA"},"content":{"rendered":"<p><img loading=\"lazy\" decoding=\"async\" class=\"aligncenter size-full wp-image-74572\" src=\"https:\/\/www.ucaldas.edu.co\/portal\/wp-content\/uploads\/2023\/01\/equam.jpg\" alt=\"fase final proyecto equam\" width=\"700\" height=\"400\" srcset=\"https:\/\/www.ucaldas.edu.co\/portal\/wp-content\/uploads\/2023\/01\/equam.jpg 700w, https:\/\/www.ucaldas.edu.co\/portal\/wp-content\/uploads\/2023\/01\/equam-300x171.jpg 300w\" sizes=\"auto, (max-width: 700px) 100vw, 700px\" \/><\/p>\n<p>El equipo directivo de la Universidad de Caldas recibi\u00f3 la visita de asesores de la Universidad de Murcia y la Universidad de Valencia de Espa\u00f1a, quienes hacen parte del equipo que conforma el proyecto EQUAM-LA, financiado por el programa Erasmus+ de la Uni\u00f3n Europea, del cual hace parte la instituci\u00f3n.<\/p>\n<p>En el Proyecto EQUAM-LA participan universidades y agencias de aseguramiento de la calidad de Espa\u00f1a, B\u00e9lgica, Italia, Irlanda, Argentina, Nicaragua, Panam\u00e1 y Colombia, cuyo objetivo es promover en el espacio Latinoamericano de educaci\u00f3n superior el reconocimiento de t\u00edtulos y cr\u00e9ditos entre pa\u00edses, mediante el fortalecimiento y la articulaci\u00f3n de los sistemas de aseguramiento de la calidad.<\/p>\n<p>Actualmente, por Colombia participan las Universidades de Caldas, Santander y la Fundaci\u00f3n Universitaria del \u00c1rea Andina.<\/p>\n<p>Seg\u00fan lo explic\u00f3 la coordinadora de EQUAM-LA de la Universidad de Murcia, Cecilia Ruiz Esteban, el proyecto se encuentra en su fase final, por lo que los socios europeos est\u00e1n realizando visitas a las instituciones de educaci\u00f3n superior Latinoamericanas para apoyar y acompa\u00f1ar el trabajo desarrollado que permitir\u00e1 la mejora de los sistemas de aseguramiento de la calidad, lo que principalmente fortalecer\u00e1 la internacionalizaci\u00f3n.<\/p>\n<p>La fase final del proyecto inici\u00f3 en septiembre de 2022 y durar\u00e1 hasta finales del mes de junio del presente a\u00f1o, momento en el cual se realizar\u00e1 un congreso plenario con las instituciones participantes para evidenciar el trabajo realizado y los avances en calidad institucional.<\/p>\n<p>Por otra parte, el director de la Maestr\u00eda en Sistemas Agropecuarios e integrante del equipo del proyecto EQUAM-LA en la Universidad de Caldas, Bernardo Rivera S\u00e1nchez, asegur\u00f3 que el beneficio m\u00e1s importante que traer\u00e1 para la instituci\u00f3n la implementaci\u00f3n de este proyecto es la cooperaci\u00f3n y generaci\u00f3n de alianzas con universidades de Latinoam\u00e9rica y Europa, esperando lograr mayores convenios de movilidad acad\u00e9mica, dobles titulaciones, elaboraci\u00f3n de proyectos, entre otros aspectos.<\/p>\n<p>Actualmente la Universidad de Caldas, como parte del reto institucional definido en el proyecto EQUAM-LA, realiza la autoevaluaci\u00f3n con fines de acreditaci\u00f3n de Alta Calidad a seis programas de posgrado bajo est\u00e1ndares europeos, con lo que se facilitar\u00e1 la movilidad internacional, pensum, cr\u00e9ditos acad\u00e9micos y t\u00edtulos posgraduales.<\/p>\n<p>&nbsp;<\/p>\n<p><strong>Anexo:<\/strong><\/p>\n<p><a href=\"https:\/\/go.ivoox.com\/rf\/101898957\"><strong>Audio Director Maestr\u00eda en Sistemas Agropecuarios, Bernardo Rivera S\u00e1nchez.<\/strong><\/a><\/p>\n<p><iframe loading=\"lazy\" src=\"https:\/\/www.ivoox.com\/player_ej_101898957_6_1.html?c1=000000\" width=\"50%\" height=\"200\" frameborder=\"0\" scrolling=\"no\" allowfullscreen=\"allowfullscreen\"><\/iframe><\/p>\n<p><a href=\"https:\/\/go.ivoox.com\/rf\/101900066\"><strong>Audio Coordinadora proyecto EQUAM-LA, Cecilia Ru\u00edz Esteban<\/strong><\/a><\/p>\n<p><iframe loading=\"lazy\" src=\"https:\/\/www.ivoox.com\/player_ej_101900066_6_1.html?c1=000000\" width=\"50%\" height=\"200\" frameborder=\"0\" scrolling=\"no\" allowfullscreen=\"allowfullscreen\"><\/iframe><\/p>\n","protected":false},"excerpt":{"rendered":"<p>El equipo directivo de la Universidad de Caldas recibi\u00f3 la visita de asesores de la Universidad de Murcia y la Universidad de Valencia de Espa\u00f1a, quienes hacen parte del equipo que conforma el proyecto EQUAM-LA, financiado por el programa Erasmus+ de la Uni\u00f3n Europea, del cual hace parte la instituci\u00f3n. En el Proyecto EQUAM-LA participan [&hellip;]<\/p>\n","protected":false},"author":2,"featured_media":74572,"comment_status":"closed","ping_status":"open","sticky":false,"template":"","format":"standard","meta":{"footnotes":""},"categories":[614,48,53],"tags":[9475,1462,2032],"class_list":["post-74571","post","type-post","status-publish","format-standard","has-post-thumbnail","hentry","category-ucaldas-internacional","category-actualidad","category-universidad-al-dia","tag-equam-la","tag-union-europea","tag-erasmus-plus"],"yoast_head":"<!-- This site is optimized with the Yoast SEO plugin v27.4 - https:\/\/yoast.com\/product\/yoast-seo-wordpress\/ -->\n<title>Asesores de universidades europeas acompa\u00f1an a la Universidad de Caldas en el desarrollo de la fase final del proyecto EQUAM-LA .<\/title>\n<meta name=\"robots\" content=\"index, follow, max-snippet:-1, max-image-preview:large, max-video-preview:-1\" \/>\n<link rel=\"canonical\" href=\"https:\/\/www.ucaldas.edu.co\/portal\/asesores-de-universidades-europeas-acompanan-a-la-universidad-de-caldas-en-el-desarrollo-de-la-fase-final-del-proyecto-equam-la\/\" \/>\n<script type=\"application\/ld+json\" class=\"yoast-schema-graph\">{\"@context\":\"https:\\\/\\\/schema.org\",\"@graph\":[{\"@type\":\"Article\",\"@id\":\"https:\\\/\\\/www.ucaldas.edu.co\\\/portal\\\/asesores-de-universidades-europeas-acompanan-a-la-universidad-de-caldas-en-el-desarrollo-de-la-fase-final-del-proyecto-equam-la\\\/#article\",\"isPartOf\":{\"@id\":\"https:\\\/\\\/www.ucaldas.edu.co\\\/portal\\\/asesores-de-universidades-europeas-acompanan-a-la-universidad-de-caldas-en-el-desarrollo-de-la-fase-final-del-proyecto-equam-la\\\/\"},\"author\":{\"name\":\"ofiprensa\",\"@id\":\"https:\\\/\\\/www.ucaldas.edu.co\\\/portal\\\/#\\\/schema\\\/person\\\/a1b482e23449158b4bc319926c074fdf\"},\"headline\":\"Asesores de universidades europeas acompa\u00f1an a la Universidad de Caldas en el desarrollo de la fase final del proyecto EQUAM-LA\",\"datePublished\":\"2023-01-23T19:49:34+00:00\",\"dateModified\":\"2023-01-23T19:52:40+00:00\",\"mainEntityOfPage\":{\"@id\":\"https:\\\/\\\/www.ucaldas.edu.co\\\/portal\\\/asesores-de-universidades-europeas-acompanan-a-la-universidad-de-caldas-en-el-desarrollo-de-la-fase-final-del-proyecto-equam-la\\\/\"},\"wordCount\":422,\"publisher\":{\"@id\":\"https:\\\/\\\/www.ucaldas.edu.co\\\/portal\\\/#organization\"},\"image\":{\"@id\":\"https:\\\/\\\/www.ucaldas.edu.co\\\/portal\\\/asesores-de-universidades-europeas-acompanan-a-la-universidad-de-caldas-en-el-desarrollo-de-la-fase-final-del-proyecto-equam-la\\\/#primaryimage\"},\"thumbnailUrl\":\"https:\\\/\\\/www.ucaldas.edu.co\\\/portal\\\/wp-content\\\/uploads\\\/2023\\\/01\\\/equam.jpg\",\"keywords\":[\"equam la\",\"Uni\u00f3n Europea\",\"Erasmus Plus\"],\"articleSection\":[\"Ucaldas Internacional\",\"Actualidad\",\"Universidad al D\u00eda\"],\"inLanguage\":\"es\"},{\"@type\":\"WebPage\",\"@id\":\"https:\\\/\\\/www.ucaldas.edu.co\\\/portal\\\/asesores-de-universidades-europeas-acompanan-a-la-universidad-de-caldas-en-el-desarrollo-de-la-fase-final-del-proyecto-equam-la\\\/\",\"url\":\"https:\\\/\\\/www.ucaldas.edu.co\\\/portal\\\/asesores-de-universidades-europeas-acompanan-a-la-universidad-de-caldas-en-el-desarrollo-de-la-fase-final-del-proyecto-equam-la\\\/\",\"name\":\"Asesores de universidades europeas acompa\u00f1an a la Universidad de Caldas en el desarrollo de la fase final del proyecto EQUAM-LA .\",\"isPartOf\":{\"@id\":\"https:\\\/\\\/www.ucaldas.edu.co\\\/portal\\\/#website\"},\"primaryImageOfPage\":{\"@id\":\"https:\\\/\\\/www.ucaldas.edu.co\\\/portal\\\/asesores-de-universidades-europeas-acompanan-a-la-universidad-de-caldas-en-el-desarrollo-de-la-fase-final-del-proyecto-equam-la\\\/#primaryimage\"},\"image\":{\"@id\":\"https:\\\/\\\/www.ucaldas.edu.co\\\/portal\\\/asesores-de-universidades-europeas-acompanan-a-la-universidad-de-caldas-en-el-desarrollo-de-la-fase-final-del-proyecto-equam-la\\\/#primaryimage\"},\"thumbnailUrl\":\"https:\\\/\\\/www.ucaldas.edu.co\\\/portal\\\/wp-content\\\/uploads\\\/2023\\\/01\\\/equam.jpg\",\"datePublished\":\"2023-01-23T19:49:34+00:00\",\"dateModified\":\"2023-01-23T19:52:40+00:00\",\"breadcrumb\":{\"@id\":\"https:\\\/\\\/www.ucaldas.edu.co\\\/portal\\\/asesores-de-universidades-europeas-acompanan-a-la-universidad-de-caldas-en-el-desarrollo-de-la-fase-final-del-proyecto-equam-la\\\/#breadcrumb\"},\"inLanguage\":\"es\",\"potentialAction\":[{\"@type\":\"ReadAction\",\"target\":[\"https:\\\/\\\/www.ucaldas.edu.co\\\/portal\\\/asesores-de-universidades-europeas-acompanan-a-la-universidad-de-caldas-en-el-desarrollo-de-la-fase-final-del-proyecto-equam-la\\\/\"]}]},{\"@type\":\"ImageObject\",\"inLanguage\":\"es\",\"@id\":\"https:\\\/\\\/www.ucaldas.edu.co\\\/portal\\\/asesores-de-universidades-europeas-acompanan-a-la-universidad-de-caldas-en-el-desarrollo-de-la-fase-final-del-proyecto-equam-la\\\/#primaryimage\",\"url\":\"https:\\\/\\\/www.ucaldas.edu.co\\\/portal\\\/wp-content\\\/uploads\\\/2023\\\/01\\\/equam.jpg\",\"contentUrl\":\"https:\\\/\\\/www.ucaldas.edu.co\\\/portal\\\/wp-content\\\/uploads\\\/2023\\\/01\\\/equam.jpg\",\"width\":700,\"height\":400,\"caption\":\"fase final proyecto equam\"},{\"@type\":\"BreadcrumbList\",\"@id\":\"https:\\\/\\\/www.ucaldas.edu.co\\\/portal\\\/asesores-de-universidades-europeas-acompanan-a-la-universidad-de-caldas-en-el-desarrollo-de-la-fase-final-del-proyecto-equam-la\\\/#breadcrumb\",\"itemListElement\":[{\"@type\":\"ListItem\",\"position\":1,\"name\":\"Portada\",\"item\":\"https:\\\/\\\/www.ucaldas.edu.co\\\/portal\\\/\"},{\"@type\":\"ListItem\",\"position\":2,\"name\":\"Asesores de universidades europeas acompa\u00f1an a la Universidad de Caldas en el desarrollo de la fase final del proyecto EQUAM-LA\"}]},{\"@type\":\"WebSite\",\"@id\":\"https:\\\/\\\/www.ucaldas.edu.co\\\/portal\\\/#website\",\"url\":\"https:\\\/\\\/www.ucaldas.edu.co\\\/portal\\\/\",\"name\":\"Universidad de Caldas\",\"description\":\"\",\"publisher\":{\"@id\":\"https:\\\/\\\/www.ucaldas.edu.co\\\/portal\\\/#organization\"},\"alternateName\":\"U. de Caldas\",\"potentialAction\":[{\"@type\":\"SearchAction\",\"target\":{\"@type\":\"EntryPoint\",\"urlTemplate\":\"https:\\\/\\\/www.ucaldas.edu.co\\\/portal\\\/?s={search_term_string}\"},\"query-input\":{\"@type\":\"PropertyValueSpecification\",\"valueRequired\":true,\"valueName\":\"search_term_string\"}}],\"inLanguage\":\"es\"},{\"@type\":\"Organization\",\"@id\":\"https:\\\/\\\/www.ucaldas.edu.co\\\/portal\\\/#organization\",\"name\":\"Universidad de Caldas\",\"alternateName\":\"U. de Caldas\",\"url\":\"https:\\\/\\\/www.ucaldas.edu.co\\\/portal\\\/\",\"logo\":{\"@type\":\"ImageObject\",\"inLanguage\":\"es\",\"@id\":\"https:\\\/\\\/www.ucaldas.edu.co\\\/portal\\\/#\\\/schema\\\/logo\\\/image\\\/\",\"url\":\"https:\\\/\\\/www.ucaldas.edu.co\\\/portal\\\/wp-content\\\/uploads\\\/2023\\\/11\\\/Logo_horizontal_oscuroU-2023.png\",\"contentUrl\":\"https:\\\/\\\/www.ucaldas.edu.co\\\/portal\\\/wp-content\\\/uploads\\\/2023\\\/11\\\/Logo_horizontal_oscuroU-2023.png\",\"width\":263,\"height\":101,\"caption\":\"Universidad de Caldas\"},\"image\":{\"@id\":\"https:\\\/\\\/www.ucaldas.edu.co\\\/portal\\\/#\\\/schema\\\/logo\\\/image\\\/\"},\"sameAs\":[\"https:\\\/\\\/www.facebook.com\\\/udecaldas\",\"https:\\\/\\\/x.com\\\/udecaldas\",\"https:\\\/\\\/www.youtube.com\\\/universidadcaldas\",\"https:\\\/\\\/www.instagram.com\\\/udecaldas\\\/\"]},{\"@type\":\"Person\",\"@id\":\"https:\\\/\\\/www.ucaldas.edu.co\\\/portal\\\/#\\\/schema\\\/person\\\/a1b482e23449158b4bc319926c074fdf\",\"name\":\"ofiprensa\",\"image\":{\"@type\":\"ImageObject\",\"inLanguage\":\"es\",\"@id\":\"https:\\\/\\\/www.ucaldas.edu.co\\\/portal\\\/wp-content\\\/litespeed\\\/avatar\\\/09ea5085e600095a7a811142c6944527.jpg?ver=1776892805\",\"url\":\"https:\\\/\\\/www.ucaldas.edu.co\\\/portal\\\/wp-content\\\/litespeed\\\/avatar\\\/09ea5085e600095a7a811142c6944527.jpg?ver=1776892805\",\"contentUrl\":\"https:\\\/\\\/www.ucaldas.edu.co\\\/portal\\\/wp-content\\\/litespeed\\\/avatar\\\/09ea5085e600095a7a811142c6944527.jpg?ver=1776892805\",\"caption\":\"ofiprensa\"},\"url\":\"https:\\\/\\\/www.ucaldas.edu.co\\\/portal\\\/author\\\/ofiprensa\\\/\"}]}<\/script>\n<!-- \/ Yoast SEO plugin. -->","yoast_head_json":{"title":"Asesores de universidades europeas acompa\u00f1an a la Universidad de Caldas en el desarrollo de la fase final del proyecto EQUAM-LA .","robots":{"index":"index","follow":"follow","max-snippet":"max-snippet:-1","max-image-preview":"max-image-preview:large","max-video-preview":"max-video-preview:-1"},"canonical":"https:\/\/www.ucaldas.edu.co\/portal\/asesores-de-universidades-europeas-acompanan-a-la-universidad-de-caldas-en-el-desarrollo-de-la-fase-final-del-proyecto-equam-la\/","schema":{"@context":"https:\/\/schema.org","@graph":[{"@type":"Article","@id":"https:\/\/www.ucaldas.edu.co\/portal\/asesores-de-universidades-europeas-acompanan-a-la-universidad-de-caldas-en-el-desarrollo-de-la-fase-final-del-proyecto-equam-la\/#article","isPartOf":{"@id":"https:\/\/www.ucaldas.edu.co\/portal\/asesores-de-universidades-europeas-acompanan-a-la-universidad-de-caldas-en-el-desarrollo-de-la-fase-final-del-proyecto-equam-la\/"},"author":{"name":"ofiprensa","@id":"https:\/\/www.ucaldas.edu.co\/portal\/#\/schema\/person\/a1b482e23449158b4bc319926c074fdf"},"headline":"Asesores de universidades europeas acompa\u00f1an a la Universidad de Caldas en el desarrollo de la fase final del proyecto EQUAM-LA","datePublished":"2023-01-23T19:49:34+00:00","dateModified":"2023-01-23T19:52:40+00:00","mainEntityOfPage":{"@id":"https:\/\/www.ucaldas.edu.co\/portal\/asesores-de-universidades-europeas-acompanan-a-la-universidad-de-caldas-en-el-desarrollo-de-la-fase-final-del-proyecto-equam-la\/"},"wordCount":422,"publisher":{"@id":"https:\/\/www.ucaldas.edu.co\/portal\/#organization"},"image":{"@id":"https:\/\/www.ucaldas.edu.co\/portal\/asesores-de-universidades-europeas-acompanan-a-la-universidad-de-caldas-en-el-desarrollo-de-la-fase-final-del-proyecto-equam-la\/#primaryimage"},"thumbnailUrl":"https:\/\/www.ucaldas.edu.co\/portal\/wp-content\/uploads\/2023\/01\/equam.jpg","keywords":["equam la","Uni\u00f3n Europea","Erasmus Plus"],"articleSection":["Ucaldas Internacional","Actualidad","Universidad al D\u00eda"],"inLanguage":"es"},{"@type":"WebPage","@id":"https:\/\/www.ucaldas.edu.co\/portal\/asesores-de-universidades-europeas-acompanan-a-la-universidad-de-caldas-en-el-desarrollo-de-la-fase-final-del-proyecto-equam-la\/","url":"https:\/\/www.ucaldas.edu.co\/portal\/asesores-de-universidades-europeas-acompanan-a-la-universidad-de-caldas-en-el-desarrollo-de-la-fase-final-del-proyecto-equam-la\/","name":"Asesores de universidades europeas acompa\u00f1an a la Universidad de Caldas en el desarrollo de la fase final del proyecto EQUAM-LA .","isPartOf":{"@id":"https:\/\/www.ucaldas.edu.co\/portal\/#website"},"primaryImageOfPage":{"@id":"https:\/\/www.ucaldas.edu.co\/portal\/asesores-de-universidades-europeas-acompanan-a-la-universidad-de-caldas-en-el-desarrollo-de-la-fase-final-del-proyecto-equam-la\/#primaryimage"},"image":{"@id":"https:\/\/www.ucaldas.edu.co\/portal\/asesores-de-universidades-europeas-acompanan-a-la-universidad-de-caldas-en-el-desarrollo-de-la-fase-final-del-proyecto-equam-la\/#primaryimage"},"thumbnailUrl":"https:\/\/www.ucaldas.edu.co\/portal\/wp-content\/uploads\/2023\/01\/equam.jpg","datePublished":"2023-01-23T19:49:34+00:00","dateModified":"2023-01-23T19:52:40+00:00","breadcrumb":{"@id":"https:\/\/www.ucaldas.edu.co\/portal\/asesores-de-universidades-europeas-acompanan-a-la-universidad-de-caldas-en-el-desarrollo-de-la-fase-final-del-proyecto-equam-la\/#breadcrumb"},"inLanguage":"es","potentialAction":[{"@type":"ReadAction","target":["https:\/\/www.ucaldas.edu.co\/portal\/asesores-de-universidades-europeas-acompanan-a-la-universidad-de-caldas-en-el-desarrollo-de-la-fase-final-del-proyecto-equam-la\/"]}]},{"@type":"ImageObject","inLanguage":"es","@id":"https:\/\/www.ucaldas.edu.co\/portal\/asesores-de-universidades-europeas-acompanan-a-la-universidad-de-caldas-en-el-desarrollo-de-la-fase-final-del-proyecto-equam-la\/#primaryimage","url":"https:\/\/www.ucaldas.edu.co\/portal\/wp-content\/uploads\/2023\/01\/equam.jpg","contentUrl":"https:\/\/www.ucaldas.edu.co\/portal\/wp-content\/uploads\/2023\/01\/equam.jpg","width":700,"height":400,"caption":"fase final proyecto equam"},{"@type":"BreadcrumbList","@id":"https:\/\/www.ucaldas.edu.co\/portal\/asesores-de-universidades-europeas-acompanan-a-la-universidad-de-caldas-en-el-desarrollo-de-la-fase-final-del-proyecto-equam-la\/#breadcrumb","itemListElement":[{"@type":"ListItem","position":1,"name":"Portada","item":"https:\/\/www.ucaldas.edu.co\/portal\/"},{"@type":"ListItem","position":2,"name":"Asesores de universidades europeas acompa\u00f1an a la Universidad de Caldas en el desarrollo de la fase final del proyecto EQUAM-LA"}]},{"@type":"WebSite","@id":"https:\/\/www.ucaldas.edu.co\/portal\/#website","url":"https:\/\/www.ucaldas.edu.co\/portal\/","name":"Universidad de Caldas","description":"","publisher":{"@id":"https:\/\/www.ucaldas.edu.co\/portal\/#organization"},"alternateName":"U. de Caldas","potentialAction":[{"@type":"SearchAction","target":{"@type":"EntryPoint","urlTemplate":"https:\/\/www.ucaldas.edu.co\/portal\/?s={search_term_string}"},"query-input":{"@type":"PropertyValueSpecification","valueRequired":true,"valueName":"search_term_string"}}],"inLanguage":"es"},{"@type":"Organization","@id":"https:\/\/www.ucaldas.edu.co\/portal\/#organization","name":"Universidad de Caldas","alternateName":"U. de Caldas","url":"https:\/\/www.ucaldas.edu.co\/portal\/","logo":{"@type":"ImageObject","inLanguage":"es","@id":"https:\/\/www.ucaldas.edu.co\/portal\/#\/schema\/logo\/image\/","url":"https:\/\/www.ucaldas.edu.co\/portal\/wp-content\/uploads\/2023\/11\/Logo_horizontal_oscuroU-2023.png","contentUrl":"https:\/\/www.ucaldas.edu.co\/portal\/wp-content\/uploads\/2023\/11\/Logo_horizontal_oscuroU-2023.png","width":263,"height":101,"caption":"Universidad de Caldas"},"image":{"@id":"https:\/\/www.ucaldas.edu.co\/portal\/#\/schema\/logo\/image\/"},"sameAs":["https:\/\/www.facebook.com\/udecaldas","https:\/\/x.com\/udecaldas","https:\/\/www.youtube.com\/universidadcaldas","https:\/\/www.instagram.com\/udecaldas\/"]},{"@type":"Person","@id":"https:\/\/www.ucaldas.edu.co\/portal\/#\/schema\/person\/a1b482e23449158b4bc319926c074fdf","name":"ofiprensa","image":{"@type":"ImageObject","inLanguage":"es","@id":"https:\/\/www.ucaldas.edu.co\/portal\/wp-content\/litespeed\/avatar\/09ea5085e600095a7a811142c6944527.jpg?ver=1776892805","url":"https:\/\/www.ucaldas.edu.co\/portal\/wp-content\/litespeed\/avatar\/09ea5085e600095a7a811142c6944527.jpg?ver=1776892805","contentUrl":"https:\/\/www.ucaldas.edu.co\/portal\/wp-content\/litespeed\/avatar\/09ea5085e600095a7a811142c6944527.jpg?ver=1776892805","caption":"ofiprensa"},"url":"https:\/\/www.ucaldas.edu.co\/portal\/author\/ofiprensa\/"}]}},"_links":{"self":[{"href":"https:\/\/www.ucaldas.edu.co\/portal\/wp-json\/wp\/v2\/posts\/74571","targetHints":{"allow":["GET"]}}],"collection":[{"href":"https:\/\/www.ucaldas.edu.co\/portal\/wp-json\/wp\/v2\/posts"}],"about":[{"href":"https:\/\/www.ucaldas.edu.co\/portal\/wp-json\/wp\/v2\/types\/post"}],"author":[{"embeddable":true,"href":"https:\/\/www.ucaldas.edu.co\/portal\/wp-json\/wp\/v2\/users\/2"}],"replies":[{"embeddable":true,"href":"https:\/\/www.ucaldas.edu.co\/portal\/wp-json\/wp\/v2\/comments?post=74571"}],"version-history":[{"count":0,"href":"https:\/\/www.ucaldas.edu.co\/portal\/wp-json\/wp\/v2\/posts\/74571\/revisions"}],"wp:featuredmedia":[{"embeddable":true,"href":"https:\/\/www.ucaldas.edu.co\/portal\/wp-json\/wp\/v2\/media\/74572"}],"wp:attachment":[{"href":"https:\/\/www.ucaldas.edu.co\/portal\/wp-json\/wp\/v2\/media?parent=74571"}],"wp:term":[{"taxonomy":"category","embeddable":true,"href":"https:\/\/www.ucaldas.edu.co\/portal\/wp-json\/wp\/v2\/categories?post=74571"},{"taxonomy":"post_tag","embeddable":true,"href":"https:\/\/www.ucaldas.edu.co\/portal\/wp-json\/wp\/v2\/tags?post=74571"}],"curies":[{"name":"wp","href":"https:\/\/api.w.org\/{rel}","templated":true}]}}