{"id":74461,"date":"2022-12-22T20:09:24","date_gmt":"2022-12-22T20:09:24","guid":{"rendered":"https:\/\/www.ucaldas.edu.co\/portal\/?p=74461"},"modified":"2022-12-22T20:11:58","modified_gmt":"2022-12-22T20:11:58","slug":"jardin-botanico-de-la-universidad-de-caldas-realizo-jornada-de-socializacion-de-la-primera-biofabrica-urbana","status":"publish","type":"post","link":"https:\/\/www.ucaldas.edu.co\/portal\/jardin-botanico-de-la-universidad-de-caldas-realizo-jornada-de-socializacion-de-la-primera-biofabrica-urbana\/","title":{"rendered":"Jard\u00edn Bot\u00e1nico de la Universidad de Caldas realiz\u00f3 jornada de socializaci\u00f3n de la primera Biof\u00e1brica Urbana"},"content":{"rendered":"<p><img loading=\"lazy\" decoding=\"async\" class=\"aligncenter size-full wp-image-74462\" src=\"https:\/\/www.ucaldas.edu.co\/portal\/wp-content\/uploads\/2022\/12\/jardin.jpg\" alt=\"\" width=\"700\" height=\"400\" srcset=\"https:\/\/www.ucaldas.edu.co\/portal\/wp-content\/uploads\/2022\/12\/jardin.jpg 700w, https:\/\/www.ucaldas.edu.co\/portal\/wp-content\/uploads\/2022\/12\/jardin-300x171.jpg 300w\" sizes=\"auto, (max-width: 700px) 100vw, 700px\" \/><\/p>\n<p>En el \u00e1mbito del convenio entre el Jard\u00edn Bot\u00e1nico de la Universidad de Caldas y la Secretar\u00eda de Agricultura de la Alcald\u00eda de Manizales, se llev\u00f3 a cabo una jornada de socializaci\u00f3n para la construcci\u00f3n de la primera Biof\u00e1brica Urbana en la ciudad.<\/p>\n<p><!--more--><\/p>\n<p>Este proyecto impulsado por el Jard\u00edn Bot\u00e1nico pretende potenciar la agricultura urbana en temas como la producci\u00f3n de alimentos y la preparaci\u00f3n de insumos s con las comunidades de los diferentes barrios de la ciudad, lo que servir\u00e1 como herramienta para el actual proceso de creaci\u00f3n de la Pol\u00edtica P\u00fablica de Agricultura Urbana que se encuentra en su segunda fase.<\/p>\n<p>El encuentro se realiz\u00f3 en inmediaciones del Centro Comercial Fundadores, donde participaron habitantes de barrios que se encuentran trabajando con huertas urbanas y est\u00e1n interesados en mejorar la producci\u00f3n de alimentos.<\/p>\n<p>El Director del Jard\u00edn Bot\u00e1nico, Jos\u00e9 Humberto Gallego Aristiz\u00e1bal, afirma que este tipo de ejercicios permitir\u00e1n mejorar y fortalecer las condiciones de vida de las comunidades de Manizales por medio del aseguramiento y la soberan\u00eda alimentaria.<\/p>\n<p><strong>Anexo:<\/strong><\/p>\n<p><strong><a href=\"https:\/\/go.ivoox.com\/rf\/100290908\">Audio Jos\u00e9 Humberto Gallego Aristiz\u00e1bal \u2013 Director Jard\u00edn Bot\u00e1nico.<\/a><\/strong><\/p>\n<p><iframe loading=\"lazy\" src=\"https:\/\/www.ivoox.com\/player_ek_100290908_2_1.html\" width=\"238\" height=\"48\" frameborder=\"0\" scrolling=\"no\" allowfullscreen=\"allowfullscreen\"><\/iframe><\/p>\n","protected":false},"excerpt":{"rendered":"<p>En el \u00e1mbito del convenio entre el Jard\u00edn Bot\u00e1nico de la Universidad de Caldas y la Secretar\u00eda de Agricultura de la Alcald\u00eda de Manizales, se llev\u00f3 a cabo una jornada de socializaci\u00f3n para la construcci\u00f3n de la primera Biof\u00e1brica Urbana en la ciudad.<\/p>\n","protected":false},"author":2,"featured_media":74462,"comment_status":"closed","ping_status":"open","sticky":false,"template":"","format":"standard","meta":{"footnotes":""},"categories":[48,53,756],"tags":[214,1157,2535,8290],"class_list":["post-74461","post","type-post","status-publish","format-standard","has-post-thumbnail","hentry","category-actualidad","category-universidad-al-dia","category-ucaldas-verde","tag-agricultura","tag-alimentos","tag-biofabrica","tag-soberania-alimentaria"],"yoast_head":"<!-- This site is optimized with the Yoast SEO plugin v27.4 - https:\/\/yoast.com\/product\/yoast-seo-wordpress\/ -->\n<title>Jard\u00edn Bot\u00e1nico de la Universidad de Caldas realiz\u00f3 jornada de socializaci\u00f3n de la primera Biof\u00e1brica Urbana .<\/title>\n<meta name=\"robots\" content=\"index, follow, max-snippet:-1, max-image-preview:large, max-video-preview:-1\" \/>\n<link rel=\"canonical\" href=\"https:\/\/www.ucaldas.edu.co\/portal\/jardin-botanico-de-la-universidad-de-caldas-realizo-jornada-de-socializacion-de-la-primera-biofabrica-urbana\/\" \/>\n<script type=\"application\/ld+json\" class=\"yoast-schema-graph\">{\"@context\":\"https:\\\/\\\/schema.org\",\"@graph\":[{\"@type\":\"Article\",\"@id\":\"https:\\\/\\\/www.ucaldas.edu.co\\\/portal\\\/jardin-botanico-de-la-universidad-de-caldas-realizo-jornada-de-socializacion-de-la-primera-biofabrica-urbana\\\/#article\",\"isPartOf\":{\"@id\":\"https:\\\/\\\/www.ucaldas.edu.co\\\/portal\\\/jardin-botanico-de-la-universidad-de-caldas-realizo-jornada-de-socializacion-de-la-primera-biofabrica-urbana\\\/\"},\"author\":{\"name\":\"ofiprensa\",\"@id\":\"https:\\\/\\\/www.ucaldas.edu.co\\\/portal\\\/#\\\/schema\\\/person\\\/a1b482e23449158b4bc319926c074fdf\"},\"headline\":\"Jard\u00edn Bot\u00e1nico de la Universidad de Caldas realiz\u00f3 jornada de socializaci\u00f3n de la primera Biof\u00e1brica Urbana\",\"datePublished\":\"2022-12-22T20:09:24+00:00\",\"dateModified\":\"2022-12-22T20:11:58+00:00\",\"mainEntityOfPage\":{\"@id\":\"https:\\\/\\\/www.ucaldas.edu.co\\\/portal\\\/jardin-botanico-de-la-universidad-de-caldas-realizo-jornada-de-socializacion-de-la-primera-biofabrica-urbana\\\/\"},\"wordCount\":223,\"publisher\":{\"@id\":\"https:\\\/\\\/www.ucaldas.edu.co\\\/portal\\\/#organization\"},\"image\":{\"@id\":\"https:\\\/\\\/www.ucaldas.edu.co\\\/portal\\\/jardin-botanico-de-la-universidad-de-caldas-realizo-jornada-de-socializacion-de-la-primera-biofabrica-urbana\\\/#primaryimage\"},\"thumbnailUrl\":\"https:\\\/\\\/www.ucaldas.edu.co\\\/portal\\\/wp-content\\\/uploads\\\/2022\\\/12\\\/jardin.jpg\",\"keywords\":[\"agricultura\",\"alimentos\",\"biof\u00e1brica\",\"soberan\u00eda alimentaria\"],\"articleSection\":[\"Actualidad\",\"Universidad al D\u00eda\",\"UCaldas Verde\"],\"inLanguage\":\"es\"},{\"@type\":\"WebPage\",\"@id\":\"https:\\\/\\\/www.ucaldas.edu.co\\\/portal\\\/jardin-botanico-de-la-universidad-de-caldas-realizo-jornada-de-socializacion-de-la-primera-biofabrica-urbana\\\/\",\"url\":\"https:\\\/\\\/www.ucaldas.edu.co\\\/portal\\\/jardin-botanico-de-la-universidad-de-caldas-realizo-jornada-de-socializacion-de-la-primera-biofabrica-urbana\\\/\",\"name\":\"Jard\u00edn Bot\u00e1nico de la Universidad de Caldas realiz\u00f3 jornada de socializaci\u00f3n de la primera Biof\u00e1brica Urbana .\",\"isPartOf\":{\"@id\":\"https:\\\/\\\/www.ucaldas.edu.co\\\/portal\\\/#website\"},\"primaryImageOfPage\":{\"@id\":\"https:\\\/\\\/www.ucaldas.edu.co\\\/portal\\\/jardin-botanico-de-la-universidad-de-caldas-realizo-jornada-de-socializacion-de-la-primera-biofabrica-urbana\\\/#primaryimage\"},\"image\":{\"@id\":\"https:\\\/\\\/www.ucaldas.edu.co\\\/portal\\\/jardin-botanico-de-la-universidad-de-caldas-realizo-jornada-de-socializacion-de-la-primera-biofabrica-urbana\\\/#primaryimage\"},\"thumbnailUrl\":\"https:\\\/\\\/www.ucaldas.edu.co\\\/portal\\\/wp-content\\\/uploads\\\/2022\\\/12\\\/jardin.jpg\",\"datePublished\":\"2022-12-22T20:09:24+00:00\",\"dateModified\":\"2022-12-22T20:11:58+00:00\",\"breadcrumb\":{\"@id\":\"https:\\\/\\\/www.ucaldas.edu.co\\\/portal\\\/jardin-botanico-de-la-universidad-de-caldas-realizo-jornada-de-socializacion-de-la-primera-biofabrica-urbana\\\/#breadcrumb\"},\"inLanguage\":\"es\",\"potentialAction\":[{\"@type\":\"ReadAction\",\"target\":[\"https:\\\/\\\/www.ucaldas.edu.co\\\/portal\\\/jardin-botanico-de-la-universidad-de-caldas-realizo-jornada-de-socializacion-de-la-primera-biofabrica-urbana\\\/\"]}]},{\"@type\":\"ImageObject\",\"inLanguage\":\"es\",\"@id\":\"https:\\\/\\\/www.ucaldas.edu.co\\\/portal\\\/jardin-botanico-de-la-universidad-de-caldas-realizo-jornada-de-socializacion-de-la-primera-biofabrica-urbana\\\/#primaryimage\",\"url\":\"https:\\\/\\\/www.ucaldas.edu.co\\\/portal\\\/wp-content\\\/uploads\\\/2022\\\/12\\\/jardin.jpg\",\"contentUrl\":\"https:\\\/\\\/www.ucaldas.edu.co\\\/portal\\\/wp-content\\\/uploads\\\/2022\\\/12\\\/jardin.jpg\",\"width\":700,\"height\":400},{\"@type\":\"BreadcrumbList\",\"@id\":\"https:\\\/\\\/www.ucaldas.edu.co\\\/portal\\\/jardin-botanico-de-la-universidad-de-caldas-realizo-jornada-de-socializacion-de-la-primera-biofabrica-urbana\\\/#breadcrumb\",\"itemListElement\":[{\"@type\":\"ListItem\",\"position\":1,\"name\":\"Portada\",\"item\":\"https:\\\/\\\/www.ucaldas.edu.co\\\/portal\\\/\"},{\"@type\":\"ListItem\",\"position\":2,\"name\":\"Jard\u00edn Bot\u00e1nico de la Universidad de Caldas realiz\u00f3 jornada de socializaci\u00f3n de la primera Biof\u00e1brica Urbana\"}]},{\"@type\":\"WebSite\",\"@id\":\"https:\\\/\\\/www.ucaldas.edu.co\\\/portal\\\/#website\",\"url\":\"https:\\\/\\\/www.ucaldas.edu.co\\\/portal\\\/\",\"name\":\"Universidad de Caldas\",\"description\":\"\",\"publisher\":{\"@id\":\"https:\\\/\\\/www.ucaldas.edu.co\\\/portal\\\/#organization\"},\"alternateName\":\"U. de Caldas\",\"potentialAction\":[{\"@type\":\"SearchAction\",\"target\":{\"@type\":\"EntryPoint\",\"urlTemplate\":\"https:\\\/\\\/www.ucaldas.edu.co\\\/portal\\\/?s={search_term_string}\"},\"query-input\":{\"@type\":\"PropertyValueSpecification\",\"valueRequired\":true,\"valueName\":\"search_term_string\"}}],\"inLanguage\":\"es\"},{\"@type\":\"Organization\",\"@id\":\"https:\\\/\\\/www.ucaldas.edu.co\\\/portal\\\/#organization\",\"name\":\"Universidad de Caldas\",\"alternateName\":\"U. de Caldas\",\"url\":\"https:\\\/\\\/www.ucaldas.edu.co\\\/portal\\\/\",\"logo\":{\"@type\":\"ImageObject\",\"inLanguage\":\"es\",\"@id\":\"https:\\\/\\\/www.ucaldas.edu.co\\\/portal\\\/#\\\/schema\\\/logo\\\/image\\\/\",\"url\":\"https:\\\/\\\/www.ucaldas.edu.co\\\/portal\\\/wp-content\\\/uploads\\\/2023\\\/11\\\/Logo_horizontal_oscuroU-2023.png\",\"contentUrl\":\"https:\\\/\\\/www.ucaldas.edu.co\\\/portal\\\/wp-content\\\/uploads\\\/2023\\\/11\\\/Logo_horizontal_oscuroU-2023.png\",\"width\":263,\"height\":101,\"caption\":\"Universidad de Caldas\"},\"image\":{\"@id\":\"https:\\\/\\\/www.ucaldas.edu.co\\\/portal\\\/#\\\/schema\\\/logo\\\/image\\\/\"},\"sameAs\":[\"https:\\\/\\\/www.facebook.com\\\/udecaldas\",\"https:\\\/\\\/x.com\\\/udecaldas\",\"https:\\\/\\\/www.youtube.com\\\/universidadcaldas\",\"https:\\\/\\\/www.instagram.com\\\/udecaldas\\\/\"]},{\"@type\":\"Person\",\"@id\":\"https:\\\/\\\/www.ucaldas.edu.co\\\/portal\\\/#\\\/schema\\\/person\\\/a1b482e23449158b4bc319926c074fdf\",\"name\":\"ofiprensa\",\"image\":{\"@type\":\"ImageObject\",\"inLanguage\":\"es\",\"@id\":\"https:\\\/\\\/www.ucaldas.edu.co\\\/portal\\\/wp-content\\\/litespeed\\\/avatar\\\/09ea5085e600095a7a811142c6944527.jpg?ver=1776892805\",\"url\":\"https:\\\/\\\/www.ucaldas.edu.co\\\/portal\\\/wp-content\\\/litespeed\\\/avatar\\\/09ea5085e600095a7a811142c6944527.jpg?ver=1776892805\",\"contentUrl\":\"https:\\\/\\\/www.ucaldas.edu.co\\\/portal\\\/wp-content\\\/litespeed\\\/avatar\\\/09ea5085e600095a7a811142c6944527.jpg?ver=1776892805\",\"caption\":\"ofiprensa\"},\"url\":\"https:\\\/\\\/www.ucaldas.edu.co\\\/portal\\\/author\\\/ofiprensa\\\/\"}]}<\/script>\n<!-- \/ Yoast SEO plugin. -->","yoast_head_json":{"title":"Jard\u00edn Bot\u00e1nico de la Universidad de Caldas realiz\u00f3 jornada de socializaci\u00f3n de la primera Biof\u00e1brica Urbana .","robots":{"index":"index","follow":"follow","max-snippet":"max-snippet:-1","max-image-preview":"max-image-preview:large","max-video-preview":"max-video-preview:-1"},"canonical":"https:\/\/www.ucaldas.edu.co\/portal\/jardin-botanico-de-la-universidad-de-caldas-realizo-jornada-de-socializacion-de-la-primera-biofabrica-urbana\/","schema":{"@context":"https:\/\/schema.org","@graph":[{"@type":"Article","@id":"https:\/\/www.ucaldas.edu.co\/portal\/jardin-botanico-de-la-universidad-de-caldas-realizo-jornada-de-socializacion-de-la-primera-biofabrica-urbana\/#article","isPartOf":{"@id":"https:\/\/www.ucaldas.edu.co\/portal\/jardin-botanico-de-la-universidad-de-caldas-realizo-jornada-de-socializacion-de-la-primera-biofabrica-urbana\/"},"author":{"name":"ofiprensa","@id":"https:\/\/www.ucaldas.edu.co\/portal\/#\/schema\/person\/a1b482e23449158b4bc319926c074fdf"},"headline":"Jard\u00edn Bot\u00e1nico de la Universidad de Caldas realiz\u00f3 jornada de socializaci\u00f3n de la primera Biof\u00e1brica Urbana","datePublished":"2022-12-22T20:09:24+00:00","dateModified":"2022-12-22T20:11:58+00:00","mainEntityOfPage":{"@id":"https:\/\/www.ucaldas.edu.co\/portal\/jardin-botanico-de-la-universidad-de-caldas-realizo-jornada-de-socializacion-de-la-primera-biofabrica-urbana\/"},"wordCount":223,"publisher":{"@id":"https:\/\/www.ucaldas.edu.co\/portal\/#organization"},"image":{"@id":"https:\/\/www.ucaldas.edu.co\/portal\/jardin-botanico-de-la-universidad-de-caldas-realizo-jornada-de-socializacion-de-la-primera-biofabrica-urbana\/#primaryimage"},"thumbnailUrl":"https:\/\/www.ucaldas.edu.co\/portal\/wp-content\/uploads\/2022\/12\/jardin.jpg","keywords":["agricultura","alimentos","biof\u00e1brica","soberan\u00eda alimentaria"],"articleSection":["Actualidad","Universidad al D\u00eda","UCaldas Verde"],"inLanguage":"es"},{"@type":"WebPage","@id":"https:\/\/www.ucaldas.edu.co\/portal\/jardin-botanico-de-la-universidad-de-caldas-realizo-jornada-de-socializacion-de-la-primera-biofabrica-urbana\/","url":"https:\/\/www.ucaldas.edu.co\/portal\/jardin-botanico-de-la-universidad-de-caldas-realizo-jornada-de-socializacion-de-la-primera-biofabrica-urbana\/","name":"Jard\u00edn Bot\u00e1nico de la Universidad de Caldas realiz\u00f3 jornada de socializaci\u00f3n de la primera Biof\u00e1brica Urbana .","isPartOf":{"@id":"https:\/\/www.ucaldas.edu.co\/portal\/#website"},"primaryImageOfPage":{"@id":"https:\/\/www.ucaldas.edu.co\/portal\/jardin-botanico-de-la-universidad-de-caldas-realizo-jornada-de-socializacion-de-la-primera-biofabrica-urbana\/#primaryimage"},"image":{"@id":"https:\/\/www.ucaldas.edu.co\/portal\/jardin-botanico-de-la-universidad-de-caldas-realizo-jornada-de-socializacion-de-la-primera-biofabrica-urbana\/#primaryimage"},"thumbnailUrl":"https:\/\/www.ucaldas.edu.co\/portal\/wp-content\/uploads\/2022\/12\/jardin.jpg","datePublished":"2022-12-22T20:09:24+00:00","dateModified":"2022-12-22T20:11:58+00:00","breadcrumb":{"@id":"https:\/\/www.ucaldas.edu.co\/portal\/jardin-botanico-de-la-universidad-de-caldas-realizo-jornada-de-socializacion-de-la-primera-biofabrica-urbana\/#breadcrumb"},"inLanguage":"es","potentialAction":[{"@type":"ReadAction","target":["https:\/\/www.ucaldas.edu.co\/portal\/jardin-botanico-de-la-universidad-de-caldas-realizo-jornada-de-socializacion-de-la-primera-biofabrica-urbana\/"]}]},{"@type":"ImageObject","inLanguage":"es","@id":"https:\/\/www.ucaldas.edu.co\/portal\/jardin-botanico-de-la-universidad-de-caldas-realizo-jornada-de-socializacion-de-la-primera-biofabrica-urbana\/#primaryimage","url":"https:\/\/www.ucaldas.edu.co\/portal\/wp-content\/uploads\/2022\/12\/jardin.jpg","contentUrl":"https:\/\/www.ucaldas.edu.co\/portal\/wp-content\/uploads\/2022\/12\/jardin.jpg","width":700,"height":400},{"@type":"BreadcrumbList","@id":"https:\/\/www.ucaldas.edu.co\/portal\/jardin-botanico-de-la-universidad-de-caldas-realizo-jornada-de-socializacion-de-la-primera-biofabrica-urbana\/#breadcrumb","itemListElement":[{"@type":"ListItem","position":1,"name":"Portada","item":"https:\/\/www.ucaldas.edu.co\/portal\/"},{"@type":"ListItem","position":2,"name":"Jard\u00edn Bot\u00e1nico de la Universidad de Caldas realiz\u00f3 jornada de socializaci\u00f3n de la primera Biof\u00e1brica Urbana"}]},{"@type":"WebSite","@id":"https:\/\/www.ucaldas.edu.co\/portal\/#website","url":"https:\/\/www.ucaldas.edu.co\/portal\/","name":"Universidad de Caldas","description":"","publisher":{"@id":"https:\/\/www.ucaldas.edu.co\/portal\/#organization"},"alternateName":"U. de Caldas","potentialAction":[{"@type":"SearchAction","target":{"@type":"EntryPoint","urlTemplate":"https:\/\/www.ucaldas.edu.co\/portal\/?s={search_term_string}"},"query-input":{"@type":"PropertyValueSpecification","valueRequired":true,"valueName":"search_term_string"}}],"inLanguage":"es"},{"@type":"Organization","@id":"https:\/\/www.ucaldas.edu.co\/portal\/#organization","name":"Universidad de Caldas","alternateName":"U. de Caldas","url":"https:\/\/www.ucaldas.edu.co\/portal\/","logo":{"@type":"ImageObject","inLanguage":"es","@id":"https:\/\/www.ucaldas.edu.co\/portal\/#\/schema\/logo\/image\/","url":"https:\/\/www.ucaldas.edu.co\/portal\/wp-content\/uploads\/2023\/11\/Logo_horizontal_oscuroU-2023.png","contentUrl":"https:\/\/www.ucaldas.edu.co\/portal\/wp-content\/uploads\/2023\/11\/Logo_horizontal_oscuroU-2023.png","width":263,"height":101,"caption":"Universidad de Caldas"},"image":{"@id":"https:\/\/www.ucaldas.edu.co\/portal\/#\/schema\/logo\/image\/"},"sameAs":["https:\/\/www.facebook.com\/udecaldas","https:\/\/x.com\/udecaldas","https:\/\/www.youtube.com\/universidadcaldas","https:\/\/www.instagram.com\/udecaldas\/"]},{"@type":"Person","@id":"https:\/\/www.ucaldas.edu.co\/portal\/#\/schema\/person\/a1b482e23449158b4bc319926c074fdf","name":"ofiprensa","image":{"@type":"ImageObject","inLanguage":"es","@id":"https:\/\/www.ucaldas.edu.co\/portal\/wp-content\/litespeed\/avatar\/09ea5085e600095a7a811142c6944527.jpg?ver=1776892805","url":"https:\/\/www.ucaldas.edu.co\/portal\/wp-content\/litespeed\/avatar\/09ea5085e600095a7a811142c6944527.jpg?ver=1776892805","contentUrl":"https:\/\/www.ucaldas.edu.co\/portal\/wp-content\/litespeed\/avatar\/09ea5085e600095a7a811142c6944527.jpg?ver=1776892805","caption":"ofiprensa"},"url":"https:\/\/www.ucaldas.edu.co\/portal\/author\/ofiprensa\/"}]}},"_links":{"self":[{"href":"https:\/\/www.ucaldas.edu.co\/portal\/wp-json\/wp\/v2\/posts\/74461","targetHints":{"allow":["GET"]}}],"collection":[{"href":"https:\/\/www.ucaldas.edu.co\/portal\/wp-json\/wp\/v2\/posts"}],"about":[{"href":"https:\/\/www.ucaldas.edu.co\/portal\/wp-json\/wp\/v2\/types\/post"}],"author":[{"embeddable":true,"href":"https:\/\/www.ucaldas.edu.co\/portal\/wp-json\/wp\/v2\/users\/2"}],"replies":[{"embeddable":true,"href":"https:\/\/www.ucaldas.edu.co\/portal\/wp-json\/wp\/v2\/comments?post=74461"}],"version-history":[{"count":0,"href":"https:\/\/www.ucaldas.edu.co\/portal\/wp-json\/wp\/v2\/posts\/74461\/revisions"}],"wp:featuredmedia":[{"embeddable":true,"href":"https:\/\/www.ucaldas.edu.co\/portal\/wp-json\/wp\/v2\/media\/74462"}],"wp:attachment":[{"href":"https:\/\/www.ucaldas.edu.co\/portal\/wp-json\/wp\/v2\/media?parent=74461"}],"wp:term":[{"taxonomy":"category","embeddable":true,"href":"https:\/\/www.ucaldas.edu.co\/portal\/wp-json\/wp\/v2\/categories?post=74461"},{"taxonomy":"post_tag","embeddable":true,"href":"https:\/\/www.ucaldas.edu.co\/portal\/wp-json\/wp\/v2\/tags?post=74461"}],"curies":[{"name":"wp","href":"https:\/\/api.w.org\/{rel}","templated":true}]}}