{"id":74405,"date":"2022-12-19T21:57:55","date_gmt":"2022-12-19T21:57:55","guid":{"rendered":"https:\/\/www.ucaldas.edu.co\/portal\/?p=74405"},"modified":"2022-12-19T21:57:55","modified_gmt":"2022-12-19T21:57:55","slug":"se-posesiono-nuevo-equipo-directivo-de-la-universidad-de-caldas","status":"publish","type":"post","link":"https:\/\/www.ucaldas.edu.co\/portal\/se-posesiono-nuevo-equipo-directivo-de-la-universidad-de-caldas\/","title":{"rendered":"Se posesion\u00f3 nuevo Equipo Directivo de la Universidad de Caldas"},"content":{"rendered":"<p><img loading=\"lazy\" decoding=\"async\" class=\"aligncenter size-full wp-image-74398\" src=\"https:\/\/www.ucaldas.edu.co\/portal\/wp-content\/uploads\/2022\/12\/equipo-directivo.jpg\" alt=\"posesi\u00f3n equipo directivo\" width=\"700\" height=\"400\" srcset=\"https:\/\/www.ucaldas.edu.co\/portal\/wp-content\/uploads\/2022\/12\/equipo-directivo.jpg 700w, https:\/\/www.ucaldas.edu.co\/portal\/wp-content\/uploads\/2022\/12\/equipo-directivo-300x171.jpg 300w\" sizes=\"auto, (max-width: 700px) 100vw, 700px\" \/><\/p>\n<p>El Rector de la Universidad de Caldas, Fabio Hernando Arias Orozco, posesion\u00f3 a 13 funcionarios que har\u00e1n parte del Equipo Directivo de la instituci\u00f3n, quienes buscar\u00e1n alcanzar las metas establecidas en el Plan de Desarrollo para los pr\u00f3ximos cuatro a\u00f1os.<\/p>\n<p><!--more--><\/p>\n<p>Seg\u00fan el Rector, con este nuevo equipo se espera consolidar la Universidad en temas como investigaci\u00f3n, indicadores de proyecci\u00f3n, docencia, programas acad\u00e9micos pertinentes, solidez financiera y presupuestal.<\/p>\n<p>Igualmente resalt\u00f3 que el 90% de los funcionarios de este Equipo Directivo, est\u00e1n vinculados a la Universidad de Caldas desde hace varios a\u00f1os y fueron seleccionados de forma rigurosa con el prop\u00f3sito de brindar su conocimiento para el crecimiento de la instituci\u00f3n en diferentes \u00e1reas.<\/p>\n<p>La Vicerrectora Administrativa, Paula Andrea Chica Cort\u00e9s, afirm\u00f3 que este nuevo equipo consolidar\u00e1 a la instituci\u00f3n desde lo administrativo y lo misional gracias al enfoque acad\u00e9mico de regionalizaci\u00f3n y permanencia estudiantil, potenciando adem\u00e1s los procesos de investigaci\u00f3n, transferencia de conocimiento e innovaci\u00f3n para que la Universidad contin\u00fae proyect\u00e1ndose como referente de educaci\u00f3n superior en el pa\u00eds.<\/p>\n<p>Por otra parte, el Vicerrector Acad\u00e9mico, German G\u00f3mez Londo\u00f1o, expres\u00f3 que el reto que se tiene es generar procesos que permitan la reconstrucci\u00f3n del tejido interno de la Universidad y propiciar la tranquilidad de la comunidad universitaria, contando con el apoyo de docentes, estudiantes, egresados y funcionarios.<\/p>\n<p>Los nuevos integrantes del equipo directivo son:<\/p>\n<ul>\n<li>German G\u00f3mez Londo\u00f1o: Vicerrector Acad\u00e9mico.<\/li>\n<li>H\u00e9ctor Fabio Torres Cardona: Vicerrector de Investigaciones y Posgrados.<\/li>\n<li>Paula Andrea Chica Cort\u00e9s: Vicerrectora Administrativa.<\/li>\n<li>Sandra Montoya Barreto: Vicerrectora de Proyecci\u00f3n Universitaria.<\/li>\n<li>Paula Bibiana Agudelo Franco: Secretaria General.<\/li>\n<li>Yamile Uribe Valencia: Jefe Oficina Asesora de Planeaci\u00f3n y Sistemas.<\/li>\n<li>Luis Fernando Castillo Ossa: Asesor de la Oficina Asesora de Innovaci\u00f3n y Proyectos.<\/li>\n<li>Mario Alexander \u00c1lvarez Giraldo: Asesor de la Rector\u00eda.<\/li>\n<li>Carlos Alberto Villegas Isaza: Decano encargado de la Facultad de Ciencias para la Salud.<\/li>\n<li>Lucimar Gomes Dias: Jefe Oficina de Investigaciones.<\/li>\n<li>Milton Rosero Moreano: Jefe Oficina de Posgrados.<\/li>\n<li>Claudia Marcela Naranjo Londo\u00f1o: Jefe Oficina de Bienestar Universitario.<\/li>\n<li>Diana Alejandra Loaiza: Profesional especializado Prensa Y Comunicaciones.<\/li>\n<\/ul>\n<p>Finalmente el Rector invit\u00f3 a la comunidad universitaria a continuar trabajando por la generaci\u00f3n de espacios de di\u00e1logo y construcci\u00f3n que generan soluciones y propenden por el bienestar de todos los integrantes de la Universidad.<\/p>\n<p><a href=\"https:\/\/www.ucaldas.edu.co\/portal\/wp-content\/uploads\/2022\/12\/Perfiles-equipo-directivo.pdf\"><strong>Conozca aqu\u00ed lo perfiles del nuevo equipo directivo.<\/strong><\/a><\/p>\n<p><strong>Anexos:<\/strong><\/p>\n<p><a href=\"https:\/\/go.ivoox.com\/rf\/100091852\"><strong>Audio Fabio Hernando Arias Orozco \u2013 Rector Universidad de Caldas.<\/strong><\/a><\/p>\n<p><strong> <iframe loading=\"lazy\" src=\"https:\/\/www.ivoox.com\/player_ek_100091852_2_1.html\" width=\"238\" height=\"48\" frameborder=\"0\" scrolling=\"no\" allowfullscreen=\"allowfullscreen\"><\/iframe><\/strong><\/p>\n<p><a href=\"https:\/\/go.ivoox.com\/rf\/100091963\"><strong>Audio Paula Andrea Chica Cort\u00e9s \u2013 Vicerrectora Administrativa.<\/strong><\/a><\/p>\n<p><strong><iframe loading=\"lazy\" src=\"https:\/\/www.ivoox.com\/player_ek_100091963_2_1.html\" width=\"238\" height=\"48\" frameborder=\"0\" scrolling=\"no\" allowfullscreen=\"allowfullscreen\"><\/iframe>\u00a0<\/strong><\/p>\n<p><a href=\"https:\/\/go.ivoox.com\/rf\/100092144\"><strong>Audio German G\u00f3mez Londo\u00f1o \u2013 Vicerrector Acad\u00e9mico.<\/strong><\/a><\/p>\n<p><strong> <iframe loading=\"lazy\" src=\"https:\/\/www.ivoox.com\/player_ek_100092144_2_1.html\" width=\"238\" height=\"48\" frameborder=\"0\" scrolling=\"no\" allowfullscreen=\"allowfullscreen\"><\/iframe><\/strong><\/p>\n<p><a href=\"https:\/\/go.ivoox.com\/rf\/100092265\"><strong>Audio H\u00e9ctor Fabio Torres Cardona \u2013 Vicerrector de Investigaciones y Posgrados.<\/strong><\/a><\/p>\n<p><strong> <iframe loading=\"lazy\" src=\"https:\/\/www.ivoox.com\/player_ek_100092265_2_1.html\" width=\"238\" height=\"48\" frameborder=\"0\" scrolling=\"no\" allowfullscreen=\"allowfullscreen\"><\/iframe><\/strong><\/p>\n<p><a href=\"https:\/\/go.ivoox.com\/rf\/100092287\"><strong>Audio Sandra Montoya Barreto \u2013 Vicerrectora de Proyecci\u00f3n Universitaria.<\/strong><\/a><\/p>\n<p><iframe loading=\"lazy\" src=\"https:\/\/www.ivoox.com\/player_ek_100092287_2_1.html\" width=\"238\" height=\"48\" frameborder=\"0\" scrolling=\"no\" allowfullscreen=\"allowfullscreen\"><\/iframe><\/p>\n","protected":false},"excerpt":{"rendered":"<p>El Rector de la Universidad de Caldas, Fabio Hernando Arias Orozco, posesion\u00f3 a 13 funcionarios que har\u00e1n parte del Equipo Directivo de la instituci\u00f3n, quienes buscar\u00e1n alcanzar las metas establecidas en el Plan de Desarrollo para los pr\u00f3ximos cuatro a\u00f1os.<\/p>\n","protected":false},"author":2,"featured_media":74398,"comment_status":"closed","ping_status":"open","sticky":false,"template":"","format":"standard","meta":{"footnotes":""},"categories":[53,243,624,48],"tags":[1999,9610,981],"class_list":["post-74405","post","type-post","status-publish","format-standard","has-post-thumbnail","hentry","category-universidad-al-dia","category-ucaldas-acreditada","category-ucaldas-activa","category-actualidad","tag-equipo-directivo","tag-administracion-universidad-de-caldas","tag-posesion-funcionarios"],"yoast_head":"<!-- This site is optimized with the Yoast SEO plugin v27.4 - https:\/\/yoast.com\/product\/yoast-seo-wordpress\/ -->\n<title>Se posesion\u00f3 nuevo Equipo Directivo de la Universidad de Caldas .<\/title>\n<meta name=\"robots\" content=\"index, follow, max-snippet:-1, max-image-preview:large, max-video-preview:-1\" \/>\n<link rel=\"canonical\" href=\"https:\/\/www.ucaldas.edu.co\/portal\/se-posesiono-nuevo-equipo-directivo-de-la-universidad-de-caldas\/\" \/>\n<script type=\"application\/ld+json\" class=\"yoast-schema-graph\">{\"@context\":\"https:\\\/\\\/schema.org\",\"@graph\":[{\"@type\":\"Article\",\"@id\":\"https:\\\/\\\/www.ucaldas.edu.co\\\/portal\\\/se-posesiono-nuevo-equipo-directivo-de-la-universidad-de-caldas\\\/#article\",\"isPartOf\":{\"@id\":\"https:\\\/\\\/www.ucaldas.edu.co\\\/portal\\\/se-posesiono-nuevo-equipo-directivo-de-la-universidad-de-caldas\\\/\"},\"author\":{\"name\":\"ofiprensa\",\"@id\":\"https:\\\/\\\/www.ucaldas.edu.co\\\/portal\\\/#\\\/schema\\\/person\\\/a1b482e23449158b4bc319926c074fdf\"},\"headline\":\"Se posesion\u00f3 nuevo Equipo Directivo de la Universidad de Caldas\",\"datePublished\":\"2022-12-19T21:57:55+00:00\",\"mainEntityOfPage\":{\"@id\":\"https:\\\/\\\/www.ucaldas.edu.co\\\/portal\\\/se-posesiono-nuevo-equipo-directivo-de-la-universidad-de-caldas\\\/\"},\"wordCount\":470,\"publisher\":{\"@id\":\"https:\\\/\\\/www.ucaldas.edu.co\\\/portal\\\/#organization\"},\"image\":{\"@id\":\"https:\\\/\\\/www.ucaldas.edu.co\\\/portal\\\/se-posesiono-nuevo-equipo-directivo-de-la-universidad-de-caldas\\\/#primaryimage\"},\"thumbnailUrl\":\"https:\\\/\\\/www.ucaldas.edu.co\\\/portal\\\/wp-content\\\/uploads\\\/2022\\\/12\\\/equipo-directivo.jpg\",\"keywords\":[\"equipo directivo\",\"administraci\u00f3n universidad de caldas\",\"posesi\u00f3n funcionarios\"],\"articleSection\":[\"Universidad al D\u00eda\",\"Ucaldas Acreditada\",\"UCaldas Activa\",\"Actualidad\"],\"inLanguage\":\"es\"},{\"@type\":\"WebPage\",\"@id\":\"https:\\\/\\\/www.ucaldas.edu.co\\\/portal\\\/se-posesiono-nuevo-equipo-directivo-de-la-universidad-de-caldas\\\/\",\"url\":\"https:\\\/\\\/www.ucaldas.edu.co\\\/portal\\\/se-posesiono-nuevo-equipo-directivo-de-la-universidad-de-caldas\\\/\",\"name\":\"Se posesion\u00f3 nuevo Equipo Directivo de la Universidad de Caldas .\",\"isPartOf\":{\"@id\":\"https:\\\/\\\/www.ucaldas.edu.co\\\/portal\\\/#website\"},\"primaryImageOfPage\":{\"@id\":\"https:\\\/\\\/www.ucaldas.edu.co\\\/portal\\\/se-posesiono-nuevo-equipo-directivo-de-la-universidad-de-caldas\\\/#primaryimage\"},\"image\":{\"@id\":\"https:\\\/\\\/www.ucaldas.edu.co\\\/portal\\\/se-posesiono-nuevo-equipo-directivo-de-la-universidad-de-caldas\\\/#primaryimage\"},\"thumbnailUrl\":\"https:\\\/\\\/www.ucaldas.edu.co\\\/portal\\\/wp-content\\\/uploads\\\/2022\\\/12\\\/equipo-directivo.jpg\",\"datePublished\":\"2022-12-19T21:57:55+00:00\",\"breadcrumb\":{\"@id\":\"https:\\\/\\\/www.ucaldas.edu.co\\\/portal\\\/se-posesiono-nuevo-equipo-directivo-de-la-universidad-de-caldas\\\/#breadcrumb\"},\"inLanguage\":\"es\",\"potentialAction\":[{\"@type\":\"ReadAction\",\"target\":[\"https:\\\/\\\/www.ucaldas.edu.co\\\/portal\\\/se-posesiono-nuevo-equipo-directivo-de-la-universidad-de-caldas\\\/\"]}]},{\"@type\":\"ImageObject\",\"inLanguage\":\"es\",\"@id\":\"https:\\\/\\\/www.ucaldas.edu.co\\\/portal\\\/se-posesiono-nuevo-equipo-directivo-de-la-universidad-de-caldas\\\/#primaryimage\",\"url\":\"https:\\\/\\\/www.ucaldas.edu.co\\\/portal\\\/wp-content\\\/uploads\\\/2022\\\/12\\\/equipo-directivo.jpg\",\"contentUrl\":\"https:\\\/\\\/www.ucaldas.edu.co\\\/portal\\\/wp-content\\\/uploads\\\/2022\\\/12\\\/equipo-directivo.jpg\",\"width\":700,\"height\":400,\"caption\":\"posesi\u00f3n equipo directivo\"},{\"@type\":\"BreadcrumbList\",\"@id\":\"https:\\\/\\\/www.ucaldas.edu.co\\\/portal\\\/se-posesiono-nuevo-equipo-directivo-de-la-universidad-de-caldas\\\/#breadcrumb\",\"itemListElement\":[{\"@type\":\"ListItem\",\"position\":1,\"name\":\"Portada\",\"item\":\"https:\\\/\\\/www.ucaldas.edu.co\\\/portal\\\/\"},{\"@type\":\"ListItem\",\"position\":2,\"name\":\"Se posesion\u00f3 nuevo Equipo Directivo de la Universidad de Caldas\"}]},{\"@type\":\"WebSite\",\"@id\":\"https:\\\/\\\/www.ucaldas.edu.co\\\/portal\\\/#website\",\"url\":\"https:\\\/\\\/www.ucaldas.edu.co\\\/portal\\\/\",\"name\":\"Universidad de Caldas\",\"description\":\"\",\"publisher\":{\"@id\":\"https:\\\/\\\/www.ucaldas.edu.co\\\/portal\\\/#organization\"},\"alternateName\":\"U. de Caldas\",\"potentialAction\":[{\"@type\":\"SearchAction\",\"target\":{\"@type\":\"EntryPoint\",\"urlTemplate\":\"https:\\\/\\\/www.ucaldas.edu.co\\\/portal\\\/?s={search_term_string}\"},\"query-input\":{\"@type\":\"PropertyValueSpecification\",\"valueRequired\":true,\"valueName\":\"search_term_string\"}}],\"inLanguage\":\"es\"},{\"@type\":\"Organization\",\"@id\":\"https:\\\/\\\/www.ucaldas.edu.co\\\/portal\\\/#organization\",\"name\":\"Universidad de Caldas\",\"alternateName\":\"U. de Caldas\",\"url\":\"https:\\\/\\\/www.ucaldas.edu.co\\\/portal\\\/\",\"logo\":{\"@type\":\"ImageObject\",\"inLanguage\":\"es\",\"@id\":\"https:\\\/\\\/www.ucaldas.edu.co\\\/portal\\\/#\\\/schema\\\/logo\\\/image\\\/\",\"url\":\"https:\\\/\\\/www.ucaldas.edu.co\\\/portal\\\/wp-content\\\/uploads\\\/2023\\\/11\\\/Logo_horizontal_oscuroU-2023.png\",\"contentUrl\":\"https:\\\/\\\/www.ucaldas.edu.co\\\/portal\\\/wp-content\\\/uploads\\\/2023\\\/11\\\/Logo_horizontal_oscuroU-2023.png\",\"width\":263,\"height\":101,\"caption\":\"Universidad de Caldas\"},\"image\":{\"@id\":\"https:\\\/\\\/www.ucaldas.edu.co\\\/portal\\\/#\\\/schema\\\/logo\\\/image\\\/\"},\"sameAs\":[\"https:\\\/\\\/www.facebook.com\\\/udecaldas\",\"https:\\\/\\\/x.com\\\/udecaldas\",\"https:\\\/\\\/www.youtube.com\\\/universidadcaldas\",\"https:\\\/\\\/www.instagram.com\\\/udecaldas\\\/\"]},{\"@type\":\"Person\",\"@id\":\"https:\\\/\\\/www.ucaldas.edu.co\\\/portal\\\/#\\\/schema\\\/person\\\/a1b482e23449158b4bc319926c074fdf\",\"name\":\"ofiprensa\",\"image\":{\"@type\":\"ImageObject\",\"inLanguage\":\"es\",\"@id\":\"https:\\\/\\\/www.ucaldas.edu.co\\\/portal\\\/wp-content\\\/litespeed\\\/avatar\\\/09ea5085e600095a7a811142c6944527.jpg?ver=1776892805\",\"url\":\"https:\\\/\\\/www.ucaldas.edu.co\\\/portal\\\/wp-content\\\/litespeed\\\/avatar\\\/09ea5085e600095a7a811142c6944527.jpg?ver=1776892805\",\"contentUrl\":\"https:\\\/\\\/www.ucaldas.edu.co\\\/portal\\\/wp-content\\\/litespeed\\\/avatar\\\/09ea5085e600095a7a811142c6944527.jpg?ver=1776892805\",\"caption\":\"ofiprensa\"},\"url\":\"https:\\\/\\\/www.ucaldas.edu.co\\\/portal\\\/author\\\/ofiprensa\\\/\"}]}<\/script>\n<!-- \/ Yoast SEO plugin. -->","yoast_head_json":{"title":"Se posesion\u00f3 nuevo Equipo Directivo de la Universidad de Caldas .","robots":{"index":"index","follow":"follow","max-snippet":"max-snippet:-1","max-image-preview":"max-image-preview:large","max-video-preview":"max-video-preview:-1"},"canonical":"https:\/\/www.ucaldas.edu.co\/portal\/se-posesiono-nuevo-equipo-directivo-de-la-universidad-de-caldas\/","schema":{"@context":"https:\/\/schema.org","@graph":[{"@type":"Article","@id":"https:\/\/www.ucaldas.edu.co\/portal\/se-posesiono-nuevo-equipo-directivo-de-la-universidad-de-caldas\/#article","isPartOf":{"@id":"https:\/\/www.ucaldas.edu.co\/portal\/se-posesiono-nuevo-equipo-directivo-de-la-universidad-de-caldas\/"},"author":{"name":"ofiprensa","@id":"https:\/\/www.ucaldas.edu.co\/portal\/#\/schema\/person\/a1b482e23449158b4bc319926c074fdf"},"headline":"Se posesion\u00f3 nuevo Equipo Directivo de la Universidad de Caldas","datePublished":"2022-12-19T21:57:55+00:00","mainEntityOfPage":{"@id":"https:\/\/www.ucaldas.edu.co\/portal\/se-posesiono-nuevo-equipo-directivo-de-la-universidad-de-caldas\/"},"wordCount":470,"publisher":{"@id":"https:\/\/www.ucaldas.edu.co\/portal\/#organization"},"image":{"@id":"https:\/\/www.ucaldas.edu.co\/portal\/se-posesiono-nuevo-equipo-directivo-de-la-universidad-de-caldas\/#primaryimage"},"thumbnailUrl":"https:\/\/www.ucaldas.edu.co\/portal\/wp-content\/uploads\/2022\/12\/equipo-directivo.jpg","keywords":["equipo directivo","administraci\u00f3n universidad de caldas","posesi\u00f3n funcionarios"],"articleSection":["Universidad al D\u00eda","Ucaldas Acreditada","UCaldas Activa","Actualidad"],"inLanguage":"es"},{"@type":"WebPage","@id":"https:\/\/www.ucaldas.edu.co\/portal\/se-posesiono-nuevo-equipo-directivo-de-la-universidad-de-caldas\/","url":"https:\/\/www.ucaldas.edu.co\/portal\/se-posesiono-nuevo-equipo-directivo-de-la-universidad-de-caldas\/","name":"Se posesion\u00f3 nuevo Equipo Directivo de la Universidad de Caldas .","isPartOf":{"@id":"https:\/\/www.ucaldas.edu.co\/portal\/#website"},"primaryImageOfPage":{"@id":"https:\/\/www.ucaldas.edu.co\/portal\/se-posesiono-nuevo-equipo-directivo-de-la-universidad-de-caldas\/#primaryimage"},"image":{"@id":"https:\/\/www.ucaldas.edu.co\/portal\/se-posesiono-nuevo-equipo-directivo-de-la-universidad-de-caldas\/#primaryimage"},"thumbnailUrl":"https:\/\/www.ucaldas.edu.co\/portal\/wp-content\/uploads\/2022\/12\/equipo-directivo.jpg","datePublished":"2022-12-19T21:57:55+00:00","breadcrumb":{"@id":"https:\/\/www.ucaldas.edu.co\/portal\/se-posesiono-nuevo-equipo-directivo-de-la-universidad-de-caldas\/#breadcrumb"},"inLanguage":"es","potentialAction":[{"@type":"ReadAction","target":["https:\/\/www.ucaldas.edu.co\/portal\/se-posesiono-nuevo-equipo-directivo-de-la-universidad-de-caldas\/"]}]},{"@type":"ImageObject","inLanguage":"es","@id":"https:\/\/www.ucaldas.edu.co\/portal\/se-posesiono-nuevo-equipo-directivo-de-la-universidad-de-caldas\/#primaryimage","url":"https:\/\/www.ucaldas.edu.co\/portal\/wp-content\/uploads\/2022\/12\/equipo-directivo.jpg","contentUrl":"https:\/\/www.ucaldas.edu.co\/portal\/wp-content\/uploads\/2022\/12\/equipo-directivo.jpg","width":700,"height":400,"caption":"posesi\u00f3n equipo directivo"},{"@type":"BreadcrumbList","@id":"https:\/\/www.ucaldas.edu.co\/portal\/se-posesiono-nuevo-equipo-directivo-de-la-universidad-de-caldas\/#breadcrumb","itemListElement":[{"@type":"ListItem","position":1,"name":"Portada","item":"https:\/\/www.ucaldas.edu.co\/portal\/"},{"@type":"ListItem","position":2,"name":"Se posesion\u00f3 nuevo Equipo Directivo de la Universidad de Caldas"}]},{"@type":"WebSite","@id":"https:\/\/www.ucaldas.edu.co\/portal\/#website","url":"https:\/\/www.ucaldas.edu.co\/portal\/","name":"Universidad de Caldas","description":"","publisher":{"@id":"https:\/\/www.ucaldas.edu.co\/portal\/#organization"},"alternateName":"U. de Caldas","potentialAction":[{"@type":"SearchAction","target":{"@type":"EntryPoint","urlTemplate":"https:\/\/www.ucaldas.edu.co\/portal\/?s={search_term_string}"},"query-input":{"@type":"PropertyValueSpecification","valueRequired":true,"valueName":"search_term_string"}}],"inLanguage":"es"},{"@type":"Organization","@id":"https:\/\/www.ucaldas.edu.co\/portal\/#organization","name":"Universidad de Caldas","alternateName":"U. de Caldas","url":"https:\/\/www.ucaldas.edu.co\/portal\/","logo":{"@type":"ImageObject","inLanguage":"es","@id":"https:\/\/www.ucaldas.edu.co\/portal\/#\/schema\/logo\/image\/","url":"https:\/\/www.ucaldas.edu.co\/portal\/wp-content\/uploads\/2023\/11\/Logo_horizontal_oscuroU-2023.png","contentUrl":"https:\/\/www.ucaldas.edu.co\/portal\/wp-content\/uploads\/2023\/11\/Logo_horizontal_oscuroU-2023.png","width":263,"height":101,"caption":"Universidad de Caldas"},"image":{"@id":"https:\/\/www.ucaldas.edu.co\/portal\/#\/schema\/logo\/image\/"},"sameAs":["https:\/\/www.facebook.com\/udecaldas","https:\/\/x.com\/udecaldas","https:\/\/www.youtube.com\/universidadcaldas","https:\/\/www.instagram.com\/udecaldas\/"]},{"@type":"Person","@id":"https:\/\/www.ucaldas.edu.co\/portal\/#\/schema\/person\/a1b482e23449158b4bc319926c074fdf","name":"ofiprensa","image":{"@type":"ImageObject","inLanguage":"es","@id":"https:\/\/www.ucaldas.edu.co\/portal\/wp-content\/litespeed\/avatar\/09ea5085e600095a7a811142c6944527.jpg?ver=1776892805","url":"https:\/\/www.ucaldas.edu.co\/portal\/wp-content\/litespeed\/avatar\/09ea5085e600095a7a811142c6944527.jpg?ver=1776892805","contentUrl":"https:\/\/www.ucaldas.edu.co\/portal\/wp-content\/litespeed\/avatar\/09ea5085e600095a7a811142c6944527.jpg?ver=1776892805","caption":"ofiprensa"},"url":"https:\/\/www.ucaldas.edu.co\/portal\/author\/ofiprensa\/"}]}},"_links":{"self":[{"href":"https:\/\/www.ucaldas.edu.co\/portal\/wp-json\/wp\/v2\/posts\/74405","targetHints":{"allow":["GET"]}}],"collection":[{"href":"https:\/\/www.ucaldas.edu.co\/portal\/wp-json\/wp\/v2\/posts"}],"about":[{"href":"https:\/\/www.ucaldas.edu.co\/portal\/wp-json\/wp\/v2\/types\/post"}],"author":[{"embeddable":true,"href":"https:\/\/www.ucaldas.edu.co\/portal\/wp-json\/wp\/v2\/users\/2"}],"replies":[{"embeddable":true,"href":"https:\/\/www.ucaldas.edu.co\/portal\/wp-json\/wp\/v2\/comments?post=74405"}],"version-history":[{"count":0,"href":"https:\/\/www.ucaldas.edu.co\/portal\/wp-json\/wp\/v2\/posts\/74405\/revisions"}],"wp:featuredmedia":[{"embeddable":true,"href":"https:\/\/www.ucaldas.edu.co\/portal\/wp-json\/wp\/v2\/media\/74398"}],"wp:attachment":[{"href":"https:\/\/www.ucaldas.edu.co\/portal\/wp-json\/wp\/v2\/media?parent=74405"}],"wp:term":[{"taxonomy":"category","embeddable":true,"href":"https:\/\/www.ucaldas.edu.co\/portal\/wp-json\/wp\/v2\/categories?post=74405"},{"taxonomy":"post_tag","embeddable":true,"href":"https:\/\/www.ucaldas.edu.co\/portal\/wp-json\/wp\/v2\/tags?post=74405"}],"curies":[{"name":"wp","href":"https:\/\/api.w.org\/{rel}","templated":true}]}}