{"id":74401,"date":"2022-12-19T21:53:21","date_gmt":"2022-12-19T21:53:21","guid":{"rendered":"https:\/\/www.ucaldas.edu.co\/portal\/?p=74401"},"modified":"2022-12-19T21:53:21","modified_gmt":"2022-12-19T21:53:21","slug":"revista-kepes-recibe-distincion-por-parte-de-la-fundacion-universidad-empresa-estado-eje-cafetero","status":"publish","type":"post","link":"https:\/\/www.ucaldas.edu.co\/portal\/revista-kepes-recibe-distincion-por-parte-de-la-fundacion-universidad-empresa-estado-eje-cafetero\/","title":{"rendered":"Revista Kepes recibe distinci\u00f3n por parte de la Fundaci\u00f3n Universidad Empresa Estado \u2013 Eje Cafetero"},"content":{"rendered":"<p><img loading=\"lazy\" decoding=\"async\" class=\"aligncenter size-full wp-image-74395\" src=\"https:\/\/www.ucaldas.edu.co\/portal\/wp-content\/uploads\/2022\/12\/kepes.jpg\" alt=\"reconocimiento revista kepes\" width=\"700\" height=\"400\" srcset=\"https:\/\/www.ucaldas.edu.co\/portal\/wp-content\/uploads\/2022\/12\/kepes.jpg 700w, https:\/\/www.ucaldas.edu.co\/portal\/wp-content\/uploads\/2022\/12\/kepes-300x171.jpg 300w\" sizes=\"auto, (max-width: 700px) 100vw, 700px\" \/><\/p>\n<p>La revista Kepes, publicaci\u00f3n cient\u00edfica de la Universidad de Caldas categor\u00eda A1 en Publindex y cuartil 1 en Scopus, recibi\u00f3 distinci\u00f3n por parte de la Fundaci\u00f3n Universidad Empresa Estado \u2013 Eje Cafetero, por su labor en el \u00e1mbito cient\u00edfico de la regi\u00f3n.<\/p>\n<p><!--more--><\/p>\n<p>Este reconocimiento tiene como finalidad visibilizar la trayectoria de investigadores, revistas e instituciones en diferentes \u00e1reas de conocimiento y resaltar sus aportes y contribuciones al Sistema Nacional de Ciencia, Tecnolog\u00eda e Innovaci\u00f3n.<\/p>\n<p>La Fundaci\u00f3n tambi\u00e9n hizo una menci\u00f3n especial al editor de la revista, Walter Jos\u00e9 Casta\u00f1eda Marulanda, quien adem\u00e1s se desempe\u00f1a como Docente y Director del Doctorado en Dise\u00f1o y Creaci\u00f3n.<\/p>\n<p>Casta\u00f1eda menciona que esta distinci\u00f3n reconoce la apuesta que la Universidad de Caldas a trav\u00e9s de la Vicerrector\u00eda de Investigaciones y Posgrados hace para el sostenimiento y mejoramiento de las revistas cient\u00edficas de la instituci\u00f3n, siendo estas el insumo que permite custodiar y hacer visible el conocimiento que se genera al interior por parte de docentes y estudiantes.<\/p>\n<p><strong>Anexo: <\/strong><\/p>\n<p><a href=\"https:\/\/go.ivoox.com\/rf\/100077011\"><strong>Audio Walter Jos\u00e9 Casta\u00f1eda Marulanda \u2013 editor revista cient\u00edfica Kepes.<\/strong><\/a><\/p>\n<p><iframe loading=\"lazy\" src=\"https:\/\/www.ivoox.com\/player_ek_100077011_2_1.html\" width=\"238\" height=\"48\" frameborder=\"0\" scrolling=\"no\" allowfullscreen=\"allowfullscreen\"><\/iframe><\/p>\n","protected":false},"excerpt":{"rendered":"<p>La revista Kepes, publicaci\u00f3n cient\u00edfica de la Universidad de Caldas categor\u00eda A1 en Publindex y cuartil 1 en Scopus, recibi\u00f3 distinci\u00f3n por parte de la Fundaci\u00f3n Universidad Empresa Estado \u2013 Eje Cafetero, por su labor en el \u00e1mbito cient\u00edfico de la regi\u00f3n.<\/p>\n","protected":false},"author":2,"featured_media":74395,"comment_status":"closed","ping_status":"open","sticky":false,"template":"","format":"standard","meta":{"footnotes":""},"categories":[48,53,624],"tags":[129,4902],"class_list":["post-74401","post","type-post","status-publish","format-standard","has-post-thumbnail","hentry","category-actualidad","category-universidad-al-dia","category-ucaldas-activa","tag-reconocimiento","tag-revista-kepes"],"yoast_head":"<!-- This site is optimized with the Yoast SEO plugin v27.4 - https:\/\/yoast.com\/product\/yoast-seo-wordpress\/ -->\n<title>Revista Kepes recibe distinci\u00f3n por parte de la Fundaci\u00f3n Universidad Empresa Estado \u2013 Eje Cafetero .<\/title>\n<meta name=\"robots\" content=\"index, follow, max-snippet:-1, max-image-preview:large, max-video-preview:-1\" \/>\n<link rel=\"canonical\" href=\"https:\/\/www.ucaldas.edu.co\/portal\/revista-kepes-recibe-distincion-por-parte-de-la-fundacion-universidad-empresa-estado-eje-cafetero\/\" \/>\n<script type=\"application\/ld+json\" class=\"yoast-schema-graph\">{\"@context\":\"https:\\\/\\\/schema.org\",\"@graph\":[{\"@type\":\"Article\",\"@id\":\"https:\\\/\\\/www.ucaldas.edu.co\\\/portal\\\/revista-kepes-recibe-distincion-por-parte-de-la-fundacion-universidad-empresa-estado-eje-cafetero\\\/#article\",\"isPartOf\":{\"@id\":\"https:\\\/\\\/www.ucaldas.edu.co\\\/portal\\\/revista-kepes-recibe-distincion-por-parte-de-la-fundacion-universidad-empresa-estado-eje-cafetero\\\/\"},\"author\":{\"name\":\"ofiprensa\",\"@id\":\"https:\\\/\\\/www.ucaldas.edu.co\\\/portal\\\/#\\\/schema\\\/person\\\/a1b482e23449158b4bc319926c074fdf\"},\"headline\":\"Revista Kepes recibe distinci\u00f3n por parte de la Fundaci\u00f3n Universidad Empresa Estado \u2013 Eje Cafetero\",\"datePublished\":\"2022-12-19T21:53:21+00:00\",\"mainEntityOfPage\":{\"@id\":\"https:\\\/\\\/www.ucaldas.edu.co\\\/portal\\\/revista-kepes-recibe-distincion-por-parte-de-la-fundacion-universidad-empresa-estado-eje-cafetero\\\/\"},\"wordCount\":211,\"publisher\":{\"@id\":\"https:\\\/\\\/www.ucaldas.edu.co\\\/portal\\\/#organization\"},\"image\":{\"@id\":\"https:\\\/\\\/www.ucaldas.edu.co\\\/portal\\\/revista-kepes-recibe-distincion-por-parte-de-la-fundacion-universidad-empresa-estado-eje-cafetero\\\/#primaryimage\"},\"thumbnailUrl\":\"https:\\\/\\\/www.ucaldas.edu.co\\\/portal\\\/wp-content\\\/uploads\\\/2022\\\/12\\\/kepes.jpg\",\"keywords\":[\"Reconocimiento\",\"revista kepes\"],\"articleSection\":[\"Actualidad\",\"Universidad al D\u00eda\",\"UCaldas Activa\"],\"inLanguage\":\"es\"},{\"@type\":\"WebPage\",\"@id\":\"https:\\\/\\\/www.ucaldas.edu.co\\\/portal\\\/revista-kepes-recibe-distincion-por-parte-de-la-fundacion-universidad-empresa-estado-eje-cafetero\\\/\",\"url\":\"https:\\\/\\\/www.ucaldas.edu.co\\\/portal\\\/revista-kepes-recibe-distincion-por-parte-de-la-fundacion-universidad-empresa-estado-eje-cafetero\\\/\",\"name\":\"Revista Kepes recibe distinci\u00f3n por parte de la Fundaci\u00f3n Universidad Empresa Estado \u2013 Eje Cafetero .\",\"isPartOf\":{\"@id\":\"https:\\\/\\\/www.ucaldas.edu.co\\\/portal\\\/#website\"},\"primaryImageOfPage\":{\"@id\":\"https:\\\/\\\/www.ucaldas.edu.co\\\/portal\\\/revista-kepes-recibe-distincion-por-parte-de-la-fundacion-universidad-empresa-estado-eje-cafetero\\\/#primaryimage\"},\"image\":{\"@id\":\"https:\\\/\\\/www.ucaldas.edu.co\\\/portal\\\/revista-kepes-recibe-distincion-por-parte-de-la-fundacion-universidad-empresa-estado-eje-cafetero\\\/#primaryimage\"},\"thumbnailUrl\":\"https:\\\/\\\/www.ucaldas.edu.co\\\/portal\\\/wp-content\\\/uploads\\\/2022\\\/12\\\/kepes.jpg\",\"datePublished\":\"2022-12-19T21:53:21+00:00\",\"breadcrumb\":{\"@id\":\"https:\\\/\\\/www.ucaldas.edu.co\\\/portal\\\/revista-kepes-recibe-distincion-por-parte-de-la-fundacion-universidad-empresa-estado-eje-cafetero\\\/#breadcrumb\"},\"inLanguage\":\"es\",\"potentialAction\":[{\"@type\":\"ReadAction\",\"target\":[\"https:\\\/\\\/www.ucaldas.edu.co\\\/portal\\\/revista-kepes-recibe-distincion-por-parte-de-la-fundacion-universidad-empresa-estado-eje-cafetero\\\/\"]}]},{\"@type\":\"ImageObject\",\"inLanguage\":\"es\",\"@id\":\"https:\\\/\\\/www.ucaldas.edu.co\\\/portal\\\/revista-kepes-recibe-distincion-por-parte-de-la-fundacion-universidad-empresa-estado-eje-cafetero\\\/#primaryimage\",\"url\":\"https:\\\/\\\/www.ucaldas.edu.co\\\/portal\\\/wp-content\\\/uploads\\\/2022\\\/12\\\/kepes.jpg\",\"contentUrl\":\"https:\\\/\\\/www.ucaldas.edu.co\\\/portal\\\/wp-content\\\/uploads\\\/2022\\\/12\\\/kepes.jpg\",\"width\":700,\"height\":400,\"caption\":\"reconocimiento revista kepes\"},{\"@type\":\"BreadcrumbList\",\"@id\":\"https:\\\/\\\/www.ucaldas.edu.co\\\/portal\\\/revista-kepes-recibe-distincion-por-parte-de-la-fundacion-universidad-empresa-estado-eje-cafetero\\\/#breadcrumb\",\"itemListElement\":[{\"@type\":\"ListItem\",\"position\":1,\"name\":\"Portada\",\"item\":\"https:\\\/\\\/www.ucaldas.edu.co\\\/portal\\\/\"},{\"@type\":\"ListItem\",\"position\":2,\"name\":\"Revista Kepes recibe distinci\u00f3n por parte de la Fundaci\u00f3n Universidad Empresa Estado \u2013 Eje Cafetero\"}]},{\"@type\":\"WebSite\",\"@id\":\"https:\\\/\\\/www.ucaldas.edu.co\\\/portal\\\/#website\",\"url\":\"https:\\\/\\\/www.ucaldas.edu.co\\\/portal\\\/\",\"name\":\"Universidad de Caldas\",\"description\":\"\",\"publisher\":{\"@id\":\"https:\\\/\\\/www.ucaldas.edu.co\\\/portal\\\/#organization\"},\"alternateName\":\"U. de Caldas\",\"potentialAction\":[{\"@type\":\"SearchAction\",\"target\":{\"@type\":\"EntryPoint\",\"urlTemplate\":\"https:\\\/\\\/www.ucaldas.edu.co\\\/portal\\\/?s={search_term_string}\"},\"query-input\":{\"@type\":\"PropertyValueSpecification\",\"valueRequired\":true,\"valueName\":\"search_term_string\"}}],\"inLanguage\":\"es\"},{\"@type\":\"Organization\",\"@id\":\"https:\\\/\\\/www.ucaldas.edu.co\\\/portal\\\/#organization\",\"name\":\"Universidad de Caldas\",\"alternateName\":\"U. de Caldas\",\"url\":\"https:\\\/\\\/www.ucaldas.edu.co\\\/portal\\\/\",\"logo\":{\"@type\":\"ImageObject\",\"inLanguage\":\"es\",\"@id\":\"https:\\\/\\\/www.ucaldas.edu.co\\\/portal\\\/#\\\/schema\\\/logo\\\/image\\\/\",\"url\":\"https:\\\/\\\/www.ucaldas.edu.co\\\/portal\\\/wp-content\\\/uploads\\\/2023\\\/11\\\/Logo_horizontal_oscuroU-2023.png\",\"contentUrl\":\"https:\\\/\\\/www.ucaldas.edu.co\\\/portal\\\/wp-content\\\/uploads\\\/2023\\\/11\\\/Logo_horizontal_oscuroU-2023.png\",\"width\":263,\"height\":101,\"caption\":\"Universidad de Caldas\"},\"image\":{\"@id\":\"https:\\\/\\\/www.ucaldas.edu.co\\\/portal\\\/#\\\/schema\\\/logo\\\/image\\\/\"},\"sameAs\":[\"https:\\\/\\\/www.facebook.com\\\/udecaldas\",\"https:\\\/\\\/x.com\\\/udecaldas\",\"https:\\\/\\\/www.youtube.com\\\/universidadcaldas\",\"https:\\\/\\\/www.instagram.com\\\/udecaldas\\\/\"]},{\"@type\":\"Person\",\"@id\":\"https:\\\/\\\/www.ucaldas.edu.co\\\/portal\\\/#\\\/schema\\\/person\\\/a1b482e23449158b4bc319926c074fdf\",\"name\":\"ofiprensa\",\"image\":{\"@type\":\"ImageObject\",\"inLanguage\":\"es\",\"@id\":\"https:\\\/\\\/www.ucaldas.edu.co\\\/portal\\\/wp-content\\\/litespeed\\\/avatar\\\/09ea5085e600095a7a811142c6944527.jpg?ver=1776892805\",\"url\":\"https:\\\/\\\/www.ucaldas.edu.co\\\/portal\\\/wp-content\\\/litespeed\\\/avatar\\\/09ea5085e600095a7a811142c6944527.jpg?ver=1776892805\",\"contentUrl\":\"https:\\\/\\\/www.ucaldas.edu.co\\\/portal\\\/wp-content\\\/litespeed\\\/avatar\\\/09ea5085e600095a7a811142c6944527.jpg?ver=1776892805\",\"caption\":\"ofiprensa\"},\"url\":\"https:\\\/\\\/www.ucaldas.edu.co\\\/portal\\\/author\\\/ofiprensa\\\/\"}]}<\/script>\n<!-- \/ Yoast SEO plugin. -->","yoast_head_json":{"title":"Revista Kepes recibe distinci\u00f3n por parte de la Fundaci\u00f3n Universidad Empresa Estado \u2013 Eje Cafetero .","robots":{"index":"index","follow":"follow","max-snippet":"max-snippet:-1","max-image-preview":"max-image-preview:large","max-video-preview":"max-video-preview:-1"},"canonical":"https:\/\/www.ucaldas.edu.co\/portal\/revista-kepes-recibe-distincion-por-parte-de-la-fundacion-universidad-empresa-estado-eje-cafetero\/","schema":{"@context":"https:\/\/schema.org","@graph":[{"@type":"Article","@id":"https:\/\/www.ucaldas.edu.co\/portal\/revista-kepes-recibe-distincion-por-parte-de-la-fundacion-universidad-empresa-estado-eje-cafetero\/#article","isPartOf":{"@id":"https:\/\/www.ucaldas.edu.co\/portal\/revista-kepes-recibe-distincion-por-parte-de-la-fundacion-universidad-empresa-estado-eje-cafetero\/"},"author":{"name":"ofiprensa","@id":"https:\/\/www.ucaldas.edu.co\/portal\/#\/schema\/person\/a1b482e23449158b4bc319926c074fdf"},"headline":"Revista Kepes recibe distinci\u00f3n por parte de la Fundaci\u00f3n Universidad Empresa Estado \u2013 Eje Cafetero","datePublished":"2022-12-19T21:53:21+00:00","mainEntityOfPage":{"@id":"https:\/\/www.ucaldas.edu.co\/portal\/revista-kepes-recibe-distincion-por-parte-de-la-fundacion-universidad-empresa-estado-eje-cafetero\/"},"wordCount":211,"publisher":{"@id":"https:\/\/www.ucaldas.edu.co\/portal\/#organization"},"image":{"@id":"https:\/\/www.ucaldas.edu.co\/portal\/revista-kepes-recibe-distincion-por-parte-de-la-fundacion-universidad-empresa-estado-eje-cafetero\/#primaryimage"},"thumbnailUrl":"https:\/\/www.ucaldas.edu.co\/portal\/wp-content\/uploads\/2022\/12\/kepes.jpg","keywords":["Reconocimiento","revista kepes"],"articleSection":["Actualidad","Universidad al D\u00eda","UCaldas Activa"],"inLanguage":"es"},{"@type":"WebPage","@id":"https:\/\/www.ucaldas.edu.co\/portal\/revista-kepes-recibe-distincion-por-parte-de-la-fundacion-universidad-empresa-estado-eje-cafetero\/","url":"https:\/\/www.ucaldas.edu.co\/portal\/revista-kepes-recibe-distincion-por-parte-de-la-fundacion-universidad-empresa-estado-eje-cafetero\/","name":"Revista Kepes recibe distinci\u00f3n por parte de la Fundaci\u00f3n Universidad Empresa Estado \u2013 Eje Cafetero .","isPartOf":{"@id":"https:\/\/www.ucaldas.edu.co\/portal\/#website"},"primaryImageOfPage":{"@id":"https:\/\/www.ucaldas.edu.co\/portal\/revista-kepes-recibe-distincion-por-parte-de-la-fundacion-universidad-empresa-estado-eje-cafetero\/#primaryimage"},"image":{"@id":"https:\/\/www.ucaldas.edu.co\/portal\/revista-kepes-recibe-distincion-por-parte-de-la-fundacion-universidad-empresa-estado-eje-cafetero\/#primaryimage"},"thumbnailUrl":"https:\/\/www.ucaldas.edu.co\/portal\/wp-content\/uploads\/2022\/12\/kepes.jpg","datePublished":"2022-12-19T21:53:21+00:00","breadcrumb":{"@id":"https:\/\/www.ucaldas.edu.co\/portal\/revista-kepes-recibe-distincion-por-parte-de-la-fundacion-universidad-empresa-estado-eje-cafetero\/#breadcrumb"},"inLanguage":"es","potentialAction":[{"@type":"ReadAction","target":["https:\/\/www.ucaldas.edu.co\/portal\/revista-kepes-recibe-distincion-por-parte-de-la-fundacion-universidad-empresa-estado-eje-cafetero\/"]}]},{"@type":"ImageObject","inLanguage":"es","@id":"https:\/\/www.ucaldas.edu.co\/portal\/revista-kepes-recibe-distincion-por-parte-de-la-fundacion-universidad-empresa-estado-eje-cafetero\/#primaryimage","url":"https:\/\/www.ucaldas.edu.co\/portal\/wp-content\/uploads\/2022\/12\/kepes.jpg","contentUrl":"https:\/\/www.ucaldas.edu.co\/portal\/wp-content\/uploads\/2022\/12\/kepes.jpg","width":700,"height":400,"caption":"reconocimiento revista kepes"},{"@type":"BreadcrumbList","@id":"https:\/\/www.ucaldas.edu.co\/portal\/revista-kepes-recibe-distincion-por-parte-de-la-fundacion-universidad-empresa-estado-eje-cafetero\/#breadcrumb","itemListElement":[{"@type":"ListItem","position":1,"name":"Portada","item":"https:\/\/www.ucaldas.edu.co\/portal\/"},{"@type":"ListItem","position":2,"name":"Revista Kepes recibe distinci\u00f3n por parte de la Fundaci\u00f3n Universidad Empresa Estado \u2013 Eje Cafetero"}]},{"@type":"WebSite","@id":"https:\/\/www.ucaldas.edu.co\/portal\/#website","url":"https:\/\/www.ucaldas.edu.co\/portal\/","name":"Universidad de Caldas","description":"","publisher":{"@id":"https:\/\/www.ucaldas.edu.co\/portal\/#organization"},"alternateName":"U. de Caldas","potentialAction":[{"@type":"SearchAction","target":{"@type":"EntryPoint","urlTemplate":"https:\/\/www.ucaldas.edu.co\/portal\/?s={search_term_string}"},"query-input":{"@type":"PropertyValueSpecification","valueRequired":true,"valueName":"search_term_string"}}],"inLanguage":"es"},{"@type":"Organization","@id":"https:\/\/www.ucaldas.edu.co\/portal\/#organization","name":"Universidad de Caldas","alternateName":"U. de Caldas","url":"https:\/\/www.ucaldas.edu.co\/portal\/","logo":{"@type":"ImageObject","inLanguage":"es","@id":"https:\/\/www.ucaldas.edu.co\/portal\/#\/schema\/logo\/image\/","url":"https:\/\/www.ucaldas.edu.co\/portal\/wp-content\/uploads\/2023\/11\/Logo_horizontal_oscuroU-2023.png","contentUrl":"https:\/\/www.ucaldas.edu.co\/portal\/wp-content\/uploads\/2023\/11\/Logo_horizontal_oscuroU-2023.png","width":263,"height":101,"caption":"Universidad de Caldas"},"image":{"@id":"https:\/\/www.ucaldas.edu.co\/portal\/#\/schema\/logo\/image\/"},"sameAs":["https:\/\/www.facebook.com\/udecaldas","https:\/\/x.com\/udecaldas","https:\/\/www.youtube.com\/universidadcaldas","https:\/\/www.instagram.com\/udecaldas\/"]},{"@type":"Person","@id":"https:\/\/www.ucaldas.edu.co\/portal\/#\/schema\/person\/a1b482e23449158b4bc319926c074fdf","name":"ofiprensa","image":{"@type":"ImageObject","inLanguage":"es","@id":"https:\/\/www.ucaldas.edu.co\/portal\/wp-content\/litespeed\/avatar\/09ea5085e600095a7a811142c6944527.jpg?ver=1776892805","url":"https:\/\/www.ucaldas.edu.co\/portal\/wp-content\/litespeed\/avatar\/09ea5085e600095a7a811142c6944527.jpg?ver=1776892805","contentUrl":"https:\/\/www.ucaldas.edu.co\/portal\/wp-content\/litespeed\/avatar\/09ea5085e600095a7a811142c6944527.jpg?ver=1776892805","caption":"ofiprensa"},"url":"https:\/\/www.ucaldas.edu.co\/portal\/author\/ofiprensa\/"}]}},"_links":{"self":[{"href":"https:\/\/www.ucaldas.edu.co\/portal\/wp-json\/wp\/v2\/posts\/74401","targetHints":{"allow":["GET"]}}],"collection":[{"href":"https:\/\/www.ucaldas.edu.co\/portal\/wp-json\/wp\/v2\/posts"}],"about":[{"href":"https:\/\/www.ucaldas.edu.co\/portal\/wp-json\/wp\/v2\/types\/post"}],"author":[{"embeddable":true,"href":"https:\/\/www.ucaldas.edu.co\/portal\/wp-json\/wp\/v2\/users\/2"}],"replies":[{"embeddable":true,"href":"https:\/\/www.ucaldas.edu.co\/portal\/wp-json\/wp\/v2\/comments?post=74401"}],"version-history":[{"count":0,"href":"https:\/\/www.ucaldas.edu.co\/portal\/wp-json\/wp\/v2\/posts\/74401\/revisions"}],"wp:featuredmedia":[{"embeddable":true,"href":"https:\/\/www.ucaldas.edu.co\/portal\/wp-json\/wp\/v2\/media\/74395"}],"wp:attachment":[{"href":"https:\/\/www.ucaldas.edu.co\/portal\/wp-json\/wp\/v2\/media?parent=74401"}],"wp:term":[{"taxonomy":"category","embeddable":true,"href":"https:\/\/www.ucaldas.edu.co\/portal\/wp-json\/wp\/v2\/categories?post=74401"},{"taxonomy":"post_tag","embeddable":true,"href":"https:\/\/www.ucaldas.edu.co\/portal\/wp-json\/wp\/v2\/tags?post=74401"}],"curies":[{"name":"wp","href":"https:\/\/api.w.org\/{rel}","templated":true}]}}