{"id":74350,"date":"2022-12-16T21:17:02","date_gmt":"2022-12-16T21:17:02","guid":{"rendered":"https:\/\/www.ucaldas.edu.co\/portal\/?p=74350"},"modified":"2022-12-16T21:35:01","modified_gmt":"2022-12-16T21:35:01","slug":"centro-de-ciencia-francisco-jose-de-caldas-reconocido-como-centro-de-ciencia-por-parte-de-minciencias","status":"publish","type":"post","link":"https:\/\/www.ucaldas.edu.co\/portal\/centro-de-ciencia-francisco-jose-de-caldas-reconocido-como-centro-de-ciencia-por-parte-de-minciencias\/","title":{"rendered":"Centro de Ciencia Francisco Jos\u00e9 de Caldas reconocido como centro de ciencia por parte de Minciencias"},"content":{"rendered":"<p><img loading=\"lazy\" decoding=\"async\" class=\"aligncenter size-full wp-image-74351\" src=\"https:\/\/www.ucaldas.edu.co\/portal\/wp-content\/uploads\/2022\/12\/ccfjc.jpg\" alt=\"centro de ciencia\" width=\"700\" height=\"426\" srcset=\"https:\/\/www.ucaldas.edu.co\/portal\/wp-content\/uploads\/2022\/12\/ccfjc.jpg 700w, https:\/\/www.ucaldas.edu.co\/portal\/wp-content\/uploads\/2022\/12\/ccfjc-300x183.jpg 300w\" sizes=\"auto, (max-width: 700px) 100vw, 700px\" \/><\/p>\n<p>El Ministerio de Ciencias, Tecnolog\u00eda e Innovaci\u00f3n de Colombia reconoci\u00f3 al Centro de Ciencia Francisco Jos\u00e9 de Caldas CCFJC de la Universidad de Caldas como centro de ciencia, siendo el primero en el Eje Cafetero en su categor\u00eda en recibir esta distinci\u00f3n.<\/p>\n<p><!--more--><\/p>\n<p>El Centro de Ciencia Francisco Jos\u00e9 de Caldas es un espacio que trabaja por la apropiaci\u00f3n social del conocimiento con diversos escenarios como talleres cient\u00edficos y tecnol\u00f3gicos para la comunidad, con el prop\u00f3sito de llevar la ciencia y la tecnolog\u00eda a todos los ciudadanos de una manera \u00e1gil y f\u00e1cil de entender.<\/p>\n<p>Dentro de sus ejes misionales se encuentra la ejecuci\u00f3n de soluciones reales y de impacto por medio de la tecnolog\u00eda y conocimientos derivados de procesos de investigaci\u00f3n universitarios, as\u00ed como tradiciones, conocimientos, oficios, arte e innovaciones de los ciudadanos y de las empresas del Departamento, contextualizados en los siguientes tipos de proyecto:<\/p>\n<p>&nbsp;<\/p>\n<ul>\n<li>Proyectos colaborativos.<\/li>\n<li>Proyectos I+D+i.<\/li>\n<li>Proyectos de desarrollo de contenidos digitales.<\/li>\n<li>Retos p\u00fablicos e institucionales.<\/li>\n<\/ul>\n<p>El profesional integrante de la Oficina de Innovaci\u00f3n de la Vicerrector\u00eda de Proyecci\u00f3n Universitaria, Santiago Cardona Duque, explica que este reconocimiento permitir\u00e1 un mejor posicionamiento del CCFJC a nivel nacional en temas de tecnolog\u00eda e innovaci\u00f3n, otorg\u00e1ndole la posibilidad de ser part\u00edcipe de convocatorias y proyectos exclusivos para centros de ciencia.<\/p>\n<p><strong>Anexo:<\/strong><\/p>\n<p><strong><a href=\"https:\/\/go.ivoox.com\/rf\/99992586\">Audio Santiago Cardona Duque \u2013 profesional Oficina de Innovaci\u00f3n.<\/a><\/strong><\/p>\n<p><iframe loading=\"lazy\" src=\"https:\/\/www.ivoox.com\/player_ek_99992586_2_1.html\" width=\"238\" height=\"48\" frameborder=\"0\" scrolling=\"no\" allowfullscreen=\"allowfullscreen\"><\/iframe><\/p>\n","protected":false},"excerpt":{"rendered":"<p>El Ministerio de Ciencias, Tecnolog\u00eda e Innovaci\u00f3n de Colombia reconoci\u00f3 al Centro de Ciencia Francisco Jos\u00e9 de Caldas CCFJC de la Universidad de Caldas como centro de ciencia, siendo el primero en el Eje Cafetero en su categor\u00eda en recibir esta distinci\u00f3n.<\/p>\n","protected":false},"author":2,"featured_media":74351,"comment_status":"closed","ping_status":"open","sticky":false,"template":"","format":"standard","meta":{"footnotes":""},"categories":[48,53,243],"tags":[129,3165,4543],"class_list":["post-74350","post","type-post","status-publish","format-standard","has-post-thumbnail","hentry","category-actualidad","category-universidad-al-dia","category-ucaldas-acreditada","tag-reconocimiento","tag-centro-de-ciencia","tag-minciencias"],"yoast_head":"<!-- This site is optimized with the Yoast SEO plugin v27.4 - https:\/\/yoast.com\/product\/yoast-seo-wordpress\/ -->\n<title>Centro de Ciencia Francisco Jos\u00e9 de Caldas reconocido como centro de ciencia por parte de Minciencias .<\/title>\n<meta name=\"robots\" content=\"index, follow, max-snippet:-1, max-image-preview:large, max-video-preview:-1\" \/>\n<link rel=\"canonical\" href=\"https:\/\/www.ucaldas.edu.co\/portal\/centro-de-ciencia-francisco-jose-de-caldas-reconocido-como-centro-de-ciencia-por-parte-de-minciencias\/\" \/>\n<script type=\"application\/ld+json\" class=\"yoast-schema-graph\">{\"@context\":\"https:\\\/\\\/schema.org\",\"@graph\":[{\"@type\":\"Article\",\"@id\":\"https:\\\/\\\/www.ucaldas.edu.co\\\/portal\\\/centro-de-ciencia-francisco-jose-de-caldas-reconocido-como-centro-de-ciencia-por-parte-de-minciencias\\\/#article\",\"isPartOf\":{\"@id\":\"https:\\\/\\\/www.ucaldas.edu.co\\\/portal\\\/centro-de-ciencia-francisco-jose-de-caldas-reconocido-como-centro-de-ciencia-por-parte-de-minciencias\\\/\"},\"author\":{\"name\":\"ofiprensa\",\"@id\":\"https:\\\/\\\/www.ucaldas.edu.co\\\/portal\\\/#\\\/schema\\\/person\\\/a1b482e23449158b4bc319926c074fdf\"},\"headline\":\"Centro de Ciencia Francisco Jos\u00e9 de Caldas reconocido como centro de ciencia por parte de Minciencias\",\"datePublished\":\"2022-12-16T21:17:02+00:00\",\"dateModified\":\"2022-12-16T21:35:01+00:00\",\"mainEntityOfPage\":{\"@id\":\"https:\\\/\\\/www.ucaldas.edu.co\\\/portal\\\/centro-de-ciencia-francisco-jose-de-caldas-reconocido-como-centro-de-ciencia-por-parte-de-minciencias\\\/\"},\"wordCount\":261,\"publisher\":{\"@id\":\"https:\\\/\\\/www.ucaldas.edu.co\\\/portal\\\/#organization\"},\"image\":{\"@id\":\"https:\\\/\\\/www.ucaldas.edu.co\\\/portal\\\/centro-de-ciencia-francisco-jose-de-caldas-reconocido-como-centro-de-ciencia-por-parte-de-minciencias\\\/#primaryimage\"},\"thumbnailUrl\":\"https:\\\/\\\/www.ucaldas.edu.co\\\/portal\\\/wp-content\\\/uploads\\\/2022\\\/12\\\/ccfjc.jpg\",\"keywords\":[\"Reconocimiento\",\"centro de ciencia\",\"Minciencias\"],\"articleSection\":[\"Actualidad\",\"Universidad al D\u00eda\",\"Ucaldas Acreditada\"],\"inLanguage\":\"es\"},{\"@type\":\"WebPage\",\"@id\":\"https:\\\/\\\/www.ucaldas.edu.co\\\/portal\\\/centro-de-ciencia-francisco-jose-de-caldas-reconocido-como-centro-de-ciencia-por-parte-de-minciencias\\\/\",\"url\":\"https:\\\/\\\/www.ucaldas.edu.co\\\/portal\\\/centro-de-ciencia-francisco-jose-de-caldas-reconocido-como-centro-de-ciencia-por-parte-de-minciencias\\\/\",\"name\":\"Centro de Ciencia Francisco Jos\u00e9 de Caldas reconocido como centro de ciencia por parte de Minciencias .\",\"isPartOf\":{\"@id\":\"https:\\\/\\\/www.ucaldas.edu.co\\\/portal\\\/#website\"},\"primaryImageOfPage\":{\"@id\":\"https:\\\/\\\/www.ucaldas.edu.co\\\/portal\\\/centro-de-ciencia-francisco-jose-de-caldas-reconocido-como-centro-de-ciencia-por-parte-de-minciencias\\\/#primaryimage\"},\"image\":{\"@id\":\"https:\\\/\\\/www.ucaldas.edu.co\\\/portal\\\/centro-de-ciencia-francisco-jose-de-caldas-reconocido-como-centro-de-ciencia-por-parte-de-minciencias\\\/#primaryimage\"},\"thumbnailUrl\":\"https:\\\/\\\/www.ucaldas.edu.co\\\/portal\\\/wp-content\\\/uploads\\\/2022\\\/12\\\/ccfjc.jpg\",\"datePublished\":\"2022-12-16T21:17:02+00:00\",\"dateModified\":\"2022-12-16T21:35:01+00:00\",\"breadcrumb\":{\"@id\":\"https:\\\/\\\/www.ucaldas.edu.co\\\/portal\\\/centro-de-ciencia-francisco-jose-de-caldas-reconocido-como-centro-de-ciencia-por-parte-de-minciencias\\\/#breadcrumb\"},\"inLanguage\":\"es\",\"potentialAction\":[{\"@type\":\"ReadAction\",\"target\":[\"https:\\\/\\\/www.ucaldas.edu.co\\\/portal\\\/centro-de-ciencia-francisco-jose-de-caldas-reconocido-como-centro-de-ciencia-por-parte-de-minciencias\\\/\"]}]},{\"@type\":\"ImageObject\",\"inLanguage\":\"es\",\"@id\":\"https:\\\/\\\/www.ucaldas.edu.co\\\/portal\\\/centro-de-ciencia-francisco-jose-de-caldas-reconocido-como-centro-de-ciencia-por-parte-de-minciencias\\\/#primaryimage\",\"url\":\"https:\\\/\\\/www.ucaldas.edu.co\\\/portal\\\/wp-content\\\/uploads\\\/2022\\\/12\\\/ccfjc.jpg\",\"contentUrl\":\"https:\\\/\\\/www.ucaldas.edu.co\\\/portal\\\/wp-content\\\/uploads\\\/2022\\\/12\\\/ccfjc.jpg\",\"width\":700,\"height\":426,\"caption\":\"centro de ciencia\"},{\"@type\":\"BreadcrumbList\",\"@id\":\"https:\\\/\\\/www.ucaldas.edu.co\\\/portal\\\/centro-de-ciencia-francisco-jose-de-caldas-reconocido-como-centro-de-ciencia-por-parte-de-minciencias\\\/#breadcrumb\",\"itemListElement\":[{\"@type\":\"ListItem\",\"position\":1,\"name\":\"Portada\",\"item\":\"https:\\\/\\\/www.ucaldas.edu.co\\\/portal\\\/\"},{\"@type\":\"ListItem\",\"position\":2,\"name\":\"Centro de Ciencia Francisco Jos\u00e9 de Caldas reconocido como centro de ciencia por parte de Minciencias\"}]},{\"@type\":\"WebSite\",\"@id\":\"https:\\\/\\\/www.ucaldas.edu.co\\\/portal\\\/#website\",\"url\":\"https:\\\/\\\/www.ucaldas.edu.co\\\/portal\\\/\",\"name\":\"Universidad de Caldas\",\"description\":\"\",\"publisher\":{\"@id\":\"https:\\\/\\\/www.ucaldas.edu.co\\\/portal\\\/#organization\"},\"alternateName\":\"U. de Caldas\",\"potentialAction\":[{\"@type\":\"SearchAction\",\"target\":{\"@type\":\"EntryPoint\",\"urlTemplate\":\"https:\\\/\\\/www.ucaldas.edu.co\\\/portal\\\/?s={search_term_string}\"},\"query-input\":{\"@type\":\"PropertyValueSpecification\",\"valueRequired\":true,\"valueName\":\"search_term_string\"}}],\"inLanguage\":\"es\"},{\"@type\":\"Organization\",\"@id\":\"https:\\\/\\\/www.ucaldas.edu.co\\\/portal\\\/#organization\",\"name\":\"Universidad de Caldas\",\"alternateName\":\"U. de Caldas\",\"url\":\"https:\\\/\\\/www.ucaldas.edu.co\\\/portal\\\/\",\"logo\":{\"@type\":\"ImageObject\",\"inLanguage\":\"es\",\"@id\":\"https:\\\/\\\/www.ucaldas.edu.co\\\/portal\\\/#\\\/schema\\\/logo\\\/image\\\/\",\"url\":\"https:\\\/\\\/www.ucaldas.edu.co\\\/portal\\\/wp-content\\\/uploads\\\/2023\\\/11\\\/Logo_horizontal_oscuroU-2023.png\",\"contentUrl\":\"https:\\\/\\\/www.ucaldas.edu.co\\\/portal\\\/wp-content\\\/uploads\\\/2023\\\/11\\\/Logo_horizontal_oscuroU-2023.png\",\"width\":263,\"height\":101,\"caption\":\"Universidad de Caldas\"},\"image\":{\"@id\":\"https:\\\/\\\/www.ucaldas.edu.co\\\/portal\\\/#\\\/schema\\\/logo\\\/image\\\/\"},\"sameAs\":[\"https:\\\/\\\/www.facebook.com\\\/udecaldas\",\"https:\\\/\\\/x.com\\\/udecaldas\",\"https:\\\/\\\/www.youtube.com\\\/universidadcaldas\",\"https:\\\/\\\/www.instagram.com\\\/udecaldas\\\/\"]},{\"@type\":\"Person\",\"@id\":\"https:\\\/\\\/www.ucaldas.edu.co\\\/portal\\\/#\\\/schema\\\/person\\\/a1b482e23449158b4bc319926c074fdf\",\"name\":\"ofiprensa\",\"image\":{\"@type\":\"ImageObject\",\"inLanguage\":\"es\",\"@id\":\"https:\\\/\\\/www.ucaldas.edu.co\\\/portal\\\/wp-content\\\/litespeed\\\/avatar\\\/09ea5085e600095a7a811142c6944527.jpg?ver=1776892805\",\"url\":\"https:\\\/\\\/www.ucaldas.edu.co\\\/portal\\\/wp-content\\\/litespeed\\\/avatar\\\/09ea5085e600095a7a811142c6944527.jpg?ver=1776892805\",\"contentUrl\":\"https:\\\/\\\/www.ucaldas.edu.co\\\/portal\\\/wp-content\\\/litespeed\\\/avatar\\\/09ea5085e600095a7a811142c6944527.jpg?ver=1776892805\",\"caption\":\"ofiprensa\"},\"url\":\"https:\\\/\\\/www.ucaldas.edu.co\\\/portal\\\/author\\\/ofiprensa\\\/\"}]}<\/script>\n<!-- \/ Yoast SEO plugin. -->","yoast_head_json":{"title":"Centro de Ciencia Francisco Jos\u00e9 de Caldas reconocido como centro de ciencia por parte de Minciencias .","robots":{"index":"index","follow":"follow","max-snippet":"max-snippet:-1","max-image-preview":"max-image-preview:large","max-video-preview":"max-video-preview:-1"},"canonical":"https:\/\/www.ucaldas.edu.co\/portal\/centro-de-ciencia-francisco-jose-de-caldas-reconocido-como-centro-de-ciencia-por-parte-de-minciencias\/","schema":{"@context":"https:\/\/schema.org","@graph":[{"@type":"Article","@id":"https:\/\/www.ucaldas.edu.co\/portal\/centro-de-ciencia-francisco-jose-de-caldas-reconocido-como-centro-de-ciencia-por-parte-de-minciencias\/#article","isPartOf":{"@id":"https:\/\/www.ucaldas.edu.co\/portal\/centro-de-ciencia-francisco-jose-de-caldas-reconocido-como-centro-de-ciencia-por-parte-de-minciencias\/"},"author":{"name":"ofiprensa","@id":"https:\/\/www.ucaldas.edu.co\/portal\/#\/schema\/person\/a1b482e23449158b4bc319926c074fdf"},"headline":"Centro de Ciencia Francisco Jos\u00e9 de Caldas reconocido como centro de ciencia por parte de Minciencias","datePublished":"2022-12-16T21:17:02+00:00","dateModified":"2022-12-16T21:35:01+00:00","mainEntityOfPage":{"@id":"https:\/\/www.ucaldas.edu.co\/portal\/centro-de-ciencia-francisco-jose-de-caldas-reconocido-como-centro-de-ciencia-por-parte-de-minciencias\/"},"wordCount":261,"publisher":{"@id":"https:\/\/www.ucaldas.edu.co\/portal\/#organization"},"image":{"@id":"https:\/\/www.ucaldas.edu.co\/portal\/centro-de-ciencia-francisco-jose-de-caldas-reconocido-como-centro-de-ciencia-por-parte-de-minciencias\/#primaryimage"},"thumbnailUrl":"https:\/\/www.ucaldas.edu.co\/portal\/wp-content\/uploads\/2022\/12\/ccfjc.jpg","keywords":["Reconocimiento","centro de ciencia","Minciencias"],"articleSection":["Actualidad","Universidad al D\u00eda","Ucaldas Acreditada"],"inLanguage":"es"},{"@type":"WebPage","@id":"https:\/\/www.ucaldas.edu.co\/portal\/centro-de-ciencia-francisco-jose-de-caldas-reconocido-como-centro-de-ciencia-por-parte-de-minciencias\/","url":"https:\/\/www.ucaldas.edu.co\/portal\/centro-de-ciencia-francisco-jose-de-caldas-reconocido-como-centro-de-ciencia-por-parte-de-minciencias\/","name":"Centro de Ciencia Francisco Jos\u00e9 de Caldas reconocido como centro de ciencia por parte de Minciencias .","isPartOf":{"@id":"https:\/\/www.ucaldas.edu.co\/portal\/#website"},"primaryImageOfPage":{"@id":"https:\/\/www.ucaldas.edu.co\/portal\/centro-de-ciencia-francisco-jose-de-caldas-reconocido-como-centro-de-ciencia-por-parte-de-minciencias\/#primaryimage"},"image":{"@id":"https:\/\/www.ucaldas.edu.co\/portal\/centro-de-ciencia-francisco-jose-de-caldas-reconocido-como-centro-de-ciencia-por-parte-de-minciencias\/#primaryimage"},"thumbnailUrl":"https:\/\/www.ucaldas.edu.co\/portal\/wp-content\/uploads\/2022\/12\/ccfjc.jpg","datePublished":"2022-12-16T21:17:02+00:00","dateModified":"2022-12-16T21:35:01+00:00","breadcrumb":{"@id":"https:\/\/www.ucaldas.edu.co\/portal\/centro-de-ciencia-francisco-jose-de-caldas-reconocido-como-centro-de-ciencia-por-parte-de-minciencias\/#breadcrumb"},"inLanguage":"es","potentialAction":[{"@type":"ReadAction","target":["https:\/\/www.ucaldas.edu.co\/portal\/centro-de-ciencia-francisco-jose-de-caldas-reconocido-como-centro-de-ciencia-por-parte-de-minciencias\/"]}]},{"@type":"ImageObject","inLanguage":"es","@id":"https:\/\/www.ucaldas.edu.co\/portal\/centro-de-ciencia-francisco-jose-de-caldas-reconocido-como-centro-de-ciencia-por-parte-de-minciencias\/#primaryimage","url":"https:\/\/www.ucaldas.edu.co\/portal\/wp-content\/uploads\/2022\/12\/ccfjc.jpg","contentUrl":"https:\/\/www.ucaldas.edu.co\/portal\/wp-content\/uploads\/2022\/12\/ccfjc.jpg","width":700,"height":426,"caption":"centro de ciencia"},{"@type":"BreadcrumbList","@id":"https:\/\/www.ucaldas.edu.co\/portal\/centro-de-ciencia-francisco-jose-de-caldas-reconocido-como-centro-de-ciencia-por-parte-de-minciencias\/#breadcrumb","itemListElement":[{"@type":"ListItem","position":1,"name":"Portada","item":"https:\/\/www.ucaldas.edu.co\/portal\/"},{"@type":"ListItem","position":2,"name":"Centro de Ciencia Francisco Jos\u00e9 de Caldas reconocido como centro de ciencia por parte de Minciencias"}]},{"@type":"WebSite","@id":"https:\/\/www.ucaldas.edu.co\/portal\/#website","url":"https:\/\/www.ucaldas.edu.co\/portal\/","name":"Universidad de Caldas","description":"","publisher":{"@id":"https:\/\/www.ucaldas.edu.co\/portal\/#organization"},"alternateName":"U. de Caldas","potentialAction":[{"@type":"SearchAction","target":{"@type":"EntryPoint","urlTemplate":"https:\/\/www.ucaldas.edu.co\/portal\/?s={search_term_string}"},"query-input":{"@type":"PropertyValueSpecification","valueRequired":true,"valueName":"search_term_string"}}],"inLanguage":"es"},{"@type":"Organization","@id":"https:\/\/www.ucaldas.edu.co\/portal\/#organization","name":"Universidad de Caldas","alternateName":"U. de Caldas","url":"https:\/\/www.ucaldas.edu.co\/portal\/","logo":{"@type":"ImageObject","inLanguage":"es","@id":"https:\/\/www.ucaldas.edu.co\/portal\/#\/schema\/logo\/image\/","url":"https:\/\/www.ucaldas.edu.co\/portal\/wp-content\/uploads\/2023\/11\/Logo_horizontal_oscuroU-2023.png","contentUrl":"https:\/\/www.ucaldas.edu.co\/portal\/wp-content\/uploads\/2023\/11\/Logo_horizontal_oscuroU-2023.png","width":263,"height":101,"caption":"Universidad de Caldas"},"image":{"@id":"https:\/\/www.ucaldas.edu.co\/portal\/#\/schema\/logo\/image\/"},"sameAs":["https:\/\/www.facebook.com\/udecaldas","https:\/\/x.com\/udecaldas","https:\/\/www.youtube.com\/universidadcaldas","https:\/\/www.instagram.com\/udecaldas\/"]},{"@type":"Person","@id":"https:\/\/www.ucaldas.edu.co\/portal\/#\/schema\/person\/a1b482e23449158b4bc319926c074fdf","name":"ofiprensa","image":{"@type":"ImageObject","inLanguage":"es","@id":"https:\/\/www.ucaldas.edu.co\/portal\/wp-content\/litespeed\/avatar\/09ea5085e600095a7a811142c6944527.jpg?ver=1776892805","url":"https:\/\/www.ucaldas.edu.co\/portal\/wp-content\/litespeed\/avatar\/09ea5085e600095a7a811142c6944527.jpg?ver=1776892805","contentUrl":"https:\/\/www.ucaldas.edu.co\/portal\/wp-content\/litespeed\/avatar\/09ea5085e600095a7a811142c6944527.jpg?ver=1776892805","caption":"ofiprensa"},"url":"https:\/\/www.ucaldas.edu.co\/portal\/author\/ofiprensa\/"}]}},"_links":{"self":[{"href":"https:\/\/www.ucaldas.edu.co\/portal\/wp-json\/wp\/v2\/posts\/74350","targetHints":{"allow":["GET"]}}],"collection":[{"href":"https:\/\/www.ucaldas.edu.co\/portal\/wp-json\/wp\/v2\/posts"}],"about":[{"href":"https:\/\/www.ucaldas.edu.co\/portal\/wp-json\/wp\/v2\/types\/post"}],"author":[{"embeddable":true,"href":"https:\/\/www.ucaldas.edu.co\/portal\/wp-json\/wp\/v2\/users\/2"}],"replies":[{"embeddable":true,"href":"https:\/\/www.ucaldas.edu.co\/portal\/wp-json\/wp\/v2\/comments?post=74350"}],"version-history":[{"count":0,"href":"https:\/\/www.ucaldas.edu.co\/portal\/wp-json\/wp\/v2\/posts\/74350\/revisions"}],"wp:featuredmedia":[{"embeddable":true,"href":"https:\/\/www.ucaldas.edu.co\/portal\/wp-json\/wp\/v2\/media\/74351"}],"wp:attachment":[{"href":"https:\/\/www.ucaldas.edu.co\/portal\/wp-json\/wp\/v2\/media?parent=74350"}],"wp:term":[{"taxonomy":"category","embeddable":true,"href":"https:\/\/www.ucaldas.edu.co\/portal\/wp-json\/wp\/v2\/categories?post=74350"},{"taxonomy":"post_tag","embeddable":true,"href":"https:\/\/www.ucaldas.edu.co\/portal\/wp-json\/wp\/v2\/tags?post=74350"}],"curies":[{"name":"wp","href":"https:\/\/api.w.org\/{rel}","templated":true}]}}