{"id":74331,"date":"2022-12-15T21:46:30","date_gmt":"2022-12-15T21:46:30","guid":{"rendered":"https:\/\/www.ucaldas.edu.co\/portal\/?p=74331"},"modified":"2022-12-15T21:46:30","modified_gmt":"2022-12-15T21:46:30","slug":"programa-de-desarrollo-familiar-recibio-reconocimiento-por-su-labor-con-las-familias","status":"publish","type":"post","link":"https:\/\/www.ucaldas.edu.co\/portal\/programa-de-desarrollo-familiar-recibio-reconocimiento-por-su-labor-con-las-familias\/","title":{"rendered":"Programa de Desarrollo Familiar recibi\u00f3 reconocimiento por su labor con las familias"},"content":{"rendered":"<p><img loading=\"lazy\" decoding=\"async\" class=\"aligncenter size-full wp-image-74332\" src=\"https:\/\/www.ucaldas.edu.co\/portal\/wp-content\/uploads\/2022\/12\/desarrollo-familiar.jpg\" alt=\"reconocimiento desarrollo familiar\" width=\"700\" height=\"400\" srcset=\"https:\/\/www.ucaldas.edu.co\/portal\/wp-content\/uploads\/2022\/12\/desarrollo-familiar.jpg 700w, https:\/\/www.ucaldas.edu.co\/portal\/wp-content\/uploads\/2022\/12\/desarrollo-familiar-300x171.jpg 300w\" sizes=\"auto, (max-width: 700px) 100vw, 700px\" \/><\/p>\n<p>El programa de Desarrollo Familiar de la Universidad de Caldas recibi\u00f3 reconocimiento por parte de la comisar\u00eda de familia del municipio de Chinchin\u00e1 gracias al aporte profesional que el programa brind\u00f3 a este organismo.<\/p>\n<p><!--more--><\/p>\n<p>Actualmente el programa de Desarrollo Familiar cuenta con diversas alianzas con instituciones p\u00fablicas y privadas que permiten el desarrollo de pr\u00e1cticas profesionales y la implementaci\u00f3n de proyectos que se formulan desde el programa por parte de estudiantes y docentes.<\/p>\n<p>La directora del programa Jazm\u00edn Lorena Suarez Ortiz manifiesta que en este momento se adelantan alianzas estrat\u00e9gicas con la alcald\u00eda de Chinchin\u00e1, las cuales incluyen el trabajo conjunto con la comisar\u00eda de familia, el acompa\u00f1amiento en la formulaci\u00f3n de la pol\u00edtica de g\u00e9nero del municipio y el apoyo en la implementaci\u00f3n de un programa que trabaja en la eliminaci\u00f3n de la violencia familiar.<\/p>\n<p>El documento emitido por la comisar\u00eda de familia, exalta la labor del programa en cuanto al desempe\u00f1o durante la ejecuci\u00f3n de actividades de promoci\u00f3n y prevenci\u00f3n de violencias dom\u00e9sticas y el fortalecimiento de pautas de crianza en el municipio de Chinchin\u00e1<\/p>\n<p>Suarez manifiesta que este reconocimiento ser\u00e1 un valioso recurso para el proceso de acreditaci\u00f3n y registro calificado ante el Ministerio de Educaci\u00f3n Nacional, el cual llevar\u00e1n a cabo durante el 2023, a\u00f1o en el que adem\u00e1s el programa de Desarrollo Familiar cumplir\u00e1 40 a\u00f1os de existencia contribuyendo al fortalecimiento de las familias en la regi\u00f3n.<\/p>\n<p><strong>Anexo:<\/strong><\/p>\n<p><a href=\"https:\/\/go.ivoox.com\/rf\/99906353\"><strong>Audio Jazm\u00edn Lorena Suarez Ortiz \u2013 directora programa Desarrollo Familiar.<\/strong><\/a><\/p>\n<p><iframe loading=\"lazy\" src=\"https:\/\/www.ivoox.com\/player_ek_99906353_2_1.html\" width=\"238\" height=\"48\" frameborder=\"0\" scrolling=\"no\" allowfullscreen=\"allowfullscreen\"><\/iframe><\/p>\n<p>&nbsp;<\/p>\n<p><strong>Informes: <\/strong>Oficina de Comunicaciones y Prensa Universidad de Caldas.<\/p>\n<p><strong>Redacci\u00f3n:<\/strong> Mateo Buritic\u00e1 Giraldo<\/p>\n<p>&nbsp;<\/p>\n","protected":false},"excerpt":{"rendered":"<p>El programa de Desarrollo Familiar de la Universidad de Caldas recibi\u00f3 reconocimiento por parte de la comisar\u00eda de familia del municipio de Chinchin\u00e1 gracias al aporte profesional que el programa brind\u00f3 a este organismo.<\/p>\n","protected":false},"author":2,"featured_media":74332,"comment_status":"closed","ping_status":"open","sticky":false,"template":"","format":"standard","meta":{"footnotes":""},"categories":[48,53,600],"tags":[2196,9600,9601],"class_list":["post-74331","post","type-post","status-publish","format-standard","has-post-thumbnail","hentry","category-actualidad","category-universidad-al-dia","category-ucaldas-regional","tag-comisaria-de-familia","tag-reconocimiento-desarrollo-familiar","tag-municipio-de-chinchina"],"yoast_head":"<!-- This site is optimized with the Yoast SEO plugin v27.4 - https:\/\/yoast.com\/product\/yoast-seo-wordpress\/ -->\n<title>Programa de Desarrollo Familiar recibi\u00f3 reconocimiento por su labor con las familias .<\/title>\n<meta name=\"robots\" content=\"index, follow, max-snippet:-1, max-image-preview:large, max-video-preview:-1\" \/>\n<link rel=\"canonical\" href=\"https:\/\/www.ucaldas.edu.co\/portal\/programa-de-desarrollo-familiar-recibio-reconocimiento-por-su-labor-con-las-familias\/\" \/>\n<script type=\"application\/ld+json\" class=\"yoast-schema-graph\">{\"@context\":\"https:\\\/\\\/schema.org\",\"@graph\":[{\"@type\":\"Article\",\"@id\":\"https:\\\/\\\/www.ucaldas.edu.co\\\/portal\\\/programa-de-desarrollo-familiar-recibio-reconocimiento-por-su-labor-con-las-familias\\\/#article\",\"isPartOf\":{\"@id\":\"https:\\\/\\\/www.ucaldas.edu.co\\\/portal\\\/programa-de-desarrollo-familiar-recibio-reconocimiento-por-su-labor-con-las-familias\\\/\"},\"author\":{\"name\":\"ofiprensa\",\"@id\":\"https:\\\/\\\/www.ucaldas.edu.co\\\/portal\\\/#\\\/schema\\\/person\\\/a1b482e23449158b4bc319926c074fdf\"},\"headline\":\"Programa de Desarrollo Familiar recibi\u00f3 reconocimiento por su labor con las familias\",\"datePublished\":\"2022-12-15T21:46:30+00:00\",\"mainEntityOfPage\":{\"@id\":\"https:\\\/\\\/www.ucaldas.edu.co\\\/portal\\\/programa-de-desarrollo-familiar-recibio-reconocimiento-por-su-labor-con-las-familias\\\/\"},\"wordCount\":296,\"publisher\":{\"@id\":\"https:\\\/\\\/www.ucaldas.edu.co\\\/portal\\\/#organization\"},\"image\":{\"@id\":\"https:\\\/\\\/www.ucaldas.edu.co\\\/portal\\\/programa-de-desarrollo-familiar-recibio-reconocimiento-por-su-labor-con-las-familias\\\/#primaryimage\"},\"thumbnailUrl\":\"https:\\\/\\\/www.ucaldas.edu.co\\\/portal\\\/wp-content\\\/uploads\\\/2022\\\/12\\\/desarrollo-familiar.jpg\",\"keywords\":[\"comisar\u00eda de familia\",\"reconocimiento desarrollo familiar\",\"municipio de chinchin\u00e1\"],\"articleSection\":[\"Actualidad\",\"Universidad al D\u00eda\",\"UCaldas Regional\"],\"inLanguage\":\"es\"},{\"@type\":\"WebPage\",\"@id\":\"https:\\\/\\\/www.ucaldas.edu.co\\\/portal\\\/programa-de-desarrollo-familiar-recibio-reconocimiento-por-su-labor-con-las-familias\\\/\",\"url\":\"https:\\\/\\\/www.ucaldas.edu.co\\\/portal\\\/programa-de-desarrollo-familiar-recibio-reconocimiento-por-su-labor-con-las-familias\\\/\",\"name\":\"Programa de Desarrollo Familiar recibi\u00f3 reconocimiento por su labor con las familias .\",\"isPartOf\":{\"@id\":\"https:\\\/\\\/www.ucaldas.edu.co\\\/portal\\\/#website\"},\"primaryImageOfPage\":{\"@id\":\"https:\\\/\\\/www.ucaldas.edu.co\\\/portal\\\/programa-de-desarrollo-familiar-recibio-reconocimiento-por-su-labor-con-las-familias\\\/#primaryimage\"},\"image\":{\"@id\":\"https:\\\/\\\/www.ucaldas.edu.co\\\/portal\\\/programa-de-desarrollo-familiar-recibio-reconocimiento-por-su-labor-con-las-familias\\\/#primaryimage\"},\"thumbnailUrl\":\"https:\\\/\\\/www.ucaldas.edu.co\\\/portal\\\/wp-content\\\/uploads\\\/2022\\\/12\\\/desarrollo-familiar.jpg\",\"datePublished\":\"2022-12-15T21:46:30+00:00\",\"breadcrumb\":{\"@id\":\"https:\\\/\\\/www.ucaldas.edu.co\\\/portal\\\/programa-de-desarrollo-familiar-recibio-reconocimiento-por-su-labor-con-las-familias\\\/#breadcrumb\"},\"inLanguage\":\"es\",\"potentialAction\":[{\"@type\":\"ReadAction\",\"target\":[\"https:\\\/\\\/www.ucaldas.edu.co\\\/portal\\\/programa-de-desarrollo-familiar-recibio-reconocimiento-por-su-labor-con-las-familias\\\/\"]}]},{\"@type\":\"ImageObject\",\"inLanguage\":\"es\",\"@id\":\"https:\\\/\\\/www.ucaldas.edu.co\\\/portal\\\/programa-de-desarrollo-familiar-recibio-reconocimiento-por-su-labor-con-las-familias\\\/#primaryimage\",\"url\":\"https:\\\/\\\/www.ucaldas.edu.co\\\/portal\\\/wp-content\\\/uploads\\\/2022\\\/12\\\/desarrollo-familiar.jpg\",\"contentUrl\":\"https:\\\/\\\/www.ucaldas.edu.co\\\/portal\\\/wp-content\\\/uploads\\\/2022\\\/12\\\/desarrollo-familiar.jpg\",\"width\":700,\"height\":400,\"caption\":\"reconocimiento desarrollo familiar\"},{\"@type\":\"BreadcrumbList\",\"@id\":\"https:\\\/\\\/www.ucaldas.edu.co\\\/portal\\\/programa-de-desarrollo-familiar-recibio-reconocimiento-por-su-labor-con-las-familias\\\/#breadcrumb\",\"itemListElement\":[{\"@type\":\"ListItem\",\"position\":1,\"name\":\"Portada\",\"item\":\"https:\\\/\\\/www.ucaldas.edu.co\\\/portal\\\/\"},{\"@type\":\"ListItem\",\"position\":2,\"name\":\"Programa de Desarrollo Familiar recibi\u00f3 reconocimiento por su labor con las familias\"}]},{\"@type\":\"WebSite\",\"@id\":\"https:\\\/\\\/www.ucaldas.edu.co\\\/portal\\\/#website\",\"url\":\"https:\\\/\\\/www.ucaldas.edu.co\\\/portal\\\/\",\"name\":\"Universidad de Caldas\",\"description\":\"\",\"publisher\":{\"@id\":\"https:\\\/\\\/www.ucaldas.edu.co\\\/portal\\\/#organization\"},\"alternateName\":\"U. de Caldas\",\"potentialAction\":[{\"@type\":\"SearchAction\",\"target\":{\"@type\":\"EntryPoint\",\"urlTemplate\":\"https:\\\/\\\/www.ucaldas.edu.co\\\/portal\\\/?s={search_term_string}\"},\"query-input\":{\"@type\":\"PropertyValueSpecification\",\"valueRequired\":true,\"valueName\":\"search_term_string\"}}],\"inLanguage\":\"es\"},{\"@type\":\"Organization\",\"@id\":\"https:\\\/\\\/www.ucaldas.edu.co\\\/portal\\\/#organization\",\"name\":\"Universidad de Caldas\",\"alternateName\":\"U. de Caldas\",\"url\":\"https:\\\/\\\/www.ucaldas.edu.co\\\/portal\\\/\",\"logo\":{\"@type\":\"ImageObject\",\"inLanguage\":\"es\",\"@id\":\"https:\\\/\\\/www.ucaldas.edu.co\\\/portal\\\/#\\\/schema\\\/logo\\\/image\\\/\",\"url\":\"https:\\\/\\\/www.ucaldas.edu.co\\\/portal\\\/wp-content\\\/uploads\\\/2023\\\/11\\\/Logo_horizontal_oscuroU-2023.png\",\"contentUrl\":\"https:\\\/\\\/www.ucaldas.edu.co\\\/portal\\\/wp-content\\\/uploads\\\/2023\\\/11\\\/Logo_horizontal_oscuroU-2023.png\",\"width\":263,\"height\":101,\"caption\":\"Universidad de Caldas\"},\"image\":{\"@id\":\"https:\\\/\\\/www.ucaldas.edu.co\\\/portal\\\/#\\\/schema\\\/logo\\\/image\\\/\"},\"sameAs\":[\"https:\\\/\\\/www.facebook.com\\\/udecaldas\",\"https:\\\/\\\/x.com\\\/udecaldas\",\"https:\\\/\\\/www.youtube.com\\\/universidadcaldas\",\"https:\\\/\\\/www.instagram.com\\\/udecaldas\\\/\"]},{\"@type\":\"Person\",\"@id\":\"https:\\\/\\\/www.ucaldas.edu.co\\\/portal\\\/#\\\/schema\\\/person\\\/a1b482e23449158b4bc319926c074fdf\",\"name\":\"ofiprensa\",\"image\":{\"@type\":\"ImageObject\",\"inLanguage\":\"es\",\"@id\":\"https:\\\/\\\/www.ucaldas.edu.co\\\/portal\\\/wp-content\\\/litespeed\\\/avatar\\\/09ea5085e600095a7a811142c6944527.jpg?ver=1776892805\",\"url\":\"https:\\\/\\\/www.ucaldas.edu.co\\\/portal\\\/wp-content\\\/litespeed\\\/avatar\\\/09ea5085e600095a7a811142c6944527.jpg?ver=1776892805\",\"contentUrl\":\"https:\\\/\\\/www.ucaldas.edu.co\\\/portal\\\/wp-content\\\/litespeed\\\/avatar\\\/09ea5085e600095a7a811142c6944527.jpg?ver=1776892805\",\"caption\":\"ofiprensa\"},\"url\":\"https:\\\/\\\/www.ucaldas.edu.co\\\/portal\\\/author\\\/ofiprensa\\\/\"}]}<\/script>\n<!-- \/ Yoast SEO plugin. -->","yoast_head_json":{"title":"Programa de Desarrollo Familiar recibi\u00f3 reconocimiento por su labor con las familias .","robots":{"index":"index","follow":"follow","max-snippet":"max-snippet:-1","max-image-preview":"max-image-preview:large","max-video-preview":"max-video-preview:-1"},"canonical":"https:\/\/www.ucaldas.edu.co\/portal\/programa-de-desarrollo-familiar-recibio-reconocimiento-por-su-labor-con-las-familias\/","schema":{"@context":"https:\/\/schema.org","@graph":[{"@type":"Article","@id":"https:\/\/www.ucaldas.edu.co\/portal\/programa-de-desarrollo-familiar-recibio-reconocimiento-por-su-labor-con-las-familias\/#article","isPartOf":{"@id":"https:\/\/www.ucaldas.edu.co\/portal\/programa-de-desarrollo-familiar-recibio-reconocimiento-por-su-labor-con-las-familias\/"},"author":{"name":"ofiprensa","@id":"https:\/\/www.ucaldas.edu.co\/portal\/#\/schema\/person\/a1b482e23449158b4bc319926c074fdf"},"headline":"Programa de Desarrollo Familiar recibi\u00f3 reconocimiento por su labor con las familias","datePublished":"2022-12-15T21:46:30+00:00","mainEntityOfPage":{"@id":"https:\/\/www.ucaldas.edu.co\/portal\/programa-de-desarrollo-familiar-recibio-reconocimiento-por-su-labor-con-las-familias\/"},"wordCount":296,"publisher":{"@id":"https:\/\/www.ucaldas.edu.co\/portal\/#organization"},"image":{"@id":"https:\/\/www.ucaldas.edu.co\/portal\/programa-de-desarrollo-familiar-recibio-reconocimiento-por-su-labor-con-las-familias\/#primaryimage"},"thumbnailUrl":"https:\/\/www.ucaldas.edu.co\/portal\/wp-content\/uploads\/2022\/12\/desarrollo-familiar.jpg","keywords":["comisar\u00eda de familia","reconocimiento desarrollo familiar","municipio de chinchin\u00e1"],"articleSection":["Actualidad","Universidad al D\u00eda","UCaldas Regional"],"inLanguage":"es"},{"@type":"WebPage","@id":"https:\/\/www.ucaldas.edu.co\/portal\/programa-de-desarrollo-familiar-recibio-reconocimiento-por-su-labor-con-las-familias\/","url":"https:\/\/www.ucaldas.edu.co\/portal\/programa-de-desarrollo-familiar-recibio-reconocimiento-por-su-labor-con-las-familias\/","name":"Programa de Desarrollo Familiar recibi\u00f3 reconocimiento por su labor con las familias .","isPartOf":{"@id":"https:\/\/www.ucaldas.edu.co\/portal\/#website"},"primaryImageOfPage":{"@id":"https:\/\/www.ucaldas.edu.co\/portal\/programa-de-desarrollo-familiar-recibio-reconocimiento-por-su-labor-con-las-familias\/#primaryimage"},"image":{"@id":"https:\/\/www.ucaldas.edu.co\/portal\/programa-de-desarrollo-familiar-recibio-reconocimiento-por-su-labor-con-las-familias\/#primaryimage"},"thumbnailUrl":"https:\/\/www.ucaldas.edu.co\/portal\/wp-content\/uploads\/2022\/12\/desarrollo-familiar.jpg","datePublished":"2022-12-15T21:46:30+00:00","breadcrumb":{"@id":"https:\/\/www.ucaldas.edu.co\/portal\/programa-de-desarrollo-familiar-recibio-reconocimiento-por-su-labor-con-las-familias\/#breadcrumb"},"inLanguage":"es","potentialAction":[{"@type":"ReadAction","target":["https:\/\/www.ucaldas.edu.co\/portal\/programa-de-desarrollo-familiar-recibio-reconocimiento-por-su-labor-con-las-familias\/"]}]},{"@type":"ImageObject","inLanguage":"es","@id":"https:\/\/www.ucaldas.edu.co\/portal\/programa-de-desarrollo-familiar-recibio-reconocimiento-por-su-labor-con-las-familias\/#primaryimage","url":"https:\/\/www.ucaldas.edu.co\/portal\/wp-content\/uploads\/2022\/12\/desarrollo-familiar.jpg","contentUrl":"https:\/\/www.ucaldas.edu.co\/portal\/wp-content\/uploads\/2022\/12\/desarrollo-familiar.jpg","width":700,"height":400,"caption":"reconocimiento desarrollo familiar"},{"@type":"BreadcrumbList","@id":"https:\/\/www.ucaldas.edu.co\/portal\/programa-de-desarrollo-familiar-recibio-reconocimiento-por-su-labor-con-las-familias\/#breadcrumb","itemListElement":[{"@type":"ListItem","position":1,"name":"Portada","item":"https:\/\/www.ucaldas.edu.co\/portal\/"},{"@type":"ListItem","position":2,"name":"Programa de Desarrollo Familiar recibi\u00f3 reconocimiento por su labor con las familias"}]},{"@type":"WebSite","@id":"https:\/\/www.ucaldas.edu.co\/portal\/#website","url":"https:\/\/www.ucaldas.edu.co\/portal\/","name":"Universidad de Caldas","description":"","publisher":{"@id":"https:\/\/www.ucaldas.edu.co\/portal\/#organization"},"alternateName":"U. de Caldas","potentialAction":[{"@type":"SearchAction","target":{"@type":"EntryPoint","urlTemplate":"https:\/\/www.ucaldas.edu.co\/portal\/?s={search_term_string}"},"query-input":{"@type":"PropertyValueSpecification","valueRequired":true,"valueName":"search_term_string"}}],"inLanguage":"es"},{"@type":"Organization","@id":"https:\/\/www.ucaldas.edu.co\/portal\/#organization","name":"Universidad de Caldas","alternateName":"U. de Caldas","url":"https:\/\/www.ucaldas.edu.co\/portal\/","logo":{"@type":"ImageObject","inLanguage":"es","@id":"https:\/\/www.ucaldas.edu.co\/portal\/#\/schema\/logo\/image\/","url":"https:\/\/www.ucaldas.edu.co\/portal\/wp-content\/uploads\/2023\/11\/Logo_horizontal_oscuroU-2023.png","contentUrl":"https:\/\/www.ucaldas.edu.co\/portal\/wp-content\/uploads\/2023\/11\/Logo_horizontal_oscuroU-2023.png","width":263,"height":101,"caption":"Universidad de Caldas"},"image":{"@id":"https:\/\/www.ucaldas.edu.co\/portal\/#\/schema\/logo\/image\/"},"sameAs":["https:\/\/www.facebook.com\/udecaldas","https:\/\/x.com\/udecaldas","https:\/\/www.youtube.com\/universidadcaldas","https:\/\/www.instagram.com\/udecaldas\/"]},{"@type":"Person","@id":"https:\/\/www.ucaldas.edu.co\/portal\/#\/schema\/person\/a1b482e23449158b4bc319926c074fdf","name":"ofiprensa","image":{"@type":"ImageObject","inLanguage":"es","@id":"https:\/\/www.ucaldas.edu.co\/portal\/wp-content\/litespeed\/avatar\/09ea5085e600095a7a811142c6944527.jpg?ver=1776892805","url":"https:\/\/www.ucaldas.edu.co\/portal\/wp-content\/litespeed\/avatar\/09ea5085e600095a7a811142c6944527.jpg?ver=1776892805","contentUrl":"https:\/\/www.ucaldas.edu.co\/portal\/wp-content\/litespeed\/avatar\/09ea5085e600095a7a811142c6944527.jpg?ver=1776892805","caption":"ofiprensa"},"url":"https:\/\/www.ucaldas.edu.co\/portal\/author\/ofiprensa\/"}]}},"_links":{"self":[{"href":"https:\/\/www.ucaldas.edu.co\/portal\/wp-json\/wp\/v2\/posts\/74331","targetHints":{"allow":["GET"]}}],"collection":[{"href":"https:\/\/www.ucaldas.edu.co\/portal\/wp-json\/wp\/v2\/posts"}],"about":[{"href":"https:\/\/www.ucaldas.edu.co\/portal\/wp-json\/wp\/v2\/types\/post"}],"author":[{"embeddable":true,"href":"https:\/\/www.ucaldas.edu.co\/portal\/wp-json\/wp\/v2\/users\/2"}],"replies":[{"embeddable":true,"href":"https:\/\/www.ucaldas.edu.co\/portal\/wp-json\/wp\/v2\/comments?post=74331"}],"version-history":[{"count":0,"href":"https:\/\/www.ucaldas.edu.co\/portal\/wp-json\/wp\/v2\/posts\/74331\/revisions"}],"wp:featuredmedia":[{"embeddable":true,"href":"https:\/\/www.ucaldas.edu.co\/portal\/wp-json\/wp\/v2\/media\/74332"}],"wp:attachment":[{"href":"https:\/\/www.ucaldas.edu.co\/portal\/wp-json\/wp\/v2\/media?parent=74331"}],"wp:term":[{"taxonomy":"category","embeddable":true,"href":"https:\/\/www.ucaldas.edu.co\/portal\/wp-json\/wp\/v2\/categories?post=74331"},{"taxonomy":"post_tag","embeddable":true,"href":"https:\/\/www.ucaldas.edu.co\/portal\/wp-json\/wp\/v2\/tags?post=74331"}],"curies":[{"name":"wp","href":"https:\/\/api.w.org\/{rel}","templated":true}]}}