{"id":74296,"date":"2022-12-14T20:47:05","date_gmt":"2022-12-14T20:47:05","guid":{"rendered":"https:\/\/www.ucaldas.edu.co\/portal\/?p=74296"},"modified":"2022-12-14T20:47:05","modified_gmt":"2022-12-14T20:47:05","slug":"se-presentaron-avances-del-proyecto-erasmus-i2latam-en-la-universidad-nacional-de-rio-negro-en-argentina","status":"publish","type":"post","link":"https:\/\/www.ucaldas.edu.co\/portal\/se-presentaron-avances-del-proyecto-erasmus-i2latam-en-la-universidad-nacional-de-rio-negro-en-argentina\/","title":{"rendered":"Se presentaron avances del proyecto Erasmus+ i2latam en la Universidad Nacional de R\u00edo Negro en Argentina"},"content":{"rendered":"<p><img loading=\"lazy\" decoding=\"async\" class=\"aligncenter size-full wp-image-74297\" src=\"https:\/\/www.ucaldas.edu.co\/portal\/wp-content\/uploads\/2022\/12\/proyecto-i2latam.jpg\" alt=\"proyecto i2latam\" width=\"700\" height=\"400\" srcset=\"https:\/\/www.ucaldas.edu.co\/portal\/wp-content\/uploads\/2022\/12\/proyecto-i2latam.jpg 700w, https:\/\/www.ucaldas.edu.co\/portal\/wp-content\/uploads\/2022\/12\/proyecto-i2latam-300x171.jpg 300w\" sizes=\"auto, (max-width: 700px) 100vw, 700px\" \/><\/p>\n<p>Funcionarios de la Oficina de Innovaci\u00f3n y la Oficina de Mercadeo\u00a0 en representaci\u00f3n de la Universidad de Caldas, visitaron la Universidad Nacional de R\u00edo Negro en Argentina para compartir avances generales del proyecto Erasmus+ i2latam: Fortalecimiento de la investigaci\u00f3n y la innovaci\u00f3n en universidades j\u00f3venes para el desarrollo regional en Am\u00e9rica Latina.<\/p>\n<p><!--more--><\/p>\n<p>El proyecto Erasmus+ i2latam hace parte de un consorcio de 14 instituciones de Latinoam\u00e9rica y Europa, co-financiado por la Uni\u00f3n Europea, con el cual se busca generar proyectos conjuntos que permitan el fortalecimiento de las capacidades i+i de las instituciones.<\/p>\n<p>Durante la visita el secretario de Planificaci\u00f3n y Desarrollo Sustentable de R\u00edo Negro \u2013 Argentina Daniel Sanguinetti, present\u00f3 el Plan Estrat\u00e9gico de Hidr\u00f3geno Verde de la provincia y la Diplomatura en Hidr\u00f3geno Verde que dicta esta instituci\u00f3n y que busca fortalecerse por medio de las universidades latinoamericanas.<\/p>\n<p>El encuentro interinstitucional buscaba adem\u00e1s profundizar en el foco estrat\u00e9gico de investigaci\u00f3n identificado por cada universidad e identificar posibles proyectos de cooperaci\u00f3n con los socios latinoamericanos para un mayor impacto en la regi\u00f3n; adicional presentar los conocimientos, herramientas y experiencias de esta iniciativa a disposici\u00f3n de otras instituciones de educaci\u00f3n superior interesadas en adelantar procesos similares.<\/p>\n<p>El proyecto Erasmus+ i2latam inici\u00f3 en 2020 y finalizar\u00e1 en mayo de 2023, tiempo en el cual las universidades latinoamericanas adquirieron habilidades para fortalecer sus capacidades de gesti\u00f3n de la investigaci\u00f3n y la innovaci\u00f3n a partir de una metodolog\u00eda desarrollada por la Universidad de Compostela en Espa\u00f1a y de los socios europeos.<\/p>\n<p>Durante el proceso se realiz\u00f3 la identificaci\u00f3n de \u00e1reas de especializaci\u00f3n; un mapeo de las capacidades y recursos internos; un acercamiento a los actores del entorno; un an\u00e1lisis de oportunidades marcado por los grandes retos sociales y las tendencias cient\u00edfico-tecnol\u00f3gicas a nivel mundial; y la definici\u00f3n de prioridades locales y regionales a las que dar respuesta.<\/p>\n<p>Quienes deseen conocer m\u00e1s del proyecto lo pueden hacer ingresando a www.i2latam.com o a trav\u00e9s del correo electr\u00f3nico <a href=\"mailto:info@i2latam.com\">info@i2latam.com<\/a>. En redes sociales pueden seguir el proyecto como @i2latam<\/p>\n<p><strong>\u00a0<\/strong><\/p>\n<p><strong>Informes: <\/strong>Oficina de Comunicaciones y Prensa Universidad de Caldas.<\/p>\n<p><strong>Redacci\u00f3n:<\/strong> Mateo Buritic\u00e1 Giraldo<\/p>\n","protected":false},"excerpt":{"rendered":"<p>Funcionarios de la Oficina de Innovaci\u00f3n y la Oficina de Mercadeo\u00a0 en representaci\u00f3n de la Universidad de Caldas, visitaron la Universidad Nacional de R\u00edo Negro en Argentina para compartir avances generales del proyecto Erasmus+ i2latam: Fortalecimiento de la investigaci\u00f3n y la innovaci\u00f3n en universidades j\u00f3venes para el desarrollo regional en Am\u00e9rica Latina.<\/p>\n","protected":false},"author":2,"featured_media":74297,"comment_status":"closed","ping_status":"open","sticky":false,"template":"","format":"standard","meta":{"footnotes":""},"categories":[48,53,614],"tags":[1462,2032,9589],"class_list":["post-74296","post","type-post","status-publish","format-standard","has-post-thumbnail","hentry","category-actualidad","category-universidad-al-dia","category-ucaldas-internacional","tag-union-europea","tag-erasmus-plus","tag-i2latam"],"yoast_head":"<!-- This site is optimized with the Yoast SEO plugin v27.4 - https:\/\/yoast.com\/product\/yoast-seo-wordpress\/ -->\n<title>Se presentaron avances del proyecto Erasmus+ i2latam en la Universidad Nacional de R\u00edo Negro en Argentina .<\/title>\n<meta name=\"robots\" content=\"index, follow, max-snippet:-1, max-image-preview:large, max-video-preview:-1\" \/>\n<link rel=\"canonical\" href=\"https:\/\/www.ucaldas.edu.co\/portal\/se-presentaron-avances-del-proyecto-erasmus-i2latam-en-la-universidad-nacional-de-rio-negro-en-argentina\/\" \/>\n<script type=\"application\/ld+json\" class=\"yoast-schema-graph\">{\"@context\":\"https:\\\/\\\/schema.org\",\"@graph\":[{\"@type\":\"Article\",\"@id\":\"https:\\\/\\\/www.ucaldas.edu.co\\\/portal\\\/se-presentaron-avances-del-proyecto-erasmus-i2latam-en-la-universidad-nacional-de-rio-negro-en-argentina\\\/#article\",\"isPartOf\":{\"@id\":\"https:\\\/\\\/www.ucaldas.edu.co\\\/portal\\\/se-presentaron-avances-del-proyecto-erasmus-i2latam-en-la-universidad-nacional-de-rio-negro-en-argentina\\\/\"},\"author\":{\"name\":\"ofiprensa\",\"@id\":\"https:\\\/\\\/www.ucaldas.edu.co\\\/portal\\\/#\\\/schema\\\/person\\\/a1b482e23449158b4bc319926c074fdf\"},\"headline\":\"Se presentaron avances del proyecto Erasmus+ i2latam en la Universidad Nacional de R\u00edo Negro en Argentina\",\"datePublished\":\"2022-12-14T20:47:05+00:00\",\"mainEntityOfPage\":{\"@id\":\"https:\\\/\\\/www.ucaldas.edu.co\\\/portal\\\/se-presentaron-avances-del-proyecto-erasmus-i2latam-en-la-universidad-nacional-de-rio-negro-en-argentina\\\/\"},\"wordCount\":406,\"publisher\":{\"@id\":\"https:\\\/\\\/www.ucaldas.edu.co\\\/portal\\\/#organization\"},\"image\":{\"@id\":\"https:\\\/\\\/www.ucaldas.edu.co\\\/portal\\\/se-presentaron-avances-del-proyecto-erasmus-i2latam-en-la-universidad-nacional-de-rio-negro-en-argentina\\\/#primaryimage\"},\"thumbnailUrl\":\"https:\\\/\\\/www.ucaldas.edu.co\\\/portal\\\/wp-content\\\/uploads\\\/2022\\\/12\\\/proyecto-i2latam.jpg\",\"keywords\":[\"Uni\u00f3n Europea\",\"Erasmus Plus\",\"i2latam\"],\"articleSection\":[\"Actualidad\",\"Universidad al D\u00eda\",\"Ucaldas Internacional\"],\"inLanguage\":\"es\"},{\"@type\":\"WebPage\",\"@id\":\"https:\\\/\\\/www.ucaldas.edu.co\\\/portal\\\/se-presentaron-avances-del-proyecto-erasmus-i2latam-en-la-universidad-nacional-de-rio-negro-en-argentina\\\/\",\"url\":\"https:\\\/\\\/www.ucaldas.edu.co\\\/portal\\\/se-presentaron-avances-del-proyecto-erasmus-i2latam-en-la-universidad-nacional-de-rio-negro-en-argentina\\\/\",\"name\":\"Se presentaron avances del proyecto Erasmus+ i2latam en la Universidad Nacional de R\u00edo Negro en Argentina .\",\"isPartOf\":{\"@id\":\"https:\\\/\\\/www.ucaldas.edu.co\\\/portal\\\/#website\"},\"primaryImageOfPage\":{\"@id\":\"https:\\\/\\\/www.ucaldas.edu.co\\\/portal\\\/se-presentaron-avances-del-proyecto-erasmus-i2latam-en-la-universidad-nacional-de-rio-negro-en-argentina\\\/#primaryimage\"},\"image\":{\"@id\":\"https:\\\/\\\/www.ucaldas.edu.co\\\/portal\\\/se-presentaron-avances-del-proyecto-erasmus-i2latam-en-la-universidad-nacional-de-rio-negro-en-argentina\\\/#primaryimage\"},\"thumbnailUrl\":\"https:\\\/\\\/www.ucaldas.edu.co\\\/portal\\\/wp-content\\\/uploads\\\/2022\\\/12\\\/proyecto-i2latam.jpg\",\"datePublished\":\"2022-12-14T20:47:05+00:00\",\"breadcrumb\":{\"@id\":\"https:\\\/\\\/www.ucaldas.edu.co\\\/portal\\\/se-presentaron-avances-del-proyecto-erasmus-i2latam-en-la-universidad-nacional-de-rio-negro-en-argentina\\\/#breadcrumb\"},\"inLanguage\":\"es\",\"potentialAction\":[{\"@type\":\"ReadAction\",\"target\":[\"https:\\\/\\\/www.ucaldas.edu.co\\\/portal\\\/se-presentaron-avances-del-proyecto-erasmus-i2latam-en-la-universidad-nacional-de-rio-negro-en-argentina\\\/\"]}]},{\"@type\":\"ImageObject\",\"inLanguage\":\"es\",\"@id\":\"https:\\\/\\\/www.ucaldas.edu.co\\\/portal\\\/se-presentaron-avances-del-proyecto-erasmus-i2latam-en-la-universidad-nacional-de-rio-negro-en-argentina\\\/#primaryimage\",\"url\":\"https:\\\/\\\/www.ucaldas.edu.co\\\/portal\\\/wp-content\\\/uploads\\\/2022\\\/12\\\/proyecto-i2latam.jpg\",\"contentUrl\":\"https:\\\/\\\/www.ucaldas.edu.co\\\/portal\\\/wp-content\\\/uploads\\\/2022\\\/12\\\/proyecto-i2latam.jpg\",\"width\":700,\"height\":400,\"caption\":\"proyecto i2latam\"},{\"@type\":\"BreadcrumbList\",\"@id\":\"https:\\\/\\\/www.ucaldas.edu.co\\\/portal\\\/se-presentaron-avances-del-proyecto-erasmus-i2latam-en-la-universidad-nacional-de-rio-negro-en-argentina\\\/#breadcrumb\",\"itemListElement\":[{\"@type\":\"ListItem\",\"position\":1,\"name\":\"Portada\",\"item\":\"https:\\\/\\\/www.ucaldas.edu.co\\\/portal\\\/\"},{\"@type\":\"ListItem\",\"position\":2,\"name\":\"Se presentaron avances del proyecto Erasmus+ i2latam en la Universidad Nacional de R\u00edo Negro en Argentina\"}]},{\"@type\":\"WebSite\",\"@id\":\"https:\\\/\\\/www.ucaldas.edu.co\\\/portal\\\/#website\",\"url\":\"https:\\\/\\\/www.ucaldas.edu.co\\\/portal\\\/\",\"name\":\"Universidad de Caldas\",\"description\":\"\",\"publisher\":{\"@id\":\"https:\\\/\\\/www.ucaldas.edu.co\\\/portal\\\/#organization\"},\"alternateName\":\"U. de Caldas\",\"potentialAction\":[{\"@type\":\"SearchAction\",\"target\":{\"@type\":\"EntryPoint\",\"urlTemplate\":\"https:\\\/\\\/www.ucaldas.edu.co\\\/portal\\\/?s={search_term_string}\"},\"query-input\":{\"@type\":\"PropertyValueSpecification\",\"valueRequired\":true,\"valueName\":\"search_term_string\"}}],\"inLanguage\":\"es\"},{\"@type\":\"Organization\",\"@id\":\"https:\\\/\\\/www.ucaldas.edu.co\\\/portal\\\/#organization\",\"name\":\"Universidad de Caldas\",\"alternateName\":\"U. de Caldas\",\"url\":\"https:\\\/\\\/www.ucaldas.edu.co\\\/portal\\\/\",\"logo\":{\"@type\":\"ImageObject\",\"inLanguage\":\"es\",\"@id\":\"https:\\\/\\\/www.ucaldas.edu.co\\\/portal\\\/#\\\/schema\\\/logo\\\/image\\\/\",\"url\":\"https:\\\/\\\/www.ucaldas.edu.co\\\/portal\\\/wp-content\\\/uploads\\\/2023\\\/11\\\/Logo_horizontal_oscuroU-2023.png\",\"contentUrl\":\"https:\\\/\\\/www.ucaldas.edu.co\\\/portal\\\/wp-content\\\/uploads\\\/2023\\\/11\\\/Logo_horizontal_oscuroU-2023.png\",\"width\":263,\"height\":101,\"caption\":\"Universidad de Caldas\"},\"image\":{\"@id\":\"https:\\\/\\\/www.ucaldas.edu.co\\\/portal\\\/#\\\/schema\\\/logo\\\/image\\\/\"},\"sameAs\":[\"https:\\\/\\\/www.facebook.com\\\/udecaldas\",\"https:\\\/\\\/x.com\\\/udecaldas\",\"https:\\\/\\\/www.youtube.com\\\/universidadcaldas\",\"https:\\\/\\\/www.instagram.com\\\/udecaldas\\\/\"]},{\"@type\":\"Person\",\"@id\":\"https:\\\/\\\/www.ucaldas.edu.co\\\/portal\\\/#\\\/schema\\\/person\\\/a1b482e23449158b4bc319926c074fdf\",\"name\":\"ofiprensa\",\"image\":{\"@type\":\"ImageObject\",\"inLanguage\":\"es\",\"@id\":\"https:\\\/\\\/www.ucaldas.edu.co\\\/portal\\\/wp-content\\\/litespeed\\\/avatar\\\/09ea5085e600095a7a811142c6944527.jpg?ver=1776892805\",\"url\":\"https:\\\/\\\/www.ucaldas.edu.co\\\/portal\\\/wp-content\\\/litespeed\\\/avatar\\\/09ea5085e600095a7a811142c6944527.jpg?ver=1776892805\",\"contentUrl\":\"https:\\\/\\\/www.ucaldas.edu.co\\\/portal\\\/wp-content\\\/litespeed\\\/avatar\\\/09ea5085e600095a7a811142c6944527.jpg?ver=1776892805\",\"caption\":\"ofiprensa\"},\"url\":\"https:\\\/\\\/www.ucaldas.edu.co\\\/portal\\\/author\\\/ofiprensa\\\/\"}]}<\/script>\n<!-- \/ Yoast SEO plugin. -->","yoast_head_json":{"title":"Se presentaron avances del proyecto Erasmus+ i2latam en la Universidad Nacional de R\u00edo Negro en Argentina .","robots":{"index":"index","follow":"follow","max-snippet":"max-snippet:-1","max-image-preview":"max-image-preview:large","max-video-preview":"max-video-preview:-1"},"canonical":"https:\/\/www.ucaldas.edu.co\/portal\/se-presentaron-avances-del-proyecto-erasmus-i2latam-en-la-universidad-nacional-de-rio-negro-en-argentina\/","schema":{"@context":"https:\/\/schema.org","@graph":[{"@type":"Article","@id":"https:\/\/www.ucaldas.edu.co\/portal\/se-presentaron-avances-del-proyecto-erasmus-i2latam-en-la-universidad-nacional-de-rio-negro-en-argentina\/#article","isPartOf":{"@id":"https:\/\/www.ucaldas.edu.co\/portal\/se-presentaron-avances-del-proyecto-erasmus-i2latam-en-la-universidad-nacional-de-rio-negro-en-argentina\/"},"author":{"name":"ofiprensa","@id":"https:\/\/www.ucaldas.edu.co\/portal\/#\/schema\/person\/a1b482e23449158b4bc319926c074fdf"},"headline":"Se presentaron avances del proyecto Erasmus+ i2latam en la Universidad Nacional de R\u00edo Negro en Argentina","datePublished":"2022-12-14T20:47:05+00:00","mainEntityOfPage":{"@id":"https:\/\/www.ucaldas.edu.co\/portal\/se-presentaron-avances-del-proyecto-erasmus-i2latam-en-la-universidad-nacional-de-rio-negro-en-argentina\/"},"wordCount":406,"publisher":{"@id":"https:\/\/www.ucaldas.edu.co\/portal\/#organization"},"image":{"@id":"https:\/\/www.ucaldas.edu.co\/portal\/se-presentaron-avances-del-proyecto-erasmus-i2latam-en-la-universidad-nacional-de-rio-negro-en-argentina\/#primaryimage"},"thumbnailUrl":"https:\/\/www.ucaldas.edu.co\/portal\/wp-content\/uploads\/2022\/12\/proyecto-i2latam.jpg","keywords":["Uni\u00f3n Europea","Erasmus Plus","i2latam"],"articleSection":["Actualidad","Universidad al D\u00eda","Ucaldas Internacional"],"inLanguage":"es"},{"@type":"WebPage","@id":"https:\/\/www.ucaldas.edu.co\/portal\/se-presentaron-avances-del-proyecto-erasmus-i2latam-en-la-universidad-nacional-de-rio-negro-en-argentina\/","url":"https:\/\/www.ucaldas.edu.co\/portal\/se-presentaron-avances-del-proyecto-erasmus-i2latam-en-la-universidad-nacional-de-rio-negro-en-argentina\/","name":"Se presentaron avances del proyecto Erasmus+ i2latam en la Universidad Nacional de R\u00edo Negro en Argentina .","isPartOf":{"@id":"https:\/\/www.ucaldas.edu.co\/portal\/#website"},"primaryImageOfPage":{"@id":"https:\/\/www.ucaldas.edu.co\/portal\/se-presentaron-avances-del-proyecto-erasmus-i2latam-en-la-universidad-nacional-de-rio-negro-en-argentina\/#primaryimage"},"image":{"@id":"https:\/\/www.ucaldas.edu.co\/portal\/se-presentaron-avances-del-proyecto-erasmus-i2latam-en-la-universidad-nacional-de-rio-negro-en-argentina\/#primaryimage"},"thumbnailUrl":"https:\/\/www.ucaldas.edu.co\/portal\/wp-content\/uploads\/2022\/12\/proyecto-i2latam.jpg","datePublished":"2022-12-14T20:47:05+00:00","breadcrumb":{"@id":"https:\/\/www.ucaldas.edu.co\/portal\/se-presentaron-avances-del-proyecto-erasmus-i2latam-en-la-universidad-nacional-de-rio-negro-en-argentina\/#breadcrumb"},"inLanguage":"es","potentialAction":[{"@type":"ReadAction","target":["https:\/\/www.ucaldas.edu.co\/portal\/se-presentaron-avances-del-proyecto-erasmus-i2latam-en-la-universidad-nacional-de-rio-negro-en-argentina\/"]}]},{"@type":"ImageObject","inLanguage":"es","@id":"https:\/\/www.ucaldas.edu.co\/portal\/se-presentaron-avances-del-proyecto-erasmus-i2latam-en-la-universidad-nacional-de-rio-negro-en-argentina\/#primaryimage","url":"https:\/\/www.ucaldas.edu.co\/portal\/wp-content\/uploads\/2022\/12\/proyecto-i2latam.jpg","contentUrl":"https:\/\/www.ucaldas.edu.co\/portal\/wp-content\/uploads\/2022\/12\/proyecto-i2latam.jpg","width":700,"height":400,"caption":"proyecto i2latam"},{"@type":"BreadcrumbList","@id":"https:\/\/www.ucaldas.edu.co\/portal\/se-presentaron-avances-del-proyecto-erasmus-i2latam-en-la-universidad-nacional-de-rio-negro-en-argentina\/#breadcrumb","itemListElement":[{"@type":"ListItem","position":1,"name":"Portada","item":"https:\/\/www.ucaldas.edu.co\/portal\/"},{"@type":"ListItem","position":2,"name":"Se presentaron avances del proyecto Erasmus+ i2latam en la Universidad Nacional de R\u00edo Negro en Argentina"}]},{"@type":"WebSite","@id":"https:\/\/www.ucaldas.edu.co\/portal\/#website","url":"https:\/\/www.ucaldas.edu.co\/portal\/","name":"Universidad de Caldas","description":"","publisher":{"@id":"https:\/\/www.ucaldas.edu.co\/portal\/#organization"},"alternateName":"U. de Caldas","potentialAction":[{"@type":"SearchAction","target":{"@type":"EntryPoint","urlTemplate":"https:\/\/www.ucaldas.edu.co\/portal\/?s={search_term_string}"},"query-input":{"@type":"PropertyValueSpecification","valueRequired":true,"valueName":"search_term_string"}}],"inLanguage":"es"},{"@type":"Organization","@id":"https:\/\/www.ucaldas.edu.co\/portal\/#organization","name":"Universidad de Caldas","alternateName":"U. de Caldas","url":"https:\/\/www.ucaldas.edu.co\/portal\/","logo":{"@type":"ImageObject","inLanguage":"es","@id":"https:\/\/www.ucaldas.edu.co\/portal\/#\/schema\/logo\/image\/","url":"https:\/\/www.ucaldas.edu.co\/portal\/wp-content\/uploads\/2023\/11\/Logo_horizontal_oscuroU-2023.png","contentUrl":"https:\/\/www.ucaldas.edu.co\/portal\/wp-content\/uploads\/2023\/11\/Logo_horizontal_oscuroU-2023.png","width":263,"height":101,"caption":"Universidad de Caldas"},"image":{"@id":"https:\/\/www.ucaldas.edu.co\/portal\/#\/schema\/logo\/image\/"},"sameAs":["https:\/\/www.facebook.com\/udecaldas","https:\/\/x.com\/udecaldas","https:\/\/www.youtube.com\/universidadcaldas","https:\/\/www.instagram.com\/udecaldas\/"]},{"@type":"Person","@id":"https:\/\/www.ucaldas.edu.co\/portal\/#\/schema\/person\/a1b482e23449158b4bc319926c074fdf","name":"ofiprensa","image":{"@type":"ImageObject","inLanguage":"es","@id":"https:\/\/www.ucaldas.edu.co\/portal\/wp-content\/litespeed\/avatar\/09ea5085e600095a7a811142c6944527.jpg?ver=1776892805","url":"https:\/\/www.ucaldas.edu.co\/portal\/wp-content\/litespeed\/avatar\/09ea5085e600095a7a811142c6944527.jpg?ver=1776892805","contentUrl":"https:\/\/www.ucaldas.edu.co\/portal\/wp-content\/litespeed\/avatar\/09ea5085e600095a7a811142c6944527.jpg?ver=1776892805","caption":"ofiprensa"},"url":"https:\/\/www.ucaldas.edu.co\/portal\/author\/ofiprensa\/"}]}},"_links":{"self":[{"href":"https:\/\/www.ucaldas.edu.co\/portal\/wp-json\/wp\/v2\/posts\/74296","targetHints":{"allow":["GET"]}}],"collection":[{"href":"https:\/\/www.ucaldas.edu.co\/portal\/wp-json\/wp\/v2\/posts"}],"about":[{"href":"https:\/\/www.ucaldas.edu.co\/portal\/wp-json\/wp\/v2\/types\/post"}],"author":[{"embeddable":true,"href":"https:\/\/www.ucaldas.edu.co\/portal\/wp-json\/wp\/v2\/users\/2"}],"replies":[{"embeddable":true,"href":"https:\/\/www.ucaldas.edu.co\/portal\/wp-json\/wp\/v2\/comments?post=74296"}],"version-history":[{"count":0,"href":"https:\/\/www.ucaldas.edu.co\/portal\/wp-json\/wp\/v2\/posts\/74296\/revisions"}],"wp:featuredmedia":[{"embeddable":true,"href":"https:\/\/www.ucaldas.edu.co\/portal\/wp-json\/wp\/v2\/media\/74297"}],"wp:attachment":[{"href":"https:\/\/www.ucaldas.edu.co\/portal\/wp-json\/wp\/v2\/media?parent=74296"}],"wp:term":[{"taxonomy":"category","embeddable":true,"href":"https:\/\/www.ucaldas.edu.co\/portal\/wp-json\/wp\/v2\/categories?post=74296"},{"taxonomy":"post_tag","embeddable":true,"href":"https:\/\/www.ucaldas.edu.co\/portal\/wp-json\/wp\/v2\/tags?post=74296"}],"curies":[{"name":"wp","href":"https:\/\/api.w.org\/{rel}","templated":true}]}}