{"id":74260,"date":"2022-12-13T21:50:26","date_gmt":"2022-12-13T21:50:26","guid":{"rendered":"https:\/\/www.ucaldas.edu.co\/portal\/?p=74260"},"modified":"2022-12-13T21:50:26","modified_gmt":"2022-12-13T21:50:26","slug":"ultima-sesion-del-ano-de-la-clinica-del-afecto-contra-el-maltrato-infantil","status":"publish","type":"post","link":"https:\/\/www.ucaldas.edu.co\/portal\/ultima-sesion-del-ano-de-la-clinica-del-afecto-contra-el-maltrato-infantil\/","title":{"rendered":"\u00daltima sesi\u00f3n del a\u00f1o de la Cl\u00ednica del Afecto contra el maltrato infantil"},"content":{"rendered":"<p><img loading=\"lazy\" decoding=\"async\" class=\"aligncenter size-full wp-image-74261\" src=\"https:\/\/www.ucaldas.edu.co\/portal\/wp-content\/uploads\/2022\/12\/clinica-afecto.jpg\" alt=\"sesi\u00f3n cl\u00ednica del afecto\" width=\"700\" height=\"400\" srcset=\"https:\/\/www.ucaldas.edu.co\/portal\/wp-content\/uploads\/2022\/12\/clinica-afecto.jpg 700w, https:\/\/www.ucaldas.edu.co\/portal\/wp-content\/uploads\/2022\/12\/clinica-afecto-300x171.jpg 300w\" sizes=\"auto, (max-width: 700px) 100vw, 700px\" \/><\/p>\n<p>Este mi\u00e9rcoles 14 de diciembre a las 8:00 a.m. en el sal\u00f3n 306 de la Facultad de Ciencias para la Salud, se llevar\u00e1 a cabo la \u00faltima sesi\u00f3n de la Cl\u00ednica del Afecto contra el maltrato infantil C\u00e1ndida Rosa Casta\u00f1eda Valencia.<\/p>\n<p><!--more--><\/p>\n<p>La Cl\u00ednica del Afecto liderada por el docente Carlos Alberto Montoya Mar\u00edn cumple 30 a\u00f1os de trayectoria ininterrumpida procurando un trabajo enfocado en el afecto hacia los ni\u00f1os y ni\u00f1as desde las familias y las instituciones que trabajan con la infancia en el pa\u00eds, propiciando actividades de prevenci\u00f3n del maltrato.<\/p>\n<p>Para esta sesi\u00f3n el tema ser\u00e1 \u201cA\u00fan en navidad hay maltrato, seguimos en defensa de la ni\u00f1ez\u201d, siendo esa sesi\u00f3n un llamado a la comunidad de la salud y en general a continuar propiciando espacios de afecto y eliminaci\u00f3n del maltrato en ni\u00f1os y ni\u00f1as del pa\u00eds, buscando su salud y bienestar integral.<\/p>\n<p>Este espacio se realiza con el apoyo de la Vicerrector\u00eda de Proyecci\u00f3n Universitaria, Rector\u00eda Universidad de Caldas, departamento Materno-Infantil, Telesalud y Corporaci\u00f3n Red Afecto Manizales; en colaboraci\u00f3n con entidades de educaci\u00f3n superior como la Universidad Cat\u00f3lica de Manizales, Universidad de Manizales, Universidad Libre de Pereira, Universidad del Tolima, Universidad Industrial de Santander, entre otras.<\/p>\n<p>El evento tambi\u00e9n se desarrollar\u00e1 de manera virtual a trav\u00e9s de la plataforma Zoom.<\/p>\n<p><a href=\"https:\/\/renata.zoom.us\/j\/82757128663\"><strong>Link de conexi\u00f3n.<\/strong><\/a><\/p>\n<p><strong>Anexo:<\/strong><\/p>\n<p><a href=\"https:\/\/go.ivoox.com\/rf\/99642841\"><strong>Audio Carlos Alberto Montoya Mar\u00edn &#8211; Coordinador Cl\u00ednica del Afecto.<\/strong><\/a><\/p>\n<p><iframe loading=\"lazy\" src=\"https:\/\/www.ivoox.com\/player_ek_99642841_2_1.html\" width=\"238\" height=\"48\" frameborder=\"0\" scrolling=\"no\" allowfullscreen=\"allowfullscreen\"><\/iframe><\/p>\n<p>&nbsp;<\/p>\n<p><strong>Informes: <\/strong>Oficina de Comunicaciones y Prensa Universidad de Caldas.<\/p>\n<p><strong>Redacci\u00f3n:<\/strong> Mateo Buritic\u00e1 Giraldo<\/p>\n<p>&nbsp;<\/p>\n","protected":false},"excerpt":{"rendered":"<p>Este mi\u00e9rcoles 14 de diciembre a las 8:00 a.m. en el sal\u00f3n 306 de la Facultad de Ciencias para la Salud, se llevar\u00e1 a cabo la \u00faltima sesi\u00f3n de la Cl\u00ednica del Afecto contra el maltrato infantil C\u00e1ndida Rosa Casta\u00f1eda Valencia.<\/p>\n","protected":false},"author":2,"featured_media":74261,"comment_status":"closed","ping_status":"open","sticky":false,"template":"","format":"standard","meta":{"footnotes":""},"categories":[48,53,62],"tags":[674,6379,8052],"class_list":["post-74260","post","type-post","status-publish","format-standard","has-post-thumbnail","hentry","category-actualidad","category-universidad-al-dia","category-eventos","tag-maltrato-infantil","tag-candida-rosa-castaneda","tag-clinica-del-afecto"],"yoast_head":"<!-- This site is optimized with the Yoast SEO plugin v27.4 - https:\/\/yoast.com\/product\/yoast-seo-wordpress\/ -->\n<title>\u00daltima sesi\u00f3n del a\u00f1o de la Cl\u00ednica del Afecto contra el maltrato infantil .<\/title>\n<meta name=\"robots\" content=\"index, follow, max-snippet:-1, max-image-preview:large, max-video-preview:-1\" \/>\n<link rel=\"canonical\" href=\"https:\/\/www.ucaldas.edu.co\/portal\/ultima-sesion-del-ano-de-la-clinica-del-afecto-contra-el-maltrato-infantil\/\" \/>\n<script type=\"application\/ld+json\" class=\"yoast-schema-graph\">{\"@context\":\"https:\\\/\\\/schema.org\",\"@graph\":[{\"@type\":\"Article\",\"@id\":\"https:\\\/\\\/www.ucaldas.edu.co\\\/portal\\\/ultima-sesion-del-ano-de-la-clinica-del-afecto-contra-el-maltrato-infantil\\\/#article\",\"isPartOf\":{\"@id\":\"https:\\\/\\\/www.ucaldas.edu.co\\\/portal\\\/ultima-sesion-del-ano-de-la-clinica-del-afecto-contra-el-maltrato-infantil\\\/\"},\"author\":{\"name\":\"ofiprensa\",\"@id\":\"https:\\\/\\\/www.ucaldas.edu.co\\\/portal\\\/#\\\/schema\\\/person\\\/a1b482e23449158b4bc319926c074fdf\"},\"headline\":\"\u00daltima sesi\u00f3n del a\u00f1o de la Cl\u00ednica del Afecto contra el maltrato infantil\",\"datePublished\":\"2022-12-13T21:50:26+00:00\",\"mainEntityOfPage\":{\"@id\":\"https:\\\/\\\/www.ucaldas.edu.co\\\/portal\\\/ultima-sesion-del-ano-de-la-clinica-del-afecto-contra-el-maltrato-infantil\\\/\"},\"wordCount\":288,\"publisher\":{\"@id\":\"https:\\\/\\\/www.ucaldas.edu.co\\\/portal\\\/#organization\"},\"image\":{\"@id\":\"https:\\\/\\\/www.ucaldas.edu.co\\\/portal\\\/ultima-sesion-del-ano-de-la-clinica-del-afecto-contra-el-maltrato-infantil\\\/#primaryimage\"},\"thumbnailUrl\":\"https:\\\/\\\/www.ucaldas.edu.co\\\/portal\\\/wp-content\\\/uploads\\\/2022\\\/12\\\/clinica-afecto.jpg\",\"keywords\":[\"Maltrato infantil\",\"C\u00e1ndida Rosa Casta\u00f1eda\",\"cl\u00ednica del afecto\"],\"articleSection\":[\"Actualidad\",\"Universidad al D\u00eda\",\"Eventos\"],\"inLanguage\":\"es\"},{\"@type\":\"WebPage\",\"@id\":\"https:\\\/\\\/www.ucaldas.edu.co\\\/portal\\\/ultima-sesion-del-ano-de-la-clinica-del-afecto-contra-el-maltrato-infantil\\\/\",\"url\":\"https:\\\/\\\/www.ucaldas.edu.co\\\/portal\\\/ultima-sesion-del-ano-de-la-clinica-del-afecto-contra-el-maltrato-infantil\\\/\",\"name\":\"\u00daltima sesi\u00f3n del a\u00f1o de la Cl\u00ednica del Afecto contra el maltrato infantil .\",\"isPartOf\":{\"@id\":\"https:\\\/\\\/www.ucaldas.edu.co\\\/portal\\\/#website\"},\"primaryImageOfPage\":{\"@id\":\"https:\\\/\\\/www.ucaldas.edu.co\\\/portal\\\/ultima-sesion-del-ano-de-la-clinica-del-afecto-contra-el-maltrato-infantil\\\/#primaryimage\"},\"image\":{\"@id\":\"https:\\\/\\\/www.ucaldas.edu.co\\\/portal\\\/ultima-sesion-del-ano-de-la-clinica-del-afecto-contra-el-maltrato-infantil\\\/#primaryimage\"},\"thumbnailUrl\":\"https:\\\/\\\/www.ucaldas.edu.co\\\/portal\\\/wp-content\\\/uploads\\\/2022\\\/12\\\/clinica-afecto.jpg\",\"datePublished\":\"2022-12-13T21:50:26+00:00\",\"breadcrumb\":{\"@id\":\"https:\\\/\\\/www.ucaldas.edu.co\\\/portal\\\/ultima-sesion-del-ano-de-la-clinica-del-afecto-contra-el-maltrato-infantil\\\/#breadcrumb\"},\"inLanguage\":\"es\",\"potentialAction\":[{\"@type\":\"ReadAction\",\"target\":[\"https:\\\/\\\/www.ucaldas.edu.co\\\/portal\\\/ultima-sesion-del-ano-de-la-clinica-del-afecto-contra-el-maltrato-infantil\\\/\"]}]},{\"@type\":\"ImageObject\",\"inLanguage\":\"es\",\"@id\":\"https:\\\/\\\/www.ucaldas.edu.co\\\/portal\\\/ultima-sesion-del-ano-de-la-clinica-del-afecto-contra-el-maltrato-infantil\\\/#primaryimage\",\"url\":\"https:\\\/\\\/www.ucaldas.edu.co\\\/portal\\\/wp-content\\\/uploads\\\/2022\\\/12\\\/clinica-afecto.jpg\",\"contentUrl\":\"https:\\\/\\\/www.ucaldas.edu.co\\\/portal\\\/wp-content\\\/uploads\\\/2022\\\/12\\\/clinica-afecto.jpg\",\"width\":700,\"height\":400,\"caption\":\"sesi\u00f3n cl\u00ednica del afecto\"},{\"@type\":\"BreadcrumbList\",\"@id\":\"https:\\\/\\\/www.ucaldas.edu.co\\\/portal\\\/ultima-sesion-del-ano-de-la-clinica-del-afecto-contra-el-maltrato-infantil\\\/#breadcrumb\",\"itemListElement\":[{\"@type\":\"ListItem\",\"position\":1,\"name\":\"Portada\",\"item\":\"https:\\\/\\\/www.ucaldas.edu.co\\\/portal\\\/\"},{\"@type\":\"ListItem\",\"position\":2,\"name\":\"\u00daltima sesi\u00f3n del a\u00f1o de la Cl\u00ednica del Afecto contra el maltrato infantil\"}]},{\"@type\":\"WebSite\",\"@id\":\"https:\\\/\\\/www.ucaldas.edu.co\\\/portal\\\/#website\",\"url\":\"https:\\\/\\\/www.ucaldas.edu.co\\\/portal\\\/\",\"name\":\"Universidad de Caldas\",\"description\":\"\",\"publisher\":{\"@id\":\"https:\\\/\\\/www.ucaldas.edu.co\\\/portal\\\/#organization\"},\"alternateName\":\"U. de Caldas\",\"potentialAction\":[{\"@type\":\"SearchAction\",\"target\":{\"@type\":\"EntryPoint\",\"urlTemplate\":\"https:\\\/\\\/www.ucaldas.edu.co\\\/portal\\\/?s={search_term_string}\"},\"query-input\":{\"@type\":\"PropertyValueSpecification\",\"valueRequired\":true,\"valueName\":\"search_term_string\"}}],\"inLanguage\":\"es\"},{\"@type\":\"Organization\",\"@id\":\"https:\\\/\\\/www.ucaldas.edu.co\\\/portal\\\/#organization\",\"name\":\"Universidad de Caldas\",\"alternateName\":\"U. de Caldas\",\"url\":\"https:\\\/\\\/www.ucaldas.edu.co\\\/portal\\\/\",\"logo\":{\"@type\":\"ImageObject\",\"inLanguage\":\"es\",\"@id\":\"https:\\\/\\\/www.ucaldas.edu.co\\\/portal\\\/#\\\/schema\\\/logo\\\/image\\\/\",\"url\":\"https:\\\/\\\/www.ucaldas.edu.co\\\/portal\\\/wp-content\\\/uploads\\\/2023\\\/11\\\/Logo_horizontal_oscuroU-2023.png\",\"contentUrl\":\"https:\\\/\\\/www.ucaldas.edu.co\\\/portal\\\/wp-content\\\/uploads\\\/2023\\\/11\\\/Logo_horizontal_oscuroU-2023.png\",\"width\":263,\"height\":101,\"caption\":\"Universidad de Caldas\"},\"image\":{\"@id\":\"https:\\\/\\\/www.ucaldas.edu.co\\\/portal\\\/#\\\/schema\\\/logo\\\/image\\\/\"},\"sameAs\":[\"https:\\\/\\\/www.facebook.com\\\/udecaldas\",\"https:\\\/\\\/x.com\\\/udecaldas\",\"https:\\\/\\\/www.youtube.com\\\/universidadcaldas\",\"https:\\\/\\\/www.instagram.com\\\/udecaldas\\\/\"]},{\"@type\":\"Person\",\"@id\":\"https:\\\/\\\/www.ucaldas.edu.co\\\/portal\\\/#\\\/schema\\\/person\\\/a1b482e23449158b4bc319926c074fdf\",\"name\":\"ofiprensa\",\"image\":{\"@type\":\"ImageObject\",\"inLanguage\":\"es\",\"@id\":\"https:\\\/\\\/www.ucaldas.edu.co\\\/portal\\\/wp-content\\\/litespeed\\\/avatar\\\/09ea5085e600095a7a811142c6944527.jpg?ver=1776892805\",\"url\":\"https:\\\/\\\/www.ucaldas.edu.co\\\/portal\\\/wp-content\\\/litespeed\\\/avatar\\\/09ea5085e600095a7a811142c6944527.jpg?ver=1776892805\",\"contentUrl\":\"https:\\\/\\\/www.ucaldas.edu.co\\\/portal\\\/wp-content\\\/litespeed\\\/avatar\\\/09ea5085e600095a7a811142c6944527.jpg?ver=1776892805\",\"caption\":\"ofiprensa\"},\"url\":\"https:\\\/\\\/www.ucaldas.edu.co\\\/portal\\\/author\\\/ofiprensa\\\/\"}]}<\/script>\n<!-- \/ Yoast SEO plugin. -->","yoast_head_json":{"title":"\u00daltima sesi\u00f3n del a\u00f1o de la Cl\u00ednica del Afecto contra el maltrato infantil .","robots":{"index":"index","follow":"follow","max-snippet":"max-snippet:-1","max-image-preview":"max-image-preview:large","max-video-preview":"max-video-preview:-1"},"canonical":"https:\/\/www.ucaldas.edu.co\/portal\/ultima-sesion-del-ano-de-la-clinica-del-afecto-contra-el-maltrato-infantil\/","schema":{"@context":"https:\/\/schema.org","@graph":[{"@type":"Article","@id":"https:\/\/www.ucaldas.edu.co\/portal\/ultima-sesion-del-ano-de-la-clinica-del-afecto-contra-el-maltrato-infantil\/#article","isPartOf":{"@id":"https:\/\/www.ucaldas.edu.co\/portal\/ultima-sesion-del-ano-de-la-clinica-del-afecto-contra-el-maltrato-infantil\/"},"author":{"name":"ofiprensa","@id":"https:\/\/www.ucaldas.edu.co\/portal\/#\/schema\/person\/a1b482e23449158b4bc319926c074fdf"},"headline":"\u00daltima sesi\u00f3n del a\u00f1o de la Cl\u00ednica del Afecto contra el maltrato infantil","datePublished":"2022-12-13T21:50:26+00:00","mainEntityOfPage":{"@id":"https:\/\/www.ucaldas.edu.co\/portal\/ultima-sesion-del-ano-de-la-clinica-del-afecto-contra-el-maltrato-infantil\/"},"wordCount":288,"publisher":{"@id":"https:\/\/www.ucaldas.edu.co\/portal\/#organization"},"image":{"@id":"https:\/\/www.ucaldas.edu.co\/portal\/ultima-sesion-del-ano-de-la-clinica-del-afecto-contra-el-maltrato-infantil\/#primaryimage"},"thumbnailUrl":"https:\/\/www.ucaldas.edu.co\/portal\/wp-content\/uploads\/2022\/12\/clinica-afecto.jpg","keywords":["Maltrato infantil","C\u00e1ndida Rosa Casta\u00f1eda","cl\u00ednica del afecto"],"articleSection":["Actualidad","Universidad al D\u00eda","Eventos"],"inLanguage":"es"},{"@type":"WebPage","@id":"https:\/\/www.ucaldas.edu.co\/portal\/ultima-sesion-del-ano-de-la-clinica-del-afecto-contra-el-maltrato-infantil\/","url":"https:\/\/www.ucaldas.edu.co\/portal\/ultima-sesion-del-ano-de-la-clinica-del-afecto-contra-el-maltrato-infantil\/","name":"\u00daltima sesi\u00f3n del a\u00f1o de la Cl\u00ednica del Afecto contra el maltrato infantil .","isPartOf":{"@id":"https:\/\/www.ucaldas.edu.co\/portal\/#website"},"primaryImageOfPage":{"@id":"https:\/\/www.ucaldas.edu.co\/portal\/ultima-sesion-del-ano-de-la-clinica-del-afecto-contra-el-maltrato-infantil\/#primaryimage"},"image":{"@id":"https:\/\/www.ucaldas.edu.co\/portal\/ultima-sesion-del-ano-de-la-clinica-del-afecto-contra-el-maltrato-infantil\/#primaryimage"},"thumbnailUrl":"https:\/\/www.ucaldas.edu.co\/portal\/wp-content\/uploads\/2022\/12\/clinica-afecto.jpg","datePublished":"2022-12-13T21:50:26+00:00","breadcrumb":{"@id":"https:\/\/www.ucaldas.edu.co\/portal\/ultima-sesion-del-ano-de-la-clinica-del-afecto-contra-el-maltrato-infantil\/#breadcrumb"},"inLanguage":"es","potentialAction":[{"@type":"ReadAction","target":["https:\/\/www.ucaldas.edu.co\/portal\/ultima-sesion-del-ano-de-la-clinica-del-afecto-contra-el-maltrato-infantil\/"]}]},{"@type":"ImageObject","inLanguage":"es","@id":"https:\/\/www.ucaldas.edu.co\/portal\/ultima-sesion-del-ano-de-la-clinica-del-afecto-contra-el-maltrato-infantil\/#primaryimage","url":"https:\/\/www.ucaldas.edu.co\/portal\/wp-content\/uploads\/2022\/12\/clinica-afecto.jpg","contentUrl":"https:\/\/www.ucaldas.edu.co\/portal\/wp-content\/uploads\/2022\/12\/clinica-afecto.jpg","width":700,"height":400,"caption":"sesi\u00f3n cl\u00ednica del afecto"},{"@type":"BreadcrumbList","@id":"https:\/\/www.ucaldas.edu.co\/portal\/ultima-sesion-del-ano-de-la-clinica-del-afecto-contra-el-maltrato-infantil\/#breadcrumb","itemListElement":[{"@type":"ListItem","position":1,"name":"Portada","item":"https:\/\/www.ucaldas.edu.co\/portal\/"},{"@type":"ListItem","position":2,"name":"\u00daltima sesi\u00f3n del a\u00f1o de la Cl\u00ednica del Afecto contra el maltrato infantil"}]},{"@type":"WebSite","@id":"https:\/\/www.ucaldas.edu.co\/portal\/#website","url":"https:\/\/www.ucaldas.edu.co\/portal\/","name":"Universidad de Caldas","description":"","publisher":{"@id":"https:\/\/www.ucaldas.edu.co\/portal\/#organization"},"alternateName":"U. de Caldas","potentialAction":[{"@type":"SearchAction","target":{"@type":"EntryPoint","urlTemplate":"https:\/\/www.ucaldas.edu.co\/portal\/?s={search_term_string}"},"query-input":{"@type":"PropertyValueSpecification","valueRequired":true,"valueName":"search_term_string"}}],"inLanguage":"es"},{"@type":"Organization","@id":"https:\/\/www.ucaldas.edu.co\/portal\/#organization","name":"Universidad de Caldas","alternateName":"U. de Caldas","url":"https:\/\/www.ucaldas.edu.co\/portal\/","logo":{"@type":"ImageObject","inLanguage":"es","@id":"https:\/\/www.ucaldas.edu.co\/portal\/#\/schema\/logo\/image\/","url":"https:\/\/www.ucaldas.edu.co\/portal\/wp-content\/uploads\/2023\/11\/Logo_horizontal_oscuroU-2023.png","contentUrl":"https:\/\/www.ucaldas.edu.co\/portal\/wp-content\/uploads\/2023\/11\/Logo_horizontal_oscuroU-2023.png","width":263,"height":101,"caption":"Universidad de Caldas"},"image":{"@id":"https:\/\/www.ucaldas.edu.co\/portal\/#\/schema\/logo\/image\/"},"sameAs":["https:\/\/www.facebook.com\/udecaldas","https:\/\/x.com\/udecaldas","https:\/\/www.youtube.com\/universidadcaldas","https:\/\/www.instagram.com\/udecaldas\/"]},{"@type":"Person","@id":"https:\/\/www.ucaldas.edu.co\/portal\/#\/schema\/person\/a1b482e23449158b4bc319926c074fdf","name":"ofiprensa","image":{"@type":"ImageObject","inLanguage":"es","@id":"https:\/\/www.ucaldas.edu.co\/portal\/wp-content\/litespeed\/avatar\/09ea5085e600095a7a811142c6944527.jpg?ver=1776892805","url":"https:\/\/www.ucaldas.edu.co\/portal\/wp-content\/litespeed\/avatar\/09ea5085e600095a7a811142c6944527.jpg?ver=1776892805","contentUrl":"https:\/\/www.ucaldas.edu.co\/portal\/wp-content\/litespeed\/avatar\/09ea5085e600095a7a811142c6944527.jpg?ver=1776892805","caption":"ofiprensa"},"url":"https:\/\/www.ucaldas.edu.co\/portal\/author\/ofiprensa\/"}]}},"_links":{"self":[{"href":"https:\/\/www.ucaldas.edu.co\/portal\/wp-json\/wp\/v2\/posts\/74260","targetHints":{"allow":["GET"]}}],"collection":[{"href":"https:\/\/www.ucaldas.edu.co\/portal\/wp-json\/wp\/v2\/posts"}],"about":[{"href":"https:\/\/www.ucaldas.edu.co\/portal\/wp-json\/wp\/v2\/types\/post"}],"author":[{"embeddable":true,"href":"https:\/\/www.ucaldas.edu.co\/portal\/wp-json\/wp\/v2\/users\/2"}],"replies":[{"embeddable":true,"href":"https:\/\/www.ucaldas.edu.co\/portal\/wp-json\/wp\/v2\/comments?post=74260"}],"version-history":[{"count":0,"href":"https:\/\/www.ucaldas.edu.co\/portal\/wp-json\/wp\/v2\/posts\/74260\/revisions"}],"wp:featuredmedia":[{"embeddable":true,"href":"https:\/\/www.ucaldas.edu.co\/portal\/wp-json\/wp\/v2\/media\/74261"}],"wp:attachment":[{"href":"https:\/\/www.ucaldas.edu.co\/portal\/wp-json\/wp\/v2\/media?parent=74260"}],"wp:term":[{"taxonomy":"category","embeddable":true,"href":"https:\/\/www.ucaldas.edu.co\/portal\/wp-json\/wp\/v2\/categories?post=74260"},{"taxonomy":"post_tag","embeddable":true,"href":"https:\/\/www.ucaldas.edu.co\/portal\/wp-json\/wp\/v2\/tags?post=74260"}],"curies":[{"name":"wp","href":"https:\/\/api.w.org\/{rel}","templated":true}]}}