{"id":74257,"date":"2022-12-13T21:48:38","date_gmt":"2022-12-13T21:48:38","guid":{"rendered":"https:\/\/www.ucaldas.edu.co\/portal\/?p=74257"},"modified":"2022-12-13T21:48:38","modified_gmt":"2022-12-13T21:48:38","slug":"convocatoria-becas-programa-colaborativo-iberoamericano-de-formacion-doctoral-y-cotutelas","status":"publish","type":"post","link":"https:\/\/www.ucaldas.edu.co\/portal\/convocatoria-becas-programa-colaborativo-iberoamericano-de-formacion-doctoral-y-cotutelas\/","title":{"rendered":"Convocatoria becas Programa Colaborativo Iberoamericano de Formaci\u00f3n Doctoral y Cotutelas"},"content":{"rendered":"<p><img loading=\"lazy\" decoding=\"async\" class=\"aligncenter size-full wp-image-74258\" src=\"https:\/\/www.ucaldas.edu.co\/portal\/wp-content\/uploads\/2022\/12\/becas-auip.jpg\" alt=\"convocatoria becas auip\" width=\"700\" height=\"400\" srcset=\"https:\/\/www.ucaldas.edu.co\/portal\/wp-content\/uploads\/2022\/12\/becas-auip.jpg 700w, https:\/\/www.ucaldas.edu.co\/portal\/wp-content\/uploads\/2022\/12\/becas-auip-300x171.jpg 300w\" sizes=\"auto, (max-width: 700px) 100vw, 700px\" \/><\/p>\n<p>Se encuentran abiertas las postulaciones para optar por una de las 10 becas para realizar el Programa Colaborativo Iberoamericano de Formaci\u00f3n Doctoral y Cotutelas en Econom\u00eda, Empresa, Finanzas y Computaci\u00f3n 2023, auspiciado por la Asociaci\u00f3n Universitaria Iberoamericana de Posgrados AUIP.<\/p>\n<p><!--more--><\/p>\n<p>Este programa de formaci\u00f3n se basa en un proceso formativo, que incluye la realizaci\u00f3n de seminarios, jornadas acad\u00e9micas, y desarrollo de tesis doctorales, especialmente en r\u00e9gimen de cotutela, seg\u00fan disposiciones legales espa\u00f1olas y el reglamento de los estudios de doctorado en la Universidad de Huelva y de la Universidad Internacional de Andaluc\u00eda.<\/p>\n<p>El desarrollo del programa se constituye bajo las cuatro l\u00edneas de investigaci\u00f3n del programa interuniversitario de doctorado en Econom\u00eda, Empresa, Finanzas y Computaci\u00f3n de la Universidad de Huelva y de la Universidad Internacional de Andaluc\u00eda.<\/p>\n<p>A los beneficiarios de las becas se les asignar\u00e1 m\u00e1ximo de 7500 euros, que ser\u00e1n dedicados a financiar los gastos de viaje, alojamiento, manutenci\u00f3n y seguros para la realizaci\u00f3n de dos estancias de investigaci\u00f3n en alguna de las universidades andaluzas. Cada una de estas estancias ser\u00e1 financiada con un m\u00e1ximo de 3750 euros.<\/p>\n<p>El programa est\u00e1 dirigido a graduados, profesionales y profesores de universidades asociadas a la AUIP como la Universidad de Caldas, que est\u00e9n en posesi\u00f3n de un t\u00edtulo de master o de grado\/licenciado acredite un nivel de formaci\u00f3n equivalente a la del t\u00edtulo oficial espa\u00f1ol de m\u00e1ster universitario.<\/p>\n<p><a href=\"https:\/\/auip.org\/es\/becas-auip\/2524?fbclid=IwAR1mBrlEI-o-vUn90yGM8qgkZcOF6lXMAs7K49xdQ7zasWfkSkQZN3BFcQA\"><strong>Conozca aqu\u00ed m\u00e1s de las becas y postulaciones.<\/strong><\/a><\/p>\n<p><strong>\u00a0<\/strong><\/p>\n<p><strong>Informes: <\/strong>Oficina de Comunicaciones y Prensa Universidad de Caldas.<\/p>\n<p><strong>Redacci\u00f3n:<\/strong> Mateo Buritic\u00e1 Giraldo<\/p>\n<p>&nbsp;<\/p>\n","protected":false},"excerpt":{"rendered":"<p>Se encuentran abiertas las postulaciones para optar por una de las 10 becas para realizar el Programa Colaborativo Iberoamericano de Formaci\u00f3n Doctoral y Cotutelas en Econom\u00eda, Empresa, Finanzas y Computaci\u00f3n 2023, auspiciado por la Asociaci\u00f3n Universitaria Iberoamericana de Posgrados AUIP.<\/p>\n","protected":false},"author":2,"featured_media":74258,"comment_status":"closed","ping_status":"open","sticky":false,"template":"","format":"standard","meta":{"footnotes":""},"categories":[48,53,614],"tags":[8227,9583,9584],"class_list":["post-74257","post","type-post","status-publish","format-standard","has-post-thumbnail","hentry","category-actualidad","category-universidad-al-dia","category-ucaldas-internacional","tag-formacion-doctoral","tag-becas-formacion","tag-convocatoria-auip"],"yoast_head":"<!-- This site is optimized with the Yoast SEO plugin v27.4 - https:\/\/yoast.com\/product\/yoast-seo-wordpress\/ -->\n<title>Convocatoria becas Programa Colaborativo Iberoamericano de Formaci\u00f3n Doctoral y Cotutelas .<\/title>\n<meta name=\"robots\" content=\"index, follow, max-snippet:-1, max-image-preview:large, max-video-preview:-1\" \/>\n<link rel=\"canonical\" href=\"https:\/\/www.ucaldas.edu.co\/portal\/convocatoria-becas-programa-colaborativo-iberoamericano-de-formacion-doctoral-y-cotutelas\/\" \/>\n<script type=\"application\/ld+json\" class=\"yoast-schema-graph\">{\"@context\":\"https:\\\/\\\/schema.org\",\"@graph\":[{\"@type\":\"Article\",\"@id\":\"https:\\\/\\\/www.ucaldas.edu.co\\\/portal\\\/convocatoria-becas-programa-colaborativo-iberoamericano-de-formacion-doctoral-y-cotutelas\\\/#article\",\"isPartOf\":{\"@id\":\"https:\\\/\\\/www.ucaldas.edu.co\\\/portal\\\/convocatoria-becas-programa-colaborativo-iberoamericano-de-formacion-doctoral-y-cotutelas\\\/\"},\"author\":{\"name\":\"ofiprensa\",\"@id\":\"https:\\\/\\\/www.ucaldas.edu.co\\\/portal\\\/#\\\/schema\\\/person\\\/a1b482e23449158b4bc319926c074fdf\"},\"headline\":\"Convocatoria becas Programa Colaborativo Iberoamericano de Formaci\u00f3n Doctoral y Cotutelas\",\"datePublished\":\"2022-12-13T21:48:38+00:00\",\"mainEntityOfPage\":{\"@id\":\"https:\\\/\\\/www.ucaldas.edu.co\\\/portal\\\/convocatoria-becas-programa-colaborativo-iberoamericano-de-formacion-doctoral-y-cotutelas\\\/\"},\"wordCount\":288,\"publisher\":{\"@id\":\"https:\\\/\\\/www.ucaldas.edu.co\\\/portal\\\/#organization\"},\"image\":{\"@id\":\"https:\\\/\\\/www.ucaldas.edu.co\\\/portal\\\/convocatoria-becas-programa-colaborativo-iberoamericano-de-formacion-doctoral-y-cotutelas\\\/#primaryimage\"},\"thumbnailUrl\":\"https:\\\/\\\/www.ucaldas.edu.co\\\/portal\\\/wp-content\\\/uploads\\\/2022\\\/12\\\/becas-auip.jpg\",\"keywords\":[\"formaci\u00f3n doctoral\",\"becas formaci\u00f3n\",\"convocatoria auip\"],\"articleSection\":[\"Actualidad\",\"Universidad al D\u00eda\",\"Ucaldas Internacional\"],\"inLanguage\":\"es\"},{\"@type\":\"WebPage\",\"@id\":\"https:\\\/\\\/www.ucaldas.edu.co\\\/portal\\\/convocatoria-becas-programa-colaborativo-iberoamericano-de-formacion-doctoral-y-cotutelas\\\/\",\"url\":\"https:\\\/\\\/www.ucaldas.edu.co\\\/portal\\\/convocatoria-becas-programa-colaborativo-iberoamericano-de-formacion-doctoral-y-cotutelas\\\/\",\"name\":\"Convocatoria becas Programa Colaborativo Iberoamericano de Formaci\u00f3n Doctoral y Cotutelas .\",\"isPartOf\":{\"@id\":\"https:\\\/\\\/www.ucaldas.edu.co\\\/portal\\\/#website\"},\"primaryImageOfPage\":{\"@id\":\"https:\\\/\\\/www.ucaldas.edu.co\\\/portal\\\/convocatoria-becas-programa-colaborativo-iberoamericano-de-formacion-doctoral-y-cotutelas\\\/#primaryimage\"},\"image\":{\"@id\":\"https:\\\/\\\/www.ucaldas.edu.co\\\/portal\\\/convocatoria-becas-programa-colaborativo-iberoamericano-de-formacion-doctoral-y-cotutelas\\\/#primaryimage\"},\"thumbnailUrl\":\"https:\\\/\\\/www.ucaldas.edu.co\\\/portal\\\/wp-content\\\/uploads\\\/2022\\\/12\\\/becas-auip.jpg\",\"datePublished\":\"2022-12-13T21:48:38+00:00\",\"breadcrumb\":{\"@id\":\"https:\\\/\\\/www.ucaldas.edu.co\\\/portal\\\/convocatoria-becas-programa-colaborativo-iberoamericano-de-formacion-doctoral-y-cotutelas\\\/#breadcrumb\"},\"inLanguage\":\"es\",\"potentialAction\":[{\"@type\":\"ReadAction\",\"target\":[\"https:\\\/\\\/www.ucaldas.edu.co\\\/portal\\\/convocatoria-becas-programa-colaborativo-iberoamericano-de-formacion-doctoral-y-cotutelas\\\/\"]}]},{\"@type\":\"ImageObject\",\"inLanguage\":\"es\",\"@id\":\"https:\\\/\\\/www.ucaldas.edu.co\\\/portal\\\/convocatoria-becas-programa-colaborativo-iberoamericano-de-formacion-doctoral-y-cotutelas\\\/#primaryimage\",\"url\":\"https:\\\/\\\/www.ucaldas.edu.co\\\/portal\\\/wp-content\\\/uploads\\\/2022\\\/12\\\/becas-auip.jpg\",\"contentUrl\":\"https:\\\/\\\/www.ucaldas.edu.co\\\/portal\\\/wp-content\\\/uploads\\\/2022\\\/12\\\/becas-auip.jpg\",\"width\":700,\"height\":400,\"caption\":\"convocatoria becas auip\"},{\"@type\":\"BreadcrumbList\",\"@id\":\"https:\\\/\\\/www.ucaldas.edu.co\\\/portal\\\/convocatoria-becas-programa-colaborativo-iberoamericano-de-formacion-doctoral-y-cotutelas\\\/#breadcrumb\",\"itemListElement\":[{\"@type\":\"ListItem\",\"position\":1,\"name\":\"Portada\",\"item\":\"https:\\\/\\\/www.ucaldas.edu.co\\\/portal\\\/\"},{\"@type\":\"ListItem\",\"position\":2,\"name\":\"Convocatoria becas Programa Colaborativo Iberoamericano de Formaci\u00f3n Doctoral y Cotutelas\"}]},{\"@type\":\"WebSite\",\"@id\":\"https:\\\/\\\/www.ucaldas.edu.co\\\/portal\\\/#website\",\"url\":\"https:\\\/\\\/www.ucaldas.edu.co\\\/portal\\\/\",\"name\":\"Universidad de Caldas\",\"description\":\"\",\"publisher\":{\"@id\":\"https:\\\/\\\/www.ucaldas.edu.co\\\/portal\\\/#organization\"},\"alternateName\":\"U. de Caldas\",\"potentialAction\":[{\"@type\":\"SearchAction\",\"target\":{\"@type\":\"EntryPoint\",\"urlTemplate\":\"https:\\\/\\\/www.ucaldas.edu.co\\\/portal\\\/?s={search_term_string}\"},\"query-input\":{\"@type\":\"PropertyValueSpecification\",\"valueRequired\":true,\"valueName\":\"search_term_string\"}}],\"inLanguage\":\"es\"},{\"@type\":\"Organization\",\"@id\":\"https:\\\/\\\/www.ucaldas.edu.co\\\/portal\\\/#organization\",\"name\":\"Universidad de Caldas\",\"alternateName\":\"U. de Caldas\",\"url\":\"https:\\\/\\\/www.ucaldas.edu.co\\\/portal\\\/\",\"logo\":{\"@type\":\"ImageObject\",\"inLanguage\":\"es\",\"@id\":\"https:\\\/\\\/www.ucaldas.edu.co\\\/portal\\\/#\\\/schema\\\/logo\\\/image\\\/\",\"url\":\"https:\\\/\\\/www.ucaldas.edu.co\\\/portal\\\/wp-content\\\/uploads\\\/2023\\\/11\\\/Logo_horizontal_oscuroU-2023.png\",\"contentUrl\":\"https:\\\/\\\/www.ucaldas.edu.co\\\/portal\\\/wp-content\\\/uploads\\\/2023\\\/11\\\/Logo_horizontal_oscuroU-2023.png\",\"width\":263,\"height\":101,\"caption\":\"Universidad de Caldas\"},\"image\":{\"@id\":\"https:\\\/\\\/www.ucaldas.edu.co\\\/portal\\\/#\\\/schema\\\/logo\\\/image\\\/\"},\"sameAs\":[\"https:\\\/\\\/www.facebook.com\\\/udecaldas\",\"https:\\\/\\\/x.com\\\/udecaldas\",\"https:\\\/\\\/www.youtube.com\\\/universidadcaldas\",\"https:\\\/\\\/www.instagram.com\\\/udecaldas\\\/\"]},{\"@type\":\"Person\",\"@id\":\"https:\\\/\\\/www.ucaldas.edu.co\\\/portal\\\/#\\\/schema\\\/person\\\/a1b482e23449158b4bc319926c074fdf\",\"name\":\"ofiprensa\",\"image\":{\"@type\":\"ImageObject\",\"inLanguage\":\"es\",\"@id\":\"https:\\\/\\\/www.ucaldas.edu.co\\\/portal\\\/wp-content\\\/litespeed\\\/avatar\\\/09ea5085e600095a7a811142c6944527.jpg?ver=1776892805\",\"url\":\"https:\\\/\\\/www.ucaldas.edu.co\\\/portal\\\/wp-content\\\/litespeed\\\/avatar\\\/09ea5085e600095a7a811142c6944527.jpg?ver=1776892805\",\"contentUrl\":\"https:\\\/\\\/www.ucaldas.edu.co\\\/portal\\\/wp-content\\\/litespeed\\\/avatar\\\/09ea5085e600095a7a811142c6944527.jpg?ver=1776892805\",\"caption\":\"ofiprensa\"},\"url\":\"https:\\\/\\\/www.ucaldas.edu.co\\\/portal\\\/author\\\/ofiprensa\\\/\"}]}<\/script>\n<!-- \/ Yoast SEO plugin. -->","yoast_head_json":{"title":"Convocatoria becas Programa Colaborativo Iberoamericano de Formaci\u00f3n Doctoral y Cotutelas .","robots":{"index":"index","follow":"follow","max-snippet":"max-snippet:-1","max-image-preview":"max-image-preview:large","max-video-preview":"max-video-preview:-1"},"canonical":"https:\/\/www.ucaldas.edu.co\/portal\/convocatoria-becas-programa-colaborativo-iberoamericano-de-formacion-doctoral-y-cotutelas\/","schema":{"@context":"https:\/\/schema.org","@graph":[{"@type":"Article","@id":"https:\/\/www.ucaldas.edu.co\/portal\/convocatoria-becas-programa-colaborativo-iberoamericano-de-formacion-doctoral-y-cotutelas\/#article","isPartOf":{"@id":"https:\/\/www.ucaldas.edu.co\/portal\/convocatoria-becas-programa-colaborativo-iberoamericano-de-formacion-doctoral-y-cotutelas\/"},"author":{"name":"ofiprensa","@id":"https:\/\/www.ucaldas.edu.co\/portal\/#\/schema\/person\/a1b482e23449158b4bc319926c074fdf"},"headline":"Convocatoria becas Programa Colaborativo Iberoamericano de Formaci\u00f3n Doctoral y Cotutelas","datePublished":"2022-12-13T21:48:38+00:00","mainEntityOfPage":{"@id":"https:\/\/www.ucaldas.edu.co\/portal\/convocatoria-becas-programa-colaborativo-iberoamericano-de-formacion-doctoral-y-cotutelas\/"},"wordCount":288,"publisher":{"@id":"https:\/\/www.ucaldas.edu.co\/portal\/#organization"},"image":{"@id":"https:\/\/www.ucaldas.edu.co\/portal\/convocatoria-becas-programa-colaborativo-iberoamericano-de-formacion-doctoral-y-cotutelas\/#primaryimage"},"thumbnailUrl":"https:\/\/www.ucaldas.edu.co\/portal\/wp-content\/uploads\/2022\/12\/becas-auip.jpg","keywords":["formaci\u00f3n doctoral","becas formaci\u00f3n","convocatoria auip"],"articleSection":["Actualidad","Universidad al D\u00eda","Ucaldas Internacional"],"inLanguage":"es"},{"@type":"WebPage","@id":"https:\/\/www.ucaldas.edu.co\/portal\/convocatoria-becas-programa-colaborativo-iberoamericano-de-formacion-doctoral-y-cotutelas\/","url":"https:\/\/www.ucaldas.edu.co\/portal\/convocatoria-becas-programa-colaborativo-iberoamericano-de-formacion-doctoral-y-cotutelas\/","name":"Convocatoria becas Programa Colaborativo Iberoamericano de Formaci\u00f3n Doctoral y Cotutelas .","isPartOf":{"@id":"https:\/\/www.ucaldas.edu.co\/portal\/#website"},"primaryImageOfPage":{"@id":"https:\/\/www.ucaldas.edu.co\/portal\/convocatoria-becas-programa-colaborativo-iberoamericano-de-formacion-doctoral-y-cotutelas\/#primaryimage"},"image":{"@id":"https:\/\/www.ucaldas.edu.co\/portal\/convocatoria-becas-programa-colaborativo-iberoamericano-de-formacion-doctoral-y-cotutelas\/#primaryimage"},"thumbnailUrl":"https:\/\/www.ucaldas.edu.co\/portal\/wp-content\/uploads\/2022\/12\/becas-auip.jpg","datePublished":"2022-12-13T21:48:38+00:00","breadcrumb":{"@id":"https:\/\/www.ucaldas.edu.co\/portal\/convocatoria-becas-programa-colaborativo-iberoamericano-de-formacion-doctoral-y-cotutelas\/#breadcrumb"},"inLanguage":"es","potentialAction":[{"@type":"ReadAction","target":["https:\/\/www.ucaldas.edu.co\/portal\/convocatoria-becas-programa-colaborativo-iberoamericano-de-formacion-doctoral-y-cotutelas\/"]}]},{"@type":"ImageObject","inLanguage":"es","@id":"https:\/\/www.ucaldas.edu.co\/portal\/convocatoria-becas-programa-colaborativo-iberoamericano-de-formacion-doctoral-y-cotutelas\/#primaryimage","url":"https:\/\/www.ucaldas.edu.co\/portal\/wp-content\/uploads\/2022\/12\/becas-auip.jpg","contentUrl":"https:\/\/www.ucaldas.edu.co\/portal\/wp-content\/uploads\/2022\/12\/becas-auip.jpg","width":700,"height":400,"caption":"convocatoria becas auip"},{"@type":"BreadcrumbList","@id":"https:\/\/www.ucaldas.edu.co\/portal\/convocatoria-becas-programa-colaborativo-iberoamericano-de-formacion-doctoral-y-cotutelas\/#breadcrumb","itemListElement":[{"@type":"ListItem","position":1,"name":"Portada","item":"https:\/\/www.ucaldas.edu.co\/portal\/"},{"@type":"ListItem","position":2,"name":"Convocatoria becas Programa Colaborativo Iberoamericano de Formaci\u00f3n Doctoral y Cotutelas"}]},{"@type":"WebSite","@id":"https:\/\/www.ucaldas.edu.co\/portal\/#website","url":"https:\/\/www.ucaldas.edu.co\/portal\/","name":"Universidad de Caldas","description":"","publisher":{"@id":"https:\/\/www.ucaldas.edu.co\/portal\/#organization"},"alternateName":"U. de Caldas","potentialAction":[{"@type":"SearchAction","target":{"@type":"EntryPoint","urlTemplate":"https:\/\/www.ucaldas.edu.co\/portal\/?s={search_term_string}"},"query-input":{"@type":"PropertyValueSpecification","valueRequired":true,"valueName":"search_term_string"}}],"inLanguage":"es"},{"@type":"Organization","@id":"https:\/\/www.ucaldas.edu.co\/portal\/#organization","name":"Universidad de Caldas","alternateName":"U. de Caldas","url":"https:\/\/www.ucaldas.edu.co\/portal\/","logo":{"@type":"ImageObject","inLanguage":"es","@id":"https:\/\/www.ucaldas.edu.co\/portal\/#\/schema\/logo\/image\/","url":"https:\/\/www.ucaldas.edu.co\/portal\/wp-content\/uploads\/2023\/11\/Logo_horizontal_oscuroU-2023.png","contentUrl":"https:\/\/www.ucaldas.edu.co\/portal\/wp-content\/uploads\/2023\/11\/Logo_horizontal_oscuroU-2023.png","width":263,"height":101,"caption":"Universidad de Caldas"},"image":{"@id":"https:\/\/www.ucaldas.edu.co\/portal\/#\/schema\/logo\/image\/"},"sameAs":["https:\/\/www.facebook.com\/udecaldas","https:\/\/x.com\/udecaldas","https:\/\/www.youtube.com\/universidadcaldas","https:\/\/www.instagram.com\/udecaldas\/"]},{"@type":"Person","@id":"https:\/\/www.ucaldas.edu.co\/portal\/#\/schema\/person\/a1b482e23449158b4bc319926c074fdf","name":"ofiprensa","image":{"@type":"ImageObject","inLanguage":"es","@id":"https:\/\/www.ucaldas.edu.co\/portal\/wp-content\/litespeed\/avatar\/09ea5085e600095a7a811142c6944527.jpg?ver=1776892805","url":"https:\/\/www.ucaldas.edu.co\/portal\/wp-content\/litespeed\/avatar\/09ea5085e600095a7a811142c6944527.jpg?ver=1776892805","contentUrl":"https:\/\/www.ucaldas.edu.co\/portal\/wp-content\/litespeed\/avatar\/09ea5085e600095a7a811142c6944527.jpg?ver=1776892805","caption":"ofiprensa"},"url":"https:\/\/www.ucaldas.edu.co\/portal\/author\/ofiprensa\/"}]}},"_links":{"self":[{"href":"https:\/\/www.ucaldas.edu.co\/portal\/wp-json\/wp\/v2\/posts\/74257","targetHints":{"allow":["GET"]}}],"collection":[{"href":"https:\/\/www.ucaldas.edu.co\/portal\/wp-json\/wp\/v2\/posts"}],"about":[{"href":"https:\/\/www.ucaldas.edu.co\/portal\/wp-json\/wp\/v2\/types\/post"}],"author":[{"embeddable":true,"href":"https:\/\/www.ucaldas.edu.co\/portal\/wp-json\/wp\/v2\/users\/2"}],"replies":[{"embeddable":true,"href":"https:\/\/www.ucaldas.edu.co\/portal\/wp-json\/wp\/v2\/comments?post=74257"}],"version-history":[{"count":0,"href":"https:\/\/www.ucaldas.edu.co\/portal\/wp-json\/wp\/v2\/posts\/74257\/revisions"}],"wp:featuredmedia":[{"embeddable":true,"href":"https:\/\/www.ucaldas.edu.co\/portal\/wp-json\/wp\/v2\/media\/74258"}],"wp:attachment":[{"href":"https:\/\/www.ucaldas.edu.co\/portal\/wp-json\/wp\/v2\/media?parent=74257"}],"wp:term":[{"taxonomy":"category","embeddable":true,"href":"https:\/\/www.ucaldas.edu.co\/portal\/wp-json\/wp\/v2\/categories?post=74257"},{"taxonomy":"post_tag","embeddable":true,"href":"https:\/\/www.ucaldas.edu.co\/portal\/wp-json\/wp\/v2\/tags?post=74257"}],"curies":[{"name":"wp","href":"https:\/\/api.w.org\/{rel}","templated":true}]}}