{"id":74184,"date":"2022-12-12T22:02:10","date_gmt":"2022-12-12T22:02:10","guid":{"rendered":"https:\/\/www.ucaldas.edu.co\/portal\/?p=74184"},"modified":"2022-12-12T22:02:10","modified_gmt":"2022-12-12T22:02:10","slug":"icetex-adelanta-una-nueva-jornada-de-beneficios-para-los-jovenes","status":"publish","type":"post","link":"https:\/\/www.ucaldas.edu.co\/portal\/icetex-adelanta-una-nueva-jornada-de-beneficios-para-los-jovenes\/","title":{"rendered":"ICETEX adelanta una nueva jornada de beneficios para los j\u00f3venes"},"content":{"rendered":"<p>&nbsp;<\/p>\n<p><img loading=\"lazy\" decoding=\"async\" class=\"aligncenter size-full wp-image-74185\" src=\"https:\/\/www.ucaldas.edu.co\/portal\/wp-content\/uploads\/2022\/12\/Diseno-sin-titulo-1-3.jpg\" alt=\"Los interesados pueden encontra m\u00e1s informaci\u00f3n el portal web: www.icetex.gov.co\" width=\"700\" height=\"400\" srcset=\"https:\/\/www.ucaldas.edu.co\/portal\/wp-content\/uploads\/2022\/12\/Diseno-sin-titulo-1-3.jpg 700w, https:\/\/www.ucaldas.edu.co\/portal\/wp-content\/uploads\/2022\/12\/Diseno-sin-titulo-1-3-300x171.jpg 300w\" sizes=\"auto, (max-width: 700px) 100vw, 700px\" \/><\/p>\n<p>Entre el 12 y el 23 de diciembre de 2022, el Instituto Colombiano de Cr\u00e9dito Educativo y Estudios T\u00e9cnicos en el Exterior \u2013 ICETEX adelantar\u00e1 una jornada de Soluciones para aquellos j\u00f3venes y familias que se encuentran en mora con el fin de encontrar alternativas que les permita lograr la condonaci\u00f3n hasta del 100% de intereses corrientes vencidos y moratorios.<\/p>\n<p><!--more--><\/p>\n<p>Los beneficiarios que cuenten con un cr\u00e9dito educativo que est\u00e9 en etapa de estudios, o para los que ya se graduaron, y tienen con mora de 31 a 90 d\u00edas, podr\u00e1n llamar a la l\u00ednea gratuita nacional 018000112845 (desde tel\u00e9fono fijo) o en Bogot\u00e1 a la l\u00ednea (601) 3161867. Tambi\u00e9n se pueden conectar ingresando a: \u00a0<a href=\"https:\/\/clicktocall.americasbps.com\/Click_2_call\/\">https:\/\/clicktocall.americasbps.com\/Click_2_call\/<\/a><\/p>\n<p>Los j\u00f3venes con cr\u00e9dito que supera los 91 d\u00edas de mora, y han culminado su etapa de estudios, se puede comunicar a la l\u00ednea gratuita nacional 018000119716 (desde tel\u00e9fono fijo) o en Bogot\u00e1 al (601) 7490211. Tambi\u00e9n se pueden conectar a https:\/\/ws-bpm.inconcertcc.com\/C2CIcetex\/ o a trav\u00e9s de videollamada en el link: \u00a0<a href=\"https:\/\/ws-bpm.inconcertcc.com\/VCIcetex\/\">https:\/\/ws-bpm.inconcertcc.com\/VCIcetex\/<\/a><\/p>\n<p>El horario de atenci\u00f3n en la Feria de Soluciones ser\u00e1 de lunes a viernes de 7:00 a.m. a 8:00 p.m. y los s\u00e1bados de 8:00 a.m. a 5:00 p.m.<\/p>\n<p>Para realizar acuerdos y ponerse al d\u00eda en su cr\u00e9dito, los participantes en estas jornadas de humanizaci\u00f3n del cr\u00e9dito podr\u00e1n acogerse a las figuras de extinci\u00f3n, normalizaci\u00f3n o refinanciaci\u00f3n de la obligaci\u00f3n en mora, contempladas en el reglamento de recuperaci\u00f3n de cartera de la entidad.<\/p>\n<ul>\n<li><strong>Extinci\u00f3n:<\/strong> Consiste en el pago del total de la obligaci\u00f3n.<\/li>\n<li><strong>Normalizaci\u00f3n:<\/strong> Mecanismo mediante el cual el beneficiario cancela la totalidad del saldo vencido.<\/li>\n<li><strong>Refinanciaci\u00f3n:<\/strong> Opci\u00f3n con la que se logra la modificaci\u00f3n del plazo y el valor de la cuota inicialmente pactada, a fin de normalizar la totalidad de la obligaci\u00f3n<\/li>\n<\/ul>\n<p>&nbsp;<\/p>\n<p><strong>Informes: <\/strong>Oficina de Comunicaciones y Prensa Universidad de Caldas.<br \/>\n<strong>Redacci\u00f3n:<\/strong> Adriana Salazar Villegas<\/p>\n<p>&nbsp;<\/p>\n","protected":false},"excerpt":{"rendered":"<p>&nbsp; Entre el 12 y el 23 de diciembre de 2022, el Instituto Colombiano de Cr\u00e9dito Educativo y Estudios T\u00e9cnicos en el Exterior \u2013 ICETEX adelantar\u00e1 una jornada de Soluciones para aquellos j\u00f3venes y familias que se encuentran en mora con el fin de encontrar alternativas que les permita lograr la condonaci\u00f3n hasta del 100% [&hellip;]<\/p>\n","protected":false},"author":2,"featured_media":74185,"comment_status":"closed","ping_status":"open","sticky":false,"template":"","format":"standard","meta":{"footnotes":""},"categories":[53,617,48],"tags":[777,4527,9575,351],"class_list":["post-74184","post","type-post","status-publish","format-standard","has-post-thumbnail","hentry","category-universidad-al-dia","category-ucaldas-colaborativa","category-actualidad","tag-jornadas","tag-creditos","tag-refinanciacion","tag-icetex"],"yoast_head":"<!-- This site is optimized with the Yoast SEO plugin v27.5 - https:\/\/yoast.com\/product\/yoast-seo-wordpress\/ -->\n<title>ICETEX adelanta una nueva jornada de beneficios para los j\u00f3venes .<\/title>\n<meta name=\"robots\" content=\"index, follow, max-snippet:-1, max-image-preview:large, max-video-preview:-1\" \/>\n<link rel=\"canonical\" href=\"https:\/\/www.ucaldas.edu.co\/portal\/icetex-adelanta-una-nueva-jornada-de-beneficios-para-los-jovenes\/\" \/>\n<script type=\"application\/ld+json\" class=\"yoast-schema-graph\">{\"@context\":\"https:\\\/\\\/schema.org\",\"@graph\":[{\"@type\":\"Article\",\"@id\":\"https:\\\/\\\/www.ucaldas.edu.co\\\/portal\\\/icetex-adelanta-una-nueva-jornada-de-beneficios-para-los-jovenes\\\/#article\",\"isPartOf\":{\"@id\":\"https:\\\/\\\/www.ucaldas.edu.co\\\/portal\\\/icetex-adelanta-una-nueva-jornada-de-beneficios-para-los-jovenes\\\/\"},\"author\":{\"name\":\"ofiprensa\",\"@id\":\"https:\\\/\\\/www.ucaldas.edu.co\\\/portal\\\/#\\\/schema\\\/person\\\/a1b482e23449158b4bc319926c074fdf\"},\"headline\":\"ICETEX adelanta una nueva jornada de beneficios para los j\u00f3venes\",\"datePublished\":\"2022-12-12T22:02:10+00:00\",\"mainEntityOfPage\":{\"@id\":\"https:\\\/\\\/www.ucaldas.edu.co\\\/portal\\\/icetex-adelanta-una-nueva-jornada-de-beneficios-para-los-jovenes\\\/\"},\"wordCount\":357,\"publisher\":{\"@id\":\"https:\\\/\\\/www.ucaldas.edu.co\\\/portal\\\/#organization\"},\"image\":{\"@id\":\"https:\\\/\\\/www.ucaldas.edu.co\\\/portal\\\/icetex-adelanta-una-nueva-jornada-de-beneficios-para-los-jovenes\\\/#primaryimage\"},\"thumbnailUrl\":\"https:\\\/\\\/www.ucaldas.edu.co\\\/portal\\\/wp-content\\\/uploads\\\/2022\\\/12\\\/Diseno-sin-titulo-1-3.jpg\",\"keywords\":[\"jornadas\",\"cr\u00e9ditos\",\"refinanciaci\u00f3n\",\"Icetex\"],\"articleSection\":[\"Universidad al D\u00eda\",\"UCaldas Colaborativa\",\"Actualidad\"],\"inLanguage\":\"es\"},{\"@type\":\"WebPage\",\"@id\":\"https:\\\/\\\/www.ucaldas.edu.co\\\/portal\\\/icetex-adelanta-una-nueva-jornada-de-beneficios-para-los-jovenes\\\/\",\"url\":\"https:\\\/\\\/www.ucaldas.edu.co\\\/portal\\\/icetex-adelanta-una-nueva-jornada-de-beneficios-para-los-jovenes\\\/\",\"name\":\"ICETEX adelanta una nueva jornada de beneficios para los j\u00f3venes .\",\"isPartOf\":{\"@id\":\"https:\\\/\\\/www.ucaldas.edu.co\\\/portal\\\/#website\"},\"primaryImageOfPage\":{\"@id\":\"https:\\\/\\\/www.ucaldas.edu.co\\\/portal\\\/icetex-adelanta-una-nueva-jornada-de-beneficios-para-los-jovenes\\\/#primaryimage\"},\"image\":{\"@id\":\"https:\\\/\\\/www.ucaldas.edu.co\\\/portal\\\/icetex-adelanta-una-nueva-jornada-de-beneficios-para-los-jovenes\\\/#primaryimage\"},\"thumbnailUrl\":\"https:\\\/\\\/www.ucaldas.edu.co\\\/portal\\\/wp-content\\\/uploads\\\/2022\\\/12\\\/Diseno-sin-titulo-1-3.jpg\",\"datePublished\":\"2022-12-12T22:02:10+00:00\",\"breadcrumb\":{\"@id\":\"https:\\\/\\\/www.ucaldas.edu.co\\\/portal\\\/icetex-adelanta-una-nueva-jornada-de-beneficios-para-los-jovenes\\\/#breadcrumb\"},\"inLanguage\":\"es\",\"potentialAction\":[{\"@type\":\"ReadAction\",\"target\":[\"https:\\\/\\\/www.ucaldas.edu.co\\\/portal\\\/icetex-adelanta-una-nueva-jornada-de-beneficios-para-los-jovenes\\\/\"]}]},{\"@type\":\"ImageObject\",\"inLanguage\":\"es\",\"@id\":\"https:\\\/\\\/www.ucaldas.edu.co\\\/portal\\\/icetex-adelanta-una-nueva-jornada-de-beneficios-para-los-jovenes\\\/#primaryimage\",\"url\":\"https:\\\/\\\/www.ucaldas.edu.co\\\/portal\\\/wp-content\\\/uploads\\\/2022\\\/12\\\/Diseno-sin-titulo-1-3.jpg\",\"contentUrl\":\"https:\\\/\\\/www.ucaldas.edu.co\\\/portal\\\/wp-content\\\/uploads\\\/2022\\\/12\\\/Diseno-sin-titulo-1-3.jpg\",\"width\":700,\"height\":400,\"caption\":\"Los interesados pueden encontra m\u00e1s informaci\u00f3n el portal web: www.icetex.gov.co\"},{\"@type\":\"BreadcrumbList\",\"@id\":\"https:\\\/\\\/www.ucaldas.edu.co\\\/portal\\\/icetex-adelanta-una-nueva-jornada-de-beneficios-para-los-jovenes\\\/#breadcrumb\",\"itemListElement\":[{\"@type\":\"ListItem\",\"position\":1,\"name\":\"Portada\",\"item\":\"https:\\\/\\\/www.ucaldas.edu.co\\\/portal\\\/\"},{\"@type\":\"ListItem\",\"position\":2,\"name\":\"ICETEX adelanta una nueva jornada de beneficios para los j\u00f3venes\"}]},{\"@type\":\"WebSite\",\"@id\":\"https:\\\/\\\/www.ucaldas.edu.co\\\/portal\\\/#website\",\"url\":\"https:\\\/\\\/www.ucaldas.edu.co\\\/portal\\\/\",\"name\":\"Universidad de Caldas\",\"description\":\"\",\"publisher\":{\"@id\":\"https:\\\/\\\/www.ucaldas.edu.co\\\/portal\\\/#organization\"},\"alternateName\":\"U. de Caldas\",\"potentialAction\":[{\"@type\":\"SearchAction\",\"target\":{\"@type\":\"EntryPoint\",\"urlTemplate\":\"https:\\\/\\\/www.ucaldas.edu.co\\\/portal\\\/?s={search_term_string}\"},\"query-input\":{\"@type\":\"PropertyValueSpecification\",\"valueRequired\":true,\"valueName\":\"search_term_string\"}}],\"inLanguage\":\"es\"},{\"@type\":\"Organization\",\"@id\":\"https:\\\/\\\/www.ucaldas.edu.co\\\/portal\\\/#organization\",\"name\":\"Universidad de Caldas\",\"alternateName\":\"U. de Caldas\",\"url\":\"https:\\\/\\\/www.ucaldas.edu.co\\\/portal\\\/\",\"logo\":{\"@type\":\"ImageObject\",\"inLanguage\":\"es\",\"@id\":\"https:\\\/\\\/www.ucaldas.edu.co\\\/portal\\\/#\\\/schema\\\/logo\\\/image\\\/\",\"url\":\"https:\\\/\\\/www.ucaldas.edu.co\\\/portal\\\/wp-content\\\/uploads\\\/2023\\\/11\\\/Logo_horizontal_oscuroU-2023.png\",\"contentUrl\":\"https:\\\/\\\/www.ucaldas.edu.co\\\/portal\\\/wp-content\\\/uploads\\\/2023\\\/11\\\/Logo_horizontal_oscuroU-2023.png\",\"width\":263,\"height\":101,\"caption\":\"Universidad de Caldas\"},\"image\":{\"@id\":\"https:\\\/\\\/www.ucaldas.edu.co\\\/portal\\\/#\\\/schema\\\/logo\\\/image\\\/\"},\"sameAs\":[\"https:\\\/\\\/www.facebook.com\\\/udecaldas\",\"https:\\\/\\\/x.com\\\/udecaldas\",\"https:\\\/\\\/www.youtube.com\\\/universidadcaldas\",\"https:\\\/\\\/www.instagram.com\\\/udecaldas\\\/\"]},{\"@type\":\"Person\",\"@id\":\"https:\\\/\\\/www.ucaldas.edu.co\\\/portal\\\/#\\\/schema\\\/person\\\/a1b482e23449158b4bc319926c074fdf\",\"name\":\"ofiprensa\",\"image\":{\"@type\":\"ImageObject\",\"inLanguage\":\"es\",\"@id\":\"https:\\\/\\\/www.ucaldas.edu.co\\\/portal\\\/wp-content\\\/litespeed\\\/avatar\\\/09ea5085e600095a7a811142c6944527.jpg?ver=1777497608\",\"url\":\"https:\\\/\\\/www.ucaldas.edu.co\\\/portal\\\/wp-content\\\/litespeed\\\/avatar\\\/09ea5085e600095a7a811142c6944527.jpg?ver=1777497608\",\"contentUrl\":\"https:\\\/\\\/www.ucaldas.edu.co\\\/portal\\\/wp-content\\\/litespeed\\\/avatar\\\/09ea5085e600095a7a811142c6944527.jpg?ver=1777497608\",\"caption\":\"ofiprensa\"},\"url\":\"https:\\\/\\\/www.ucaldas.edu.co\\\/portal\\\/author\\\/ofiprensa\\\/\"}]}<\/script>\n<!-- \/ Yoast SEO plugin. -->","yoast_head_json":{"title":"ICETEX adelanta una nueva jornada de beneficios para los j\u00f3venes .","robots":{"index":"index","follow":"follow","max-snippet":"max-snippet:-1","max-image-preview":"max-image-preview:large","max-video-preview":"max-video-preview:-1"},"canonical":"https:\/\/www.ucaldas.edu.co\/portal\/icetex-adelanta-una-nueva-jornada-de-beneficios-para-los-jovenes\/","schema":{"@context":"https:\/\/schema.org","@graph":[{"@type":"Article","@id":"https:\/\/www.ucaldas.edu.co\/portal\/icetex-adelanta-una-nueva-jornada-de-beneficios-para-los-jovenes\/#article","isPartOf":{"@id":"https:\/\/www.ucaldas.edu.co\/portal\/icetex-adelanta-una-nueva-jornada-de-beneficios-para-los-jovenes\/"},"author":{"name":"ofiprensa","@id":"https:\/\/www.ucaldas.edu.co\/portal\/#\/schema\/person\/a1b482e23449158b4bc319926c074fdf"},"headline":"ICETEX adelanta una nueva jornada de beneficios para los j\u00f3venes","datePublished":"2022-12-12T22:02:10+00:00","mainEntityOfPage":{"@id":"https:\/\/www.ucaldas.edu.co\/portal\/icetex-adelanta-una-nueva-jornada-de-beneficios-para-los-jovenes\/"},"wordCount":357,"publisher":{"@id":"https:\/\/www.ucaldas.edu.co\/portal\/#organization"},"image":{"@id":"https:\/\/www.ucaldas.edu.co\/portal\/icetex-adelanta-una-nueva-jornada-de-beneficios-para-los-jovenes\/#primaryimage"},"thumbnailUrl":"https:\/\/www.ucaldas.edu.co\/portal\/wp-content\/uploads\/2022\/12\/Diseno-sin-titulo-1-3.jpg","keywords":["jornadas","cr\u00e9ditos","refinanciaci\u00f3n","Icetex"],"articleSection":["Universidad al D\u00eda","UCaldas Colaborativa","Actualidad"],"inLanguage":"es"},{"@type":"WebPage","@id":"https:\/\/www.ucaldas.edu.co\/portal\/icetex-adelanta-una-nueva-jornada-de-beneficios-para-los-jovenes\/","url":"https:\/\/www.ucaldas.edu.co\/portal\/icetex-adelanta-una-nueva-jornada-de-beneficios-para-los-jovenes\/","name":"ICETEX adelanta una nueva jornada de beneficios para los j\u00f3venes .","isPartOf":{"@id":"https:\/\/www.ucaldas.edu.co\/portal\/#website"},"primaryImageOfPage":{"@id":"https:\/\/www.ucaldas.edu.co\/portal\/icetex-adelanta-una-nueva-jornada-de-beneficios-para-los-jovenes\/#primaryimage"},"image":{"@id":"https:\/\/www.ucaldas.edu.co\/portal\/icetex-adelanta-una-nueva-jornada-de-beneficios-para-los-jovenes\/#primaryimage"},"thumbnailUrl":"https:\/\/www.ucaldas.edu.co\/portal\/wp-content\/uploads\/2022\/12\/Diseno-sin-titulo-1-3.jpg","datePublished":"2022-12-12T22:02:10+00:00","breadcrumb":{"@id":"https:\/\/www.ucaldas.edu.co\/portal\/icetex-adelanta-una-nueva-jornada-de-beneficios-para-los-jovenes\/#breadcrumb"},"inLanguage":"es","potentialAction":[{"@type":"ReadAction","target":["https:\/\/www.ucaldas.edu.co\/portal\/icetex-adelanta-una-nueva-jornada-de-beneficios-para-los-jovenes\/"]}]},{"@type":"ImageObject","inLanguage":"es","@id":"https:\/\/www.ucaldas.edu.co\/portal\/icetex-adelanta-una-nueva-jornada-de-beneficios-para-los-jovenes\/#primaryimage","url":"https:\/\/www.ucaldas.edu.co\/portal\/wp-content\/uploads\/2022\/12\/Diseno-sin-titulo-1-3.jpg","contentUrl":"https:\/\/www.ucaldas.edu.co\/portal\/wp-content\/uploads\/2022\/12\/Diseno-sin-titulo-1-3.jpg","width":700,"height":400,"caption":"Los interesados pueden encontra m\u00e1s informaci\u00f3n el portal web: www.icetex.gov.co"},{"@type":"BreadcrumbList","@id":"https:\/\/www.ucaldas.edu.co\/portal\/icetex-adelanta-una-nueva-jornada-de-beneficios-para-los-jovenes\/#breadcrumb","itemListElement":[{"@type":"ListItem","position":1,"name":"Portada","item":"https:\/\/www.ucaldas.edu.co\/portal\/"},{"@type":"ListItem","position":2,"name":"ICETEX adelanta una nueva jornada de beneficios para los j\u00f3venes"}]},{"@type":"WebSite","@id":"https:\/\/www.ucaldas.edu.co\/portal\/#website","url":"https:\/\/www.ucaldas.edu.co\/portal\/","name":"Universidad de Caldas","description":"","publisher":{"@id":"https:\/\/www.ucaldas.edu.co\/portal\/#organization"},"alternateName":"U. de Caldas","potentialAction":[{"@type":"SearchAction","target":{"@type":"EntryPoint","urlTemplate":"https:\/\/www.ucaldas.edu.co\/portal\/?s={search_term_string}"},"query-input":{"@type":"PropertyValueSpecification","valueRequired":true,"valueName":"search_term_string"}}],"inLanguage":"es"},{"@type":"Organization","@id":"https:\/\/www.ucaldas.edu.co\/portal\/#organization","name":"Universidad de Caldas","alternateName":"U. de Caldas","url":"https:\/\/www.ucaldas.edu.co\/portal\/","logo":{"@type":"ImageObject","inLanguage":"es","@id":"https:\/\/www.ucaldas.edu.co\/portal\/#\/schema\/logo\/image\/","url":"https:\/\/www.ucaldas.edu.co\/portal\/wp-content\/uploads\/2023\/11\/Logo_horizontal_oscuroU-2023.png","contentUrl":"https:\/\/www.ucaldas.edu.co\/portal\/wp-content\/uploads\/2023\/11\/Logo_horizontal_oscuroU-2023.png","width":263,"height":101,"caption":"Universidad de Caldas"},"image":{"@id":"https:\/\/www.ucaldas.edu.co\/portal\/#\/schema\/logo\/image\/"},"sameAs":["https:\/\/www.facebook.com\/udecaldas","https:\/\/x.com\/udecaldas","https:\/\/www.youtube.com\/universidadcaldas","https:\/\/www.instagram.com\/udecaldas\/"]},{"@type":"Person","@id":"https:\/\/www.ucaldas.edu.co\/portal\/#\/schema\/person\/a1b482e23449158b4bc319926c074fdf","name":"ofiprensa","image":{"@type":"ImageObject","inLanguage":"es","@id":"https:\/\/www.ucaldas.edu.co\/portal\/wp-content\/litespeed\/avatar\/09ea5085e600095a7a811142c6944527.jpg?ver=1777497608","url":"https:\/\/www.ucaldas.edu.co\/portal\/wp-content\/litespeed\/avatar\/09ea5085e600095a7a811142c6944527.jpg?ver=1777497608","contentUrl":"https:\/\/www.ucaldas.edu.co\/portal\/wp-content\/litespeed\/avatar\/09ea5085e600095a7a811142c6944527.jpg?ver=1777497608","caption":"ofiprensa"},"url":"https:\/\/www.ucaldas.edu.co\/portal\/author\/ofiprensa\/"}]}},"_links":{"self":[{"href":"https:\/\/www.ucaldas.edu.co\/portal\/wp-json\/wp\/v2\/posts\/74184","targetHints":{"allow":["GET"]}}],"collection":[{"href":"https:\/\/www.ucaldas.edu.co\/portal\/wp-json\/wp\/v2\/posts"}],"about":[{"href":"https:\/\/www.ucaldas.edu.co\/portal\/wp-json\/wp\/v2\/types\/post"}],"author":[{"embeddable":true,"href":"https:\/\/www.ucaldas.edu.co\/portal\/wp-json\/wp\/v2\/users\/2"}],"replies":[{"embeddable":true,"href":"https:\/\/www.ucaldas.edu.co\/portal\/wp-json\/wp\/v2\/comments?post=74184"}],"version-history":[{"count":0,"href":"https:\/\/www.ucaldas.edu.co\/portal\/wp-json\/wp\/v2\/posts\/74184\/revisions"}],"wp:featuredmedia":[{"embeddable":true,"href":"https:\/\/www.ucaldas.edu.co\/portal\/wp-json\/wp\/v2\/media\/74185"}],"wp:attachment":[{"href":"https:\/\/www.ucaldas.edu.co\/portal\/wp-json\/wp\/v2\/media?parent=74184"}],"wp:term":[{"taxonomy":"category","embeddable":true,"href":"https:\/\/www.ucaldas.edu.co\/portal\/wp-json\/wp\/v2\/categories?post=74184"},{"taxonomy":"post_tag","embeddable":true,"href":"https:\/\/www.ucaldas.edu.co\/portal\/wp-json\/wp\/v2\/tags?post=74184"}],"curies":[{"name":"wp","href":"https:\/\/api.w.org\/{rel}","templated":true}]}}